{"id":19644,"date":"2019-12-30T19:16:08","date_gmt":"2019-12-30T22:16:08","guid":{"rendered":"http:\/\/newsinfoco.com.br\/?p=19644"},"modified":"2019-12-30T19:16:08","modified_gmt":"2019-12-30T22:16:08","slug":"bolsonaro-visita-farol-da-barra","status":"publish","type":"post","link":"https:\/\/newsinfoco.com.br\/inicio\/bolsonaro-visita-farol-da-barra\/","title":{"rendered":"Bolsonaro visita Farol da Barra"},"content":{"rendered":"<p style=\"text-align: justify;\">O presidente Jair Bolsonaro (sem partido) acabou de visitar o Farol da Barra. Com forte esquema de seguran\u00e7a no local, o presidente chegou a subir no Farol e ao sair tirou fotos com as pessoas que aglomeraram ap\u00f3s espalhar a not\u00edcia de que ele estaria ali. Bolsonaro desembarcou em Salvador na \u00faltima sexta-feira (27) e seguiu ao lado de sua filha Laura at\u00e9 a Base Naval de Aratu, onde passar\u00e1 o R\u00e9veillon e deve retornar para Bras\u00edlia somente no pr\u00f3ximo dia 5 de janeiro.<\/p>\n<p style=\"text-align: justify;\">A primeira-dama Michelle n\u00e3o vir\u00e1 \u00e0 Bahia. Segundo o presidente, o motivo seria uma cirurgia j\u00e1 marcada. Neste \u00faltimo domingo (29), ele divulgou v\u00eddeos com moradores da regi\u00e3o do Sub\u00farbio e tamb\u00e9m fotos de um peixe que pescou.<\/p><div class=\"newsi-conteudo_19\" id=\"newsi-2349017162\"><a href=\"https:\/\/www.instagram.com\/prefeituraalagoinhas?igsh=YzgzdDJ1bWR3aWI4\" aria-label=\"SAVE_20251006_221555\"><img loading=\"lazy\" decoding=\"async\" src=\"https:\/\/newsinfoco.com.br\/inicio\/wp-content\/uploads\/2025\/10\/SAVE_20251006_221555-rotated.jpg\" alt=\"\"  srcset=\"https:\/\/newsinfoco.com.br\/inicio\/wp-content\/uploads\/2025\/10\/SAVE_20251006_221555-rotated.jpg 1140w, https:\/\/newsinfoco.com.br\/inicio\/wp-content\/uploads\/2025\/10\/SAVE_20251006_221555-300x52.jpg 300w, https:\/\/newsinfoco.com.br\/inicio\/wp-content\/uploads\/2025\/10\/SAVE_20251006_221555-1024x177.jpg 1024w, https:\/\/newsinfoco.com.br\/inicio\/wp-content\/uploads\/2025\/10\/SAVE_20251006_221555-768x133.jpg 768w, https:\/\/newsinfoco.com.br\/inicio\/wp-content\/uploads\/2025\/10\/SAVE_20251006_221555-600x104.jpg 600w, https:\/\/newsinfoco.com.br\/inicio\/wp-content\/uploads\/2025\/10\/SAVE_20251006_221555-696x120.jpg 696w, https:\/\/newsinfoco.com.br\/inicio\/wp-content\/uploads\/2025\/10\/SAVE_20251006_221555-1068x185.jpg 1068w\" sizes=\"(max-width: 1140px) 100vw, 1140px\" width=\"1140\" height=\"197\"   \/><\/a><\/div>\n<blockquote class=\"twitter-tweet\" data-width=\"550\" data-dnt=\"true\">\n<p lang=\"pt\" dir=\"ltr\">&#8211; Farol da Barra, Salvador\/BA. <a href=\"https:\/\/t.co\/5hSHa27PPl\">pic.twitter.com\/5hSHa27PPl<\/a><\/p>\n<p>&mdash; Jair M. Bolsonaro (@jairbolsonaro) <a href=\"https:\/\/twitter.com\/jairbolsonaro\/status\/1211700893399343104?ref_src=twsrc%5Etfw\">December 30, 2019<\/a><\/p><\/blockquote>\n<p><script async src=\"https:\/\/platform.twitter.com\/widgets.js\" charset=\"utf-8\"><\/script><\/p>\n<div class='share-to-whatsapp-wrapper'><div class='share-on-whsp'>Share on: <\/div><a data-text='Bolsonaro visita Farol da Barra' data-link='https:\/\/newsinfoco.com.br\/inicio\/bolsonaro-visita-farol-da-barra\/' class='whatsapp-button whatsapp-share'>WhatsApp<\/a><div class='clear '><\/div><\/div>","protected":false},"excerpt":{"rendered":"<p>O presidente Jair Bolsonaro (sem partido) acabou de visitar o Farol da Barra. Com forte esquema de seguran\u00e7a no local, o presidente chegou a subir no Farol e ao sair tirou fotos com as pessoas que aglomeraram ap\u00f3s espalhar a not\u00edcia de que ele estaria ali. Bolsonaro desembarcou em Salvador na \u00faltima sexta-feira (27) e [&hellip;]<\/p>\n","protected":false},"author":1,"featured_media":19645,"comment_status":"open","ping_status":"open","sticky":false,"template":"","format":"standard","meta":{"om_disable_all_campaigns":false,"_exactmetrics_skip_tracking":false,"_exactmetrics_sitenote_active":false,"_exactmetrics_sitenote_note":"","_exactmetrics_sitenote_category":0,"footnotes":""},"categories":[19,30],"tags":[],"class_list":["post-19644","post","type-post","status-publish","format-standard","has-post-thumbnail","hentry","category-bahia","category-destaque"],"aioseo_notices":[],"_links":{"self":[{"href":"https:\/\/newsinfoco.com.br\/inicio\/wp-json\/wp\/v2\/posts\/19644","targetHints":{"allow":["GET"]}}],"collection":[{"href":"https:\/\/newsinfoco.com.br\/inicio\/wp-json\/wp\/v2\/posts"}],"about":[{"href":"https:\/\/newsinfoco.com.br\/inicio\/wp-json\/wp\/v2\/types\/post"}],"author":[{"embeddable":true,"href":"https:\/\/newsinfoco.com.br\/inicio\/wp-json\/wp\/v2\/users\/1"}],"replies":[{"embeddable":true,"href":"https:\/\/newsinfoco.com.br\/inicio\/wp-json\/wp\/v2\/comments?post=19644"}],"version-history":[{"count":0,"href":"https:\/\/newsinfoco.com.br\/inicio\/wp-json\/wp\/v2\/posts\/19644\/revisions"}],"wp:featuredmedia":[{"embeddable":true,"href":"https:\/\/newsinfoco.com.br\/inicio\/wp-json\/wp\/v2\/media\/19645"}],"wp:attachment":[{"href":"https:\/\/newsinfoco.com.br\/inicio\/wp-json\/wp\/v2\/media?parent=19644"}],"wp:term":[{"taxonomy":"category","embeddable":true,"href":"https:\/\/newsinfoco.com.br\/inicio\/wp-json\/wp\/v2\/categories?post=19644"},{"taxonomy":"post_tag","embeddable":true,"href":"https:\/\/newsinfoco.com.br\/inicio\/wp-json\/wp\/v2\/tags?post=19644"}],"curies":[{"name":"wp","href":"https:\/\/api.w.org\/{rel}","templated":true}]}}