{"id":19647,"date":"2019-12-30T19:19:13","date_gmt":"2019-12-30T22:19:13","guid":{"rendered":"http:\/\/newsinfoco.com.br\/?p=19647"},"modified":"2019-12-30T19:19:13","modified_gmt":"2019-12-30T22:19:13","slug":"valmir-assuncao-tambem-retira-nome-e-defende-candidatura-de-esposa","status":"publish","type":"post","link":"https:\/\/newsinfoco.com.br\/inicio\/valmir-assuncao-tambem-retira-nome-e-defende-candidatura-de-esposa\/","title":{"rendered":"Valmir Assun\u00e7\u00e3o tamb\u00e9m retira nome e defende candidatura de esposa"},"content":{"rendered":"<p style=\"text-align: justify;\">Mais um deputado federal petista retirou sua pr\u00e9-candidatura a prefeito de Salvador. Por meio de nota, Valmir Assun\u00e7\u00e3o informou sua decis\u00e3o e defendeu a candidatura de uma mulher negra, mais especificamente de sua esposa, Fabya Reis, secret\u00e1ria de Promo\u00e7\u00e3o da Igualdade Racial.<\/p>\n<p style=\"text-align: justify;\">O deputado Jorge Solla j\u00e1 havia desistido da disputa interna.<\/p><div class=\"newsi-conteudo_19\" id=\"newsi-3401367922\"><a href=\"https:\/\/www.instagram.com\/prefeituraalagoinhas?igsh=YzgzdDJ1bWR3aWI4\" aria-label=\"SAVE_20251006_221555\"><img loading=\"lazy\" decoding=\"async\" src=\"https:\/\/newsinfoco.com.br\/inicio\/wp-content\/uploads\/2025\/10\/SAVE_20251006_221555-rotated.jpg\" alt=\"\"  srcset=\"https:\/\/newsinfoco.com.br\/inicio\/wp-content\/uploads\/2025\/10\/SAVE_20251006_221555-rotated.jpg 1140w, https:\/\/newsinfoco.com.br\/inicio\/wp-content\/uploads\/2025\/10\/SAVE_20251006_221555-300x52.jpg 300w, https:\/\/newsinfoco.com.br\/inicio\/wp-content\/uploads\/2025\/10\/SAVE_20251006_221555-1024x177.jpg 1024w, https:\/\/newsinfoco.com.br\/inicio\/wp-content\/uploads\/2025\/10\/SAVE_20251006_221555-768x133.jpg 768w, https:\/\/newsinfoco.com.br\/inicio\/wp-content\/uploads\/2025\/10\/SAVE_20251006_221555-600x104.jpg 600w, https:\/\/newsinfoco.com.br\/inicio\/wp-content\/uploads\/2025\/10\/SAVE_20251006_221555-696x120.jpg 696w, https:\/\/newsinfoco.com.br\/inicio\/wp-content\/uploads\/2025\/10\/SAVE_20251006_221555-1068x185.jpg 1068w\" sizes=\"(max-width: 1140px) 100vw, 1140px\" width=\"1140\" height=\"197\"   \/><\/a><\/div>\n<p style=\"text-align: justify;\">\u201cEm Salvador, tenho certeza que o melhor caminho \u00e9 termos uma candidata com a cara do PT e a cara de Salvador\u201d, declarou o parlamentar.<\/p>\n<p style=\"text-align: justify;\">Em nota, o Coletivo de Entidades Negras (CEN) tamb\u00e9m defendeu a candidatura de Fabya.<\/p>\n<p style=\"text-align: justify;\">\u201cTrata-se de um nome que, com certeza, defender\u00e1 o PT, o legado e a liberdade plena de Lula sem tergiversar, sem negar o partido, com fibra e coragem, apresentando um projeto de cidade que d\u00ea conta de opor-se ao projeto segregador do prefeito ACM Neto, nosso principal advers\u00e1rio local, que alinha-se nacionalmente desde a primeira hora com o projeto de amplia\u00e7\u00e3o da mis\u00e9ria do povo e do lucro dos mais ricos do presidente Jair Bolsonaro\u201d, diz o coletivo.<\/p>\n<p style=\"text-align: justify;\">\u201c\u00c9 momento do protagonismo pol\u00edtico constru\u00eddo pelas mulheres negras ganhar as ruas, as mentes e os cora\u00e7\u00f5es das pessoas, para que possam liderar o nosso partido nessa batalha pol\u00edtica em que derrotaremos os aliados na Bahia do presidente Bolsonaro, sob o comando do prefeito ACM Neto\u201d, acrescentou Valmir.<\/p>\n<p style=\"text-align: justify;\">Entre as pr\u00e9-candidaturas colocadas no PT at\u00e9 ent\u00e3o, est\u00e1 a da soci\u00f3loga Vilma Reis, tamb\u00e9m negra.<\/p>\n<div class='share-to-whatsapp-wrapper'><div class='share-on-whsp'>Share on: <\/div><a data-text='Valmir Assun\u00e7\u00e3o tamb\u00e9m retira nome e defende candidatura de esposa' data-link='https:\/\/newsinfoco.com.br\/inicio\/valmir-assuncao-tambem-retira-nome-e-defende-candidatura-de-esposa\/' class='whatsapp-button whatsapp-share'>WhatsApp<\/a><div class='clear '><\/div><\/div>","protected":false},"excerpt":{"rendered":"<p>Mais um deputado federal petista retirou sua pr\u00e9-candidatura a prefeito de Salvador. Por meio de nota, Valmir Assun\u00e7\u00e3o informou sua decis\u00e3o e defendeu a candidatura de uma mulher negra, mais especificamente de sua esposa, Fabya Reis, secret\u00e1ria de Promo\u00e7\u00e3o da Igualdade Racial. O deputado Jorge Solla j\u00e1 havia desistido da disputa interna. \u201cEm Salvador, tenho [&hellip;]<\/p>\n","protected":false},"author":1,"featured_media":19648,"comment_status":"open","ping_status":"open","sticky":false,"template":"","format":"standard","meta":{"om_disable_all_campaigns":false,"_exactmetrics_skip_tracking":false,"_exactmetrics_sitenote_active":false,"_exactmetrics_sitenote_note":"","_exactmetrics_sitenote_category":0,"footnotes":""},"categories":[19,30],"tags":[],"class_list":["post-19647","post","type-post","status-publish","format-standard","has-post-thumbnail","hentry","category-bahia","category-destaque"],"aioseo_notices":[],"_links":{"self":[{"href":"https:\/\/newsinfoco.com.br\/inicio\/wp-json\/wp\/v2\/posts\/19647","targetHints":{"allow":["GET"]}}],"collection":[{"href":"https:\/\/newsinfoco.com.br\/inicio\/wp-json\/wp\/v2\/posts"}],"about":[{"href":"https:\/\/newsinfoco.com.br\/inicio\/wp-json\/wp\/v2\/types\/post"}],"author":[{"embeddable":true,"href":"https:\/\/newsinfoco.com.br\/inicio\/wp-json\/wp\/v2\/users\/1"}],"replies":[{"embeddable":true,"href":"https:\/\/newsinfoco.com.br\/inicio\/wp-json\/wp\/v2\/comments?post=19647"}],"version-history":[{"count":0,"href":"https:\/\/newsinfoco.com.br\/inicio\/wp-json\/wp\/v2\/posts\/19647\/revisions"}],"wp:featuredmedia":[{"embeddable":true,"href":"https:\/\/newsinfoco.com.br\/inicio\/wp-json\/wp\/v2\/media\/19648"}],"wp:attachment":[{"href":"https:\/\/newsinfoco.com.br\/inicio\/wp-json\/wp\/v2\/media?parent=19647"}],"wp:term":[{"taxonomy":"category","embeddable":true,"href":"https:\/\/newsinfoco.com.br\/inicio\/wp-json\/wp\/v2\/categories?post=19647"},{"taxonomy":"post_tag","embeddable":true,"href":"https:\/\/newsinfoco.com.br\/inicio\/wp-json\/wp\/v2\/tags?post=19647"}],"curies":[{"name":"wp","href":"https:\/\/api.w.org\/{rel}","templated":true}]}}