{"id":19653,"date":"2019-12-31T17:45:22","date_gmt":"2019-12-31T20:45:22","guid":{"rendered":"http:\/\/newsinfoco.com.br\/?p=19653"},"modified":"2019-12-31T17:45:22","modified_gmt":"2019-12-31T20:45:22","slug":"prefeitura-atua-na-prevencao-dos-danos-causados-pelas-chuvas","status":"publish","type":"post","link":"https:\/\/newsinfoco.com.br\/inicio\/prefeitura-atua-na-prevencao-dos-danos-causados-pelas-chuvas\/","title":{"rendered":"Prefeitura atua na preven\u00e7\u00e3o dos danos causados pelas chuvas"},"content":{"rendered":"<p style=\"text-align: justify;\">Com a chegada da temporada de chuvas fortes caracter\u00edsticas do Ver\u00e3o, os servi\u00e7os\u00a0 de preven\u00e7\u00e3o a alagamentos que j\u00e1 s\u00e3o realizados diariamente ganharam refor\u00e7o. Entre investimentos em obras de macrodrenagem e pontos de microdrenagem, in\u00fameras\u00a0iniciativas foram tomadas pela prefeitura para mitigar os danos causados por temporais\u00a0 e neste final de ano, a fim de garantir mais seguran\u00e7a aos moradores, as secretarias de Infraestrutura (SECIN), de Servi\u00e7os P\u00fablicos (SESEP) e o Servi\u00e7o Aut\u00f4nomo de \u00c1gua e Esgoto (SAAE) \u00a0se uniram numa for\u00e7a-tarefa para a intensifica\u00e7\u00e3o da limpeza de bocas de lobo, desobstru\u00e7\u00e3o de redes de esgotos, limpeza de vias e monitoramento dos locais cr\u00edticos.<\/p>\n<p style=\"text-align: justify;\">Nesta ter\u00e7a-feira (31), a \u201cOpera\u00e7\u00e3o Chuvas de Ver\u00e3o\u201d atuou com servi\u00e7os de limpeza de bocas de lobo na Urbis III da Rua do Catu, limpeza de vias no Silva Jardim e na desobstru\u00e7\u00e3o de redes de esgoto na regi\u00e3o da Avenida Leste. Como parte do servi\u00e7os de preven\u00e7\u00e3o, as equipes tamb\u00e9m intensificaram a suc\u00e7\u00e3o da Lagoa da Cavada. Al\u00e9m disso, a Secretaria de Assist\u00eancia Social tamb\u00e9m est\u00e1 mobilizada para atender a popula\u00e7\u00e3o no per\u00edodo de chuvas.<\/p><div class=\"newsi-conteudo_19\" id=\"newsi-1658382841\"><a href=\"https:\/\/www.instagram.com\/prefeituraalagoinhas?igsh=YzgzdDJ1bWR3aWI4\" aria-label=\"SAVE_20251006_221555\"><img loading=\"lazy\" decoding=\"async\" src=\"https:\/\/newsinfoco.com.br\/inicio\/wp-content\/uploads\/2025\/10\/SAVE_20251006_221555-rotated.jpg\" alt=\"\"  srcset=\"https:\/\/newsinfoco.com.br\/inicio\/wp-content\/uploads\/2025\/10\/SAVE_20251006_221555-rotated.jpg 1140w, https:\/\/newsinfoco.com.br\/inicio\/wp-content\/uploads\/2025\/10\/SAVE_20251006_221555-300x52.jpg 300w, https:\/\/newsinfoco.com.br\/inicio\/wp-content\/uploads\/2025\/10\/SAVE_20251006_221555-1024x177.jpg 1024w, https:\/\/newsinfoco.com.br\/inicio\/wp-content\/uploads\/2025\/10\/SAVE_20251006_221555-768x133.jpg 768w, https:\/\/newsinfoco.com.br\/inicio\/wp-content\/uploads\/2025\/10\/SAVE_20251006_221555-600x104.jpg 600w, https:\/\/newsinfoco.com.br\/inicio\/wp-content\/uploads\/2025\/10\/SAVE_20251006_221555-696x120.jpg 696w, https:\/\/newsinfoco.com.br\/inicio\/wp-content\/uploads\/2025\/10\/SAVE_20251006_221555-1068x185.jpg 1068w\" sizes=\"(max-width: 1140px) 100vw, 1140px\" width=\"1140\" height=\"197\"   \/><\/a><\/div>\n<p style=\"text-align: justify;\">A cidade permanece em estado de aten\u00e7\u00e3o e a Prefeitura informa que todas as equipes permanecer\u00e3o em campo para o seguimento do trabalho de conting\u00eancia em diferentes trechos.<\/p>\n<p>\u00a0 \u00a0 \u00a0 \u00a0 \u00a0 \u00a0 \u00a0 \u00a0 \u00a0 \u00a0 \u00a0 \u00a0 \u00a0 \u00a0 \u00a0 \u00a0 \u00a0 \u00a0 \u00a0 \u00a0 \u00a0 \u00a0 \u00a0SECOM ALAGOINHAS<\/p>\n<div class='share-to-whatsapp-wrapper'><div class='share-on-whsp'>Share on: <\/div><a data-text='Prefeitura atua na preven\u00e7\u00e3o dos danos causados pelas chuvas' data-link='https:\/\/newsinfoco.com.br\/inicio\/prefeitura-atua-na-prevencao-dos-danos-causados-pelas-chuvas\/' class='whatsapp-button whatsapp-share'>WhatsApp<\/a><div class='clear '><\/div><\/div>","protected":false},"excerpt":{"rendered":"<p>Com a chegada da temporada de chuvas fortes caracter\u00edsticas do Ver\u00e3o, os servi\u00e7os\u00a0 de preven\u00e7\u00e3o a alagamentos que j\u00e1 s\u00e3o realizados diariamente ganharam refor\u00e7o. Entre investimentos em obras de macrodrenagem e pontos de microdrenagem, in\u00fameras\u00a0iniciativas foram tomadas pela prefeitura para mitigar os danos causados por temporais\u00a0 e neste final de ano, a fim de garantir [&hellip;]<\/p>\n","protected":false},"author":1,"featured_media":19654,"comment_status":"open","ping_status":"open","sticky":false,"template":"","format":"standard","meta":{"om_disable_all_campaigns":false,"_exactmetrics_skip_tracking":false,"_exactmetrics_sitenote_active":false,"_exactmetrics_sitenote_note":"","_exactmetrics_sitenote_category":0,"footnotes":""},"categories":[38,30],"tags":[],"class_list":["post-19653","post","type-post","status-publish","format-standard","has-post-thumbnail","hentry","category-alagoinhas-e-regiao","category-destaque"],"aioseo_notices":[],"_links":{"self":[{"href":"https:\/\/newsinfoco.com.br\/inicio\/wp-json\/wp\/v2\/posts\/19653","targetHints":{"allow":["GET"]}}],"collection":[{"href":"https:\/\/newsinfoco.com.br\/inicio\/wp-json\/wp\/v2\/posts"}],"about":[{"href":"https:\/\/newsinfoco.com.br\/inicio\/wp-json\/wp\/v2\/types\/post"}],"author":[{"embeddable":true,"href":"https:\/\/newsinfoco.com.br\/inicio\/wp-json\/wp\/v2\/users\/1"}],"replies":[{"embeddable":true,"href":"https:\/\/newsinfoco.com.br\/inicio\/wp-json\/wp\/v2\/comments?post=19653"}],"version-history":[{"count":0,"href":"https:\/\/newsinfoco.com.br\/inicio\/wp-json\/wp\/v2\/posts\/19653\/revisions"}],"wp:featuredmedia":[{"embeddable":true,"href":"https:\/\/newsinfoco.com.br\/inicio\/wp-json\/wp\/v2\/media\/19654"}],"wp:attachment":[{"href":"https:\/\/newsinfoco.com.br\/inicio\/wp-json\/wp\/v2\/media?parent=19653"}],"wp:term":[{"taxonomy":"category","embeddable":true,"href":"https:\/\/newsinfoco.com.br\/inicio\/wp-json\/wp\/v2\/categories?post=19653"},{"taxonomy":"post_tag","embeddable":true,"href":"https:\/\/newsinfoco.com.br\/inicio\/wp-json\/wp\/v2\/tags?post=19653"}],"curies":[{"name":"wp","href":"https:\/\/api.w.org\/{rel}","templated":true}]}}