{"id":19671,"date":"2020-01-01T19:22:01","date_gmt":"2020-01-01T22:22:01","guid":{"rendered":"http:\/\/newsinfoco.com.br\/?p=19671"},"modified":"2020-01-01T19:27:45","modified_gmt":"2020-01-01T22:27:45","slug":"dois-papas-uma-estoria-ingenua-para-ressuscitar-a-teologia-da-libertacao","status":"publish","type":"post","link":"https:\/\/newsinfoco.com.br\/inicio\/dois-papas-uma-estoria-ingenua-para-ressuscitar-a-teologia-da-libertacao\/","title":{"rendered":"Dois Papas: Uma est\u00f3ria ing\u00eanua para ressuscitar a Teologia da Liberta\u00e7\u00e3o"},"content":{"rendered":"<p style=\"text-align: justify;\">N\u00e3o sou cat\u00f3lico. Mas o catolicismo se tornou aquela religi\u00e3o que todo mundo acha que pode meter o bedelho. Os cat\u00f3licos n\u00e3o praticantes s\u00e3o os que mais reclamam, que mais pedem reformas e aqueles que transgridem os dez mandamentos s\u00e3o os que mais querem mudan\u00e7as. Cada um quer um catolicismo a seu gosto. Toda religi\u00e3o tem uma tradi\u00e7\u00e3o, mas isso para os cat\u00f3licos \u00e9 uma trag\u00e9dia.<\/p>\n<p style=\"text-align: justify;\">O pior s\u00e3o os comunistas, na maioria ateus, mas que acham que t\u00eam o dever de ditar os rumos da institui\u00e7\u00e3o. Isso fica claro no filme Dois Papas, onde Fernando Meirelles brinca de Deus. Usa personagens reais e fatos reais para fazer fic\u00e7\u00e3o envolvendo algo muito s\u00e9rio como a f\u00e9 de bilh\u00f5es de pessoas. N\u00e3o ficou t\u00e3o distante do que fez O Porta dos Fundos na Netflix. Sua inten\u00e7\u00e3o \u00e9 dizer que o futuro da igreja \u00e9 a Teologia da Liberta\u00e7\u00e3o e a esquerda. A Teologia da Liberta\u00e7\u00e3o \u00e9 a fus\u00e3o do cristianisnmo com o marxistmo.<\/p>\n<p style=\"text-align: justify;\">O filme \u00e9 um cl\u00e1ssico do romantismo ing\u00eanuo, que \u00e9 quase sempre muito inspirador, n\u00e3o obstante simplista e fora da realidade, o que n\u00e3o causa grandes problemas quando envolve personagens de fic\u00e7\u00e3o. Essa abordagem, sempre dualista, coloca o bem em confronto com o mal. No caso o mal, o atraso, a opress\u00e3o \u00e9 Bento XVI e o bom, o libertador, o humano \u00e9 Francisco. Mas Francisco tamb\u00e9m era o mau, se tornando bom gra\u00e7as \u00e0 Teologia da Liberta\u00e7\u00e3o, isso n\u00e3o \u00e9 expl\u00edcito e sublinarmente repassado, o que \u00e9 ainda mais perigoso. Existe outra mensagem aparentemente ing\u00eanua e igualmente perigosa, a de que Papa bom \u00e9 Papa pop. Colocando a massa e os meios de comunica\u00e7\u00e3o acima de DEUS. Inferiorizando o Bento XVI, Meirelles diminui ainda o intelectual, como que refor\u00e7ando a tese gramsciana do intelectual org\u00e2nico, dizendo at\u00e9 que a intelectualidade, de certa forma, mata a espiritualidade ou que com ela n\u00e3o convive bem.<\/p>\n<p style=\"text-align: justify;\">O diretor agrega \u00e0 sua vanguarda espiritual socialista os homossexuais e os imigrantes. Tudo n\u00e3o passa de uma estrat\u00e9gia c\u00ednica de usar o catolicismo, os homossexuais e os imigrantes para aumentar os votos da esquerda e a boa vida dos esquerdistas em todo mundo, tudo \u00e9 marketing e n\u00e3o \u00e9 mais pol\u00edtica, agora \u00e9 apenas com\u00e9rcio, business. Meirelles tenta implantar uma muta\u00e7\u00e3o de esquerda no DNA da igreja de forma sutil e cinicamente ing\u00eanua.<\/p>\n<p style=\"text-align: justify;\">Claro que a igreja precisa se transformar. Claro que o radicalismo de Bento XVI era um equ\u00edvoco assim como \u00e9 not\u00f3rio que o Papa Francisco \u00e9 comparativamente mais bondoso e flex\u00edvel, mas perigosamente um incentivo a cultura do POP dentro da igreja. Do mesmo modo, Meireles \u00e9 inteiramente manipulador e sem escr\u00fapulos como a grande parte dos esquerdistas, ao usar essas aspectos emocionais em favo\u0155 de sua ideologia e do seu bolso, amoral como quase toda a esquerda.<\/p>\n<p style=\"text-align: justify;\"><strong>Paulo Dias \u00e9 jornalista, graduado pela UFBA, especializado em Pedagogia e mestre em Cultura e Literatura pela UNEB. Tem passagens por v\u00e1rios jornais e assessorias de comunica\u00e7\u00e3o em Alagoinhas e Salvador. Atualmente escreve para o site News Infoco<\/strong><\/p>\n<div class='share-to-whatsapp-wrapper'><div class='share-on-whsp'>Share on: <\/div><a data-text='Dois Papas: Uma est\u00f3ria ing\u00eanua para ressuscitar a Teologia da Liberta\u00e7\u00e3o' data-link='https:\/\/newsinfoco.com.br\/inicio\/dois-papas-uma-estoria-ingenua-para-ressuscitar-a-teologia-da-libertacao\/' class='whatsapp-button whatsapp-share'>WhatsApp<\/a><div class='clear '><\/div><\/div>","protected":false},"excerpt":{"rendered":"<p>N\u00e3o sou cat\u00f3lico. Mas o catolicismo se tornou aquela religi\u00e3o que todo mundo acha que pode meter o bedelho. Os cat\u00f3licos n\u00e3o praticantes s\u00e3o os que mais reclamam, que mais pedem reformas e aqueles que transgridem os dez mandamentos s\u00e3o os que mais querem mudan\u00e7as. Cada um quer um catolicismo a seu gosto. Toda religi\u00e3o [&hellip;]<\/p>\n","protected":false},"author":1,"featured_media":19673,"comment_status":"open","ping_status":"open","sticky":false,"template":"","format":"standard","meta":{"om_disable_all_campaigns":false,"rop_custom_images_group":[],"rop_custom_messages_group":[],"rop_publish_now":"initial","rop_publish_now_accounts":[],"rop_publish_now_history":[],"rop_publish_now_status":"pending","_exactmetrics_skip_tracking":false,"footnotes":""},"categories":[30,165],"tags":[],"class_list":["post-19671","post","type-post","status-publish","format-standard","has-post-thumbnail","hentry","category-destaque","category-paulo-dias"],"aioseo_notices":[],"aioseo_head":"\n\t\t<!-- All in One SEO 4.9.10 - aioseo.com -->\n\t<meta name=\"description\" content=\"N\u00e3o sou cat\u00f3lico. Mas o catolicismo se tornou aquela religi\u00e3o que todo mundo acha que pode meter o bedelho. Os cat\u00f3licos n\u00e3o praticantes s\u00e3o os que mais reclamam, que mais pedem reformas e aqueles que transgridem os dez mandamentos s\u00e3o os que mais querem mudan\u00e7as. Cada um quer um catolicismo a seu gosto. Toda religi\u00e3o\" \/>\n\t<meta name=\"robots\" content=\"max-image-preview:large\" \/>\n\t<meta name=\"author\" content=\"administrador\"\/>\n\t<link rel=\"canonical\" href=\"https:\/\/newsinfoco.com.br\/inicio\/dois-papas-uma-estoria-ingenua-para-ressuscitar-a-teologia-da-libertacao\/\" \/>\n\t<meta name=\"generator\" content=\"All in One SEO (AIOSEO) 4.9.10\" \/>\n\t\t<meta property=\"og:locale\" content=\"pt_BR\" \/>\n\t\t<meta property=\"og:site_name\" content=\"News In Foco - Editado por Caio Pimenta - O principal site de noticias de Alagoinhas e regi\u00e3o\" \/>\n\t\t<meta property=\"og:type\" content=\"article\" \/>\n\t\t<meta property=\"og:title\" content=\"Dois Papas: Uma est\u00f3ria ing\u00eanua para ressuscitar a Teologia da Liberta\u00e7\u00e3o - News In Foco - Editado por Caio Pimenta\" \/>\n\t\t<meta property=\"og:description\" content=\"N\u00e3o sou cat\u00f3lico. Mas o catolicismo se tornou aquela religi\u00e3o que todo mundo acha que pode meter o bedelho. Os cat\u00f3licos n\u00e3o praticantes s\u00e3o os que mais reclamam, que mais pedem reformas e aqueles que transgridem os dez mandamentos s\u00e3o os que mais querem mudan\u00e7as. Cada um quer um catolicismo a seu gosto. Toda religi\u00e3o\" \/>\n\t\t<meta property=\"og:url\" content=\"https:\/\/newsinfoco.com.br\/inicio\/dois-papas-uma-estoria-ingenua-para-ressuscitar-a-teologia-da-libertacao\/\" \/>\n\t\t<meta property=\"article:published_time\" content=\"2020-01-01T22:22:01+00:00\" \/>\n\t\t<meta property=\"article:modified_time\" content=\"2020-01-01T22:27:45+00:00\" \/>\n\t\t<meta name=\"twitter:card\" content=\"summary_large_image\" \/>\n\t\t<meta name=\"twitter:title\" content=\"Dois Papas: Uma est\u00f3ria ing\u00eanua para ressuscitar a Teologia da Liberta\u00e7\u00e3o - News In Foco - Editado por Caio Pimenta\" \/>\n\t\t<meta name=\"twitter:description\" content=\"N\u00e3o sou cat\u00f3lico. Mas o catolicismo se tornou aquela religi\u00e3o que todo mundo acha que pode meter o bedelho. Os cat\u00f3licos n\u00e3o praticantes s\u00e3o os que mais reclamam, que mais pedem reformas e aqueles que transgridem os dez mandamentos s\u00e3o os que mais querem mudan\u00e7as. Cada um quer um catolicismo a seu gosto. Toda religi\u00e3o\" \/>\n\t\t<script type=\"application\/ld+json\" class=\"aioseo-schema\">\n\t\t\t{\"@context\":\"https:\\\/\\\/schema.org\",\"@graph\":[{\"@type\":\"BlogPosting\",\"@id\":\"https:\\\/\\\/newsinfoco.com.br\\\/inicio\\\/dois-papas-uma-estoria-ingenua-para-ressuscitar-a-teologia-da-libertacao\\\/#blogposting\",\"name\":\"Dois Papas: Uma est\\u00f3ria ing\\u00eanua para ressuscitar a Teologia da Liberta\\u00e7\\u00e3o - News In Foco - Editado por Caio Pimenta\",\"headline\":\"Dois Papas: Uma est\\u00f3ria ing\\u00eanua para ressuscitar a Teologia da Liberta\\u00e7\\u00e3o\",\"author\":{\"@id\":\"https:\\\/\\\/newsinfoco.com.br\\\/inicio\\\/author\\\/administrador\\\/#author\"},\"publisher\":{\"@id\":\"https:\\\/\\\/newsinfoco.com.br\\\/inicio\\\/#organization\"},\"image\":{\"@type\":\"ImageObject\",\"url\":\"https:\\\/\\\/newsinfoco.com.br\\\/inicio\\\/wp-content\\\/uploads\\\/2020\\\/01\\\/dois-papas-868461.jpg\",\"width\":768,\"height\":398},\"datePublished\":\"2020-01-01T19:22:01-03:00\",\"dateModified\":\"2020-01-01T19:27:45-03:00\",\"inLanguage\":\"pt-BR\",\"mainEntityOfPage\":{\"@id\":\"https:\\\/\\\/newsinfoco.com.br\\\/inicio\\\/dois-papas-uma-estoria-ingenua-para-ressuscitar-a-teologia-da-libertacao\\\/#webpage\"},\"isPartOf\":{\"@id\":\"https:\\\/\\\/newsinfoco.com.br\\\/inicio\\\/dois-papas-uma-estoria-ingenua-para-ressuscitar-a-teologia-da-libertacao\\\/#webpage\"},\"articleSection\":\"Destaque, Paulo Dias\"},{\"@type\":\"BreadcrumbList\",\"@id\":\"https:\\\/\\\/newsinfoco.com.br\\\/inicio\\\/dois-papas-uma-estoria-ingenua-para-ressuscitar-a-teologia-da-libertacao\\\/#breadcrumblist\",\"itemListElement\":[{\"@type\":\"ListItem\",\"@id\":\"https:\\\/\\\/newsinfoco.com.br\\\/inicio#listItem\",\"position\":1,\"name\":\"In\\u00edcio\",\"item\":\"https:\\\/\\\/newsinfoco.com.br\\\/inicio\",\"nextItem\":{\"@type\":\"ListItem\",\"@id\":\"https:\\\/\\\/newsinfoco.com.br\\\/inicio\\\/category\\\/destaque\\\/#listItem\",\"name\":\"Destaque\"}},{\"@type\":\"ListItem\",\"@id\":\"https:\\\/\\\/newsinfoco.com.br\\\/inicio\\\/category\\\/destaque\\\/#listItem\",\"position\":2,\"name\":\"Destaque\",\"item\":\"https:\\\/\\\/newsinfoco.com.br\\\/inicio\\\/category\\\/destaque\\\/\",\"nextItem\":{\"@type\":\"ListItem\",\"@id\":\"https:\\\/\\\/newsinfoco.com.br\\\/inicio\\\/dois-papas-uma-estoria-ingenua-para-ressuscitar-a-teologia-da-libertacao\\\/#listItem\",\"name\":\"Dois Papas: Uma est\\u00f3ria ing\\u00eanua para ressuscitar a Teologia da Liberta\\u00e7\\u00e3o\"},\"previousItem\":{\"@type\":\"ListItem\",\"@id\":\"https:\\\/\\\/newsinfoco.com.br\\\/inicio#listItem\",\"name\":\"In\\u00edcio\"}},{\"@type\":\"ListItem\",\"@id\":\"https:\\\/\\\/newsinfoco.com.br\\\/inicio\\\/dois-papas-uma-estoria-ingenua-para-ressuscitar-a-teologia-da-libertacao\\\/#listItem\",\"position\":3,\"name\":\"Dois Papas: Uma est\\u00f3ria ing\\u00eanua para ressuscitar a Teologia da Liberta\\u00e7\\u00e3o\",\"previousItem\":{\"@type\":\"ListItem\",\"@id\":\"https:\\\/\\\/newsinfoco.com.br\\\/inicio\\\/category\\\/destaque\\\/#listItem\",\"name\":\"Destaque\"}}]},{\"@type\":\"Organization\",\"@id\":\"https:\\\/\\\/newsinfoco.com.br\\\/inicio\\\/#organization\",\"name\":\"News In Foco - Editado por Caio Pimenta\",\"description\":\"O principal site de noticias de Alagoinhas e regi\\u00e3o\",\"url\":\"https:\\\/\\\/newsinfoco.com.br\\\/inicio\\\/\"},{\"@type\":\"Person\",\"@id\":\"https:\\\/\\\/newsinfoco.com.br\\\/inicio\\\/author\\\/administrador\\\/#author\",\"url\":\"https:\\\/\\\/newsinfoco.com.br\\\/inicio\\\/author\\\/administrador\\\/\",\"name\":\"administrador\",\"image\":{\"@type\":\"ImageObject\",\"@id\":\"https:\\\/\\\/newsinfoco.com.br\\\/inicio\\\/dois-papas-uma-estoria-ingenua-para-ressuscitar-a-teologia-da-libertacao\\\/#authorImage\",\"url\":\"https:\\\/\\\/secure.gravatar.com\\\/avatar\\\/c17a617433de8c1dc9584bb79aab7563b46f5bb7e1728c9b17d9cc3ce6a08e49?s=96&d=mm&r=g\",\"width\":96,\"height\":96,\"caption\":\"administrador\"}},{\"@type\":\"WebPage\",\"@id\":\"https:\\\/\\\/newsinfoco.com.br\\\/inicio\\\/dois-papas-uma-estoria-ingenua-para-ressuscitar-a-teologia-da-libertacao\\\/#webpage\",\"url\":\"https:\\\/\\\/newsinfoco.com.br\\\/inicio\\\/dois-papas-uma-estoria-ingenua-para-ressuscitar-a-teologia-da-libertacao\\\/\",\"name\":\"Dois Papas: Uma est\\u00f3ria ing\\u00eanua para ressuscitar a Teologia da Liberta\\u00e7\\u00e3o - News In Foco - Editado por Caio Pimenta\",\"description\":\"N\\u00e3o sou cat\\u00f3lico. Mas o catolicismo se tornou aquela religi\\u00e3o que todo mundo acha que pode meter o bedelho. Os cat\\u00f3licos n\\u00e3o praticantes s\\u00e3o os que mais reclamam, que mais pedem reformas e aqueles que transgridem os dez mandamentos s\\u00e3o os que mais querem mudan\\u00e7as. Cada um quer um catolicismo a seu gosto. Toda religi\\u00e3o\",\"inLanguage\":\"pt-BR\",\"isPartOf\":{\"@id\":\"https:\\\/\\\/newsinfoco.com.br\\\/inicio\\\/#website\"},\"breadcrumb\":{\"@id\":\"https:\\\/\\\/newsinfoco.com.br\\\/inicio\\\/dois-papas-uma-estoria-ingenua-para-ressuscitar-a-teologia-da-libertacao\\\/#breadcrumblist\"},\"author\":{\"@id\":\"https:\\\/\\\/newsinfoco.com.br\\\/inicio\\\/author\\\/administrador\\\/#author\"},\"creator\":{\"@id\":\"https:\\\/\\\/newsinfoco.com.br\\\/inicio\\\/author\\\/administrador\\\/#author\"},\"image\":{\"@type\":\"ImageObject\",\"url\":\"https:\\\/\\\/newsinfoco.com.br\\\/inicio\\\/wp-content\\\/uploads\\\/2020\\\/01\\\/dois-papas-868461.jpg\",\"@id\":\"https:\\\/\\\/newsinfoco.com.br\\\/inicio\\\/dois-papas-uma-estoria-ingenua-para-ressuscitar-a-teologia-da-libertacao\\\/#mainImage\",\"width\":768,\"height\":398},\"primaryImageOfPage\":{\"@id\":\"https:\\\/\\\/newsinfoco.com.br\\\/inicio\\\/dois-papas-uma-estoria-ingenua-para-ressuscitar-a-teologia-da-libertacao\\\/#mainImage\"},\"datePublished\":\"2020-01-01T19:22:01-03:00\",\"dateModified\":\"2020-01-01T19:27:45-03:00\"},{\"@type\":\"WebSite\",\"@id\":\"https:\\\/\\\/newsinfoco.com.br\\\/inicio\\\/#website\",\"url\":\"https:\\\/\\\/newsinfoco.com.br\\\/inicio\\\/\",\"name\":\"News In Foco - Editado por Caio Pimenta\",\"description\":\"O principal site de noticias de Alagoinhas e regi\\u00e3o\",\"inLanguage\":\"pt-BR\",\"publisher\":{\"@id\":\"https:\\\/\\\/newsinfoco.com.br\\\/inicio\\\/#organization\"}}]}\n\t\t<\/script>\n\t\t<!-- All in One SEO -->\n\n","aioseo_head_json":{"title":"Dois Papas: Uma est\u00f3ria ing\u00eanua para ressuscitar a Teologia da Liberta\u00e7\u00e3o - News In Foco - Editado por Caio Pimenta","description":"N\u00e3o sou cat\u00f3lico. Mas o catolicismo se tornou aquela religi\u00e3o que todo mundo acha que pode meter o bedelho. Os cat\u00f3licos n\u00e3o praticantes s\u00e3o os que mais reclamam, que mais pedem reformas e aqueles que transgridem os dez mandamentos s\u00e3o os que mais querem mudan\u00e7as. Cada um quer um catolicismo a seu gosto. Toda religi\u00e3o","canonical_url":"https:\/\/newsinfoco.com.br\/inicio\/dois-papas-uma-estoria-ingenua-para-ressuscitar-a-teologia-da-libertacao\/","robots":"max-image-preview:large","keywords":"","webmasterTools":{"miscellaneous":""},"schema":{"@context":"https:\/\/schema.org","@graph":[{"@type":"BlogPosting","@id":"https:\/\/newsinfoco.com.br\/inicio\/dois-papas-uma-estoria-ingenua-para-ressuscitar-a-teologia-da-libertacao\/#blogposting","name":"Dois Papas: Uma est\u00f3ria ing\u00eanua para ressuscitar a Teologia da Liberta\u00e7\u00e3o - News In Foco - Editado por Caio Pimenta","headline":"Dois Papas: Uma est\u00f3ria ing\u00eanua para ressuscitar a Teologia da Liberta\u00e7\u00e3o","author":{"@id":"https:\/\/newsinfoco.com.br\/inicio\/author\/administrador\/#author"},"publisher":{"@id":"https:\/\/newsinfoco.com.br\/inicio\/#organization"},"image":{"@type":"ImageObject","url":"https:\/\/newsinfoco.com.br\/inicio\/wp-content\/uploads\/2020\/01\/dois-papas-868461.jpg","width":768,"height":398},"datePublished":"2020-01-01T19:22:01-03:00","dateModified":"2020-01-01T19:27:45-03:00","inLanguage":"pt-BR","mainEntityOfPage":{"@id":"https:\/\/newsinfoco.com.br\/inicio\/dois-papas-uma-estoria-ingenua-para-ressuscitar-a-teologia-da-libertacao\/#webpage"},"isPartOf":{"@id":"https:\/\/newsinfoco.com.br\/inicio\/dois-papas-uma-estoria-ingenua-para-ressuscitar-a-teologia-da-libertacao\/#webpage"},"articleSection":"Destaque, Paulo Dias"},{"@type":"BreadcrumbList","@id":"https:\/\/newsinfoco.com.br\/inicio\/dois-papas-uma-estoria-ingenua-para-ressuscitar-a-teologia-da-libertacao\/#breadcrumblist","itemListElement":[{"@type":"ListItem","@id":"https:\/\/newsinfoco.com.br\/inicio#listItem","position":1,"name":"In\u00edcio","item":"https:\/\/newsinfoco.com.br\/inicio","nextItem":{"@type":"ListItem","@id":"https:\/\/newsinfoco.com.br\/inicio\/category\/destaque\/#listItem","name":"Destaque"}},{"@type":"ListItem","@id":"https:\/\/newsinfoco.com.br\/inicio\/category\/destaque\/#listItem","position":2,"name":"Destaque","item":"https:\/\/newsinfoco.com.br\/inicio\/category\/destaque\/","nextItem":{"@type":"ListItem","@id":"https:\/\/newsinfoco.com.br\/inicio\/dois-papas-uma-estoria-ingenua-para-ressuscitar-a-teologia-da-libertacao\/#listItem","name":"Dois Papas: Uma est\u00f3ria ing\u00eanua para ressuscitar a Teologia da Liberta\u00e7\u00e3o"},"previousItem":{"@type":"ListItem","@id":"https:\/\/newsinfoco.com.br\/inicio#listItem","name":"In\u00edcio"}},{"@type":"ListItem","@id":"https:\/\/newsinfoco.com.br\/inicio\/dois-papas-uma-estoria-ingenua-para-ressuscitar-a-teologia-da-libertacao\/#listItem","position":3,"name":"Dois Papas: Uma est\u00f3ria ing\u00eanua para ressuscitar a Teologia da Liberta\u00e7\u00e3o","previousItem":{"@type":"ListItem","@id":"https:\/\/newsinfoco.com.br\/inicio\/category\/destaque\/#listItem","name":"Destaque"}}]},{"@type":"Organization","@id":"https:\/\/newsinfoco.com.br\/inicio\/#organization","name":"News In Foco - Editado por Caio Pimenta","description":"O principal site de noticias de Alagoinhas e regi\u00e3o","url":"https:\/\/newsinfoco.com.br\/inicio\/"},{"@type":"Person","@id":"https:\/\/newsinfoco.com.br\/inicio\/author\/administrador\/#author","url":"https:\/\/newsinfoco.com.br\/inicio\/author\/administrador\/","name":"administrador","image":{"@type":"ImageObject","@id":"https:\/\/newsinfoco.com.br\/inicio\/dois-papas-uma-estoria-ingenua-para-ressuscitar-a-teologia-da-libertacao\/#authorImage","url":"https:\/\/secure.gravatar.com\/avatar\/c17a617433de8c1dc9584bb79aab7563b46f5bb7e1728c9b17d9cc3ce6a08e49?s=96&d=mm&r=g","width":96,"height":96,"caption":"administrador"}},{"@type":"WebPage","@id":"https:\/\/newsinfoco.com.br\/inicio\/dois-papas-uma-estoria-ingenua-para-ressuscitar-a-teologia-da-libertacao\/#webpage","url":"https:\/\/newsinfoco.com.br\/inicio\/dois-papas-uma-estoria-ingenua-para-ressuscitar-a-teologia-da-libertacao\/","name":"Dois Papas: Uma est\u00f3ria ing\u00eanua para ressuscitar a Teologia da Liberta\u00e7\u00e3o - News In Foco - Editado por Caio Pimenta","description":"N\u00e3o sou cat\u00f3lico. Mas o catolicismo se tornou aquela religi\u00e3o que todo mundo acha que pode meter o bedelho. Os cat\u00f3licos n\u00e3o praticantes s\u00e3o os que mais reclamam, que mais pedem reformas e aqueles que transgridem os dez mandamentos s\u00e3o os que mais querem mudan\u00e7as. Cada um quer um catolicismo a seu gosto. Toda religi\u00e3o","inLanguage":"pt-BR","isPartOf":{"@id":"https:\/\/newsinfoco.com.br\/inicio\/#website"},"breadcrumb":{"@id":"https:\/\/newsinfoco.com.br\/inicio\/dois-papas-uma-estoria-ingenua-para-ressuscitar-a-teologia-da-libertacao\/#breadcrumblist"},"author":{"@id":"https:\/\/newsinfoco.com.br\/inicio\/author\/administrador\/#author"},"creator":{"@id":"https:\/\/newsinfoco.com.br\/inicio\/author\/administrador\/#author"},"image":{"@type":"ImageObject","url":"https:\/\/newsinfoco.com.br\/inicio\/wp-content\/uploads\/2020\/01\/dois-papas-868461.jpg","@id":"https:\/\/newsinfoco.com.br\/inicio\/dois-papas-uma-estoria-ingenua-para-ressuscitar-a-teologia-da-libertacao\/#mainImage","width":768,"height":398},"primaryImageOfPage":{"@id":"https:\/\/newsinfoco.com.br\/inicio\/dois-papas-uma-estoria-ingenua-para-ressuscitar-a-teologia-da-libertacao\/#mainImage"},"datePublished":"2020-01-01T19:22:01-03:00","dateModified":"2020-01-01T19:27:45-03:00"},{"@type":"WebSite","@id":"https:\/\/newsinfoco.com.br\/inicio\/#website","url":"https:\/\/newsinfoco.com.br\/inicio\/","name":"News In Foco - Editado por Caio Pimenta","description":"O principal site de noticias de Alagoinhas e regi\u00e3o","inLanguage":"pt-BR","publisher":{"@id":"https:\/\/newsinfoco.com.br\/inicio\/#organization"}}]},"og:locale":"pt_BR","og:site_name":"News In Foco - Editado por Caio Pimenta - O principal site de noticias de Alagoinhas e regi\u00e3o","og:type":"article","og:title":"Dois Papas: Uma est\u00f3ria ing\u00eanua para ressuscitar a Teologia da Liberta\u00e7\u00e3o - News In Foco - Editado por Caio Pimenta","og:description":"N\u00e3o sou cat\u00f3lico. Mas o catolicismo se tornou aquela religi\u00e3o que todo mundo acha que pode meter o bedelho. Os cat\u00f3licos n\u00e3o praticantes s\u00e3o os que mais reclamam, que mais pedem reformas e aqueles que transgridem os dez mandamentos s\u00e3o os que mais querem mudan\u00e7as. Cada um quer um catolicismo a seu gosto. Toda religi\u00e3o","og:url":"https:\/\/newsinfoco.com.br\/inicio\/dois-papas-uma-estoria-ingenua-para-ressuscitar-a-teologia-da-libertacao\/","article:published_time":"2020-01-01T22:22:01+00:00","article:modified_time":"2020-01-01T22:27:45+00:00","twitter:card":"summary_large_image","twitter:title":"Dois Papas: Uma est\u00f3ria ing\u00eanua para ressuscitar a Teologia da Liberta\u00e7\u00e3o - News In Foco - Editado por Caio Pimenta","twitter:description":"N\u00e3o sou cat\u00f3lico. Mas o catolicismo se tornou aquela religi\u00e3o que todo mundo acha que pode meter o bedelho. Os cat\u00f3licos n\u00e3o praticantes s\u00e3o os que mais reclamam, que mais pedem reformas e aqueles que transgridem os dez mandamentos s\u00e3o os que mais querem mudan\u00e7as. Cada um quer um catolicismo a seu gosto. Toda religi\u00e3o"},"aioseo_meta_data":{"post_id":"19671","title":null,"description":null,"keywords":null,"keyphrases":null,"primary_term":null,"canonical_url":null,"og_title":null,"og_description":null,"og_object_type":"default","og_image_type":"default","og_image_url":null,"og_image_width":null,"og_image_height":null,"og_image_custom_url":null,"og_image_custom_fields":null,"og_video":null,"og_custom_url":null,"og_article_section":null,"og_article_tags":null,"twitter_use_og":false,"twitter_card":"default","twitter_image_type":"default","twitter_image_url":null,"twitter_image_custom_url":null,"twitter_image_custom_fields":null,"twitter_title":null,"twitter_description":null,"schema":{"blockGraphs":[],"customGraphs":[],"default":{"data":{"Article":[],"Course":[],"Dataset":[],"FAQPage":[],"Movie":[],"Person":[],"Product":[],"ProductReview":[],"Car":[],"Recipe":[],"Service":[],"SoftwareApplication":[],"WebPage":[]},"graphName":"","isEnabled":true},"graphs":[]},"schema_type":"default","schema_type_options":null,"pillar_content":false,"robots_default":true,"robots_noindex":false,"robots_noarchive":false,"robots_nosnippet":false,"robots_nofollow":false,"robots_noimageindex":false,"robots_noodp":false,"robots_notranslate":false,"robots_max_snippet":null,"robots_max_videopreview":null,"robots_max_imagepreview":"large","priority":null,"frequency":null,"local_seo":null,"breadcrumb_settings":null,"limit_modified_date":false,"ai":null,"created":"2023-06-12 15:52:10","updated":"2025-07-11 02:26:44","seo_analyzer_scan_date":null},"aioseo_breadcrumb":"<div class=\"aioseo-breadcrumbs\"><span class=\"aioseo-breadcrumb\">\n\t\t\t<a href=\"https:\/\/newsinfoco.com.br\/inicio\" title=\"In\u00edcio\">In\u00edcio<\/a>\n\t\t<\/span><span class=\"aioseo-breadcrumb-separator\">&raquo;<\/span><span class=\"aioseo-breadcrumb\">\n\t\t\t<a href=\"https:\/\/newsinfoco.com.br\/inicio\/category\/destaque\/\" title=\"Destaque\">Destaque<\/a>\n\t\t<\/span><span class=\"aioseo-breadcrumb-separator\">&raquo;<\/span><span class=\"aioseo-breadcrumb\">\n\t\t\tDois Papas: Uma est\u00f3ria ing\u00eanua para ressuscitar a Teologia da Liberta\u00e7\u00e3o\n\t\t<\/span><\/div>","aioseo_breadcrumb_json":[{"label":"In\u00edcio","link":"https:\/\/newsinfoco.com.br\/inicio"},{"label":"Destaque","link":"https:\/\/newsinfoco.com.br\/inicio\/category\/destaque\/"},{"label":"Dois Papas: Uma est\u00f3ria ing\u00eanua para ressuscitar a Teologia da Liberta\u00e7\u00e3o","link":"https:\/\/newsinfoco.com.br\/inicio\/dois-papas-uma-estoria-ingenua-para-ressuscitar-a-teologia-da-libertacao\/"}],"_links":{"self":[{"href":"https:\/\/newsinfoco.com.br\/inicio\/wp-json\/wp\/v2\/posts\/19671","targetHints":{"allow":["GET"]}}],"collection":[{"href":"https:\/\/newsinfoco.com.br\/inicio\/wp-json\/wp\/v2\/posts"}],"about":[{"href":"https:\/\/newsinfoco.com.br\/inicio\/wp-json\/wp\/v2\/types\/post"}],"author":[{"embeddable":true,"href":"https:\/\/newsinfoco.com.br\/inicio\/wp-json\/wp\/v2\/users\/1"}],"replies":[{"embeddable":true,"href":"https:\/\/newsinfoco.com.br\/inicio\/wp-json\/wp\/v2\/comments?post=19671"}],"version-history":[{"count":0,"href":"https:\/\/newsinfoco.com.br\/inicio\/wp-json\/wp\/v2\/posts\/19671\/revisions"}],"wp:featuredmedia":[{"embeddable":true,"href":"https:\/\/newsinfoco.com.br\/inicio\/wp-json\/wp\/v2\/media\/19673"}],"wp:attachment":[{"href":"https:\/\/newsinfoco.com.br\/inicio\/wp-json\/wp\/v2\/media?parent=19671"}],"wp:term":[{"taxonomy":"category","embeddable":true,"href":"https:\/\/newsinfoco.com.br\/inicio\/wp-json\/wp\/v2\/categories?post=19671"},{"taxonomy":"post_tag","embeddable":true,"href":"https:\/\/newsinfoco.com.br\/inicio\/wp-json\/wp\/v2\/tags?post=19671"}],"curies":[{"name":"wp","href":"https:\/\/api.w.org\/{rel}","templated":true}]}}