{"id":19676,"date":"2020-01-02T22:15:09","date_gmt":"2020-01-03T01:15:09","guid":{"rendered":"http:\/\/newsinfoco.com.br\/?p=19676"},"modified":"2020-01-02T22:15:09","modified_gmt":"2020-01-03T01:15:09","slug":"com-volume-de-chuvas-acima-da-media-prefeitura-mobiliza-forca-tarefa-equipes-atuam-nas-areas-afetadas","status":"publish","type":"post","link":"https:\/\/newsinfoco.com.br\/inicio\/com-volume-de-chuvas-acima-da-media-prefeitura-mobiliza-forca-tarefa-equipes-atuam-nas-areas-afetadas\/","title":{"rendered":"Com volume de chuvas acima da m\u00e9dia, Prefeitura mobiliza for\u00e7a-tarefa; equipes atuam nas \u00e1reas afetadas"},"content":{"rendered":"<p style=\"text-align: justify;\">Assim como\u00a0diversas cidades baianas, Alagoinhas recebeu um volume significativo de chuvas. No 1\u00ba dia do ano, a cidade registrou 67mm de \u00e1gua, superando a m\u00e9dia prevista para este per\u00edodo. Em um dia, choveu mais da metade do que se esperava, em m\u00e9dia de precipita\u00e7\u00e3o, para o m\u00eas todo.<\/p>\n<p style=\"text-align: justify;\">Visando refor\u00e7ar os servi\u00e7os de conting\u00eancia, a Secretaria Municipal de Servi\u00e7os P\u00fablicos (SESEP) uniu esfor\u00e7os \u00e0 Secretaria Municipal de Infraestrutura (SECIN) e ao Servi\u00e7o Aut\u00f4nomo de \u00c1gua e Esgoto (SAAE), criando uma for\u00e7a-tarefa com diversas frentes de trabalho que atuam, desde a noite de ontem, nos locais afetados.<\/p>\n<p style=\"text-align: justify;\">Nesta quinta-feira (2), as equipes seguem em campo para minimizar os impactos causados pelas chuvas.<\/p>\n<p style=\"text-align: justify;\">No Silva Jardim, profissionais fazem a limpeza, a varri\u00e7\u00e3o e a desobstru\u00e7\u00e3o de segmentos da rede. Segundo o secret\u00e1rio municipal de servi\u00e7os p\u00fablicos, Andr\u00e9 Barros, todas as medidas est\u00e3o sendo adotadas para minimizar os danos causados pela intensidade das chuvas. \u201cFaremos uma limpeza para melhorar o fluxo e j\u00e1\u00a0est\u00e1 em andamento\u00a0um estudo. \u00c9 importante destacar que essa obra aqui foi dada como conclu\u00edda em 2016 por gest\u00f5es anteriores. Estamos com todos os profissionais mobilizados e outros pontos da cidade, como a Lagoa da Cavada e a Lagoa da Feiticeira, tamb\u00e9m est\u00e3o sendo monitorados\u201d, afirmou.<\/p>\n<p style=\"text-align: justify;\">O SAAE segue com limpeza de fossas e apoio operacional na Lagoa da Feiticeira e no Riacho do Mel. A autarquia informou que carros-pipa, assim como o hidrojato, tamb\u00e9m est\u00e3o nas \u00e1reas afetadas, e uma frente de trabalho atua na Lagoa da Cavada. A previs\u00e3o \u00e9 que 3 bombas sejam utilizadas para diminuir o n\u00edvel da \u00e1gua no local, como a\u00e7\u00e3o preventiva a alagamentos.<\/p>\n<p style=\"text-align: justify;\">Na Rua Ipiranga, do Jardim Petrolar, as equipes trabalham com carro-pipa e ca\u00e7amba. A Prefeitura abriu frentes de trabalho tamb\u00e9m na Quintino Bocai\u00fava, na Pra\u00e7a Kennedy, na Baixa da Candeia e na Rua Quinze de Novembro. Entre as a\u00e7\u00f5es, est\u00e3o a limpeza com retirada de sedimentos, desobstru\u00e7\u00f5es de bueiros e galerias e uma an\u00e1lise t\u00e9cnica destes locais. No total, mais de 80 profissionais atuam na opera\u00e7\u00e3o.<\/p>\n<p style=\"text-align: justify;\">Embora ainda existam problemas de alagamentos em alguns pontos, a Prefeitura aponta para uma grande redu\u00e7\u00e3o de casos, se comparado a anos anteriores \u2013 isso por conta das maiores interven\u00e7\u00f5es da hist\u00f3ria da cidade para a preven\u00e7\u00e3o a alagamentos, como as obras de macrodrenagem das Poligonais e da regi\u00e3o da Cavada.<\/p>\n<p style=\"text-align: justify;\">Com previs\u00e3o de chuva nos pr\u00f3ximos dias, a equipe t\u00e9cnica da Secretaria Municipal de Assist\u00eancia Social (SEMAS) tamb\u00e9m segue de prontid\u00e3o, com visita \u00e0s regi\u00f5es afetadas e atendimentos \u00e0 popula\u00e7\u00e3o.<\/p>\n<p style=\"text-align: justify;\"><strong>Servi\u00e7o:<\/strong><br \/>\nSAAE \u2013 0800 702 7065 \/ (75) 3403-7760<br \/>\nWhatsApp: (75) 98180-4500<\/p>\n<p style=\"text-align: justify;\">SESEP \u2013 (75) 99859-9568 \/\u00a0(75) 9803-7239<\/p>\n<p>\u00a0 \u00a0 \u00a0 \u00a0 \u00a0 \u00a0 \u00a0 \u00a0 \u00a0 \u00a0 \u00a0 \u00a0 \u00a0 \u00a0 \u00a0 \u00a0 \u00a0 \u00a0 \u00a0 \u00a0 \u00a0 \u00a0 \u00a0 \u00a0 \u00a0 \u00a0SECOM ALAGOINHAS<\/p>\n<div class='share-to-whatsapp-wrapper'><div class='share-on-whsp'>Share on: <\/div><a data-text='Com volume de chuvas acima da m\u00e9dia, Prefeitura mobiliza for\u00e7a-tarefa; equipes atuam nas \u00e1reas afetadas' data-link='https:\/\/newsinfoco.com.br\/inicio\/com-volume-de-chuvas-acima-da-media-prefeitura-mobiliza-forca-tarefa-equipes-atuam-nas-areas-afetadas\/' class='whatsapp-button whatsapp-share'>WhatsApp<\/a><div class='clear '><\/div><\/div>","protected":false},"excerpt":{"rendered":"<p>Assim como\u00a0diversas cidades baianas, Alagoinhas recebeu um volume significativo de chuvas. No 1\u00ba dia do ano, a cidade registrou 67mm de \u00e1gua, superando a m\u00e9dia prevista para este per\u00edodo. Em um dia, choveu mais da metade do que se esperava, em m\u00e9dia de precipita\u00e7\u00e3o, para o m\u00eas todo. Visando refor\u00e7ar os servi\u00e7os de conting\u00eancia, a [&hellip;]<\/p>\n","protected":false},"author":1,"featured_media":19677,"comment_status":"open","ping_status":"open","sticky":false,"template":"","format":"standard","meta":{"om_disable_all_campaigns":false,"rop_custom_images_group":[],"rop_custom_messages_group":[],"rop_publish_now":"initial","rop_publish_now_accounts":[],"rop_publish_now_history":[],"rop_publish_now_status":"pending","_exactmetrics_skip_tracking":false,"footnotes":""},"categories":[38,30],"tags":[],"class_list":["post-19676","post","type-post","status-publish","format-standard","has-post-thumbnail","hentry","category-alagoinhas-e-regiao","category-destaque"],"aioseo_notices":[],"aioseo_head":"\n\t\t<!-- All in One SEO 4.9.10 - aioseo.com -->\n\t<meta name=\"description\" content=\"Assim como diversas cidades baianas, Alagoinhas recebeu um volume significativo de chuvas. No 1\u00ba dia do ano, a cidade registrou 67mm de \u00e1gua, superando a m\u00e9dia prevista para este per\u00edodo. Em um dia, choveu mais da metade do que se esperava, em m\u00e9dia de precipita\u00e7\u00e3o, para o m\u00eas todo. Visando refor\u00e7ar os servi\u00e7os de conting\u00eancia, a\" \/>\n\t<meta name=\"robots\" content=\"max-image-preview:large\" \/>\n\t<meta name=\"author\" content=\"administrador\"\/>\n\t<link rel=\"canonical\" href=\"https:\/\/newsinfoco.com.br\/inicio\/com-volume-de-chuvas-acima-da-media-prefeitura-mobiliza-forca-tarefa-equipes-atuam-nas-areas-afetadas\/\" \/>\n\t<meta name=\"generator\" content=\"All in One SEO (AIOSEO) 4.9.10\" \/>\n\t\t<meta property=\"og:locale\" content=\"pt_BR\" \/>\n\t\t<meta property=\"og:site_name\" content=\"News In Foco - Editado por Caio Pimenta - O principal site de noticias de Alagoinhas e regi\u00e3o\" \/>\n\t\t<meta property=\"og:type\" content=\"article\" \/>\n\t\t<meta property=\"og:title\" content=\"Com volume de chuvas acima da m\u00e9dia, Prefeitura mobiliza for\u00e7a-tarefa; equipes atuam nas \u00e1reas afetadas - News In Foco - Editado por Caio Pimenta\" \/>\n\t\t<meta property=\"og:description\" content=\"Assim como diversas cidades baianas, Alagoinhas recebeu um volume significativo de chuvas. No 1\u00ba dia do ano, a cidade registrou 67mm de \u00e1gua, superando a m\u00e9dia prevista para este per\u00edodo. Em um dia, choveu mais da metade do que se esperava, em m\u00e9dia de precipita\u00e7\u00e3o, para o m\u00eas todo. Visando refor\u00e7ar os servi\u00e7os de conting\u00eancia, a\" \/>\n\t\t<meta property=\"og:url\" content=\"https:\/\/newsinfoco.com.br\/inicio\/com-volume-de-chuvas-acima-da-media-prefeitura-mobiliza-forca-tarefa-equipes-atuam-nas-areas-afetadas\/\" \/>\n\t\t<meta property=\"article:published_time\" content=\"2020-01-03T01:15:09+00:00\" \/>\n\t\t<meta property=\"article:modified_time\" content=\"2020-01-03T01:15:09+00:00\" \/>\n\t\t<meta name=\"twitter:card\" content=\"summary_large_image\" \/>\n\t\t<meta name=\"twitter:title\" content=\"Com volume de chuvas acima da m\u00e9dia, Prefeitura mobiliza for\u00e7a-tarefa; equipes atuam nas \u00e1reas afetadas - News In Foco - Editado por Caio Pimenta\" \/>\n\t\t<meta name=\"twitter:description\" content=\"Assim como diversas cidades baianas, Alagoinhas recebeu um volume significativo de chuvas. No 1\u00ba dia do ano, a cidade registrou 67mm de \u00e1gua, superando a m\u00e9dia prevista para este per\u00edodo. Em um dia, choveu mais da metade do que se esperava, em m\u00e9dia de precipita\u00e7\u00e3o, para o m\u00eas todo. Visando refor\u00e7ar os servi\u00e7os de conting\u00eancia, a\" \/>\n\t\t<script type=\"application\/ld+json\" class=\"aioseo-schema\">\n\t\t\t{\"@context\":\"https:\\\/\\\/schema.org\",\"@graph\":[{\"@type\":\"BlogPosting\",\"@id\":\"https:\\\/\\\/newsinfoco.com.br\\\/inicio\\\/com-volume-de-chuvas-acima-da-media-prefeitura-mobiliza-forca-tarefa-equipes-atuam-nas-areas-afetadas\\\/#blogposting\",\"name\":\"Com volume de chuvas acima da m\\u00e9dia, Prefeitura mobiliza for\\u00e7a-tarefa; equipes atuam nas \\u00e1reas afetadas - News In Foco - Editado por Caio Pimenta\",\"headline\":\"Com volume de chuvas acima da m\\u00e9dia, Prefeitura mobiliza for\\u00e7a-tarefa; equipes atuam nas \\u00e1reas afetadas\",\"author\":{\"@id\":\"https:\\\/\\\/newsinfoco.com.br\\\/inicio\\\/author\\\/administrador\\\/#author\"},\"publisher\":{\"@id\":\"https:\\\/\\\/newsinfoco.com.br\\\/inicio\\\/#organization\"},\"image\":{\"@type\":\"ImageObject\",\"url\":\"https:\\\/\\\/newsinfoco.com.br\\\/inicio\\\/wp-content\\\/uploads\\\/2020\\\/01\\\/WhatsApp-Image-2020-01-02-at-15.54.20-1024x768-1.jpeg\",\"width\":1024,\"height\":768},\"datePublished\":\"2020-01-02T22:15:09-03:00\",\"dateModified\":\"2020-01-02T22:15:09-03:00\",\"inLanguage\":\"pt-BR\",\"mainEntityOfPage\":{\"@id\":\"https:\\\/\\\/newsinfoco.com.br\\\/inicio\\\/com-volume-de-chuvas-acima-da-media-prefeitura-mobiliza-forca-tarefa-equipes-atuam-nas-areas-afetadas\\\/#webpage\"},\"isPartOf\":{\"@id\":\"https:\\\/\\\/newsinfoco.com.br\\\/inicio\\\/com-volume-de-chuvas-acima-da-media-prefeitura-mobiliza-forca-tarefa-equipes-atuam-nas-areas-afetadas\\\/#webpage\"},\"articleSection\":\"Alagoinhas e Regi\\u00e3o, Destaque\"},{\"@type\":\"BreadcrumbList\",\"@id\":\"https:\\\/\\\/newsinfoco.com.br\\\/inicio\\\/com-volume-de-chuvas-acima-da-media-prefeitura-mobiliza-forca-tarefa-equipes-atuam-nas-areas-afetadas\\\/#breadcrumblist\",\"itemListElement\":[{\"@type\":\"ListItem\",\"@id\":\"https:\\\/\\\/newsinfoco.com.br\\\/inicio#listItem\",\"position\":1,\"name\":\"In\\u00edcio\",\"item\":\"https:\\\/\\\/newsinfoco.com.br\\\/inicio\",\"nextItem\":{\"@type\":\"ListItem\",\"@id\":\"https:\\\/\\\/newsinfoco.com.br\\\/inicio\\\/category\\\/destaque\\\/#listItem\",\"name\":\"Destaque\"}},{\"@type\":\"ListItem\",\"@id\":\"https:\\\/\\\/newsinfoco.com.br\\\/inicio\\\/category\\\/destaque\\\/#listItem\",\"position\":2,\"name\":\"Destaque\",\"item\":\"https:\\\/\\\/newsinfoco.com.br\\\/inicio\\\/category\\\/destaque\\\/\",\"nextItem\":{\"@type\":\"ListItem\",\"@id\":\"https:\\\/\\\/newsinfoco.com.br\\\/inicio\\\/com-volume-de-chuvas-acima-da-media-prefeitura-mobiliza-forca-tarefa-equipes-atuam-nas-areas-afetadas\\\/#listItem\",\"name\":\"Com volume de chuvas acima da m\\u00e9dia, Prefeitura mobiliza for\\u00e7a-tarefa; equipes atuam nas \\u00e1reas afetadas\"},\"previousItem\":{\"@type\":\"ListItem\",\"@id\":\"https:\\\/\\\/newsinfoco.com.br\\\/inicio#listItem\",\"name\":\"In\\u00edcio\"}},{\"@type\":\"ListItem\",\"@id\":\"https:\\\/\\\/newsinfoco.com.br\\\/inicio\\\/com-volume-de-chuvas-acima-da-media-prefeitura-mobiliza-forca-tarefa-equipes-atuam-nas-areas-afetadas\\\/#listItem\",\"position\":3,\"name\":\"Com volume de chuvas acima da m\\u00e9dia, Prefeitura mobiliza for\\u00e7a-tarefa; equipes atuam nas \\u00e1reas afetadas\",\"previousItem\":{\"@type\":\"ListItem\",\"@id\":\"https:\\\/\\\/newsinfoco.com.br\\\/inicio\\\/category\\\/destaque\\\/#listItem\",\"name\":\"Destaque\"}}]},{\"@type\":\"Organization\",\"@id\":\"https:\\\/\\\/newsinfoco.com.br\\\/inicio\\\/#organization\",\"name\":\"News In Foco - Editado por Caio Pimenta\",\"description\":\"O principal site de noticias de Alagoinhas e regi\\u00e3o\",\"url\":\"https:\\\/\\\/newsinfoco.com.br\\\/inicio\\\/\"},{\"@type\":\"Person\",\"@id\":\"https:\\\/\\\/newsinfoco.com.br\\\/inicio\\\/author\\\/administrador\\\/#author\",\"url\":\"https:\\\/\\\/newsinfoco.com.br\\\/inicio\\\/author\\\/administrador\\\/\",\"name\":\"administrador\",\"image\":{\"@type\":\"ImageObject\",\"@id\":\"https:\\\/\\\/newsinfoco.com.br\\\/inicio\\\/com-volume-de-chuvas-acima-da-media-prefeitura-mobiliza-forca-tarefa-equipes-atuam-nas-areas-afetadas\\\/#authorImage\",\"url\":\"https:\\\/\\\/secure.gravatar.com\\\/avatar\\\/c17a617433de8c1dc9584bb79aab7563b46f5bb7e1728c9b17d9cc3ce6a08e49?s=96&d=mm&r=g\",\"width\":96,\"height\":96,\"caption\":\"administrador\"}},{\"@type\":\"WebPage\",\"@id\":\"https:\\\/\\\/newsinfoco.com.br\\\/inicio\\\/com-volume-de-chuvas-acima-da-media-prefeitura-mobiliza-forca-tarefa-equipes-atuam-nas-areas-afetadas\\\/#webpage\",\"url\":\"https:\\\/\\\/newsinfoco.com.br\\\/inicio\\\/com-volume-de-chuvas-acima-da-media-prefeitura-mobiliza-forca-tarefa-equipes-atuam-nas-areas-afetadas\\\/\",\"name\":\"Com volume de chuvas acima da m\\u00e9dia, Prefeitura mobiliza for\\u00e7a-tarefa; equipes atuam nas \\u00e1reas afetadas - News In Foco - Editado por Caio Pimenta\",\"description\":\"Assim como diversas cidades baianas, Alagoinhas recebeu um volume significativo de chuvas. No 1\\u00ba dia do ano, a cidade registrou 67mm de \\u00e1gua, superando a m\\u00e9dia prevista para este per\\u00edodo. Em um dia, choveu mais da metade do que se esperava, em m\\u00e9dia de precipita\\u00e7\\u00e3o, para o m\\u00eas todo. Visando refor\\u00e7ar os servi\\u00e7os de conting\\u00eancia, a\",\"inLanguage\":\"pt-BR\",\"isPartOf\":{\"@id\":\"https:\\\/\\\/newsinfoco.com.br\\\/inicio\\\/#website\"},\"breadcrumb\":{\"@id\":\"https:\\\/\\\/newsinfoco.com.br\\\/inicio\\\/com-volume-de-chuvas-acima-da-media-prefeitura-mobiliza-forca-tarefa-equipes-atuam-nas-areas-afetadas\\\/#breadcrumblist\"},\"author\":{\"@id\":\"https:\\\/\\\/newsinfoco.com.br\\\/inicio\\\/author\\\/administrador\\\/#author\"},\"creator\":{\"@id\":\"https:\\\/\\\/newsinfoco.com.br\\\/inicio\\\/author\\\/administrador\\\/#author\"},\"image\":{\"@type\":\"ImageObject\",\"url\":\"https:\\\/\\\/newsinfoco.com.br\\\/inicio\\\/wp-content\\\/uploads\\\/2020\\\/01\\\/WhatsApp-Image-2020-01-02-at-15.54.20-1024x768-1.jpeg\",\"@id\":\"https:\\\/\\\/newsinfoco.com.br\\\/inicio\\\/com-volume-de-chuvas-acima-da-media-prefeitura-mobiliza-forca-tarefa-equipes-atuam-nas-areas-afetadas\\\/#mainImage\",\"width\":1024,\"height\":768},\"primaryImageOfPage\":{\"@id\":\"https:\\\/\\\/newsinfoco.com.br\\\/inicio\\\/com-volume-de-chuvas-acima-da-media-prefeitura-mobiliza-forca-tarefa-equipes-atuam-nas-areas-afetadas\\\/#mainImage\"},\"datePublished\":\"2020-01-02T22:15:09-03:00\",\"dateModified\":\"2020-01-02T22:15:09-03:00\"},{\"@type\":\"WebSite\",\"@id\":\"https:\\\/\\\/newsinfoco.com.br\\\/inicio\\\/#website\",\"url\":\"https:\\\/\\\/newsinfoco.com.br\\\/inicio\\\/\",\"name\":\"News In Foco - Editado por Caio Pimenta\",\"description\":\"O principal site de noticias de Alagoinhas e regi\\u00e3o\",\"inLanguage\":\"pt-BR\",\"publisher\":{\"@id\":\"https:\\\/\\\/newsinfoco.com.br\\\/inicio\\\/#organization\"}}]}\n\t\t<\/script>\n\t\t<!-- All in One SEO -->\n\n","aioseo_head_json":{"title":"Com volume de chuvas acima da m\u00e9dia, Prefeitura mobiliza for\u00e7a-tarefa; equipes atuam nas \u00e1reas afetadas - News In Foco - Editado por Caio Pimenta","description":"Assim como diversas cidades baianas, Alagoinhas recebeu um volume significativo de chuvas. No 1\u00ba dia do ano, a cidade registrou 67mm de \u00e1gua, superando a m\u00e9dia prevista para este per\u00edodo. Em um dia, choveu mais da metade do que se esperava, em m\u00e9dia de precipita\u00e7\u00e3o, para o m\u00eas todo. Visando refor\u00e7ar os servi\u00e7os de conting\u00eancia, a","canonical_url":"https:\/\/newsinfoco.com.br\/inicio\/com-volume-de-chuvas-acima-da-media-prefeitura-mobiliza-forca-tarefa-equipes-atuam-nas-areas-afetadas\/","robots":"max-image-preview:large","keywords":"","webmasterTools":{"miscellaneous":""},"schema":{"@context":"https:\/\/schema.org","@graph":[{"@type":"BlogPosting","@id":"https:\/\/newsinfoco.com.br\/inicio\/com-volume-de-chuvas-acima-da-media-prefeitura-mobiliza-forca-tarefa-equipes-atuam-nas-areas-afetadas\/#blogposting","name":"Com volume de chuvas acima da m\u00e9dia, Prefeitura mobiliza for\u00e7a-tarefa; equipes atuam nas \u00e1reas afetadas - News In Foco - Editado por Caio Pimenta","headline":"Com volume de chuvas acima da m\u00e9dia, Prefeitura mobiliza for\u00e7a-tarefa; equipes atuam nas \u00e1reas afetadas","author":{"@id":"https:\/\/newsinfoco.com.br\/inicio\/author\/administrador\/#author"},"publisher":{"@id":"https:\/\/newsinfoco.com.br\/inicio\/#organization"},"image":{"@type":"ImageObject","url":"https:\/\/newsinfoco.com.br\/inicio\/wp-content\/uploads\/2020\/01\/WhatsApp-Image-2020-01-02-at-15.54.20-1024x768-1.jpeg","width":1024,"height":768},"datePublished":"2020-01-02T22:15:09-03:00","dateModified":"2020-01-02T22:15:09-03:00","inLanguage":"pt-BR","mainEntityOfPage":{"@id":"https:\/\/newsinfoco.com.br\/inicio\/com-volume-de-chuvas-acima-da-media-prefeitura-mobiliza-forca-tarefa-equipes-atuam-nas-areas-afetadas\/#webpage"},"isPartOf":{"@id":"https:\/\/newsinfoco.com.br\/inicio\/com-volume-de-chuvas-acima-da-media-prefeitura-mobiliza-forca-tarefa-equipes-atuam-nas-areas-afetadas\/#webpage"},"articleSection":"Alagoinhas e Regi\u00e3o, Destaque"},{"@type":"BreadcrumbList","@id":"https:\/\/newsinfoco.com.br\/inicio\/com-volume-de-chuvas-acima-da-media-prefeitura-mobiliza-forca-tarefa-equipes-atuam-nas-areas-afetadas\/#breadcrumblist","itemListElement":[{"@type":"ListItem","@id":"https:\/\/newsinfoco.com.br\/inicio#listItem","position":1,"name":"In\u00edcio","item":"https:\/\/newsinfoco.com.br\/inicio","nextItem":{"@type":"ListItem","@id":"https:\/\/newsinfoco.com.br\/inicio\/category\/destaque\/#listItem","name":"Destaque"}},{"@type":"ListItem","@id":"https:\/\/newsinfoco.com.br\/inicio\/category\/destaque\/#listItem","position":2,"name":"Destaque","item":"https:\/\/newsinfoco.com.br\/inicio\/category\/destaque\/","nextItem":{"@type":"ListItem","@id":"https:\/\/newsinfoco.com.br\/inicio\/com-volume-de-chuvas-acima-da-media-prefeitura-mobiliza-forca-tarefa-equipes-atuam-nas-areas-afetadas\/#listItem","name":"Com volume de chuvas acima da m\u00e9dia, Prefeitura mobiliza for\u00e7a-tarefa; equipes atuam nas \u00e1reas afetadas"},"previousItem":{"@type":"ListItem","@id":"https:\/\/newsinfoco.com.br\/inicio#listItem","name":"In\u00edcio"}},{"@type":"ListItem","@id":"https:\/\/newsinfoco.com.br\/inicio\/com-volume-de-chuvas-acima-da-media-prefeitura-mobiliza-forca-tarefa-equipes-atuam-nas-areas-afetadas\/#listItem","position":3,"name":"Com volume de chuvas acima da m\u00e9dia, Prefeitura mobiliza for\u00e7a-tarefa; equipes atuam nas \u00e1reas afetadas","previousItem":{"@type":"ListItem","@id":"https:\/\/newsinfoco.com.br\/inicio\/category\/destaque\/#listItem","name":"Destaque"}}]},{"@type":"Organization","@id":"https:\/\/newsinfoco.com.br\/inicio\/#organization","name":"News In Foco - Editado por Caio Pimenta","description":"O principal site de noticias de Alagoinhas e regi\u00e3o","url":"https:\/\/newsinfoco.com.br\/inicio\/"},{"@type":"Person","@id":"https:\/\/newsinfoco.com.br\/inicio\/author\/administrador\/#author","url":"https:\/\/newsinfoco.com.br\/inicio\/author\/administrador\/","name":"administrador","image":{"@type":"ImageObject","@id":"https:\/\/newsinfoco.com.br\/inicio\/com-volume-de-chuvas-acima-da-media-prefeitura-mobiliza-forca-tarefa-equipes-atuam-nas-areas-afetadas\/#authorImage","url":"https:\/\/secure.gravatar.com\/avatar\/c17a617433de8c1dc9584bb79aab7563b46f5bb7e1728c9b17d9cc3ce6a08e49?s=96&d=mm&r=g","width":96,"height":96,"caption":"administrador"}},{"@type":"WebPage","@id":"https:\/\/newsinfoco.com.br\/inicio\/com-volume-de-chuvas-acima-da-media-prefeitura-mobiliza-forca-tarefa-equipes-atuam-nas-areas-afetadas\/#webpage","url":"https:\/\/newsinfoco.com.br\/inicio\/com-volume-de-chuvas-acima-da-media-prefeitura-mobiliza-forca-tarefa-equipes-atuam-nas-areas-afetadas\/","name":"Com volume de chuvas acima da m\u00e9dia, Prefeitura mobiliza for\u00e7a-tarefa; equipes atuam nas \u00e1reas afetadas - News In Foco - Editado por Caio Pimenta","description":"Assim como diversas cidades baianas, Alagoinhas recebeu um volume significativo de chuvas. No 1\u00ba dia do ano, a cidade registrou 67mm de \u00e1gua, superando a m\u00e9dia prevista para este per\u00edodo. Em um dia, choveu mais da metade do que se esperava, em m\u00e9dia de precipita\u00e7\u00e3o, para o m\u00eas todo. Visando refor\u00e7ar os servi\u00e7os de conting\u00eancia, a","inLanguage":"pt-BR","isPartOf":{"@id":"https:\/\/newsinfoco.com.br\/inicio\/#website"},"breadcrumb":{"@id":"https:\/\/newsinfoco.com.br\/inicio\/com-volume-de-chuvas-acima-da-media-prefeitura-mobiliza-forca-tarefa-equipes-atuam-nas-areas-afetadas\/#breadcrumblist"},"author":{"@id":"https:\/\/newsinfoco.com.br\/inicio\/author\/administrador\/#author"},"creator":{"@id":"https:\/\/newsinfoco.com.br\/inicio\/author\/administrador\/#author"},"image":{"@type":"ImageObject","url":"https:\/\/newsinfoco.com.br\/inicio\/wp-content\/uploads\/2020\/01\/WhatsApp-Image-2020-01-02-at-15.54.20-1024x768-1.jpeg","@id":"https:\/\/newsinfoco.com.br\/inicio\/com-volume-de-chuvas-acima-da-media-prefeitura-mobiliza-forca-tarefa-equipes-atuam-nas-areas-afetadas\/#mainImage","width":1024,"height":768},"primaryImageOfPage":{"@id":"https:\/\/newsinfoco.com.br\/inicio\/com-volume-de-chuvas-acima-da-media-prefeitura-mobiliza-forca-tarefa-equipes-atuam-nas-areas-afetadas\/#mainImage"},"datePublished":"2020-01-02T22:15:09-03:00","dateModified":"2020-01-02T22:15:09-03:00"},{"@type":"WebSite","@id":"https:\/\/newsinfoco.com.br\/inicio\/#website","url":"https:\/\/newsinfoco.com.br\/inicio\/","name":"News In Foco - Editado por Caio Pimenta","description":"O principal site de noticias de Alagoinhas e regi\u00e3o","inLanguage":"pt-BR","publisher":{"@id":"https:\/\/newsinfoco.com.br\/inicio\/#organization"}}]},"og:locale":"pt_BR","og:site_name":"News In Foco - Editado por Caio Pimenta - O principal site de noticias de Alagoinhas e regi\u00e3o","og:type":"article","og:title":"Com volume de chuvas acima da m\u00e9dia, Prefeitura mobiliza for\u00e7a-tarefa; equipes atuam nas \u00e1reas afetadas - News In Foco - Editado por Caio Pimenta","og:description":"Assim como diversas cidades baianas, Alagoinhas recebeu um volume significativo de chuvas. No 1\u00ba dia do ano, a cidade registrou 67mm de \u00e1gua, superando a m\u00e9dia prevista para este per\u00edodo. Em um dia, choveu mais da metade do que se esperava, em m\u00e9dia de precipita\u00e7\u00e3o, para o m\u00eas todo. Visando refor\u00e7ar os servi\u00e7os de conting\u00eancia, a","og:url":"https:\/\/newsinfoco.com.br\/inicio\/com-volume-de-chuvas-acima-da-media-prefeitura-mobiliza-forca-tarefa-equipes-atuam-nas-areas-afetadas\/","article:published_time":"2020-01-03T01:15:09+00:00","article:modified_time":"2020-01-03T01:15:09+00:00","twitter:card":"summary_large_image","twitter:title":"Com volume de chuvas acima da m\u00e9dia, Prefeitura mobiliza for\u00e7a-tarefa; equipes atuam nas \u00e1reas afetadas - News In Foco - Editado por Caio Pimenta","twitter:description":"Assim como diversas cidades baianas, Alagoinhas recebeu um volume significativo de chuvas. No 1\u00ba dia do ano, a cidade registrou 67mm de \u00e1gua, superando a m\u00e9dia prevista para este per\u00edodo. Em um dia, choveu mais da metade do que se esperava, em m\u00e9dia de precipita\u00e7\u00e3o, para o m\u00eas todo. Visando refor\u00e7ar os servi\u00e7os de conting\u00eancia, a"},"aioseo_meta_data":{"post_id":"19676","title":null,"description":null,"keywords":null,"keyphrases":null,"primary_term":null,"canonical_url":null,"og_title":null,"og_description":null,"og_object_type":"default","og_image_type":"default","og_image_url":null,"og_image_width":null,"og_image_height":null,"og_image_custom_url":null,"og_image_custom_fields":null,"og_video":null,"og_custom_url":null,"og_article_section":null,"og_article_tags":null,"twitter_use_og":false,"twitter_card":"default","twitter_image_type":"default","twitter_image_url":null,"twitter_image_custom_url":null,"twitter_image_custom_fields":null,"twitter_title":null,"twitter_description":null,"schema":{"blockGraphs":[],"customGraphs":[],"default":{"data":{"Article":[],"Course":[],"Dataset":[],"FAQPage":[],"Movie":[],"Person":[],"Product":[],"ProductReview":[],"Car":[],"Recipe":[],"Service":[],"SoftwareApplication":[],"WebPage":[]},"graphName":"","isEnabled":true},"graphs":[]},"schema_type":"default","schema_type_options":null,"pillar_content":false,"robots_default":true,"robots_noindex":false,"robots_noarchive":false,"robots_nosnippet":false,"robots_nofollow":false,"robots_noimageindex":false,"robots_noodp":false,"robots_notranslate":false,"robots_max_snippet":null,"robots_max_videopreview":null,"robots_max_imagepreview":"large","priority":null,"frequency":null,"local_seo":null,"breadcrumb_settings":null,"limit_modified_date":false,"ai":null,"created":"2023-06-12 15:52:10","updated":"2025-07-11 02:26:44","seo_analyzer_scan_date":null},"aioseo_breadcrumb":"<div class=\"aioseo-breadcrumbs\"><span class=\"aioseo-breadcrumb\">\n\t\t\t<a href=\"https:\/\/newsinfoco.com.br\/inicio\" title=\"In\u00edcio\">In\u00edcio<\/a>\n\t\t<\/span><span class=\"aioseo-breadcrumb-separator\">&raquo;<\/span><span class=\"aioseo-breadcrumb\">\n\t\t\t<a href=\"https:\/\/newsinfoco.com.br\/inicio\/category\/destaque\/\" title=\"Destaque\">Destaque<\/a>\n\t\t<\/span><span class=\"aioseo-breadcrumb-separator\">&raquo;<\/span><span class=\"aioseo-breadcrumb\">\n\t\t\tCom volume de chuvas acima da m\u00e9dia, Prefeitura mobiliza for\u00e7a-tarefa; equipes atuam nas \u00e1reas afetadas\n\t\t<\/span><\/div>","aioseo_breadcrumb_json":[{"label":"In\u00edcio","link":"https:\/\/newsinfoco.com.br\/inicio"},{"label":"Destaque","link":"https:\/\/newsinfoco.com.br\/inicio\/category\/destaque\/"},{"label":"Com volume de chuvas acima da m\u00e9dia, Prefeitura mobiliza for\u00e7a-tarefa; equipes atuam nas \u00e1reas afetadas","link":"https:\/\/newsinfoco.com.br\/inicio\/com-volume-de-chuvas-acima-da-media-prefeitura-mobiliza-forca-tarefa-equipes-atuam-nas-areas-afetadas\/"}],"_links":{"self":[{"href":"https:\/\/newsinfoco.com.br\/inicio\/wp-json\/wp\/v2\/posts\/19676","targetHints":{"allow":["GET"]}}],"collection":[{"href":"https:\/\/newsinfoco.com.br\/inicio\/wp-json\/wp\/v2\/posts"}],"about":[{"href":"https:\/\/newsinfoco.com.br\/inicio\/wp-json\/wp\/v2\/types\/post"}],"author":[{"embeddable":true,"href":"https:\/\/newsinfoco.com.br\/inicio\/wp-json\/wp\/v2\/users\/1"}],"replies":[{"embeddable":true,"href":"https:\/\/newsinfoco.com.br\/inicio\/wp-json\/wp\/v2\/comments?post=19676"}],"version-history":[{"count":0,"href":"https:\/\/newsinfoco.com.br\/inicio\/wp-json\/wp\/v2\/posts\/19676\/revisions"}],"wp:featuredmedia":[{"embeddable":true,"href":"https:\/\/newsinfoco.com.br\/inicio\/wp-json\/wp\/v2\/media\/19677"}],"wp:attachment":[{"href":"https:\/\/newsinfoco.com.br\/inicio\/wp-json\/wp\/v2\/media?parent=19676"}],"wp:term":[{"taxonomy":"category","embeddable":true,"href":"https:\/\/newsinfoco.com.br\/inicio\/wp-json\/wp\/v2\/categories?post=19676"},{"taxonomy":"post_tag","embeddable":true,"href":"https:\/\/newsinfoco.com.br\/inicio\/wp-json\/wp\/v2\/tags?post=19676"}],"curies":[{"name":"wp","href":"https:\/\/api.w.org\/{rel}","templated":true}]}}