{"id":19685,"date":"2020-01-03T20:14:35","date_gmt":"2020-01-03T23:14:35","guid":{"rendered":"http:\/\/newsinfoco.com.br\/?p=19685"},"modified":"2020-01-03T20:14:35","modified_gmt":"2020-01-03T23:14:35","slug":"matriculas-da-rede-municipal-para-2020-comecam-na-proxima-semana","status":"publish","type":"post","link":"https:\/\/newsinfoco.com.br\/inicio\/matriculas-da-rede-municipal-para-2020-comecam-na-proxima-semana\/","title":{"rendered":"Matr\u00edculas da rede municipal para 2020 come\u00e7am na pr\u00f3xima semana"},"content":{"rendered":"<p style=\"text-align: justify;\">As matr\u00edculas da rede municipal para o ano letivo 2020 come\u00e7am na ter\u00e7a-feira (7). Os pais e\/ou respons\u00e1veis devem ficar atentos ao calend\u00e1rio de matr\u00edculas para n\u00e3o perder o prazo.<\/p>\n<p style=\"text-align: justify;\">Este ano, o n\u00famero de CPF da crian\u00e7a \u00e9 obrigat\u00f3rio j\u00e1 na 1\u00b0 etapa, e o processo \u00e9 realizado presencialmente na pr\u00f3pria escola. Os interessados devem acompanhar as datas espec\u00edficas para cada grupo de alunos.<\/p>\n<p style=\"text-align: justify;\">De acordo com a Secretaria Municipal de Educa\u00e7\u00e3o (SEDUC), nos dias 7 e 8 de janeiro, ser\u00e3o realizadas as matr\u00edculas para estudantes com necessidades especiais. De 9 a 17 de janeiro, pais de alunos inscritos e aprovados por m\u00e9dia na s\u00e9rie escolar devem se dirigir \u00e0s respectivas unidades de ensino para a renova\u00e7\u00e3o da matr\u00edcula.<\/p>\n<p style=\"text-align: justify;\">Os estudantes da rede municipal que trocar\u00e3o de escola devem apresentar documenta\u00e7\u00e3o para renova\u00e7\u00e3o da matr\u00edcula de 20 a 24 de janeiro. J\u00e1 para os alunos novos, que pretendem ingressar na rede municipal de ensino este ano, a orienta\u00e7\u00e3o \u00e9 comparecer de 27 a 29 de janeiro \u00e0 unidade escolar selecionada.<\/p>\n<p style=\"text-align: justify;\">Para a efetiva\u00e7\u00e3o da matr\u00edcula, s\u00e3o necess\u00e1rios documento de identidade ou certid\u00e3o de registro civil, hist\u00f3rico escolar, CPF, cart\u00e3o SUS, duas fotos 3\u00d74 recentes e comprovante de resid\u00eancia.<\/p>\n<p style=\"text-align: justify;\">O calend\u00e1rio escolar para o ano letivo segue as Diretrizes B\u00e1sicas da Educa\u00e7\u00e3o Nacional, que determina uma carga hor\u00e1ria m\u00ednima anual de oitocentas horas distribu\u00eddas por um m\u00ednimo de duzentos dias de efetivo trabalho escolar para o n\u00edvel fundamental.<\/p>\n<p>\u00a0 \u00a0 \u00a0 \u00a0 \u00a0 \u00a0 \u00a0 \u00a0 \u00a0 \u00a0 \u00a0 \u00a0 \u00a0 \u00a0 \u00a0 \u00a0 \u00a0 \u00a0 \u00a0 \u00a0 \u00a0 \u00a0 \u00a0 SECOM ALAGOINHAS<\/p>\n<div class='share-to-whatsapp-wrapper'><div class='share-on-whsp'>Share on: <\/div><a data-text='Matr\u00edculas da rede municipal para 2020 come\u00e7am na pr\u00f3xima semana' data-link='https:\/\/newsinfoco.com.br\/inicio\/matriculas-da-rede-municipal-para-2020-comecam-na-proxima-semana\/' class='whatsapp-button whatsapp-share'>WhatsApp<\/a><div class='clear '><\/div><\/div>","protected":false},"excerpt":{"rendered":"<p>As matr\u00edculas da rede municipal para o ano letivo 2020 come\u00e7am na ter\u00e7a-feira (7). Os pais e\/ou respons\u00e1veis devem ficar atentos ao calend\u00e1rio de matr\u00edculas para n\u00e3o perder o prazo. Este ano, o n\u00famero de CPF da crian\u00e7a \u00e9 obrigat\u00f3rio j\u00e1 na 1\u00b0 etapa, e o processo \u00e9 realizado presencialmente na pr\u00f3pria escola. Os interessados [&hellip;]<\/p>\n","protected":false},"author":1,"featured_media":19686,"comment_status":"open","ping_status":"open","sticky":false,"template":"","format":"standard","meta":{"om_disable_all_campaigns":false,"rop_custom_images_group":[],"rop_custom_messages_group":[],"rop_publish_now":"initial","rop_publish_now_accounts":[],"rop_publish_now_history":[],"rop_publish_now_status":"pending","_exactmetrics_skip_tracking":false,"footnotes":""},"categories":[38,30],"tags":[],"class_list":["post-19685","post","type-post","status-publish","format-standard","has-post-thumbnail","hentry","category-alagoinhas-e-regiao","category-destaque"],"aioseo_notices":[],"aioseo_head":"\n\t\t<!-- All in One SEO 4.9.10 - aioseo.com -->\n\t<meta name=\"description\" content=\"As matr\u00edculas da rede municipal para o ano letivo 2020 come\u00e7am na ter\u00e7a-feira (7). Os pais e\/ou respons\u00e1veis devem ficar atentos ao calend\u00e1rio de matr\u00edculas para n\u00e3o perder o prazo. Este ano, o n\u00famero de CPF da crian\u00e7a \u00e9 obrigat\u00f3rio j\u00e1 na 1\u00b0 etapa, e o processo \u00e9 realizado presencialmente na pr\u00f3pria escola. Os interessados\" \/>\n\t<meta name=\"robots\" content=\"max-image-preview:large\" \/>\n\t<meta name=\"author\" content=\"administrador\"\/>\n\t<link rel=\"canonical\" href=\"https:\/\/newsinfoco.com.br\/inicio\/matriculas-da-rede-municipal-para-2020-comecam-na-proxima-semana\/\" \/>\n\t<meta name=\"generator\" content=\"All in One SEO (AIOSEO) 4.9.10\" \/>\n\t\t<meta property=\"og:locale\" content=\"pt_BR\" \/>\n\t\t<meta property=\"og:site_name\" content=\"News In Foco - Editado por Caio Pimenta - O principal site de noticias de Alagoinhas e regi\u00e3o\" \/>\n\t\t<meta property=\"og:type\" content=\"article\" \/>\n\t\t<meta property=\"og:title\" content=\"Matr\u00edculas da rede municipal para 2020 come\u00e7am na pr\u00f3xima semana - News In Foco - Editado por Caio Pimenta\" \/>\n\t\t<meta property=\"og:description\" content=\"As matr\u00edculas da rede municipal para o ano letivo 2020 come\u00e7am na ter\u00e7a-feira (7). Os pais e\/ou respons\u00e1veis devem ficar atentos ao calend\u00e1rio de matr\u00edculas para n\u00e3o perder o prazo. Este ano, o n\u00famero de CPF da crian\u00e7a \u00e9 obrigat\u00f3rio j\u00e1 na 1\u00b0 etapa, e o processo \u00e9 realizado presencialmente na pr\u00f3pria escola. Os interessados\" \/>\n\t\t<meta property=\"og:url\" content=\"https:\/\/newsinfoco.com.br\/inicio\/matriculas-da-rede-municipal-para-2020-comecam-na-proxima-semana\/\" \/>\n\t\t<meta property=\"article:published_time\" content=\"2020-01-03T23:14:35+00:00\" \/>\n\t\t<meta property=\"article:modified_time\" content=\"2020-01-03T23:14:35+00:00\" \/>\n\t\t<meta name=\"twitter:card\" content=\"summary_large_image\" \/>\n\t\t<meta name=\"twitter:title\" content=\"Matr\u00edculas da rede municipal para 2020 come\u00e7am na pr\u00f3xima semana - News In Foco - Editado por Caio Pimenta\" \/>\n\t\t<meta name=\"twitter:description\" content=\"As matr\u00edculas da rede municipal para o ano letivo 2020 come\u00e7am na ter\u00e7a-feira (7). Os pais e\/ou respons\u00e1veis devem ficar atentos ao calend\u00e1rio de matr\u00edculas para n\u00e3o perder o prazo. Este ano, o n\u00famero de CPF da crian\u00e7a \u00e9 obrigat\u00f3rio j\u00e1 na 1\u00b0 etapa, e o processo \u00e9 realizado presencialmente na pr\u00f3pria escola. Os interessados\" \/>\n\t\t<script type=\"application\/ld+json\" class=\"aioseo-schema\">\n\t\t\t{\"@context\":\"https:\\\/\\\/schema.org\",\"@graph\":[{\"@type\":\"BlogPosting\",\"@id\":\"https:\\\/\\\/newsinfoco.com.br\\\/inicio\\\/matriculas-da-rede-municipal-para-2020-comecam-na-proxima-semana\\\/#blogposting\",\"name\":\"Matr\\u00edculas da rede municipal para 2020 come\\u00e7am na pr\\u00f3xima semana - News In Foco - Editado por Caio Pimenta\",\"headline\":\"Matr\\u00edculas da rede municipal para 2020 come\\u00e7am na pr\\u00f3xima semana\",\"author\":{\"@id\":\"https:\\\/\\\/newsinfoco.com.br\\\/inicio\\\/author\\\/administrador\\\/#author\"},\"publisher\":{\"@id\":\"https:\\\/\\\/newsinfoco.com.br\\\/inicio\\\/#organization\"},\"image\":{\"@type\":\"ImageObject\",\"url\":\"https:\\\/\\\/newsinfoco.com.br\\\/inicio\\\/wp-content\\\/uploads\\\/2020\\\/01\\\/MATR\\u00cdCULAS-SEDUC-2020-550x368-1.jpeg\",\"width\":550,\"height\":368},\"datePublished\":\"2020-01-03T20:14:35-03:00\",\"dateModified\":\"2020-01-03T20:14:35-03:00\",\"inLanguage\":\"pt-BR\",\"mainEntityOfPage\":{\"@id\":\"https:\\\/\\\/newsinfoco.com.br\\\/inicio\\\/matriculas-da-rede-municipal-para-2020-comecam-na-proxima-semana\\\/#webpage\"},\"isPartOf\":{\"@id\":\"https:\\\/\\\/newsinfoco.com.br\\\/inicio\\\/matriculas-da-rede-municipal-para-2020-comecam-na-proxima-semana\\\/#webpage\"},\"articleSection\":\"Alagoinhas e Regi\\u00e3o, Destaque\"},{\"@type\":\"BreadcrumbList\",\"@id\":\"https:\\\/\\\/newsinfoco.com.br\\\/inicio\\\/matriculas-da-rede-municipal-para-2020-comecam-na-proxima-semana\\\/#breadcrumblist\",\"itemListElement\":[{\"@type\":\"ListItem\",\"@id\":\"https:\\\/\\\/newsinfoco.com.br\\\/inicio#listItem\",\"position\":1,\"name\":\"In\\u00edcio\",\"item\":\"https:\\\/\\\/newsinfoco.com.br\\\/inicio\",\"nextItem\":{\"@type\":\"ListItem\",\"@id\":\"https:\\\/\\\/newsinfoco.com.br\\\/inicio\\\/category\\\/destaque\\\/#listItem\",\"name\":\"Destaque\"}},{\"@type\":\"ListItem\",\"@id\":\"https:\\\/\\\/newsinfoco.com.br\\\/inicio\\\/category\\\/destaque\\\/#listItem\",\"position\":2,\"name\":\"Destaque\",\"item\":\"https:\\\/\\\/newsinfoco.com.br\\\/inicio\\\/category\\\/destaque\\\/\",\"nextItem\":{\"@type\":\"ListItem\",\"@id\":\"https:\\\/\\\/newsinfoco.com.br\\\/inicio\\\/matriculas-da-rede-municipal-para-2020-comecam-na-proxima-semana\\\/#listItem\",\"name\":\"Matr\\u00edculas da rede municipal para 2020 come\\u00e7am na pr\\u00f3xima semana\"},\"previousItem\":{\"@type\":\"ListItem\",\"@id\":\"https:\\\/\\\/newsinfoco.com.br\\\/inicio#listItem\",\"name\":\"In\\u00edcio\"}},{\"@type\":\"ListItem\",\"@id\":\"https:\\\/\\\/newsinfoco.com.br\\\/inicio\\\/matriculas-da-rede-municipal-para-2020-comecam-na-proxima-semana\\\/#listItem\",\"position\":3,\"name\":\"Matr\\u00edculas da rede municipal para 2020 come\\u00e7am na pr\\u00f3xima semana\",\"previousItem\":{\"@type\":\"ListItem\",\"@id\":\"https:\\\/\\\/newsinfoco.com.br\\\/inicio\\\/category\\\/destaque\\\/#listItem\",\"name\":\"Destaque\"}}]},{\"@type\":\"Organization\",\"@id\":\"https:\\\/\\\/newsinfoco.com.br\\\/inicio\\\/#organization\",\"name\":\"News In Foco - Editado por Caio Pimenta\",\"description\":\"O principal site de noticias de Alagoinhas e regi\\u00e3o\",\"url\":\"https:\\\/\\\/newsinfoco.com.br\\\/inicio\\\/\"},{\"@type\":\"Person\",\"@id\":\"https:\\\/\\\/newsinfoco.com.br\\\/inicio\\\/author\\\/administrador\\\/#author\",\"url\":\"https:\\\/\\\/newsinfoco.com.br\\\/inicio\\\/author\\\/administrador\\\/\",\"name\":\"administrador\",\"image\":{\"@type\":\"ImageObject\",\"@id\":\"https:\\\/\\\/newsinfoco.com.br\\\/inicio\\\/matriculas-da-rede-municipal-para-2020-comecam-na-proxima-semana\\\/#authorImage\",\"url\":\"https:\\\/\\\/secure.gravatar.com\\\/avatar\\\/c17a617433de8c1dc9584bb79aab7563b46f5bb7e1728c9b17d9cc3ce6a08e49?s=96&d=mm&r=g\",\"width\":96,\"height\":96,\"caption\":\"administrador\"}},{\"@type\":\"WebPage\",\"@id\":\"https:\\\/\\\/newsinfoco.com.br\\\/inicio\\\/matriculas-da-rede-municipal-para-2020-comecam-na-proxima-semana\\\/#webpage\",\"url\":\"https:\\\/\\\/newsinfoco.com.br\\\/inicio\\\/matriculas-da-rede-municipal-para-2020-comecam-na-proxima-semana\\\/\",\"name\":\"Matr\\u00edculas da rede municipal para 2020 come\\u00e7am na pr\\u00f3xima semana - News In Foco - Editado por Caio Pimenta\",\"description\":\"As matr\\u00edculas da rede municipal para o ano letivo 2020 come\\u00e7am na ter\\u00e7a-feira (7). Os pais e\\\/ou respons\\u00e1veis devem ficar atentos ao calend\\u00e1rio de matr\\u00edculas para n\\u00e3o perder o prazo. Este ano, o n\\u00famero de CPF da crian\\u00e7a \\u00e9 obrigat\\u00f3rio j\\u00e1 na 1\\u00b0 etapa, e o processo \\u00e9 realizado presencialmente na pr\\u00f3pria escola. Os interessados\",\"inLanguage\":\"pt-BR\",\"isPartOf\":{\"@id\":\"https:\\\/\\\/newsinfoco.com.br\\\/inicio\\\/#website\"},\"breadcrumb\":{\"@id\":\"https:\\\/\\\/newsinfoco.com.br\\\/inicio\\\/matriculas-da-rede-municipal-para-2020-comecam-na-proxima-semana\\\/#breadcrumblist\"},\"author\":{\"@id\":\"https:\\\/\\\/newsinfoco.com.br\\\/inicio\\\/author\\\/administrador\\\/#author\"},\"creator\":{\"@id\":\"https:\\\/\\\/newsinfoco.com.br\\\/inicio\\\/author\\\/administrador\\\/#author\"},\"image\":{\"@type\":\"ImageObject\",\"url\":\"https:\\\/\\\/newsinfoco.com.br\\\/inicio\\\/wp-content\\\/uploads\\\/2020\\\/01\\\/MATR\\u00cdCULAS-SEDUC-2020-550x368-1.jpeg\",\"@id\":\"https:\\\/\\\/newsinfoco.com.br\\\/inicio\\\/matriculas-da-rede-municipal-para-2020-comecam-na-proxima-semana\\\/#mainImage\",\"width\":550,\"height\":368},\"primaryImageOfPage\":{\"@id\":\"https:\\\/\\\/newsinfoco.com.br\\\/inicio\\\/matriculas-da-rede-municipal-para-2020-comecam-na-proxima-semana\\\/#mainImage\"},\"datePublished\":\"2020-01-03T20:14:35-03:00\",\"dateModified\":\"2020-01-03T20:14:35-03:00\"},{\"@type\":\"WebSite\",\"@id\":\"https:\\\/\\\/newsinfoco.com.br\\\/inicio\\\/#website\",\"url\":\"https:\\\/\\\/newsinfoco.com.br\\\/inicio\\\/\",\"name\":\"News In Foco - Editado por Caio Pimenta\",\"description\":\"O principal site de noticias de Alagoinhas e regi\\u00e3o\",\"inLanguage\":\"pt-BR\",\"publisher\":{\"@id\":\"https:\\\/\\\/newsinfoco.com.br\\\/inicio\\\/#organization\"}}]}\n\t\t<\/script>\n\t\t<!-- All in One SEO -->\n\n","aioseo_head_json":{"title":"Matr\u00edculas da rede municipal para 2020 come\u00e7am na pr\u00f3xima semana - News In Foco - Editado por Caio Pimenta","description":"As matr\u00edculas da rede municipal para o ano letivo 2020 come\u00e7am na ter\u00e7a-feira (7). Os pais e\/ou respons\u00e1veis devem ficar atentos ao calend\u00e1rio de matr\u00edculas para n\u00e3o perder o prazo. Este ano, o n\u00famero de CPF da crian\u00e7a \u00e9 obrigat\u00f3rio j\u00e1 na 1\u00b0 etapa, e o processo \u00e9 realizado presencialmente na pr\u00f3pria escola. Os interessados","canonical_url":"https:\/\/newsinfoco.com.br\/inicio\/matriculas-da-rede-municipal-para-2020-comecam-na-proxima-semana\/","robots":"max-image-preview:large","keywords":"","webmasterTools":{"miscellaneous":""},"schema":{"@context":"https:\/\/schema.org","@graph":[{"@type":"BlogPosting","@id":"https:\/\/newsinfoco.com.br\/inicio\/matriculas-da-rede-municipal-para-2020-comecam-na-proxima-semana\/#blogposting","name":"Matr\u00edculas da rede municipal para 2020 come\u00e7am na pr\u00f3xima semana - News In Foco - Editado por Caio Pimenta","headline":"Matr\u00edculas da rede municipal para 2020 come\u00e7am na pr\u00f3xima semana","author":{"@id":"https:\/\/newsinfoco.com.br\/inicio\/author\/administrador\/#author"},"publisher":{"@id":"https:\/\/newsinfoco.com.br\/inicio\/#organization"},"image":{"@type":"ImageObject","url":"https:\/\/newsinfoco.com.br\/inicio\/wp-content\/uploads\/2020\/01\/MATR\u00cdCULAS-SEDUC-2020-550x368-1.jpeg","width":550,"height":368},"datePublished":"2020-01-03T20:14:35-03:00","dateModified":"2020-01-03T20:14:35-03:00","inLanguage":"pt-BR","mainEntityOfPage":{"@id":"https:\/\/newsinfoco.com.br\/inicio\/matriculas-da-rede-municipal-para-2020-comecam-na-proxima-semana\/#webpage"},"isPartOf":{"@id":"https:\/\/newsinfoco.com.br\/inicio\/matriculas-da-rede-municipal-para-2020-comecam-na-proxima-semana\/#webpage"},"articleSection":"Alagoinhas e Regi\u00e3o, Destaque"},{"@type":"BreadcrumbList","@id":"https:\/\/newsinfoco.com.br\/inicio\/matriculas-da-rede-municipal-para-2020-comecam-na-proxima-semana\/#breadcrumblist","itemListElement":[{"@type":"ListItem","@id":"https:\/\/newsinfoco.com.br\/inicio#listItem","position":1,"name":"In\u00edcio","item":"https:\/\/newsinfoco.com.br\/inicio","nextItem":{"@type":"ListItem","@id":"https:\/\/newsinfoco.com.br\/inicio\/category\/destaque\/#listItem","name":"Destaque"}},{"@type":"ListItem","@id":"https:\/\/newsinfoco.com.br\/inicio\/category\/destaque\/#listItem","position":2,"name":"Destaque","item":"https:\/\/newsinfoco.com.br\/inicio\/category\/destaque\/","nextItem":{"@type":"ListItem","@id":"https:\/\/newsinfoco.com.br\/inicio\/matriculas-da-rede-municipal-para-2020-comecam-na-proxima-semana\/#listItem","name":"Matr\u00edculas da rede municipal para 2020 come\u00e7am na pr\u00f3xima semana"},"previousItem":{"@type":"ListItem","@id":"https:\/\/newsinfoco.com.br\/inicio#listItem","name":"In\u00edcio"}},{"@type":"ListItem","@id":"https:\/\/newsinfoco.com.br\/inicio\/matriculas-da-rede-municipal-para-2020-comecam-na-proxima-semana\/#listItem","position":3,"name":"Matr\u00edculas da rede municipal para 2020 come\u00e7am na pr\u00f3xima semana","previousItem":{"@type":"ListItem","@id":"https:\/\/newsinfoco.com.br\/inicio\/category\/destaque\/#listItem","name":"Destaque"}}]},{"@type":"Organization","@id":"https:\/\/newsinfoco.com.br\/inicio\/#organization","name":"News In Foco - Editado por Caio Pimenta","description":"O principal site de noticias de Alagoinhas e regi\u00e3o","url":"https:\/\/newsinfoco.com.br\/inicio\/"},{"@type":"Person","@id":"https:\/\/newsinfoco.com.br\/inicio\/author\/administrador\/#author","url":"https:\/\/newsinfoco.com.br\/inicio\/author\/administrador\/","name":"administrador","image":{"@type":"ImageObject","@id":"https:\/\/newsinfoco.com.br\/inicio\/matriculas-da-rede-municipal-para-2020-comecam-na-proxima-semana\/#authorImage","url":"https:\/\/secure.gravatar.com\/avatar\/c17a617433de8c1dc9584bb79aab7563b46f5bb7e1728c9b17d9cc3ce6a08e49?s=96&d=mm&r=g","width":96,"height":96,"caption":"administrador"}},{"@type":"WebPage","@id":"https:\/\/newsinfoco.com.br\/inicio\/matriculas-da-rede-municipal-para-2020-comecam-na-proxima-semana\/#webpage","url":"https:\/\/newsinfoco.com.br\/inicio\/matriculas-da-rede-municipal-para-2020-comecam-na-proxima-semana\/","name":"Matr\u00edculas da rede municipal para 2020 come\u00e7am na pr\u00f3xima semana - News In Foco - Editado por Caio Pimenta","description":"As matr\u00edculas da rede municipal para o ano letivo 2020 come\u00e7am na ter\u00e7a-feira (7). Os pais e\/ou respons\u00e1veis devem ficar atentos ao calend\u00e1rio de matr\u00edculas para n\u00e3o perder o prazo. Este ano, o n\u00famero de CPF da crian\u00e7a \u00e9 obrigat\u00f3rio j\u00e1 na 1\u00b0 etapa, e o processo \u00e9 realizado presencialmente na pr\u00f3pria escola. Os interessados","inLanguage":"pt-BR","isPartOf":{"@id":"https:\/\/newsinfoco.com.br\/inicio\/#website"},"breadcrumb":{"@id":"https:\/\/newsinfoco.com.br\/inicio\/matriculas-da-rede-municipal-para-2020-comecam-na-proxima-semana\/#breadcrumblist"},"author":{"@id":"https:\/\/newsinfoco.com.br\/inicio\/author\/administrador\/#author"},"creator":{"@id":"https:\/\/newsinfoco.com.br\/inicio\/author\/administrador\/#author"},"image":{"@type":"ImageObject","url":"https:\/\/newsinfoco.com.br\/inicio\/wp-content\/uploads\/2020\/01\/MATR\u00cdCULAS-SEDUC-2020-550x368-1.jpeg","@id":"https:\/\/newsinfoco.com.br\/inicio\/matriculas-da-rede-municipal-para-2020-comecam-na-proxima-semana\/#mainImage","width":550,"height":368},"primaryImageOfPage":{"@id":"https:\/\/newsinfoco.com.br\/inicio\/matriculas-da-rede-municipal-para-2020-comecam-na-proxima-semana\/#mainImage"},"datePublished":"2020-01-03T20:14:35-03:00","dateModified":"2020-01-03T20:14:35-03:00"},{"@type":"WebSite","@id":"https:\/\/newsinfoco.com.br\/inicio\/#website","url":"https:\/\/newsinfoco.com.br\/inicio\/","name":"News In Foco - Editado por Caio Pimenta","description":"O principal site de noticias de Alagoinhas e regi\u00e3o","inLanguage":"pt-BR","publisher":{"@id":"https:\/\/newsinfoco.com.br\/inicio\/#organization"}}]},"og:locale":"pt_BR","og:site_name":"News In Foco - Editado por Caio Pimenta - O principal site de noticias de Alagoinhas e regi\u00e3o","og:type":"article","og:title":"Matr\u00edculas da rede municipal para 2020 come\u00e7am na pr\u00f3xima semana - News In Foco - Editado por Caio Pimenta","og:description":"As matr\u00edculas da rede municipal para o ano letivo 2020 come\u00e7am na ter\u00e7a-feira (7). Os pais e\/ou respons\u00e1veis devem ficar atentos ao calend\u00e1rio de matr\u00edculas para n\u00e3o perder o prazo. Este ano, o n\u00famero de CPF da crian\u00e7a \u00e9 obrigat\u00f3rio j\u00e1 na 1\u00b0 etapa, e o processo \u00e9 realizado presencialmente na pr\u00f3pria escola. Os interessados","og:url":"https:\/\/newsinfoco.com.br\/inicio\/matriculas-da-rede-municipal-para-2020-comecam-na-proxima-semana\/","article:published_time":"2020-01-03T23:14:35+00:00","article:modified_time":"2020-01-03T23:14:35+00:00","twitter:card":"summary_large_image","twitter:title":"Matr\u00edculas da rede municipal para 2020 come\u00e7am na pr\u00f3xima semana - News In Foco - Editado por Caio Pimenta","twitter:description":"As matr\u00edculas da rede municipal para o ano letivo 2020 come\u00e7am na ter\u00e7a-feira (7). Os pais e\/ou respons\u00e1veis devem ficar atentos ao calend\u00e1rio de matr\u00edculas para n\u00e3o perder o prazo. Este ano, o n\u00famero de CPF da crian\u00e7a \u00e9 obrigat\u00f3rio j\u00e1 na 1\u00b0 etapa, e o processo \u00e9 realizado presencialmente na pr\u00f3pria escola. Os interessados"},"aioseo_meta_data":{"post_id":"19685","title":null,"description":null,"keywords":null,"keyphrases":null,"primary_term":null,"canonical_url":null,"og_title":null,"og_description":null,"og_object_type":"default","og_image_type":"default","og_image_url":null,"og_image_width":null,"og_image_height":null,"og_image_custom_url":null,"og_image_custom_fields":null,"og_video":null,"og_custom_url":null,"og_article_section":null,"og_article_tags":null,"twitter_use_og":false,"twitter_card":"default","twitter_image_type":"default","twitter_image_url":null,"twitter_image_custom_url":null,"twitter_image_custom_fields":null,"twitter_title":null,"twitter_description":null,"schema":{"blockGraphs":[],"customGraphs":[],"default":{"data":{"Article":[],"Course":[],"Dataset":[],"FAQPage":[],"Movie":[],"Person":[],"Product":[],"ProductReview":[],"Car":[],"Recipe":[],"Service":[],"SoftwareApplication":[],"WebPage":[]},"graphName":"","isEnabled":true},"graphs":[]},"schema_type":"default","schema_type_options":null,"pillar_content":false,"robots_default":true,"robots_noindex":false,"robots_noarchive":false,"robots_nosnippet":false,"robots_nofollow":false,"robots_noimageindex":false,"robots_noodp":false,"robots_notranslate":false,"robots_max_snippet":null,"robots_max_videopreview":null,"robots_max_imagepreview":"large","priority":null,"frequency":null,"local_seo":null,"breadcrumb_settings":null,"limit_modified_date":false,"ai":null,"created":"2023-06-12 15:52:10","updated":"2025-07-11 02:26:44","seo_analyzer_scan_date":null},"aioseo_breadcrumb":"<div class=\"aioseo-breadcrumbs\"><span class=\"aioseo-breadcrumb\">\n\t\t\t<a href=\"https:\/\/newsinfoco.com.br\/inicio\" title=\"In\u00edcio\">In\u00edcio<\/a>\n\t\t<\/span><span class=\"aioseo-breadcrumb-separator\">&raquo;<\/span><span class=\"aioseo-breadcrumb\">\n\t\t\t<a href=\"https:\/\/newsinfoco.com.br\/inicio\/category\/destaque\/\" title=\"Destaque\">Destaque<\/a>\n\t\t<\/span><span class=\"aioseo-breadcrumb-separator\">&raquo;<\/span><span class=\"aioseo-breadcrumb\">\n\t\t\tMatr\u00edculas da rede municipal para 2020 come\u00e7am na pr\u00f3xima semana\n\t\t<\/span><\/div>","aioseo_breadcrumb_json":[{"label":"In\u00edcio","link":"https:\/\/newsinfoco.com.br\/inicio"},{"label":"Destaque","link":"https:\/\/newsinfoco.com.br\/inicio\/category\/destaque\/"},{"label":"Matr\u00edculas da rede municipal para 2020 come\u00e7am na pr\u00f3xima semana","link":"https:\/\/newsinfoco.com.br\/inicio\/matriculas-da-rede-municipal-para-2020-comecam-na-proxima-semana\/"}],"_links":{"self":[{"href":"https:\/\/newsinfoco.com.br\/inicio\/wp-json\/wp\/v2\/posts\/19685","targetHints":{"allow":["GET"]}}],"collection":[{"href":"https:\/\/newsinfoco.com.br\/inicio\/wp-json\/wp\/v2\/posts"}],"about":[{"href":"https:\/\/newsinfoco.com.br\/inicio\/wp-json\/wp\/v2\/types\/post"}],"author":[{"embeddable":true,"href":"https:\/\/newsinfoco.com.br\/inicio\/wp-json\/wp\/v2\/users\/1"}],"replies":[{"embeddable":true,"href":"https:\/\/newsinfoco.com.br\/inicio\/wp-json\/wp\/v2\/comments?post=19685"}],"version-history":[{"count":0,"href":"https:\/\/newsinfoco.com.br\/inicio\/wp-json\/wp\/v2\/posts\/19685\/revisions"}],"wp:featuredmedia":[{"embeddable":true,"href":"https:\/\/newsinfoco.com.br\/inicio\/wp-json\/wp\/v2\/media\/19686"}],"wp:attachment":[{"href":"https:\/\/newsinfoco.com.br\/inicio\/wp-json\/wp\/v2\/media?parent=19685"}],"wp:term":[{"taxonomy":"category","embeddable":true,"href":"https:\/\/newsinfoco.com.br\/inicio\/wp-json\/wp\/v2\/categories?post=19685"},{"taxonomy":"post_tag","embeddable":true,"href":"https:\/\/newsinfoco.com.br\/inicio\/wp-json\/wp\/v2\/tags?post=19685"}],"curies":[{"name":"wp","href":"https:\/\/api.w.org\/{rel}","templated":true}]}}