{"id":19726,"date":"2020-01-07T20:49:45","date_gmt":"2020-01-07T23:49:45","guid":{"rendered":"http:\/\/newsinfoco.com.br\/?p=19726"},"modified":"2020-01-07T20:49:45","modified_gmt":"2020-01-07T23:49:45","slug":"prefeitura-convoca-candidatos-aos-cargos-de-professor-licenciatura-inscritos-no-concurso-publico-02-2019-para-prova-de-titulos","status":"publish","type":"post","link":"https:\/\/newsinfoco.com.br\/inicio\/prefeitura-convoca-candidatos-aos-cargos-de-professor-licenciatura-inscritos-no-concurso-publico-02-2019-para-prova-de-titulos\/","title":{"rendered":"Prefeitura convoca candidatos aos cargos de Professor\/Licenciatura inscritos no Concurso P\u00fablico 02\/2019 para Prova de T\u00edtulos"},"content":{"rendered":"<p style=\"text-align: justify;\"><span style=\"color: #000000;\">Professores classificados nas provas objetivas do Concurso P\u00fablico 02\/2019 podem inserir, a partir desta quarta-feira (8), os documentos para a Prova de T\u00edtulos, de car\u00e1ter classificat\u00f3rio, no sistema, atrav\u00e9s do site\u00a0<a style=\"color: #000000;\" href=\"http:\/\/www.aietec.com.br\/\">http:\/\/www.aietec.com.br<\/a>.<\/span><\/p>\n<p style=\"text-align: justify;\"><span style=\"color: #000000;\">A partir das 9h desta quarta-feira, o processo j\u00e1 pode ser realizado, e os candidatos devem ficar atentos aos prazos, porque o sistema de envio eletr\u00f4nico de documentos (upload) permanecer\u00e1 aberto apenas at\u00e9 as 00h do dia 13 de janeiro, conforme prev\u00ea o Edital.<\/span><\/p>\n<p style=\"text-align: justify;\"><span style=\"color: #000000;\">Para serem aceitos, os documentos dever\u00e3o estar salvos em arquivo PDF e n\u00e3o poder\u00e3o exceder o tamanho de 1MB cada. Atestados, certid\u00f5es, declara\u00e7\u00f5es e diplomas devem estar datados, carimbados e assinados por representante legal, sem rasuras, e os documentos apresentados em fotoc\u00f3pia que n\u00e3o forem autenticados ou n\u00e3o atenderem \u00e0s especifica\u00e7\u00f5es descritas no processo ser\u00e3o desclassificados.<\/span><\/p>\n<p style=\"text-align: justify;\"><span style=\"color: #000000;\">Junto aos documentos, o candidato precisa enviar uma rela\u00e7\u00e3o dos t\u00edtulos, numerados sequencialmente , e a fotoc\u00f3pia da C\u00e9dula de Identidade (frente e verso).<\/span><\/p>\n<p style=\"text-align: justify;\"><span style=\"color: #000000;\">A n\u00e3o-apresenta\u00e7\u00e3o de t\u00edtulos implicar\u00e1 na atribui\u00e7\u00e3o de nota zero, nesta etapa, ao candidato \u2013 que ter\u00e1 como nota final o resultado obtido na Prova de Conhecimentos.<\/span><\/p>\n<p style=\"text-align: justify;\"><span style=\"color: #000000;\">A tabela de avalia\u00e7\u00e3o de t\u00edtulos e os procedimentos para a submiss\u00e3o de documentos no sistema eletr\u00f4nico est\u00e3o dispon\u00edveis atrav\u00e9s do Edital de convoca\u00e7\u00e3o, publicado em Di\u00e1rio Oficial do munic\u00edpio.<\/span><\/p>\n<p style=\"text-align: justify;\"><span style=\"color: #000000;\">Confira o passo a passo para a submiss\u00e3o de documentos:<\/span><\/p>\n<ol style=\"text-align: justify;\">\n<li><span style=\"color: #000000;\">Se voc\u00ea \u00e9 candidato aprovado na Prova de Conhecimentos para os cargos de Professor\/Licenciatura Plena, acesse o site do Instituto organizador do certame (<a style=\"color: #000000;\" href=\"http:\/\/www.aietec.com.br\/\">http:\/\/www.aietec.com.br<\/a>);<\/span><\/li>\n<li><span style=\"color: #000000;\">Procure por CONCURSO DA PREFEITURA DE ALAGOINHAS,\u00a0 acesse a aba CONSULTAS e insira os dados;<\/span><\/li>\n<li><span style=\"color: #000000;\">Siga as instru\u00e7\u00f5es do Edital (dispon\u00edvel em:&lt;<a style=\"color: #000000;\" href=\"https:\/\/doem.org.br\/ba\/alagoinhas\">https:\/\/doem.org.br\/ba\/alagoinhas<\/a>&gt;)\u00a0para anexar arquivos (certid\u00f5es, diplomas, declara\u00e7\u00f5es).<\/span><\/li>\n<\/ol>\n<p style=\"text-align: justify;\"><span style=\"color: #000000;\">Encerrado o prazo, n\u00e3o ser\u00e1 permitida a inclus\u00e3o de novos documentos.<\/span><\/p>\n<p>\u00a0 \u00a0 \u00a0 \u00a0 \u00a0 \u00a0 \u00a0 \u00a0 \u00a0 \u00a0 \u00a0 \u00a0 \u00a0 \u00a0 \u00a0 \u00a0 \u00a0 \u00a0 \u00a0 \u00a0 \u00a0 \u00a0 \u00a0 \u00a0 \u00a0 \u00a0 \u00a0 SECOM ALAGOINHAS<\/p>\n<div style=\"text-align: justify;\" align=\"right\"><\/div>\n<div class='share-to-whatsapp-wrapper'><div class='share-on-whsp'>Share on: <\/div><a data-text='Prefeitura convoca candidatos aos cargos de Professor\/Licenciatura inscritos no Concurso P\u00fablico 02\/2019 para Prova de T\u00edtulos' data-link='https:\/\/newsinfoco.com.br\/inicio\/prefeitura-convoca-candidatos-aos-cargos-de-professor-licenciatura-inscritos-no-concurso-publico-02-2019-para-prova-de-titulos\/' class='whatsapp-button whatsapp-share'>WhatsApp<\/a><div class='clear '><\/div><\/div>","protected":false},"excerpt":{"rendered":"<p>Professores classificados nas provas objetivas do Concurso P\u00fablico 02\/2019 podem inserir, a partir desta quarta-feira (8), os documentos para a Prova de T\u00edtulos, de car\u00e1ter classificat\u00f3rio, no sistema, atrav\u00e9s do site\u00a0http:\/\/www.aietec.com.br. A partir das 9h desta quarta-feira, o processo j\u00e1 pode ser realizado, e os candidatos devem ficar atentos aos prazos, porque o sistema de [&hellip;]<\/p>\n","protected":false},"author":1,"featured_media":19255,"comment_status":"open","ping_status":"open","sticky":false,"template":"","format":"standard","meta":{"om_disable_all_campaigns":false,"rop_custom_images_group":[],"rop_custom_messages_group":[],"rop_publish_now":"initial","rop_publish_now_accounts":[],"rop_publish_now_history":[],"rop_publish_now_status":"pending","_exactmetrics_skip_tracking":false,"footnotes":""},"categories":[38,30],"tags":[],"class_list":["post-19726","post","type-post","status-publish","format-standard","has-post-thumbnail","hentry","category-alagoinhas-e-regiao","category-destaque"],"aioseo_notices":[],"aioseo_head":"\n\t\t<!-- All in One SEO 4.9.10 - aioseo.com -->\n\t<meta name=\"description\" content=\"Professores classificados nas provas objetivas do Concurso P\u00fablico 02\/2019 podem inserir, a partir desta quarta-feira (8), os documentos para a Prova de T\u00edtulos, de car\u00e1ter classificat\u00f3rio, no sistema, atrav\u00e9s do site http:\/\/www.aietec.com.br. A partir das 9h desta quarta-feira, o processo j\u00e1 pode ser realizado, e os candidatos devem ficar atentos aos prazos, porque o sistema de\" \/>\n\t<meta name=\"robots\" content=\"max-image-preview:large\" \/>\n\t<meta name=\"author\" content=\"administrador\"\/>\n\t<link rel=\"canonical\" href=\"https:\/\/newsinfoco.com.br\/inicio\/prefeitura-convoca-candidatos-aos-cargos-de-professor-licenciatura-inscritos-no-concurso-publico-02-2019-para-prova-de-titulos\/\" \/>\n\t<meta name=\"generator\" content=\"All in One SEO (AIOSEO) 4.9.10\" \/>\n\t\t<meta property=\"og:locale\" content=\"pt_BR\" \/>\n\t\t<meta property=\"og:site_name\" content=\"News In Foco - Editado por Caio Pimenta - O principal site de noticias de Alagoinhas e regi\u00e3o\" \/>\n\t\t<meta property=\"og:type\" content=\"article\" \/>\n\t\t<meta property=\"og:title\" content=\"Prefeitura convoca candidatos aos cargos de Professor\/Licenciatura inscritos no Concurso P\u00fablico 02\/2019 para Prova de T\u00edtulos - News In Foco - Editado por Caio Pimenta\" \/>\n\t\t<meta property=\"og:description\" content=\"Professores classificados nas provas objetivas do Concurso P\u00fablico 02\/2019 podem inserir, a partir desta quarta-feira (8), os documentos para a Prova de T\u00edtulos, de car\u00e1ter classificat\u00f3rio, no sistema, atrav\u00e9s do site http:\/\/www.aietec.com.br. A partir das 9h desta quarta-feira, o processo j\u00e1 pode ser realizado, e os candidatos devem ficar atentos aos prazos, porque o sistema de\" \/>\n\t\t<meta property=\"og:url\" content=\"https:\/\/newsinfoco.com.br\/inicio\/prefeitura-convoca-candidatos-aos-cargos-de-professor-licenciatura-inscritos-no-concurso-publico-02-2019-para-prova-de-titulos\/\" \/>\n\t\t<meta property=\"article:published_time\" content=\"2020-01-07T23:49:45+00:00\" \/>\n\t\t<meta property=\"article:modified_time\" content=\"2020-01-07T23:49:45+00:00\" \/>\n\t\t<meta name=\"twitter:card\" content=\"summary_large_image\" \/>\n\t\t<meta name=\"twitter:title\" content=\"Prefeitura convoca candidatos aos cargos de Professor\/Licenciatura inscritos no Concurso P\u00fablico 02\/2019 para Prova de T\u00edtulos - News In Foco - Editado por Caio Pimenta\" \/>\n\t\t<meta name=\"twitter:description\" content=\"Professores classificados nas provas objetivas do Concurso P\u00fablico 02\/2019 podem inserir, a partir desta quarta-feira (8), os documentos para a Prova de T\u00edtulos, de car\u00e1ter classificat\u00f3rio, no sistema, atrav\u00e9s do site http:\/\/www.aietec.com.br. A partir das 9h desta quarta-feira, o processo j\u00e1 pode ser realizado, e os candidatos devem ficar atentos aos prazos, porque o sistema de\" \/>\n\t\t<script type=\"application\/ld+json\" class=\"aioseo-schema\">\n\t\t\t{\"@context\":\"https:\\\/\\\/schema.org\",\"@graph\":[{\"@type\":\"BlogPosting\",\"@id\":\"https:\\\/\\\/newsinfoco.com.br\\\/inicio\\\/prefeitura-convoca-candidatos-aos-cargos-de-professor-licenciatura-inscritos-no-concurso-publico-02-2019-para-prova-de-titulos\\\/#blogposting\",\"name\":\"Prefeitura convoca candidatos aos cargos de Professor\\\/Licenciatura inscritos no Concurso P\\u00fablico 02\\\/2019 para Prova de T\\u00edtulos - News In Foco - Editado por Caio Pimenta\",\"headline\":\"Prefeitura convoca candidatos aos cargos de Professor\\\/Licenciatura inscritos no Concurso P\\u00fablico 02\\\/2019 para Prova de T\\u00edtulos\",\"author\":{\"@id\":\"https:\\\/\\\/newsinfoco.com.br\\\/inicio\\\/author\\\/administrador\\\/#author\"},\"publisher\":{\"@id\":\"https:\\\/\\\/newsinfoco.com.br\\\/inicio\\\/#organization\"},\"image\":{\"@type\":\"ImageObject\",\"url\":\"https:\\\/\\\/newsinfoco.com.br\\\/inicio\\\/wp-content\\\/uploads\\\/2019\\\/12\\\/\\u00edndice-2-550x368.jpg\",\"width\":550,\"height\":368},\"datePublished\":\"2020-01-07T20:49:45-03:00\",\"dateModified\":\"2020-01-07T20:49:45-03:00\",\"inLanguage\":\"pt-BR\",\"mainEntityOfPage\":{\"@id\":\"https:\\\/\\\/newsinfoco.com.br\\\/inicio\\\/prefeitura-convoca-candidatos-aos-cargos-de-professor-licenciatura-inscritos-no-concurso-publico-02-2019-para-prova-de-titulos\\\/#webpage\"},\"isPartOf\":{\"@id\":\"https:\\\/\\\/newsinfoco.com.br\\\/inicio\\\/prefeitura-convoca-candidatos-aos-cargos-de-professor-licenciatura-inscritos-no-concurso-publico-02-2019-para-prova-de-titulos\\\/#webpage\"},\"articleSection\":\"Alagoinhas e Regi\\u00e3o, Destaque\"},{\"@type\":\"BreadcrumbList\",\"@id\":\"https:\\\/\\\/newsinfoco.com.br\\\/inicio\\\/prefeitura-convoca-candidatos-aos-cargos-de-professor-licenciatura-inscritos-no-concurso-publico-02-2019-para-prova-de-titulos\\\/#breadcrumblist\",\"itemListElement\":[{\"@type\":\"ListItem\",\"@id\":\"https:\\\/\\\/newsinfoco.com.br\\\/inicio#listItem\",\"position\":1,\"name\":\"In\\u00edcio\",\"item\":\"https:\\\/\\\/newsinfoco.com.br\\\/inicio\",\"nextItem\":{\"@type\":\"ListItem\",\"@id\":\"https:\\\/\\\/newsinfoco.com.br\\\/inicio\\\/category\\\/destaque\\\/#listItem\",\"name\":\"Destaque\"}},{\"@type\":\"ListItem\",\"@id\":\"https:\\\/\\\/newsinfoco.com.br\\\/inicio\\\/category\\\/destaque\\\/#listItem\",\"position\":2,\"name\":\"Destaque\",\"item\":\"https:\\\/\\\/newsinfoco.com.br\\\/inicio\\\/category\\\/destaque\\\/\",\"nextItem\":{\"@type\":\"ListItem\",\"@id\":\"https:\\\/\\\/newsinfoco.com.br\\\/inicio\\\/prefeitura-convoca-candidatos-aos-cargos-de-professor-licenciatura-inscritos-no-concurso-publico-02-2019-para-prova-de-titulos\\\/#listItem\",\"name\":\"Prefeitura convoca candidatos aos cargos de Professor\\\/Licenciatura inscritos no Concurso P\\u00fablico 02\\\/2019 para Prova de T\\u00edtulos\"},\"previousItem\":{\"@type\":\"ListItem\",\"@id\":\"https:\\\/\\\/newsinfoco.com.br\\\/inicio#listItem\",\"name\":\"In\\u00edcio\"}},{\"@type\":\"ListItem\",\"@id\":\"https:\\\/\\\/newsinfoco.com.br\\\/inicio\\\/prefeitura-convoca-candidatos-aos-cargos-de-professor-licenciatura-inscritos-no-concurso-publico-02-2019-para-prova-de-titulos\\\/#listItem\",\"position\":3,\"name\":\"Prefeitura convoca candidatos aos cargos de Professor\\\/Licenciatura inscritos no Concurso P\\u00fablico 02\\\/2019 para Prova de T\\u00edtulos\",\"previousItem\":{\"@type\":\"ListItem\",\"@id\":\"https:\\\/\\\/newsinfoco.com.br\\\/inicio\\\/category\\\/destaque\\\/#listItem\",\"name\":\"Destaque\"}}]},{\"@type\":\"Organization\",\"@id\":\"https:\\\/\\\/newsinfoco.com.br\\\/inicio\\\/#organization\",\"name\":\"News In Foco - Editado por Caio Pimenta\",\"description\":\"O principal site de noticias de Alagoinhas e regi\\u00e3o\",\"url\":\"https:\\\/\\\/newsinfoco.com.br\\\/inicio\\\/\"},{\"@type\":\"Person\",\"@id\":\"https:\\\/\\\/newsinfoco.com.br\\\/inicio\\\/author\\\/administrador\\\/#author\",\"url\":\"https:\\\/\\\/newsinfoco.com.br\\\/inicio\\\/author\\\/administrador\\\/\",\"name\":\"administrador\",\"image\":{\"@type\":\"ImageObject\",\"@id\":\"https:\\\/\\\/newsinfoco.com.br\\\/inicio\\\/prefeitura-convoca-candidatos-aos-cargos-de-professor-licenciatura-inscritos-no-concurso-publico-02-2019-para-prova-de-titulos\\\/#authorImage\",\"url\":\"https:\\\/\\\/secure.gravatar.com\\\/avatar\\\/c17a617433de8c1dc9584bb79aab7563b46f5bb7e1728c9b17d9cc3ce6a08e49?s=96&d=mm&r=g\",\"width\":96,\"height\":96,\"caption\":\"administrador\"}},{\"@type\":\"WebPage\",\"@id\":\"https:\\\/\\\/newsinfoco.com.br\\\/inicio\\\/prefeitura-convoca-candidatos-aos-cargos-de-professor-licenciatura-inscritos-no-concurso-publico-02-2019-para-prova-de-titulos\\\/#webpage\",\"url\":\"https:\\\/\\\/newsinfoco.com.br\\\/inicio\\\/prefeitura-convoca-candidatos-aos-cargos-de-professor-licenciatura-inscritos-no-concurso-publico-02-2019-para-prova-de-titulos\\\/\",\"name\":\"Prefeitura convoca candidatos aos cargos de Professor\\\/Licenciatura inscritos no Concurso P\\u00fablico 02\\\/2019 para Prova de T\\u00edtulos - News In Foco - Editado por Caio Pimenta\",\"description\":\"Professores classificados nas provas objetivas do Concurso P\\u00fablico 02\\\/2019 podem inserir, a partir desta quarta-feira (8), os documentos para a Prova de T\\u00edtulos, de car\\u00e1ter classificat\\u00f3rio, no sistema, atrav\\u00e9s do site http:\\\/\\\/www.aietec.com.br. A partir das 9h desta quarta-feira, o processo j\\u00e1 pode ser realizado, e os candidatos devem ficar atentos aos prazos, porque o sistema de\",\"inLanguage\":\"pt-BR\",\"isPartOf\":{\"@id\":\"https:\\\/\\\/newsinfoco.com.br\\\/inicio\\\/#website\"},\"breadcrumb\":{\"@id\":\"https:\\\/\\\/newsinfoco.com.br\\\/inicio\\\/prefeitura-convoca-candidatos-aos-cargos-de-professor-licenciatura-inscritos-no-concurso-publico-02-2019-para-prova-de-titulos\\\/#breadcrumblist\"},\"author\":{\"@id\":\"https:\\\/\\\/newsinfoco.com.br\\\/inicio\\\/author\\\/administrador\\\/#author\"},\"creator\":{\"@id\":\"https:\\\/\\\/newsinfoco.com.br\\\/inicio\\\/author\\\/administrador\\\/#author\"},\"image\":{\"@type\":\"ImageObject\",\"url\":\"https:\\\/\\\/newsinfoco.com.br\\\/inicio\\\/wp-content\\\/uploads\\\/2019\\\/12\\\/\\u00edndice-2-550x368.jpg\",\"@id\":\"https:\\\/\\\/newsinfoco.com.br\\\/inicio\\\/prefeitura-convoca-candidatos-aos-cargos-de-professor-licenciatura-inscritos-no-concurso-publico-02-2019-para-prova-de-titulos\\\/#mainImage\",\"width\":550,\"height\":368},\"primaryImageOfPage\":{\"@id\":\"https:\\\/\\\/newsinfoco.com.br\\\/inicio\\\/prefeitura-convoca-candidatos-aos-cargos-de-professor-licenciatura-inscritos-no-concurso-publico-02-2019-para-prova-de-titulos\\\/#mainImage\"},\"datePublished\":\"2020-01-07T20:49:45-03:00\",\"dateModified\":\"2020-01-07T20:49:45-03:00\"},{\"@type\":\"WebSite\",\"@id\":\"https:\\\/\\\/newsinfoco.com.br\\\/inicio\\\/#website\",\"url\":\"https:\\\/\\\/newsinfoco.com.br\\\/inicio\\\/\",\"name\":\"News In Foco - Editado por Caio Pimenta\",\"description\":\"O principal site de noticias de Alagoinhas e regi\\u00e3o\",\"inLanguage\":\"pt-BR\",\"publisher\":{\"@id\":\"https:\\\/\\\/newsinfoco.com.br\\\/inicio\\\/#organization\"}}]}\n\t\t<\/script>\n\t\t<!-- All in One SEO -->\n\n","aioseo_head_json":{"title":"Prefeitura convoca candidatos aos cargos de Professor\/Licenciatura inscritos no Concurso P\u00fablico 02\/2019 para Prova de T\u00edtulos - News In Foco - Editado por Caio Pimenta","description":"Professores classificados nas provas objetivas do Concurso P\u00fablico 02\/2019 podem inserir, a partir desta quarta-feira (8), os documentos para a Prova de T\u00edtulos, de car\u00e1ter classificat\u00f3rio, no sistema, atrav\u00e9s do site http:\/\/www.aietec.com.br. A partir das 9h desta quarta-feira, o processo j\u00e1 pode ser realizado, e os candidatos devem ficar atentos aos prazos, porque o sistema de","canonical_url":"https:\/\/newsinfoco.com.br\/inicio\/prefeitura-convoca-candidatos-aos-cargos-de-professor-licenciatura-inscritos-no-concurso-publico-02-2019-para-prova-de-titulos\/","robots":"max-image-preview:large","keywords":"","webmasterTools":{"miscellaneous":""},"schema":{"@context":"https:\/\/schema.org","@graph":[{"@type":"BlogPosting","@id":"https:\/\/newsinfoco.com.br\/inicio\/prefeitura-convoca-candidatos-aos-cargos-de-professor-licenciatura-inscritos-no-concurso-publico-02-2019-para-prova-de-titulos\/#blogposting","name":"Prefeitura convoca candidatos aos cargos de Professor\/Licenciatura inscritos no Concurso P\u00fablico 02\/2019 para Prova de T\u00edtulos - News In Foco - Editado por Caio Pimenta","headline":"Prefeitura convoca candidatos aos cargos de Professor\/Licenciatura inscritos no Concurso P\u00fablico 02\/2019 para Prova de T\u00edtulos","author":{"@id":"https:\/\/newsinfoco.com.br\/inicio\/author\/administrador\/#author"},"publisher":{"@id":"https:\/\/newsinfoco.com.br\/inicio\/#organization"},"image":{"@type":"ImageObject","url":"https:\/\/newsinfoco.com.br\/inicio\/wp-content\/uploads\/2019\/12\/\u00edndice-2-550x368.jpg","width":550,"height":368},"datePublished":"2020-01-07T20:49:45-03:00","dateModified":"2020-01-07T20:49:45-03:00","inLanguage":"pt-BR","mainEntityOfPage":{"@id":"https:\/\/newsinfoco.com.br\/inicio\/prefeitura-convoca-candidatos-aos-cargos-de-professor-licenciatura-inscritos-no-concurso-publico-02-2019-para-prova-de-titulos\/#webpage"},"isPartOf":{"@id":"https:\/\/newsinfoco.com.br\/inicio\/prefeitura-convoca-candidatos-aos-cargos-de-professor-licenciatura-inscritos-no-concurso-publico-02-2019-para-prova-de-titulos\/#webpage"},"articleSection":"Alagoinhas e Regi\u00e3o, Destaque"},{"@type":"BreadcrumbList","@id":"https:\/\/newsinfoco.com.br\/inicio\/prefeitura-convoca-candidatos-aos-cargos-de-professor-licenciatura-inscritos-no-concurso-publico-02-2019-para-prova-de-titulos\/#breadcrumblist","itemListElement":[{"@type":"ListItem","@id":"https:\/\/newsinfoco.com.br\/inicio#listItem","position":1,"name":"In\u00edcio","item":"https:\/\/newsinfoco.com.br\/inicio","nextItem":{"@type":"ListItem","@id":"https:\/\/newsinfoco.com.br\/inicio\/category\/destaque\/#listItem","name":"Destaque"}},{"@type":"ListItem","@id":"https:\/\/newsinfoco.com.br\/inicio\/category\/destaque\/#listItem","position":2,"name":"Destaque","item":"https:\/\/newsinfoco.com.br\/inicio\/category\/destaque\/","nextItem":{"@type":"ListItem","@id":"https:\/\/newsinfoco.com.br\/inicio\/prefeitura-convoca-candidatos-aos-cargos-de-professor-licenciatura-inscritos-no-concurso-publico-02-2019-para-prova-de-titulos\/#listItem","name":"Prefeitura convoca candidatos aos cargos de Professor\/Licenciatura inscritos no Concurso P\u00fablico 02\/2019 para Prova de T\u00edtulos"},"previousItem":{"@type":"ListItem","@id":"https:\/\/newsinfoco.com.br\/inicio#listItem","name":"In\u00edcio"}},{"@type":"ListItem","@id":"https:\/\/newsinfoco.com.br\/inicio\/prefeitura-convoca-candidatos-aos-cargos-de-professor-licenciatura-inscritos-no-concurso-publico-02-2019-para-prova-de-titulos\/#listItem","position":3,"name":"Prefeitura convoca candidatos aos cargos de Professor\/Licenciatura inscritos no Concurso P\u00fablico 02\/2019 para Prova de T\u00edtulos","previousItem":{"@type":"ListItem","@id":"https:\/\/newsinfoco.com.br\/inicio\/category\/destaque\/#listItem","name":"Destaque"}}]},{"@type":"Organization","@id":"https:\/\/newsinfoco.com.br\/inicio\/#organization","name":"News In Foco - Editado por Caio Pimenta","description":"O principal site de noticias de Alagoinhas e regi\u00e3o","url":"https:\/\/newsinfoco.com.br\/inicio\/"},{"@type":"Person","@id":"https:\/\/newsinfoco.com.br\/inicio\/author\/administrador\/#author","url":"https:\/\/newsinfoco.com.br\/inicio\/author\/administrador\/","name":"administrador","image":{"@type":"ImageObject","@id":"https:\/\/newsinfoco.com.br\/inicio\/prefeitura-convoca-candidatos-aos-cargos-de-professor-licenciatura-inscritos-no-concurso-publico-02-2019-para-prova-de-titulos\/#authorImage","url":"https:\/\/secure.gravatar.com\/avatar\/c17a617433de8c1dc9584bb79aab7563b46f5bb7e1728c9b17d9cc3ce6a08e49?s=96&d=mm&r=g","width":96,"height":96,"caption":"administrador"}},{"@type":"WebPage","@id":"https:\/\/newsinfoco.com.br\/inicio\/prefeitura-convoca-candidatos-aos-cargos-de-professor-licenciatura-inscritos-no-concurso-publico-02-2019-para-prova-de-titulos\/#webpage","url":"https:\/\/newsinfoco.com.br\/inicio\/prefeitura-convoca-candidatos-aos-cargos-de-professor-licenciatura-inscritos-no-concurso-publico-02-2019-para-prova-de-titulos\/","name":"Prefeitura convoca candidatos aos cargos de Professor\/Licenciatura inscritos no Concurso P\u00fablico 02\/2019 para Prova de T\u00edtulos - News In Foco - Editado por Caio Pimenta","description":"Professores classificados nas provas objetivas do Concurso P\u00fablico 02\/2019 podem inserir, a partir desta quarta-feira (8), os documentos para a Prova de T\u00edtulos, de car\u00e1ter classificat\u00f3rio, no sistema, atrav\u00e9s do site http:\/\/www.aietec.com.br. A partir das 9h desta quarta-feira, o processo j\u00e1 pode ser realizado, e os candidatos devem ficar atentos aos prazos, porque o sistema de","inLanguage":"pt-BR","isPartOf":{"@id":"https:\/\/newsinfoco.com.br\/inicio\/#website"},"breadcrumb":{"@id":"https:\/\/newsinfoco.com.br\/inicio\/prefeitura-convoca-candidatos-aos-cargos-de-professor-licenciatura-inscritos-no-concurso-publico-02-2019-para-prova-de-titulos\/#breadcrumblist"},"author":{"@id":"https:\/\/newsinfoco.com.br\/inicio\/author\/administrador\/#author"},"creator":{"@id":"https:\/\/newsinfoco.com.br\/inicio\/author\/administrador\/#author"},"image":{"@type":"ImageObject","url":"https:\/\/newsinfoco.com.br\/inicio\/wp-content\/uploads\/2019\/12\/\u00edndice-2-550x368.jpg","@id":"https:\/\/newsinfoco.com.br\/inicio\/prefeitura-convoca-candidatos-aos-cargos-de-professor-licenciatura-inscritos-no-concurso-publico-02-2019-para-prova-de-titulos\/#mainImage","width":550,"height":368},"primaryImageOfPage":{"@id":"https:\/\/newsinfoco.com.br\/inicio\/prefeitura-convoca-candidatos-aos-cargos-de-professor-licenciatura-inscritos-no-concurso-publico-02-2019-para-prova-de-titulos\/#mainImage"},"datePublished":"2020-01-07T20:49:45-03:00","dateModified":"2020-01-07T20:49:45-03:00"},{"@type":"WebSite","@id":"https:\/\/newsinfoco.com.br\/inicio\/#website","url":"https:\/\/newsinfoco.com.br\/inicio\/","name":"News In Foco - Editado por Caio Pimenta","description":"O principal site de noticias de Alagoinhas e regi\u00e3o","inLanguage":"pt-BR","publisher":{"@id":"https:\/\/newsinfoco.com.br\/inicio\/#organization"}}]},"og:locale":"pt_BR","og:site_name":"News In Foco - Editado por Caio Pimenta - O principal site de noticias de Alagoinhas e regi\u00e3o","og:type":"article","og:title":"Prefeitura convoca candidatos aos cargos de Professor\/Licenciatura inscritos no Concurso P\u00fablico 02\/2019 para Prova de T\u00edtulos - News In Foco - Editado por Caio Pimenta","og:description":"Professores classificados nas provas objetivas do Concurso P\u00fablico 02\/2019 podem inserir, a partir desta quarta-feira (8), os documentos para a Prova de T\u00edtulos, de car\u00e1ter classificat\u00f3rio, no sistema, atrav\u00e9s do site http:\/\/www.aietec.com.br. A partir das 9h desta quarta-feira, o processo j\u00e1 pode ser realizado, e os candidatos devem ficar atentos aos prazos, porque o sistema de","og:url":"https:\/\/newsinfoco.com.br\/inicio\/prefeitura-convoca-candidatos-aos-cargos-de-professor-licenciatura-inscritos-no-concurso-publico-02-2019-para-prova-de-titulos\/","article:published_time":"2020-01-07T23:49:45+00:00","article:modified_time":"2020-01-07T23:49:45+00:00","twitter:card":"summary_large_image","twitter:title":"Prefeitura convoca candidatos aos cargos de Professor\/Licenciatura inscritos no Concurso P\u00fablico 02\/2019 para Prova de T\u00edtulos - News In Foco - Editado por Caio Pimenta","twitter:description":"Professores classificados nas provas objetivas do Concurso P\u00fablico 02\/2019 podem inserir, a partir desta quarta-feira (8), os documentos para a Prova de T\u00edtulos, de car\u00e1ter classificat\u00f3rio, no sistema, atrav\u00e9s do site http:\/\/www.aietec.com.br. A partir das 9h desta quarta-feira, o processo j\u00e1 pode ser realizado, e os candidatos devem ficar atentos aos prazos, porque o sistema de"},"aioseo_meta_data":{"post_id":"19726","title":null,"description":null,"keywords":null,"keyphrases":null,"primary_term":null,"canonical_url":null,"og_title":null,"og_description":null,"og_object_type":"default","og_image_type":"default","og_image_url":null,"og_image_width":null,"og_image_height":null,"og_image_custom_url":null,"og_image_custom_fields":null,"og_video":null,"og_custom_url":null,"og_article_section":null,"og_article_tags":null,"twitter_use_og":false,"twitter_card":"default","twitter_image_type":"default","twitter_image_url":null,"twitter_image_custom_url":null,"twitter_image_custom_fields":null,"twitter_title":null,"twitter_description":null,"schema":{"blockGraphs":[],"customGraphs":[],"default":{"data":{"Article":[],"Course":[],"Dataset":[],"FAQPage":[],"Movie":[],"Person":[],"Product":[],"ProductReview":[],"Car":[],"Recipe":[],"Service":[],"SoftwareApplication":[],"WebPage":[]},"graphName":"","isEnabled":true},"graphs":[]},"schema_type":"default","schema_type_options":null,"pillar_content":false,"robots_default":true,"robots_noindex":false,"robots_noarchive":false,"robots_nosnippet":false,"robots_nofollow":false,"robots_noimageindex":false,"robots_noodp":false,"robots_notranslate":false,"robots_max_snippet":null,"robots_max_videopreview":null,"robots_max_imagepreview":"large","priority":null,"frequency":null,"local_seo":null,"breadcrumb_settings":null,"limit_modified_date":false,"ai":null,"created":"2023-06-12 15:53:44","updated":"2025-07-11 02:29:04","seo_analyzer_scan_date":null},"aioseo_breadcrumb":"<div class=\"aioseo-breadcrumbs\"><span class=\"aioseo-breadcrumb\">\n\t\t\t<a href=\"https:\/\/newsinfoco.com.br\/inicio\" title=\"In\u00edcio\">In\u00edcio<\/a>\n\t\t<\/span><span class=\"aioseo-breadcrumb-separator\">&raquo;<\/span><span class=\"aioseo-breadcrumb\">\n\t\t\t<a href=\"https:\/\/newsinfoco.com.br\/inicio\/category\/destaque\/\" title=\"Destaque\">Destaque<\/a>\n\t\t<\/span><span class=\"aioseo-breadcrumb-separator\">&raquo;<\/span><span class=\"aioseo-breadcrumb\">\n\t\t\tPrefeitura convoca candidatos aos cargos de Professor\/Licenciatura inscritos no Concurso P\u00fablico 02\/2019 para Prova de T\u00edtulos\n\t\t<\/span><\/div>","aioseo_breadcrumb_json":[{"label":"In\u00edcio","link":"https:\/\/newsinfoco.com.br\/inicio"},{"label":"Destaque","link":"https:\/\/newsinfoco.com.br\/inicio\/category\/destaque\/"},{"label":"Prefeitura convoca candidatos aos cargos de Professor\/Licenciatura inscritos no Concurso P\u00fablico 02\/2019 para Prova de T\u00edtulos","link":"https:\/\/newsinfoco.com.br\/inicio\/prefeitura-convoca-candidatos-aos-cargos-de-professor-licenciatura-inscritos-no-concurso-publico-02-2019-para-prova-de-titulos\/"}],"_links":{"self":[{"href":"https:\/\/newsinfoco.com.br\/inicio\/wp-json\/wp\/v2\/posts\/19726","targetHints":{"allow":["GET"]}}],"collection":[{"href":"https:\/\/newsinfoco.com.br\/inicio\/wp-json\/wp\/v2\/posts"}],"about":[{"href":"https:\/\/newsinfoco.com.br\/inicio\/wp-json\/wp\/v2\/types\/post"}],"author":[{"embeddable":true,"href":"https:\/\/newsinfoco.com.br\/inicio\/wp-json\/wp\/v2\/users\/1"}],"replies":[{"embeddable":true,"href":"https:\/\/newsinfoco.com.br\/inicio\/wp-json\/wp\/v2\/comments?post=19726"}],"version-history":[{"count":0,"href":"https:\/\/newsinfoco.com.br\/inicio\/wp-json\/wp\/v2\/posts\/19726\/revisions"}],"wp:featuredmedia":[{"embeddable":true,"href":"https:\/\/newsinfoco.com.br\/inicio\/wp-json\/wp\/v2\/media\/19255"}],"wp:attachment":[{"href":"https:\/\/newsinfoco.com.br\/inicio\/wp-json\/wp\/v2\/media?parent=19726"}],"wp:term":[{"taxonomy":"category","embeddable":true,"href":"https:\/\/newsinfoco.com.br\/inicio\/wp-json\/wp\/v2\/categories?post=19726"},{"taxonomy":"post_tag","embeddable":true,"href":"https:\/\/newsinfoco.com.br\/inicio\/wp-json\/wp\/v2\/tags?post=19726"}],"curies":[{"name":"wp","href":"https:\/\/api.w.org\/{rel}","templated":true}]}}