{"id":19729,"date":"2020-01-07T20:52:36","date_gmt":"2020-01-07T23:52:36","guid":{"rendered":"http:\/\/newsinfoco.com.br\/?p=19729"},"modified":"2020-01-07T20:52:36","modified_gmt":"2020-01-07T23:52:36","slug":"bolsonaro-sanciona-lei-que-transfere-coaf-ao-banco-central","status":"publish","type":"post","link":"https:\/\/newsinfoco.com.br\/inicio\/bolsonaro-sanciona-lei-que-transfere-coaf-ao-banco-central\/","title":{"rendered":"Bolsonaro sanciona lei que transfere Coaf ao Banco Central"},"content":{"rendered":"<p style=\"text-align: justify;\">O presidente Jair Bolsonaro sancionou nesta ter\u00e7a-feira, 7, a lei que transfere o Conselho de Controle de Atividades Financeiras (Coaf) do Minist\u00e9rio da Economia para o Banco Central. O texto deve ser publicado nesta quarta-feira, 8, no Di\u00e1rio Oficial da Uni\u00e3o (DOU).<\/p>\n<p style=\"text-align: justify;\">Bolsonaro manteve altera\u00e7\u00f5es feitas pelo Congresso sobre a medida provis\u00f3ria (MP) proposta pelo governo. Ou seja, n\u00e3o houve vetos \u00e0 lei.<\/p>\n<p style=\"text-align: justify;\">A principal mudan\u00e7a imposta no Legislativo foi ter barrado a possibilidade de indicar para os cargos de conselheiro pessoas que n\u00e3o fazem parte do servi\u00e7o p\u00fablico. Essa altera\u00e7\u00e3o, prevista na sugest\u00e3o do governo, foi recha\u00e7ada como uma medida que abria brecha para indica\u00e7\u00f5es pol\u00edticas e n\u00e3o t\u00e9cnicas ao Coaf.<\/p>\n<p style=\"text-align: justify;\">O plen\u00e1rio do Coaf continua sendo ocupado pelo presidente e por doze servidores de \u00f3rg\u00e3os diversos. A estrutura ainda \u00e9 composta por um quadro t\u00e9cnico. Com a nova lei, caber\u00e1 ao presidente do Banco Central do Brasil escolher e nomear o presidente do conselho e os membros do plen\u00e1rio.<\/p>\n<p style=\"text-align: justify;\">O governo tamb\u00e9m havia proposto chamar o conselho de Unidade de Intelig\u00eancia Financeira (UIF), em vez de Coaf, o que foi derrubado pelo Congresso. A MP foi votada no Senado em 17 de dezembro, dia em que perderia a validade.<\/p>\n<p style=\"text-align: justify;\"><strong>Interven\u00e7\u00e3o<\/strong><\/p>\n<p style=\"text-align: justify;\">O Coaf passou no dia 1.\u00ba de janeiro do Minist\u00e9rio da Economia para o Minist\u00e9rio da Justi\u00e7a, por decreto do presidente Jair Bolsonaro. Depois disso, foi devolvido ao Minist\u00e9rio da Economia, quando o Congresso votou a medida provis\u00f3ria da reorganiza\u00e7\u00e3o dos minist\u00e9rios.<\/p>\n<p style=\"text-align: justify;\">Em agosto, Bolsonaro enviou o \u00f3rg\u00e3o para a estrutura do BC sob alega\u00e7\u00e3o de que queria fomentar a independ\u00eancia do \u00f3rg\u00e3o. Segundo ele, o Coaf era utilizado para persegui\u00e7\u00e3o pol\u00edtica.<\/p>\n<p style=\"text-align: justify;\">O filho do presidente, senador Fl\u00e1vio Bolsonaro, come\u00e7ou a ser investigado pelo Minist\u00e9rio P\u00fablico do Rio de Janeiro a partir de um relat\u00f3rio do conselho, revelado pelo Estado em dezembro do ano passado, envolvendo o ex-assessor parlamentar Fabr\u00edcio Queiroz.<\/p>\n<p>&nbsp;<\/p>\n<div class='share-to-whatsapp-wrapper'><div class='share-on-whsp'>Share on: <\/div><a data-text='Bolsonaro sanciona lei que transfere Coaf ao Banco Central' data-link='https:\/\/newsinfoco.com.br\/inicio\/bolsonaro-sanciona-lei-que-transfere-coaf-ao-banco-central\/' class='whatsapp-button whatsapp-share'>WhatsApp<\/a><div class='clear '><\/div><\/div>","protected":false},"excerpt":{"rendered":"<p>O presidente Jair Bolsonaro sancionou nesta ter\u00e7a-feira, 7, a lei que transfere o Conselho de Controle de Atividades Financeiras (Coaf) do Minist\u00e9rio da Economia para o Banco Central. O texto deve ser publicado nesta quarta-feira, 8, no Di\u00e1rio Oficial da Uni\u00e3o (DOU). Bolsonaro manteve altera\u00e7\u00f5es feitas pelo Congresso sobre a medida provis\u00f3ria (MP) proposta pelo [&hellip;]<\/p>\n","protected":false},"author":1,"featured_media":19596,"comment_status":"open","ping_status":"open","sticky":false,"template":"","format":"standard","meta":{"om_disable_all_campaigns":false,"rop_custom_images_group":[],"rop_custom_messages_group":[],"rop_publish_now":"initial","rop_publish_now_accounts":[],"rop_publish_now_history":[],"rop_publish_now_status":"pending","_exactmetrics_skip_tracking":false,"footnotes":""},"categories":[21,30],"tags":[],"class_list":["post-19729","post","type-post","status-publish","format-standard","has-post-thumbnail","hentry","category-brasil","category-destaque"],"aioseo_notices":[],"aioseo_head":"\n\t\t<!-- All in One SEO 4.9.10 - aioseo.com -->\n\t<meta name=\"description\" content=\"O presidente Jair Bolsonaro sancionou nesta ter\u00e7a-feira, 7, a lei que transfere o Conselho de Controle de Atividades Financeiras (Coaf) do Minist\u00e9rio da Economia para o Banco Central. O texto deve ser publicado nesta quarta-feira, 8, no Di\u00e1rio Oficial da Uni\u00e3o (DOU). Bolsonaro manteve altera\u00e7\u00f5es feitas pelo Congresso sobre a medida provis\u00f3ria (MP) proposta pelo\" \/>\n\t<meta name=\"robots\" content=\"max-image-preview:large\" \/>\n\t<meta name=\"author\" content=\"administrador\"\/>\n\t<link rel=\"canonical\" href=\"https:\/\/newsinfoco.com.br\/inicio\/bolsonaro-sanciona-lei-que-transfere-coaf-ao-banco-central\/\" \/>\n\t<meta name=\"generator\" content=\"All in One SEO (AIOSEO) 4.9.10\" \/>\n\t\t<meta property=\"og:locale\" content=\"pt_BR\" \/>\n\t\t<meta property=\"og:site_name\" content=\"News In Foco - Editado por Caio Pimenta - O principal site de noticias de Alagoinhas e regi\u00e3o\" \/>\n\t\t<meta property=\"og:type\" content=\"article\" \/>\n\t\t<meta property=\"og:title\" content=\"Bolsonaro sanciona lei que transfere Coaf ao Banco Central - News In Foco - Editado por Caio Pimenta\" \/>\n\t\t<meta property=\"og:description\" content=\"O presidente Jair Bolsonaro sancionou nesta ter\u00e7a-feira, 7, a lei que transfere o Conselho de Controle de Atividades Financeiras (Coaf) do Minist\u00e9rio da Economia para o Banco Central. O texto deve ser publicado nesta quarta-feira, 8, no Di\u00e1rio Oficial da Uni\u00e3o (DOU). Bolsonaro manteve altera\u00e7\u00f5es feitas pelo Congresso sobre a medida provis\u00f3ria (MP) proposta pelo\" \/>\n\t\t<meta property=\"og:url\" content=\"https:\/\/newsinfoco.com.br\/inicio\/bolsonaro-sanciona-lei-que-transfere-coaf-ao-banco-central\/\" \/>\n\t\t<meta property=\"article:published_time\" content=\"2020-01-07T23:52:36+00:00\" \/>\n\t\t<meta property=\"article:modified_time\" content=\"2020-01-07T23:52:36+00:00\" \/>\n\t\t<meta name=\"twitter:card\" content=\"summary_large_image\" \/>\n\t\t<meta name=\"twitter:title\" content=\"Bolsonaro sanciona lei que transfere Coaf ao Banco Central - News In Foco - Editado por Caio Pimenta\" \/>\n\t\t<meta name=\"twitter:description\" content=\"O presidente Jair Bolsonaro sancionou nesta ter\u00e7a-feira, 7, a lei que transfere o Conselho de Controle de Atividades Financeiras (Coaf) do Minist\u00e9rio da Economia para o Banco Central. O texto deve ser publicado nesta quarta-feira, 8, no Di\u00e1rio Oficial da Uni\u00e3o (DOU). Bolsonaro manteve altera\u00e7\u00f5es feitas pelo Congresso sobre a medida provis\u00f3ria (MP) proposta pelo\" \/>\n\t\t<script type=\"application\/ld+json\" class=\"aioseo-schema\">\n\t\t\t{\"@context\":\"https:\\\/\\\/schema.org\",\"@graph\":[{\"@type\":\"BlogPosting\",\"@id\":\"https:\\\/\\\/newsinfoco.com.br\\\/inicio\\\/bolsonaro-sanciona-lei-que-transfere-coaf-ao-banco-central\\\/#blogposting\",\"name\":\"Bolsonaro sanciona lei que transfere Coaf ao Banco Central - News In Foco - Editado por Caio Pimenta\",\"headline\":\"Bolsonaro sanciona lei que transfere Coaf ao Banco Central\",\"author\":{\"@id\":\"https:\\\/\\\/newsinfoco.com.br\\\/inicio\\\/author\\\/administrador\\\/#author\"},\"publisher\":{\"@id\":\"https:\\\/\\\/newsinfoco.com.br\\\/inicio\\\/#organization\"},\"image\":{\"@type\":\"ImageObject\",\"url\":\"https:\\\/\\\/newsinfoco.com.br\\\/inicio\\\/wp-content\\\/uploads\\\/2019\\\/12\\\/bolsonaro_08.08.19.jpg\",\"width\":600,\"height\":420,\"caption\":\"Presidente Jair Bolsonaro fala \\u00e0 imprensa ao sair do Pal\\u00e1cio da Alvorada\"},\"datePublished\":\"2020-01-07T20:52:36-03:00\",\"dateModified\":\"2020-01-07T20:52:36-03:00\",\"inLanguage\":\"pt-BR\",\"mainEntityOfPage\":{\"@id\":\"https:\\\/\\\/newsinfoco.com.br\\\/inicio\\\/bolsonaro-sanciona-lei-que-transfere-coaf-ao-banco-central\\\/#webpage\"},\"isPartOf\":{\"@id\":\"https:\\\/\\\/newsinfoco.com.br\\\/inicio\\\/bolsonaro-sanciona-lei-que-transfere-coaf-ao-banco-central\\\/#webpage\"},\"articleSection\":\"Brasil, Destaque\"},{\"@type\":\"BreadcrumbList\",\"@id\":\"https:\\\/\\\/newsinfoco.com.br\\\/inicio\\\/bolsonaro-sanciona-lei-que-transfere-coaf-ao-banco-central\\\/#breadcrumblist\",\"itemListElement\":[{\"@type\":\"ListItem\",\"@id\":\"https:\\\/\\\/newsinfoco.com.br\\\/inicio#listItem\",\"position\":1,\"name\":\"In\\u00edcio\",\"item\":\"https:\\\/\\\/newsinfoco.com.br\\\/inicio\",\"nextItem\":{\"@type\":\"ListItem\",\"@id\":\"https:\\\/\\\/newsinfoco.com.br\\\/inicio\\\/category\\\/brasil\\\/#listItem\",\"name\":\"Brasil\"}},{\"@type\":\"ListItem\",\"@id\":\"https:\\\/\\\/newsinfoco.com.br\\\/inicio\\\/category\\\/brasil\\\/#listItem\",\"position\":2,\"name\":\"Brasil\",\"item\":\"https:\\\/\\\/newsinfoco.com.br\\\/inicio\\\/category\\\/brasil\\\/\",\"nextItem\":{\"@type\":\"ListItem\",\"@id\":\"https:\\\/\\\/newsinfoco.com.br\\\/inicio\\\/bolsonaro-sanciona-lei-que-transfere-coaf-ao-banco-central\\\/#listItem\",\"name\":\"Bolsonaro sanciona lei que transfere Coaf ao Banco Central\"},\"previousItem\":{\"@type\":\"ListItem\",\"@id\":\"https:\\\/\\\/newsinfoco.com.br\\\/inicio#listItem\",\"name\":\"In\\u00edcio\"}},{\"@type\":\"ListItem\",\"@id\":\"https:\\\/\\\/newsinfoco.com.br\\\/inicio\\\/bolsonaro-sanciona-lei-que-transfere-coaf-ao-banco-central\\\/#listItem\",\"position\":3,\"name\":\"Bolsonaro sanciona lei que transfere Coaf ao Banco Central\",\"previousItem\":{\"@type\":\"ListItem\",\"@id\":\"https:\\\/\\\/newsinfoco.com.br\\\/inicio\\\/category\\\/brasil\\\/#listItem\",\"name\":\"Brasil\"}}]},{\"@type\":\"Organization\",\"@id\":\"https:\\\/\\\/newsinfoco.com.br\\\/inicio\\\/#organization\",\"name\":\"News In Foco - Editado por Caio Pimenta\",\"description\":\"O principal site de noticias de Alagoinhas e regi\\u00e3o\",\"url\":\"https:\\\/\\\/newsinfoco.com.br\\\/inicio\\\/\"},{\"@type\":\"Person\",\"@id\":\"https:\\\/\\\/newsinfoco.com.br\\\/inicio\\\/author\\\/administrador\\\/#author\",\"url\":\"https:\\\/\\\/newsinfoco.com.br\\\/inicio\\\/author\\\/administrador\\\/\",\"name\":\"administrador\",\"image\":{\"@type\":\"ImageObject\",\"@id\":\"https:\\\/\\\/newsinfoco.com.br\\\/inicio\\\/bolsonaro-sanciona-lei-que-transfere-coaf-ao-banco-central\\\/#authorImage\",\"url\":\"https:\\\/\\\/secure.gravatar.com\\\/avatar\\\/c17a617433de8c1dc9584bb79aab7563b46f5bb7e1728c9b17d9cc3ce6a08e49?s=96&d=mm&r=g\",\"width\":96,\"height\":96,\"caption\":\"administrador\"}},{\"@type\":\"WebPage\",\"@id\":\"https:\\\/\\\/newsinfoco.com.br\\\/inicio\\\/bolsonaro-sanciona-lei-que-transfere-coaf-ao-banco-central\\\/#webpage\",\"url\":\"https:\\\/\\\/newsinfoco.com.br\\\/inicio\\\/bolsonaro-sanciona-lei-que-transfere-coaf-ao-banco-central\\\/\",\"name\":\"Bolsonaro sanciona lei que transfere Coaf ao Banco Central - News In Foco - Editado por Caio Pimenta\",\"description\":\"O presidente Jair Bolsonaro sancionou nesta ter\\u00e7a-feira, 7, a lei que transfere o Conselho de Controle de Atividades Financeiras (Coaf) do Minist\\u00e9rio da Economia para o Banco Central. O texto deve ser publicado nesta quarta-feira, 8, no Di\\u00e1rio Oficial da Uni\\u00e3o (DOU). Bolsonaro manteve altera\\u00e7\\u00f5es feitas pelo Congresso sobre a medida provis\\u00f3ria (MP) proposta pelo\",\"inLanguage\":\"pt-BR\",\"isPartOf\":{\"@id\":\"https:\\\/\\\/newsinfoco.com.br\\\/inicio\\\/#website\"},\"breadcrumb\":{\"@id\":\"https:\\\/\\\/newsinfoco.com.br\\\/inicio\\\/bolsonaro-sanciona-lei-que-transfere-coaf-ao-banco-central\\\/#breadcrumblist\"},\"author\":{\"@id\":\"https:\\\/\\\/newsinfoco.com.br\\\/inicio\\\/author\\\/administrador\\\/#author\"},\"creator\":{\"@id\":\"https:\\\/\\\/newsinfoco.com.br\\\/inicio\\\/author\\\/administrador\\\/#author\"},\"image\":{\"@type\":\"ImageObject\",\"url\":\"https:\\\/\\\/newsinfoco.com.br\\\/inicio\\\/wp-content\\\/uploads\\\/2019\\\/12\\\/bolsonaro_08.08.19.jpg\",\"@id\":\"https:\\\/\\\/newsinfoco.com.br\\\/inicio\\\/bolsonaro-sanciona-lei-que-transfere-coaf-ao-banco-central\\\/#mainImage\",\"width\":600,\"height\":420,\"caption\":\"Presidente Jair Bolsonaro fala \\u00e0 imprensa ao sair do Pal\\u00e1cio da Alvorada\"},\"primaryImageOfPage\":{\"@id\":\"https:\\\/\\\/newsinfoco.com.br\\\/inicio\\\/bolsonaro-sanciona-lei-que-transfere-coaf-ao-banco-central\\\/#mainImage\"},\"datePublished\":\"2020-01-07T20:52:36-03:00\",\"dateModified\":\"2020-01-07T20:52:36-03:00\"},{\"@type\":\"WebSite\",\"@id\":\"https:\\\/\\\/newsinfoco.com.br\\\/inicio\\\/#website\",\"url\":\"https:\\\/\\\/newsinfoco.com.br\\\/inicio\\\/\",\"name\":\"News In Foco - Editado por Caio Pimenta\",\"description\":\"O principal site de noticias de Alagoinhas e regi\\u00e3o\",\"inLanguage\":\"pt-BR\",\"publisher\":{\"@id\":\"https:\\\/\\\/newsinfoco.com.br\\\/inicio\\\/#organization\"}}]}\n\t\t<\/script>\n\t\t<!-- All in One SEO -->\n\n","aioseo_head_json":{"title":"Bolsonaro sanciona lei que transfere Coaf ao Banco Central - News In Foco - Editado por Caio Pimenta","description":"O presidente Jair Bolsonaro sancionou nesta ter\u00e7a-feira, 7, a lei que transfere o Conselho de Controle de Atividades Financeiras (Coaf) do Minist\u00e9rio da Economia para o Banco Central. O texto deve ser publicado nesta quarta-feira, 8, no Di\u00e1rio Oficial da Uni\u00e3o (DOU). Bolsonaro manteve altera\u00e7\u00f5es feitas pelo Congresso sobre a medida provis\u00f3ria (MP) proposta pelo","canonical_url":"https:\/\/newsinfoco.com.br\/inicio\/bolsonaro-sanciona-lei-que-transfere-coaf-ao-banco-central\/","robots":"max-image-preview:large","keywords":"","webmasterTools":{"miscellaneous":""},"schema":{"@context":"https:\/\/schema.org","@graph":[{"@type":"BlogPosting","@id":"https:\/\/newsinfoco.com.br\/inicio\/bolsonaro-sanciona-lei-que-transfere-coaf-ao-banco-central\/#blogposting","name":"Bolsonaro sanciona lei que transfere Coaf ao Banco Central - News In Foco - Editado por Caio Pimenta","headline":"Bolsonaro sanciona lei que transfere Coaf ao Banco Central","author":{"@id":"https:\/\/newsinfoco.com.br\/inicio\/author\/administrador\/#author"},"publisher":{"@id":"https:\/\/newsinfoco.com.br\/inicio\/#organization"},"image":{"@type":"ImageObject","url":"https:\/\/newsinfoco.com.br\/inicio\/wp-content\/uploads\/2019\/12\/bolsonaro_08.08.19.jpg","width":600,"height":420,"caption":"Presidente Jair Bolsonaro fala \u00e0 imprensa ao sair do Pal\u00e1cio da Alvorada"},"datePublished":"2020-01-07T20:52:36-03:00","dateModified":"2020-01-07T20:52:36-03:00","inLanguage":"pt-BR","mainEntityOfPage":{"@id":"https:\/\/newsinfoco.com.br\/inicio\/bolsonaro-sanciona-lei-que-transfere-coaf-ao-banco-central\/#webpage"},"isPartOf":{"@id":"https:\/\/newsinfoco.com.br\/inicio\/bolsonaro-sanciona-lei-que-transfere-coaf-ao-banco-central\/#webpage"},"articleSection":"Brasil, Destaque"},{"@type":"BreadcrumbList","@id":"https:\/\/newsinfoco.com.br\/inicio\/bolsonaro-sanciona-lei-que-transfere-coaf-ao-banco-central\/#breadcrumblist","itemListElement":[{"@type":"ListItem","@id":"https:\/\/newsinfoco.com.br\/inicio#listItem","position":1,"name":"In\u00edcio","item":"https:\/\/newsinfoco.com.br\/inicio","nextItem":{"@type":"ListItem","@id":"https:\/\/newsinfoco.com.br\/inicio\/category\/brasil\/#listItem","name":"Brasil"}},{"@type":"ListItem","@id":"https:\/\/newsinfoco.com.br\/inicio\/category\/brasil\/#listItem","position":2,"name":"Brasil","item":"https:\/\/newsinfoco.com.br\/inicio\/category\/brasil\/","nextItem":{"@type":"ListItem","@id":"https:\/\/newsinfoco.com.br\/inicio\/bolsonaro-sanciona-lei-que-transfere-coaf-ao-banco-central\/#listItem","name":"Bolsonaro sanciona lei que transfere Coaf ao Banco Central"},"previousItem":{"@type":"ListItem","@id":"https:\/\/newsinfoco.com.br\/inicio#listItem","name":"In\u00edcio"}},{"@type":"ListItem","@id":"https:\/\/newsinfoco.com.br\/inicio\/bolsonaro-sanciona-lei-que-transfere-coaf-ao-banco-central\/#listItem","position":3,"name":"Bolsonaro sanciona lei que transfere Coaf ao Banco Central","previousItem":{"@type":"ListItem","@id":"https:\/\/newsinfoco.com.br\/inicio\/category\/brasil\/#listItem","name":"Brasil"}}]},{"@type":"Organization","@id":"https:\/\/newsinfoco.com.br\/inicio\/#organization","name":"News In Foco - Editado por Caio Pimenta","description":"O principal site de noticias de Alagoinhas e regi\u00e3o","url":"https:\/\/newsinfoco.com.br\/inicio\/"},{"@type":"Person","@id":"https:\/\/newsinfoco.com.br\/inicio\/author\/administrador\/#author","url":"https:\/\/newsinfoco.com.br\/inicio\/author\/administrador\/","name":"administrador","image":{"@type":"ImageObject","@id":"https:\/\/newsinfoco.com.br\/inicio\/bolsonaro-sanciona-lei-que-transfere-coaf-ao-banco-central\/#authorImage","url":"https:\/\/secure.gravatar.com\/avatar\/c17a617433de8c1dc9584bb79aab7563b46f5bb7e1728c9b17d9cc3ce6a08e49?s=96&d=mm&r=g","width":96,"height":96,"caption":"administrador"}},{"@type":"WebPage","@id":"https:\/\/newsinfoco.com.br\/inicio\/bolsonaro-sanciona-lei-que-transfere-coaf-ao-banco-central\/#webpage","url":"https:\/\/newsinfoco.com.br\/inicio\/bolsonaro-sanciona-lei-que-transfere-coaf-ao-banco-central\/","name":"Bolsonaro sanciona lei que transfere Coaf ao Banco Central - News In Foco - Editado por Caio Pimenta","description":"O presidente Jair Bolsonaro sancionou nesta ter\u00e7a-feira, 7, a lei que transfere o Conselho de Controle de Atividades Financeiras (Coaf) do Minist\u00e9rio da Economia para o Banco Central. O texto deve ser publicado nesta quarta-feira, 8, no Di\u00e1rio Oficial da Uni\u00e3o (DOU). Bolsonaro manteve altera\u00e7\u00f5es feitas pelo Congresso sobre a medida provis\u00f3ria (MP) proposta pelo","inLanguage":"pt-BR","isPartOf":{"@id":"https:\/\/newsinfoco.com.br\/inicio\/#website"},"breadcrumb":{"@id":"https:\/\/newsinfoco.com.br\/inicio\/bolsonaro-sanciona-lei-que-transfere-coaf-ao-banco-central\/#breadcrumblist"},"author":{"@id":"https:\/\/newsinfoco.com.br\/inicio\/author\/administrador\/#author"},"creator":{"@id":"https:\/\/newsinfoco.com.br\/inicio\/author\/administrador\/#author"},"image":{"@type":"ImageObject","url":"https:\/\/newsinfoco.com.br\/inicio\/wp-content\/uploads\/2019\/12\/bolsonaro_08.08.19.jpg","@id":"https:\/\/newsinfoco.com.br\/inicio\/bolsonaro-sanciona-lei-que-transfere-coaf-ao-banco-central\/#mainImage","width":600,"height":420,"caption":"Presidente Jair Bolsonaro fala \u00e0 imprensa ao sair do Pal\u00e1cio da Alvorada"},"primaryImageOfPage":{"@id":"https:\/\/newsinfoco.com.br\/inicio\/bolsonaro-sanciona-lei-que-transfere-coaf-ao-banco-central\/#mainImage"},"datePublished":"2020-01-07T20:52:36-03:00","dateModified":"2020-01-07T20:52:36-03:00"},{"@type":"WebSite","@id":"https:\/\/newsinfoco.com.br\/inicio\/#website","url":"https:\/\/newsinfoco.com.br\/inicio\/","name":"News In Foco - Editado por Caio Pimenta","description":"O principal site de noticias de Alagoinhas e regi\u00e3o","inLanguage":"pt-BR","publisher":{"@id":"https:\/\/newsinfoco.com.br\/inicio\/#organization"}}]},"og:locale":"pt_BR","og:site_name":"News In Foco - Editado por Caio Pimenta - O principal site de noticias de Alagoinhas e regi\u00e3o","og:type":"article","og:title":"Bolsonaro sanciona lei que transfere Coaf ao Banco Central - News In Foco - Editado por Caio Pimenta","og:description":"O presidente Jair Bolsonaro sancionou nesta ter\u00e7a-feira, 7, a lei que transfere o Conselho de Controle de Atividades Financeiras (Coaf) do Minist\u00e9rio da Economia para o Banco Central. O texto deve ser publicado nesta quarta-feira, 8, no Di\u00e1rio Oficial da Uni\u00e3o (DOU). Bolsonaro manteve altera\u00e7\u00f5es feitas pelo Congresso sobre a medida provis\u00f3ria (MP) proposta pelo","og:url":"https:\/\/newsinfoco.com.br\/inicio\/bolsonaro-sanciona-lei-que-transfere-coaf-ao-banco-central\/","article:published_time":"2020-01-07T23:52:36+00:00","article:modified_time":"2020-01-07T23:52:36+00:00","twitter:card":"summary_large_image","twitter:title":"Bolsonaro sanciona lei que transfere Coaf ao Banco Central - News In Foco - Editado por Caio Pimenta","twitter:description":"O presidente Jair Bolsonaro sancionou nesta ter\u00e7a-feira, 7, a lei que transfere o Conselho de Controle de Atividades Financeiras (Coaf) do Minist\u00e9rio da Economia para o Banco Central. O texto deve ser publicado nesta quarta-feira, 8, no Di\u00e1rio Oficial da Uni\u00e3o (DOU). Bolsonaro manteve altera\u00e7\u00f5es feitas pelo Congresso sobre a medida provis\u00f3ria (MP) proposta pelo"},"aioseo_meta_data":{"post_id":"19729","title":null,"description":null,"keywords":null,"keyphrases":null,"primary_term":null,"canonical_url":null,"og_title":null,"og_description":null,"og_object_type":"default","og_image_type":"default","og_image_url":null,"og_image_width":null,"og_image_height":null,"og_image_custom_url":null,"og_image_custom_fields":null,"og_video":null,"og_custom_url":null,"og_article_section":null,"og_article_tags":null,"twitter_use_og":false,"twitter_card":"default","twitter_image_type":"default","twitter_image_url":null,"twitter_image_custom_url":null,"twitter_image_custom_fields":null,"twitter_title":null,"twitter_description":null,"schema":{"blockGraphs":[],"customGraphs":[],"default":{"data":{"Article":[],"Course":[],"Dataset":[],"FAQPage":[],"Movie":[],"Person":[],"Product":[],"ProductReview":[],"Car":[],"Recipe":[],"Service":[],"SoftwareApplication":[],"WebPage":[]},"graphName":"","isEnabled":true},"graphs":[]},"schema_type":"default","schema_type_options":null,"pillar_content":false,"robots_default":true,"robots_noindex":false,"robots_noarchive":false,"robots_nosnippet":false,"robots_nofollow":false,"robots_noimageindex":false,"robots_noodp":false,"robots_notranslate":false,"robots_max_snippet":null,"robots_max_videopreview":null,"robots_max_imagepreview":"large","priority":null,"frequency":null,"local_seo":null,"breadcrumb_settings":null,"limit_modified_date":false,"ai":null,"created":"2023-06-12 15:53:44","updated":"2025-07-11 02:29:04","seo_analyzer_scan_date":null},"aioseo_breadcrumb":"<div class=\"aioseo-breadcrumbs\"><span class=\"aioseo-breadcrumb\">\n\t\t\t<a href=\"https:\/\/newsinfoco.com.br\/inicio\" title=\"In\u00edcio\">In\u00edcio<\/a>\n\t\t<\/span><span class=\"aioseo-breadcrumb-separator\">&raquo;<\/span><span class=\"aioseo-breadcrumb\">\n\t\t\t<a href=\"https:\/\/newsinfoco.com.br\/inicio\/category\/brasil\/\" title=\"Brasil\">Brasil<\/a>\n\t\t<\/span><span class=\"aioseo-breadcrumb-separator\">&raquo;<\/span><span class=\"aioseo-breadcrumb\">\n\t\t\tBolsonaro sanciona lei que transfere Coaf ao Banco Central\n\t\t<\/span><\/div>","aioseo_breadcrumb_json":[{"label":"In\u00edcio","link":"https:\/\/newsinfoco.com.br\/inicio"},{"label":"Brasil","link":"https:\/\/newsinfoco.com.br\/inicio\/category\/brasil\/"},{"label":"Bolsonaro sanciona lei que transfere Coaf ao Banco Central","link":"https:\/\/newsinfoco.com.br\/inicio\/bolsonaro-sanciona-lei-que-transfere-coaf-ao-banco-central\/"}],"_links":{"self":[{"href":"https:\/\/newsinfoco.com.br\/inicio\/wp-json\/wp\/v2\/posts\/19729","targetHints":{"allow":["GET"]}}],"collection":[{"href":"https:\/\/newsinfoco.com.br\/inicio\/wp-json\/wp\/v2\/posts"}],"about":[{"href":"https:\/\/newsinfoco.com.br\/inicio\/wp-json\/wp\/v2\/types\/post"}],"author":[{"embeddable":true,"href":"https:\/\/newsinfoco.com.br\/inicio\/wp-json\/wp\/v2\/users\/1"}],"replies":[{"embeddable":true,"href":"https:\/\/newsinfoco.com.br\/inicio\/wp-json\/wp\/v2\/comments?post=19729"}],"version-history":[{"count":0,"href":"https:\/\/newsinfoco.com.br\/inicio\/wp-json\/wp\/v2\/posts\/19729\/revisions"}],"wp:featuredmedia":[{"embeddable":true,"href":"https:\/\/newsinfoco.com.br\/inicio\/wp-json\/wp\/v2\/media\/19596"}],"wp:attachment":[{"href":"https:\/\/newsinfoco.com.br\/inicio\/wp-json\/wp\/v2\/media?parent=19729"}],"wp:term":[{"taxonomy":"category","embeddable":true,"href":"https:\/\/newsinfoco.com.br\/inicio\/wp-json\/wp\/v2\/categories?post=19729"},{"taxonomy":"post_tag","embeddable":true,"href":"https:\/\/newsinfoco.com.br\/inicio\/wp-json\/wp\/v2\/tags?post=19729"}],"curies":[{"name":"wp","href":"https:\/\/api.w.org\/{rel}","templated":true}]}}