{"id":19740,"date":"2020-01-08T12:42:08","date_gmt":"2020-01-08T15:42:08","guid":{"rendered":"http:\/\/newsinfoco.com.br\/?p=19740"},"modified":"2020-01-08T12:46:06","modified_gmt":"2020-01-08T15:46:06","slug":"comentarista-esportivo-jose-gomes-fala-de-sua-expectativa-em-relacao-ao-atletico-de-alagoinhas-para-a-temporada-2020","status":"publish","type":"post","link":"https:\/\/newsinfoco.com.br\/inicio\/comentarista-esportivo-jose-gomes-fala-de-sua-expectativa-em-relacao-ao-atletico-de-alagoinhas-para-a-temporada-2020\/","title":{"rendered":"Comentarista esportivo, Jos\u00e9 Gomes, fala de sua expectativa em rela\u00e7\u00e3o ao Atl\u00e9tico de Alagoinhas para a temporada 2020"},"content":{"rendered":"<p style=\"text-align: justify;\">O comentarista esportivo, Jos\u00e9 Gomes, esteve no programa Primeira M\u00e3o e falou sobre suas expectativas para esse ano quando o Atl\u00e9tico de Alagoinhas disputar\u00e1 a Copa do Brasil e a s\u00e9rie D do Campeonato Brasileiro, al\u00e9m do Campeonato Baiano. Ele considera que agora n\u00e3o se tem mais a desculpa da dificuldade em contratar apenas para um per\u00edodo de alguns meses j\u00e1 que o time ir\u00e1 disputar\u00e1 competi\u00e7\u00f5es nacionais. Mesmo assim, ele avalia que se formou um time completamente novo, n\u00e3o aproveitando o elenco que foi terceiro lugar no Baian\u00e3o do ano passado. Ele entende que o time ainda n\u00e3o despertou a confian\u00e7a dos torcedores e dos especialistas do esporte na cidade. No caso, ainda n\u00e3o se enxerga um Atl\u00e9tico em condi\u00e7\u00f5es de lutar pelas primeiras coloca\u00e7\u00f5es nos campeonatos.<\/p>\n<p style=\"text-align: justify;\">Jos\u00e9 Gomes, que tamb\u00e9m foi goleiro do clube nos anos \u00e1ureos da agremia\u00e7\u00e3o, n\u00e3o avaliou com otimismo a contrata\u00e7\u00e3o de Magno Alves, que foi anunciado como um dos principais refor\u00e7os do Atl\u00e9tico para a temporada, devido sua idade. O jogador est\u00e1 hoje com 43 anos. Para Gomes, s\u00f3 uma a\u00e7\u00e3o de marketing, como foi a passagem de Ronaldo Fen\u00f4meno pelo Corinthians, justifica a contrata\u00e7\u00e3o. Ele espera que, nesse sentido, o clube tenha \u00eaxito e leve o torcedor ao est\u00e1dio.<\/p>\n<p style=\"text-align: justify;\">Quanto ao desempenho em campo, Gomes n\u00e3o acredita em grandes resultados, mas torce para estar enganado. Ele lembra do Bahia no Brasileiro de 1988, que iniciou a competi\u00e7\u00e3o desacreditado, contudo se tornou campe\u00e3o ao final. Magno Alves com seus mais de 400 gols \u00e9 o quarto artilheiro do mundo, considerando, no entanto, que passou boa parte de sua carreira no futebol asi\u00e1tico e \u00e1rabe.<\/p>\n<p style=\"text-align: justify;\">Ele Foi \u00eddolo no Fluminense carioca, onde marcou 144 gols em 256 partidas, e do Cear\u00e1. Foi campe\u00e3o carioca, artilheiro do time no brasileir\u00e3o, ganhador do Bola de Prata da revista Placar, recebeu destaque como melhor jogador de campeonatos locais em Minas Gerais e no Cear\u00e1. Ele pode surpreender, mesmo sendo um craque em fim de carreira.<\/p>\n<p style=\"text-align: justify;\">Gomes ainda enxerga a contrata\u00e7\u00e3o do treinador Paulo Sales como um dos pontos fortes da equipe para a empreitada desse ano. Considerado o \u201cRei do Acesso\u201d, por sua capacidade de incutir nos times por onde passou a mentalidade de supera\u00e7\u00e3o, o treinador sabe da dificuldade de preparar um elenco que se renovou bastante, mas acredita que as metas ser\u00e3o alcan\u00e7adas. Conta com a experi\u00eancia de Magno Alves, com sua lideran\u00e7a dentro e fora do campo e sabe que se a bola sobrar para ele na \u00e1rea, ele continua o matador de sempre.<\/p>\n<p><iframe loading=\"lazy\" title=\"Z\u00e9 Gomes participa do Programa Primeira M\u00e3o e fala do Atletico de Alagoinhas\" width=\"696\" height=\"392\" src=\"https:\/\/www.youtube.com\/embed\/DbGEbguuZtQ?start=73&#038;feature=oembed\" frameborder=\"0\" allow=\"accelerometer; autoplay; encrypted-media; gyroscope; picture-in-picture\" allowfullscreen><\/iframe><\/p>\n<p style=\"text-align: right;\">Por Paulo Dias para o News Infoco<\/p>\n<div class='share-to-whatsapp-wrapper'><div class='share-on-whsp'>Share on: <\/div><a data-text='Comentarista esportivo, Jos\u00e9 Gomes, fala de sua expectativa em rela\u00e7\u00e3o ao Atl\u00e9tico de Alagoinhas para a temporada 2020' data-link='https:\/\/newsinfoco.com.br\/inicio\/comentarista-esportivo-jose-gomes-fala-de-sua-expectativa-em-relacao-ao-atletico-de-alagoinhas-para-a-temporada-2020\/' class='whatsapp-button whatsapp-share'>WhatsApp<\/a><div class='clear '><\/div><\/div>","protected":false},"excerpt":{"rendered":"<p>O comentarista esportivo, Jos\u00e9 Gomes, esteve no programa Primeira M\u00e3o e falou sobre suas expectativas para esse ano quando o Atl\u00e9tico de Alagoinhas disputar\u00e1 a Copa do Brasil e a s\u00e9rie D do Campeonato Brasileiro, al\u00e9m do Campeonato Baiano. Ele considera que agora n\u00e3o se tem mais a desculpa da dificuldade em contratar apenas para [&hellip;]<\/p>\n","protected":false},"author":1,"featured_media":19741,"comment_status":"open","ping_status":"open","sticky":false,"template":"","format":"standard","meta":{"om_disable_all_campaigns":false,"rop_custom_images_group":[],"rop_custom_messages_group":[],"rop_publish_now":"initial","rop_publish_now_accounts":[],"rop_publish_now_history":[],"rop_publish_now_status":"pending","_exactmetrics_skip_tracking":false,"footnotes":""},"categories":[38,30],"tags":[],"class_list":["post-19740","post","type-post","status-publish","format-standard","has-post-thumbnail","hentry","category-alagoinhas-e-regiao","category-destaque"],"aioseo_notices":[],"aioseo_head":"\n\t\t<!-- All in One SEO 4.9.10 - aioseo.com -->\n\t<meta name=\"description\" content=\"O comentarista esportivo, Jos\u00e9 Gomes, esteve no programa Primeira M\u00e3o e falou sobre suas expectativas para esse ano quando o Atl\u00e9tico de Alagoinhas disputar\u00e1 a Copa do Brasil e a s\u00e9rie D do Campeonato Brasileiro, al\u00e9m do Campeonato Baiano. Ele considera que agora n\u00e3o se tem mais a desculpa da dificuldade em contratar apenas para\" \/>\n\t<meta name=\"robots\" content=\"max-image-preview:large\" \/>\n\t<meta name=\"author\" content=\"administrador\"\/>\n\t<link rel=\"canonical\" href=\"https:\/\/newsinfoco.com.br\/inicio\/comentarista-esportivo-jose-gomes-fala-de-sua-expectativa-em-relacao-ao-atletico-de-alagoinhas-para-a-temporada-2020\/\" \/>\n\t<meta name=\"generator\" content=\"All in One SEO (AIOSEO) 4.9.10\" \/>\n\t\t<meta property=\"og:locale\" content=\"pt_BR\" \/>\n\t\t<meta property=\"og:site_name\" content=\"News In Foco - Editado por Caio Pimenta - O principal site de noticias de Alagoinhas e regi\u00e3o\" \/>\n\t\t<meta property=\"og:type\" content=\"article\" \/>\n\t\t<meta property=\"og:title\" content=\"Comentarista esportivo, Jos\u00e9 Gomes, fala de sua expectativa em rela\u00e7\u00e3o ao Atl\u00e9tico de Alagoinhas para a temporada 2020 - News In Foco - Editado por Caio Pimenta\" \/>\n\t\t<meta property=\"og:description\" content=\"O comentarista esportivo, Jos\u00e9 Gomes, esteve no programa Primeira M\u00e3o e falou sobre suas expectativas para esse ano quando o Atl\u00e9tico de Alagoinhas disputar\u00e1 a Copa do Brasil e a s\u00e9rie D do Campeonato Brasileiro, al\u00e9m do Campeonato Baiano. Ele considera que agora n\u00e3o se tem mais a desculpa da dificuldade em contratar apenas para\" \/>\n\t\t<meta property=\"og:url\" content=\"https:\/\/newsinfoco.com.br\/inicio\/comentarista-esportivo-jose-gomes-fala-de-sua-expectativa-em-relacao-ao-atletico-de-alagoinhas-para-a-temporada-2020\/\" \/>\n\t\t<meta property=\"article:published_time\" content=\"2020-01-08T15:42:08+00:00\" \/>\n\t\t<meta property=\"article:modified_time\" content=\"2020-01-08T15:46:06+00:00\" \/>\n\t\t<meta name=\"twitter:card\" content=\"summary_large_image\" \/>\n\t\t<meta name=\"twitter:title\" content=\"Comentarista esportivo, Jos\u00e9 Gomes, fala de sua expectativa em rela\u00e7\u00e3o ao Atl\u00e9tico de Alagoinhas para a temporada 2020 - News In Foco - Editado por Caio Pimenta\" \/>\n\t\t<meta name=\"twitter:description\" content=\"O comentarista esportivo, Jos\u00e9 Gomes, esteve no programa Primeira M\u00e3o e falou sobre suas expectativas para esse ano quando o Atl\u00e9tico de Alagoinhas disputar\u00e1 a Copa do Brasil e a s\u00e9rie D do Campeonato Brasileiro, al\u00e9m do Campeonato Baiano. Ele considera que agora n\u00e3o se tem mais a desculpa da dificuldade em contratar apenas para\" \/>\n\t\t<script type=\"application\/ld+json\" class=\"aioseo-schema\">\n\t\t\t{\"@context\":\"https:\\\/\\\/schema.org\",\"@graph\":[{\"@type\":\"BlogPosting\",\"@id\":\"https:\\\/\\\/newsinfoco.com.br\\\/inicio\\\/comentarista-esportivo-jose-gomes-fala-de-sua-expectativa-em-relacao-ao-atletico-de-alagoinhas-para-a-temporada-2020\\\/#blogposting\",\"name\":\"Comentarista esportivo, Jos\\u00e9 Gomes, fala de sua expectativa em rela\\u00e7\\u00e3o ao Atl\\u00e9tico de Alagoinhas para a temporada 2020 - News In Foco - Editado por Caio Pimenta\",\"headline\":\"Comentarista esportivo, Jos\\u00e9 Gomes, fala de sua expectativa em rela\\u00e7\\u00e3o ao Atl\\u00e9tico de Alagoinhas para a temporada 2020\",\"author\":{\"@id\":\"https:\\\/\\\/newsinfoco.com.br\\\/inicio\\\/author\\\/administrador\\\/#author\"},\"publisher\":{\"@id\":\"https:\\\/\\\/newsinfoco.com.br\\\/inicio\\\/#organization\"},\"image\":{\"@type\":\"ImageObject\",\"url\":\"https:\\\/\\\/newsinfoco.com.br\\\/inicio\\\/wp-content\\\/uploads\\\/2020\\\/01\\\/Jose-Gomes.jpg\",\"width\":519,\"height\":346,\"caption\":\"Na foto o comentarista esportivo Jos\\u00e9 Gomes\"},\"datePublished\":\"2020-01-08T12:42:08-03:00\",\"dateModified\":\"2020-01-08T12:46:06-03:00\",\"inLanguage\":\"pt-BR\",\"mainEntityOfPage\":{\"@id\":\"https:\\\/\\\/newsinfoco.com.br\\\/inicio\\\/comentarista-esportivo-jose-gomes-fala-de-sua-expectativa-em-relacao-ao-atletico-de-alagoinhas-para-a-temporada-2020\\\/#webpage\"},\"isPartOf\":{\"@id\":\"https:\\\/\\\/newsinfoco.com.br\\\/inicio\\\/comentarista-esportivo-jose-gomes-fala-de-sua-expectativa-em-relacao-ao-atletico-de-alagoinhas-para-a-temporada-2020\\\/#webpage\"},\"articleSection\":\"Alagoinhas e Regi\\u00e3o, Destaque\"},{\"@type\":\"BreadcrumbList\",\"@id\":\"https:\\\/\\\/newsinfoco.com.br\\\/inicio\\\/comentarista-esportivo-jose-gomes-fala-de-sua-expectativa-em-relacao-ao-atletico-de-alagoinhas-para-a-temporada-2020\\\/#breadcrumblist\",\"itemListElement\":[{\"@type\":\"ListItem\",\"@id\":\"https:\\\/\\\/newsinfoco.com.br\\\/inicio#listItem\",\"position\":1,\"name\":\"In\\u00edcio\",\"item\":\"https:\\\/\\\/newsinfoco.com.br\\\/inicio\",\"nextItem\":{\"@type\":\"ListItem\",\"@id\":\"https:\\\/\\\/newsinfoco.com.br\\\/inicio\\\/category\\\/destaque\\\/#listItem\",\"name\":\"Destaque\"}},{\"@type\":\"ListItem\",\"@id\":\"https:\\\/\\\/newsinfoco.com.br\\\/inicio\\\/category\\\/destaque\\\/#listItem\",\"position\":2,\"name\":\"Destaque\",\"item\":\"https:\\\/\\\/newsinfoco.com.br\\\/inicio\\\/category\\\/destaque\\\/\",\"nextItem\":{\"@type\":\"ListItem\",\"@id\":\"https:\\\/\\\/newsinfoco.com.br\\\/inicio\\\/comentarista-esportivo-jose-gomes-fala-de-sua-expectativa-em-relacao-ao-atletico-de-alagoinhas-para-a-temporada-2020\\\/#listItem\",\"name\":\"Comentarista esportivo, Jos\\u00e9 Gomes, fala de sua expectativa em rela\\u00e7\\u00e3o ao Atl\\u00e9tico de Alagoinhas para a temporada 2020\"},\"previousItem\":{\"@type\":\"ListItem\",\"@id\":\"https:\\\/\\\/newsinfoco.com.br\\\/inicio#listItem\",\"name\":\"In\\u00edcio\"}},{\"@type\":\"ListItem\",\"@id\":\"https:\\\/\\\/newsinfoco.com.br\\\/inicio\\\/comentarista-esportivo-jose-gomes-fala-de-sua-expectativa-em-relacao-ao-atletico-de-alagoinhas-para-a-temporada-2020\\\/#listItem\",\"position\":3,\"name\":\"Comentarista esportivo, Jos\\u00e9 Gomes, fala de sua expectativa em rela\\u00e7\\u00e3o ao Atl\\u00e9tico de Alagoinhas para a temporada 2020\",\"previousItem\":{\"@type\":\"ListItem\",\"@id\":\"https:\\\/\\\/newsinfoco.com.br\\\/inicio\\\/category\\\/destaque\\\/#listItem\",\"name\":\"Destaque\"}}]},{\"@type\":\"Organization\",\"@id\":\"https:\\\/\\\/newsinfoco.com.br\\\/inicio\\\/#organization\",\"name\":\"News In Foco - Editado por Caio Pimenta\",\"description\":\"O principal site de noticias de Alagoinhas e regi\\u00e3o\",\"url\":\"https:\\\/\\\/newsinfoco.com.br\\\/inicio\\\/\"},{\"@type\":\"Person\",\"@id\":\"https:\\\/\\\/newsinfoco.com.br\\\/inicio\\\/author\\\/administrador\\\/#author\",\"url\":\"https:\\\/\\\/newsinfoco.com.br\\\/inicio\\\/author\\\/administrador\\\/\",\"name\":\"administrador\",\"image\":{\"@type\":\"ImageObject\",\"@id\":\"https:\\\/\\\/newsinfoco.com.br\\\/inicio\\\/comentarista-esportivo-jose-gomes-fala-de-sua-expectativa-em-relacao-ao-atletico-de-alagoinhas-para-a-temporada-2020\\\/#authorImage\",\"url\":\"https:\\\/\\\/secure.gravatar.com\\\/avatar\\\/c17a617433de8c1dc9584bb79aab7563b46f5bb7e1728c9b17d9cc3ce6a08e49?s=96&d=mm&r=g\",\"width\":96,\"height\":96,\"caption\":\"administrador\"}},{\"@type\":\"WebPage\",\"@id\":\"https:\\\/\\\/newsinfoco.com.br\\\/inicio\\\/comentarista-esportivo-jose-gomes-fala-de-sua-expectativa-em-relacao-ao-atletico-de-alagoinhas-para-a-temporada-2020\\\/#webpage\",\"url\":\"https:\\\/\\\/newsinfoco.com.br\\\/inicio\\\/comentarista-esportivo-jose-gomes-fala-de-sua-expectativa-em-relacao-ao-atletico-de-alagoinhas-para-a-temporada-2020\\\/\",\"name\":\"Comentarista esportivo, Jos\\u00e9 Gomes, fala de sua expectativa em rela\\u00e7\\u00e3o ao Atl\\u00e9tico de Alagoinhas para a temporada 2020 - News In Foco - Editado por Caio Pimenta\",\"description\":\"O comentarista esportivo, Jos\\u00e9 Gomes, esteve no programa Primeira M\\u00e3o e falou sobre suas expectativas para esse ano quando o Atl\\u00e9tico de Alagoinhas disputar\\u00e1 a Copa do Brasil e a s\\u00e9rie D do Campeonato Brasileiro, al\\u00e9m do Campeonato Baiano. Ele considera que agora n\\u00e3o se tem mais a desculpa da dificuldade em contratar apenas para\",\"inLanguage\":\"pt-BR\",\"isPartOf\":{\"@id\":\"https:\\\/\\\/newsinfoco.com.br\\\/inicio\\\/#website\"},\"breadcrumb\":{\"@id\":\"https:\\\/\\\/newsinfoco.com.br\\\/inicio\\\/comentarista-esportivo-jose-gomes-fala-de-sua-expectativa-em-relacao-ao-atletico-de-alagoinhas-para-a-temporada-2020\\\/#breadcrumblist\"},\"author\":{\"@id\":\"https:\\\/\\\/newsinfoco.com.br\\\/inicio\\\/author\\\/administrador\\\/#author\"},\"creator\":{\"@id\":\"https:\\\/\\\/newsinfoco.com.br\\\/inicio\\\/author\\\/administrador\\\/#author\"},\"image\":{\"@type\":\"ImageObject\",\"url\":\"https:\\\/\\\/newsinfoco.com.br\\\/inicio\\\/wp-content\\\/uploads\\\/2020\\\/01\\\/Jose-Gomes.jpg\",\"@id\":\"https:\\\/\\\/newsinfoco.com.br\\\/inicio\\\/comentarista-esportivo-jose-gomes-fala-de-sua-expectativa-em-relacao-ao-atletico-de-alagoinhas-para-a-temporada-2020\\\/#mainImage\",\"width\":519,\"height\":346,\"caption\":\"Na foto o comentarista esportivo Jos\\u00e9 Gomes\"},\"primaryImageOfPage\":{\"@id\":\"https:\\\/\\\/newsinfoco.com.br\\\/inicio\\\/comentarista-esportivo-jose-gomes-fala-de-sua-expectativa-em-relacao-ao-atletico-de-alagoinhas-para-a-temporada-2020\\\/#mainImage\"},\"datePublished\":\"2020-01-08T12:42:08-03:00\",\"dateModified\":\"2020-01-08T12:46:06-03:00\"},{\"@type\":\"WebSite\",\"@id\":\"https:\\\/\\\/newsinfoco.com.br\\\/inicio\\\/#website\",\"url\":\"https:\\\/\\\/newsinfoco.com.br\\\/inicio\\\/\",\"name\":\"News In Foco - Editado por Caio Pimenta\",\"description\":\"O principal site de noticias de Alagoinhas e regi\\u00e3o\",\"inLanguage\":\"pt-BR\",\"publisher\":{\"@id\":\"https:\\\/\\\/newsinfoco.com.br\\\/inicio\\\/#organization\"}}]}\n\t\t<\/script>\n\t\t<!-- All in One SEO -->\n\n","aioseo_head_json":{"title":"Comentarista esportivo, Jos\u00e9 Gomes, fala de sua expectativa em rela\u00e7\u00e3o ao Atl\u00e9tico de Alagoinhas para a temporada 2020 - News In Foco - Editado por Caio Pimenta","description":"O comentarista esportivo, Jos\u00e9 Gomes, esteve no programa Primeira M\u00e3o e falou sobre suas expectativas para esse ano quando o Atl\u00e9tico de Alagoinhas disputar\u00e1 a Copa do Brasil e a s\u00e9rie D do Campeonato Brasileiro, al\u00e9m do Campeonato Baiano. Ele considera que agora n\u00e3o se tem mais a desculpa da dificuldade em contratar apenas para","canonical_url":"https:\/\/newsinfoco.com.br\/inicio\/comentarista-esportivo-jose-gomes-fala-de-sua-expectativa-em-relacao-ao-atletico-de-alagoinhas-para-a-temporada-2020\/","robots":"max-image-preview:large","keywords":"","webmasterTools":{"miscellaneous":""},"schema":{"@context":"https:\/\/schema.org","@graph":[{"@type":"BlogPosting","@id":"https:\/\/newsinfoco.com.br\/inicio\/comentarista-esportivo-jose-gomes-fala-de-sua-expectativa-em-relacao-ao-atletico-de-alagoinhas-para-a-temporada-2020\/#blogposting","name":"Comentarista esportivo, Jos\u00e9 Gomes, fala de sua expectativa em rela\u00e7\u00e3o ao Atl\u00e9tico de Alagoinhas para a temporada 2020 - News In Foco - Editado por Caio Pimenta","headline":"Comentarista esportivo, Jos\u00e9 Gomes, fala de sua expectativa em rela\u00e7\u00e3o ao Atl\u00e9tico de Alagoinhas para a temporada 2020","author":{"@id":"https:\/\/newsinfoco.com.br\/inicio\/author\/administrador\/#author"},"publisher":{"@id":"https:\/\/newsinfoco.com.br\/inicio\/#organization"},"image":{"@type":"ImageObject","url":"https:\/\/newsinfoco.com.br\/inicio\/wp-content\/uploads\/2020\/01\/Jose-Gomes.jpg","width":519,"height":346,"caption":"Na foto o comentarista esportivo Jos\u00e9 Gomes"},"datePublished":"2020-01-08T12:42:08-03:00","dateModified":"2020-01-08T12:46:06-03:00","inLanguage":"pt-BR","mainEntityOfPage":{"@id":"https:\/\/newsinfoco.com.br\/inicio\/comentarista-esportivo-jose-gomes-fala-de-sua-expectativa-em-relacao-ao-atletico-de-alagoinhas-para-a-temporada-2020\/#webpage"},"isPartOf":{"@id":"https:\/\/newsinfoco.com.br\/inicio\/comentarista-esportivo-jose-gomes-fala-de-sua-expectativa-em-relacao-ao-atletico-de-alagoinhas-para-a-temporada-2020\/#webpage"},"articleSection":"Alagoinhas e Regi\u00e3o, Destaque"},{"@type":"BreadcrumbList","@id":"https:\/\/newsinfoco.com.br\/inicio\/comentarista-esportivo-jose-gomes-fala-de-sua-expectativa-em-relacao-ao-atletico-de-alagoinhas-para-a-temporada-2020\/#breadcrumblist","itemListElement":[{"@type":"ListItem","@id":"https:\/\/newsinfoco.com.br\/inicio#listItem","position":1,"name":"In\u00edcio","item":"https:\/\/newsinfoco.com.br\/inicio","nextItem":{"@type":"ListItem","@id":"https:\/\/newsinfoco.com.br\/inicio\/category\/destaque\/#listItem","name":"Destaque"}},{"@type":"ListItem","@id":"https:\/\/newsinfoco.com.br\/inicio\/category\/destaque\/#listItem","position":2,"name":"Destaque","item":"https:\/\/newsinfoco.com.br\/inicio\/category\/destaque\/","nextItem":{"@type":"ListItem","@id":"https:\/\/newsinfoco.com.br\/inicio\/comentarista-esportivo-jose-gomes-fala-de-sua-expectativa-em-relacao-ao-atletico-de-alagoinhas-para-a-temporada-2020\/#listItem","name":"Comentarista esportivo, Jos\u00e9 Gomes, fala de sua expectativa em rela\u00e7\u00e3o ao Atl\u00e9tico de Alagoinhas para a temporada 2020"},"previousItem":{"@type":"ListItem","@id":"https:\/\/newsinfoco.com.br\/inicio#listItem","name":"In\u00edcio"}},{"@type":"ListItem","@id":"https:\/\/newsinfoco.com.br\/inicio\/comentarista-esportivo-jose-gomes-fala-de-sua-expectativa-em-relacao-ao-atletico-de-alagoinhas-para-a-temporada-2020\/#listItem","position":3,"name":"Comentarista esportivo, Jos\u00e9 Gomes, fala de sua expectativa em rela\u00e7\u00e3o ao Atl\u00e9tico de Alagoinhas para a temporada 2020","previousItem":{"@type":"ListItem","@id":"https:\/\/newsinfoco.com.br\/inicio\/category\/destaque\/#listItem","name":"Destaque"}}]},{"@type":"Organization","@id":"https:\/\/newsinfoco.com.br\/inicio\/#organization","name":"News In Foco - Editado por Caio Pimenta","description":"O principal site de noticias de Alagoinhas e regi\u00e3o","url":"https:\/\/newsinfoco.com.br\/inicio\/"},{"@type":"Person","@id":"https:\/\/newsinfoco.com.br\/inicio\/author\/administrador\/#author","url":"https:\/\/newsinfoco.com.br\/inicio\/author\/administrador\/","name":"administrador","image":{"@type":"ImageObject","@id":"https:\/\/newsinfoco.com.br\/inicio\/comentarista-esportivo-jose-gomes-fala-de-sua-expectativa-em-relacao-ao-atletico-de-alagoinhas-para-a-temporada-2020\/#authorImage","url":"https:\/\/secure.gravatar.com\/avatar\/c17a617433de8c1dc9584bb79aab7563b46f5bb7e1728c9b17d9cc3ce6a08e49?s=96&d=mm&r=g","width":96,"height":96,"caption":"administrador"}},{"@type":"WebPage","@id":"https:\/\/newsinfoco.com.br\/inicio\/comentarista-esportivo-jose-gomes-fala-de-sua-expectativa-em-relacao-ao-atletico-de-alagoinhas-para-a-temporada-2020\/#webpage","url":"https:\/\/newsinfoco.com.br\/inicio\/comentarista-esportivo-jose-gomes-fala-de-sua-expectativa-em-relacao-ao-atletico-de-alagoinhas-para-a-temporada-2020\/","name":"Comentarista esportivo, Jos\u00e9 Gomes, fala de sua expectativa em rela\u00e7\u00e3o ao Atl\u00e9tico de Alagoinhas para a temporada 2020 - News In Foco - Editado por Caio Pimenta","description":"O comentarista esportivo, Jos\u00e9 Gomes, esteve no programa Primeira M\u00e3o e falou sobre suas expectativas para esse ano quando o Atl\u00e9tico de Alagoinhas disputar\u00e1 a Copa do Brasil e a s\u00e9rie D do Campeonato Brasileiro, al\u00e9m do Campeonato Baiano. Ele considera que agora n\u00e3o se tem mais a desculpa da dificuldade em contratar apenas para","inLanguage":"pt-BR","isPartOf":{"@id":"https:\/\/newsinfoco.com.br\/inicio\/#website"},"breadcrumb":{"@id":"https:\/\/newsinfoco.com.br\/inicio\/comentarista-esportivo-jose-gomes-fala-de-sua-expectativa-em-relacao-ao-atletico-de-alagoinhas-para-a-temporada-2020\/#breadcrumblist"},"author":{"@id":"https:\/\/newsinfoco.com.br\/inicio\/author\/administrador\/#author"},"creator":{"@id":"https:\/\/newsinfoco.com.br\/inicio\/author\/administrador\/#author"},"image":{"@type":"ImageObject","url":"https:\/\/newsinfoco.com.br\/inicio\/wp-content\/uploads\/2020\/01\/Jose-Gomes.jpg","@id":"https:\/\/newsinfoco.com.br\/inicio\/comentarista-esportivo-jose-gomes-fala-de-sua-expectativa-em-relacao-ao-atletico-de-alagoinhas-para-a-temporada-2020\/#mainImage","width":519,"height":346,"caption":"Na foto o comentarista esportivo Jos\u00e9 Gomes"},"primaryImageOfPage":{"@id":"https:\/\/newsinfoco.com.br\/inicio\/comentarista-esportivo-jose-gomes-fala-de-sua-expectativa-em-relacao-ao-atletico-de-alagoinhas-para-a-temporada-2020\/#mainImage"},"datePublished":"2020-01-08T12:42:08-03:00","dateModified":"2020-01-08T12:46:06-03:00"},{"@type":"WebSite","@id":"https:\/\/newsinfoco.com.br\/inicio\/#website","url":"https:\/\/newsinfoco.com.br\/inicio\/","name":"News In Foco - Editado por Caio Pimenta","description":"O principal site de noticias de Alagoinhas e regi\u00e3o","inLanguage":"pt-BR","publisher":{"@id":"https:\/\/newsinfoco.com.br\/inicio\/#organization"}}]},"og:locale":"pt_BR","og:site_name":"News In Foco - Editado por Caio Pimenta - O principal site de noticias de Alagoinhas e regi\u00e3o","og:type":"article","og:title":"Comentarista esportivo, Jos\u00e9 Gomes, fala de sua expectativa em rela\u00e7\u00e3o ao Atl\u00e9tico de Alagoinhas para a temporada 2020 - News In Foco - Editado por Caio Pimenta","og:description":"O comentarista esportivo, Jos\u00e9 Gomes, esteve no programa Primeira M\u00e3o e falou sobre suas expectativas para esse ano quando o Atl\u00e9tico de Alagoinhas disputar\u00e1 a Copa do Brasil e a s\u00e9rie D do Campeonato Brasileiro, al\u00e9m do Campeonato Baiano. Ele considera que agora n\u00e3o se tem mais a desculpa da dificuldade em contratar apenas para","og:url":"https:\/\/newsinfoco.com.br\/inicio\/comentarista-esportivo-jose-gomes-fala-de-sua-expectativa-em-relacao-ao-atletico-de-alagoinhas-para-a-temporada-2020\/","article:published_time":"2020-01-08T15:42:08+00:00","article:modified_time":"2020-01-08T15:46:06+00:00","twitter:card":"summary_large_image","twitter:title":"Comentarista esportivo, Jos\u00e9 Gomes, fala de sua expectativa em rela\u00e7\u00e3o ao Atl\u00e9tico de Alagoinhas para a temporada 2020 - News In Foco - Editado por Caio Pimenta","twitter:description":"O comentarista esportivo, Jos\u00e9 Gomes, esteve no programa Primeira M\u00e3o e falou sobre suas expectativas para esse ano quando o Atl\u00e9tico de Alagoinhas disputar\u00e1 a Copa do Brasil e a s\u00e9rie D do Campeonato Brasileiro, al\u00e9m do Campeonato Baiano. Ele considera que agora n\u00e3o se tem mais a desculpa da dificuldade em contratar apenas para"},"aioseo_meta_data":{"post_id":"19740","title":null,"description":null,"keywords":null,"keyphrases":null,"primary_term":null,"canonical_url":null,"og_title":null,"og_description":null,"og_object_type":"default","og_image_type":"default","og_image_url":null,"og_image_width":null,"og_image_height":null,"og_image_custom_url":null,"og_image_custom_fields":null,"og_video":null,"og_custom_url":null,"og_article_section":null,"og_article_tags":null,"twitter_use_og":false,"twitter_card":"default","twitter_image_type":"default","twitter_image_url":null,"twitter_image_custom_url":null,"twitter_image_custom_fields":null,"twitter_title":null,"twitter_description":null,"schema":{"blockGraphs":[],"customGraphs":[],"default":{"data":{"Article":[],"Course":[],"Dataset":[],"FAQPage":[],"Movie":[],"Person":[],"Product":[],"ProductReview":[],"Car":[],"Recipe":[],"Service":[],"SoftwareApplication":[],"WebPage":[]},"graphName":"","isEnabled":true},"graphs":[]},"schema_type":"default","schema_type_options":null,"pillar_content":false,"robots_default":true,"robots_noindex":false,"robots_noarchive":false,"robots_nosnippet":false,"robots_nofollow":false,"robots_noimageindex":false,"robots_noodp":false,"robots_notranslate":false,"robots_max_snippet":null,"robots_max_videopreview":null,"robots_max_imagepreview":"large","priority":null,"frequency":null,"local_seo":null,"breadcrumb_settings":null,"limit_modified_date":false,"ai":null,"created":"2023-06-12 15:53:44","updated":"2025-07-11 02:29:04","seo_analyzer_scan_date":null},"aioseo_breadcrumb":"<div class=\"aioseo-breadcrumbs\"><span class=\"aioseo-breadcrumb\">\n\t\t\t<a href=\"https:\/\/newsinfoco.com.br\/inicio\" title=\"In\u00edcio\">In\u00edcio<\/a>\n\t\t<\/span><span class=\"aioseo-breadcrumb-separator\">&raquo;<\/span><span class=\"aioseo-breadcrumb\">\n\t\t\t<a href=\"https:\/\/newsinfoco.com.br\/inicio\/category\/destaque\/\" title=\"Destaque\">Destaque<\/a>\n\t\t<\/span><span class=\"aioseo-breadcrumb-separator\">&raquo;<\/span><span class=\"aioseo-breadcrumb\">\n\t\t\tComentarista esportivo, Jos\u00e9 Gomes, fala de sua expectativa em rela\u00e7\u00e3o ao Atl\u00e9tico de Alagoinhas para a temporada 2020\n\t\t<\/span><\/div>","aioseo_breadcrumb_json":[{"label":"In\u00edcio","link":"https:\/\/newsinfoco.com.br\/inicio"},{"label":"Destaque","link":"https:\/\/newsinfoco.com.br\/inicio\/category\/destaque\/"},{"label":"Comentarista esportivo, Jos\u00e9 Gomes, fala de sua expectativa em rela\u00e7\u00e3o ao Atl\u00e9tico de Alagoinhas para a temporada 2020","link":"https:\/\/newsinfoco.com.br\/inicio\/comentarista-esportivo-jose-gomes-fala-de-sua-expectativa-em-relacao-ao-atletico-de-alagoinhas-para-a-temporada-2020\/"}],"_links":{"self":[{"href":"https:\/\/newsinfoco.com.br\/inicio\/wp-json\/wp\/v2\/posts\/19740","targetHints":{"allow":["GET"]}}],"collection":[{"href":"https:\/\/newsinfoco.com.br\/inicio\/wp-json\/wp\/v2\/posts"}],"about":[{"href":"https:\/\/newsinfoco.com.br\/inicio\/wp-json\/wp\/v2\/types\/post"}],"author":[{"embeddable":true,"href":"https:\/\/newsinfoco.com.br\/inicio\/wp-json\/wp\/v2\/users\/1"}],"replies":[{"embeddable":true,"href":"https:\/\/newsinfoco.com.br\/inicio\/wp-json\/wp\/v2\/comments?post=19740"}],"version-history":[{"count":0,"href":"https:\/\/newsinfoco.com.br\/inicio\/wp-json\/wp\/v2\/posts\/19740\/revisions"}],"wp:featuredmedia":[{"embeddable":true,"href":"https:\/\/newsinfoco.com.br\/inicio\/wp-json\/wp\/v2\/media\/19741"}],"wp:attachment":[{"href":"https:\/\/newsinfoco.com.br\/inicio\/wp-json\/wp\/v2\/media?parent=19740"}],"wp:term":[{"taxonomy":"category","embeddable":true,"href":"https:\/\/newsinfoco.com.br\/inicio\/wp-json\/wp\/v2\/categories?post=19740"},{"taxonomy":"post_tag","embeddable":true,"href":"https:\/\/newsinfoco.com.br\/inicio\/wp-json\/wp\/v2\/tags?post=19740"}],"curies":[{"name":"wp","href":"https:\/\/api.w.org\/{rel}","templated":true}]}}