{"id":19745,"date":"2020-01-08T18:53:26","date_gmt":"2020-01-08T21:53:26","guid":{"rendered":"http:\/\/newsinfoco.com.br\/?p=19745"},"modified":"2020-01-08T18:53:26","modified_gmt":"2020-01-08T21:53:26","slug":"secretaria-de-infraestrutura-de-alagoinhas-comeca-o-ano-com-grandes-problemas-a-serem-enfrentados","status":"publish","type":"post","link":"https:\/\/newsinfoco.com.br\/inicio\/secretaria-de-infraestrutura-de-alagoinhas-comeca-o-ano-com-grandes-problemas-a-serem-enfrentados\/","title":{"rendered":"Secretaria de Infraestrutura de Alagoinhas come\u00e7a o ano com grandes problemas a serem enfrentados"},"content":{"rendered":"<p style=\"text-align: justify;\">Embora a secret\u00e1ria municipal de infraestrutura de Alagoinhas, Maria da Gra\u00e7as, tenha afirmado, no balan\u00e7o que fez ao programa Primeira M\u00e3o, que a opera\u00e7\u00e3o Tapa-buraco tem avan\u00e7ado, as reclama\u00e7\u00f5es ainda persistem. O rep\u00f3rter Luciano Reis chamou a aten\u00e7\u00e3o para duas crateras existentes no bairro Dois de Julho na edi\u00e7\u00e3o do programa desta quarta-feira(08).<\/p>\n<p style=\"text-align: justify;\">Caio Pimenta, comentarista do programa, d\u00e1 conta tamb\u00e9m dos problemas persistentes no piso do Bin\u00e1rio, que no dia hoje passou por novas interven\u00e7\u00f5es, e nas ruas do bairro Kennedy. Em decorr\u00eancia das chuvas, o problema da degrada\u00e7\u00e3o do piso asf\u00e1ltico se agravou.<\/p>\n<p style=\"text-align: justify;\">S\u00f3 nesta quarta-feira(08), equipes da SECIN atuaram em pelo meno 4 pontos com opera\u00e7\u00f5es de drenagem, segundo a assessoria de comunica\u00e7\u00e3o da prefeitura. A secretaria segue ainda com o trabalho de desobstru\u00e7\u00e3o de manilhas em diversas \u00e1reas da cidade, al\u00e9m da limpeza do rio Catu.<\/p>\n<p style=\"text-align: justify;\">Ainda no programa, um outro problema foi citado por Caio Pimenta. A empresa respons\u00e1vel pelas obras de reforma da Pra\u00e7a Kennedy est\u00e1 com os repasses da Prefeitura em atraso, causando uma diminui\u00e7\u00e3o no ritmo dos trabalhos de finaliza\u00e7\u00e3o das melhorias, or\u00e7adas em torno de R$500 mil. O alagamento da avenida Rio Branco, que tirou o brilho da festa de final de ano da Prefeitura, \u00e9 outro problema que a SECIN ter\u00e1 que encarar antes que chegue o inverno.<\/p>\n<p><iframe loading=\"lazy\" title=\"Bancada do Primeira M\u00e3o comenta problemas na SECIN de Alagoinhas\" width=\"696\" height=\"392\" src=\"https:\/\/www.youtube.com\/embed\/NPuScp7gdVU?start=16&#038;feature=oembed\" frameborder=\"0\" allow=\"accelerometer; autoplay; encrypted-media; gyroscope; picture-in-picture\" allowfullscreen><\/iframe><\/p>\n<p style=\"text-align: right;\">Por Paulo Dias para o News Infoco<\/p>\n<div class='share-to-whatsapp-wrapper'><div class='share-on-whsp'>Share on: <\/div><a data-text='Secretaria de Infraestrutura de Alagoinhas come\u00e7a o ano com grandes problemas a serem enfrentados' data-link='https:\/\/newsinfoco.com.br\/inicio\/secretaria-de-infraestrutura-de-alagoinhas-comeca-o-ano-com-grandes-problemas-a-serem-enfrentados\/' class='whatsapp-button whatsapp-share'>WhatsApp<\/a><div class='clear '><\/div><\/div>","protected":false},"excerpt":{"rendered":"<p>Embora a secret\u00e1ria municipal de infraestrutura de Alagoinhas, Maria da Gra\u00e7as, tenha afirmado, no balan\u00e7o que fez ao programa Primeira M\u00e3o, que a opera\u00e7\u00e3o Tapa-buraco tem avan\u00e7ado, as reclama\u00e7\u00f5es ainda persistem. O rep\u00f3rter Luciano Reis chamou a aten\u00e7\u00e3o para duas crateras existentes no bairro Dois de Julho na edi\u00e7\u00e3o do programa desta quarta-feira(08). Caio Pimenta, [&hellip;]<\/p>\n","protected":false},"author":1,"featured_media":19746,"comment_status":"open","ping_status":"open","sticky":false,"template":"","format":"standard","meta":{"om_disable_all_campaigns":false,"rop_custom_images_group":[],"rop_custom_messages_group":[],"rop_publish_now":"initial","rop_publish_now_accounts":[],"rop_publish_now_history":[],"rop_publish_now_status":"pending","_exactmetrics_skip_tracking":false,"footnotes":""},"categories":[38,30],"tags":[],"class_list":["post-19745","post","type-post","status-publish","format-standard","has-post-thumbnail","hentry","category-alagoinhas-e-regiao","category-destaque"],"aioseo_notices":[],"aioseo_head":"\n\t\t<!-- All in One SEO 4.9.10 - aioseo.com -->\n\t<meta name=\"description\" content=\"Embora a secret\u00e1ria municipal de infraestrutura de Alagoinhas, Maria da Gra\u00e7as, tenha afirmado, no balan\u00e7o que fez ao programa Primeira M\u00e3o, que a opera\u00e7\u00e3o Tapa-buraco tem avan\u00e7ado, as reclama\u00e7\u00f5es ainda persistem. O rep\u00f3rter Luciano Reis chamou a aten\u00e7\u00e3o para duas crateras existentes no bairro Dois de Julho na edi\u00e7\u00e3o do programa desta quarta-feira(08). Caio Pimenta,\" \/>\n\t<meta name=\"robots\" content=\"max-image-preview:large\" \/>\n\t<meta name=\"author\" content=\"administrador\"\/>\n\t<link rel=\"canonical\" href=\"https:\/\/newsinfoco.com.br\/inicio\/secretaria-de-infraestrutura-de-alagoinhas-comeca-o-ano-com-grandes-problemas-a-serem-enfrentados\/\" \/>\n\t<meta name=\"generator\" content=\"All in One SEO (AIOSEO) 4.9.10\" \/>\n\t\t<meta property=\"og:locale\" content=\"pt_BR\" \/>\n\t\t<meta property=\"og:site_name\" content=\"News In Foco - Editado por Caio Pimenta - O principal site de noticias de Alagoinhas e regi\u00e3o\" \/>\n\t\t<meta property=\"og:type\" content=\"article\" \/>\n\t\t<meta property=\"og:title\" content=\"Secretaria de Infraestrutura de Alagoinhas come\u00e7a o ano com grandes problemas a serem enfrentados - News In Foco - Editado por Caio Pimenta\" \/>\n\t\t<meta property=\"og:description\" content=\"Embora a secret\u00e1ria municipal de infraestrutura de Alagoinhas, Maria da Gra\u00e7as, tenha afirmado, no balan\u00e7o que fez ao programa Primeira M\u00e3o, que a opera\u00e7\u00e3o Tapa-buraco tem avan\u00e7ado, as reclama\u00e7\u00f5es ainda persistem. O rep\u00f3rter Luciano Reis chamou a aten\u00e7\u00e3o para duas crateras existentes no bairro Dois de Julho na edi\u00e7\u00e3o do programa desta quarta-feira(08). Caio Pimenta,\" \/>\n\t\t<meta property=\"og:url\" content=\"https:\/\/newsinfoco.com.br\/inicio\/secretaria-de-infraestrutura-de-alagoinhas-comeca-o-ano-com-grandes-problemas-a-serem-enfrentados\/\" \/>\n\t\t<meta property=\"article:published_time\" content=\"2020-01-08T21:53:26+00:00\" \/>\n\t\t<meta property=\"article:modified_time\" content=\"2020-01-08T21:53:26+00:00\" \/>\n\t\t<meta name=\"twitter:card\" content=\"summary_large_image\" \/>\n\t\t<meta name=\"twitter:title\" content=\"Secretaria de Infraestrutura de Alagoinhas come\u00e7a o ano com grandes problemas a serem enfrentados - News In Foco - Editado por Caio Pimenta\" \/>\n\t\t<meta name=\"twitter:description\" content=\"Embora a secret\u00e1ria municipal de infraestrutura de Alagoinhas, Maria da Gra\u00e7as, tenha afirmado, no balan\u00e7o que fez ao programa Primeira M\u00e3o, que a opera\u00e7\u00e3o Tapa-buraco tem avan\u00e7ado, as reclama\u00e7\u00f5es ainda persistem. O rep\u00f3rter Luciano Reis chamou a aten\u00e7\u00e3o para duas crateras existentes no bairro Dois de Julho na edi\u00e7\u00e3o do programa desta quarta-feira(08). Caio Pimenta,\" \/>\n\t\t<script type=\"application\/ld+json\" class=\"aioseo-schema\">\n\t\t\t{\"@context\":\"https:\\\/\\\/schema.org\",\"@graph\":[{\"@type\":\"BlogPosting\",\"@id\":\"https:\\\/\\\/newsinfoco.com.br\\\/inicio\\\/secretaria-de-infraestrutura-de-alagoinhas-comeca-o-ano-com-grandes-problemas-a-serem-enfrentados\\\/#blogposting\",\"name\":\"Secretaria de Infraestrutura de Alagoinhas come\\u00e7a o ano com grandes problemas a serem enfrentados - News In Foco - Editado por Caio Pimenta\",\"headline\":\"Secretaria de Infraestrutura de Alagoinhas come\\u00e7a o ano com grandes problemas a serem enfrentados\",\"author\":{\"@id\":\"https:\\\/\\\/newsinfoco.com.br\\\/inicio\\\/author\\\/administrador\\\/#author\"},\"publisher\":{\"@id\":\"https:\\\/\\\/newsinfoco.com.br\\\/inicio\\\/#organization\"},\"image\":{\"@type\":\"ImageObject\",\"url\":\"https:\\\/\\\/newsinfoco.com.br\\\/inicio\\\/wp-content\\\/uploads\\\/2020\\\/01\\\/WhatsApp-Image-2020-01-03-at-15.07.25-1.jpeg\",\"width\":748,\"height\":488,\"caption\":\"Ap\\u00f3s as fortes chuvas, equipes da SECIN fazem interven\\u00e7\\u00f5es em v\\u00e1rios pontos da cidade\"},\"datePublished\":\"2020-01-08T18:53:26-03:00\",\"dateModified\":\"2020-01-08T18:53:26-03:00\",\"inLanguage\":\"pt-BR\",\"mainEntityOfPage\":{\"@id\":\"https:\\\/\\\/newsinfoco.com.br\\\/inicio\\\/secretaria-de-infraestrutura-de-alagoinhas-comeca-o-ano-com-grandes-problemas-a-serem-enfrentados\\\/#webpage\"},\"isPartOf\":{\"@id\":\"https:\\\/\\\/newsinfoco.com.br\\\/inicio\\\/secretaria-de-infraestrutura-de-alagoinhas-comeca-o-ano-com-grandes-problemas-a-serem-enfrentados\\\/#webpage\"},\"articleSection\":\"Alagoinhas e Regi\\u00e3o, Destaque\"},{\"@type\":\"BreadcrumbList\",\"@id\":\"https:\\\/\\\/newsinfoco.com.br\\\/inicio\\\/secretaria-de-infraestrutura-de-alagoinhas-comeca-o-ano-com-grandes-problemas-a-serem-enfrentados\\\/#breadcrumblist\",\"itemListElement\":[{\"@type\":\"ListItem\",\"@id\":\"https:\\\/\\\/newsinfoco.com.br\\\/inicio#listItem\",\"position\":1,\"name\":\"In\\u00edcio\",\"item\":\"https:\\\/\\\/newsinfoco.com.br\\\/inicio\",\"nextItem\":{\"@type\":\"ListItem\",\"@id\":\"https:\\\/\\\/newsinfoco.com.br\\\/inicio\\\/category\\\/destaque\\\/#listItem\",\"name\":\"Destaque\"}},{\"@type\":\"ListItem\",\"@id\":\"https:\\\/\\\/newsinfoco.com.br\\\/inicio\\\/category\\\/destaque\\\/#listItem\",\"position\":2,\"name\":\"Destaque\",\"item\":\"https:\\\/\\\/newsinfoco.com.br\\\/inicio\\\/category\\\/destaque\\\/\",\"nextItem\":{\"@type\":\"ListItem\",\"@id\":\"https:\\\/\\\/newsinfoco.com.br\\\/inicio\\\/secretaria-de-infraestrutura-de-alagoinhas-comeca-o-ano-com-grandes-problemas-a-serem-enfrentados\\\/#listItem\",\"name\":\"Secretaria de Infraestrutura de Alagoinhas come\\u00e7a o ano com grandes problemas a serem enfrentados\"},\"previousItem\":{\"@type\":\"ListItem\",\"@id\":\"https:\\\/\\\/newsinfoco.com.br\\\/inicio#listItem\",\"name\":\"In\\u00edcio\"}},{\"@type\":\"ListItem\",\"@id\":\"https:\\\/\\\/newsinfoco.com.br\\\/inicio\\\/secretaria-de-infraestrutura-de-alagoinhas-comeca-o-ano-com-grandes-problemas-a-serem-enfrentados\\\/#listItem\",\"position\":3,\"name\":\"Secretaria de Infraestrutura de Alagoinhas come\\u00e7a o ano com grandes problemas a serem enfrentados\",\"previousItem\":{\"@type\":\"ListItem\",\"@id\":\"https:\\\/\\\/newsinfoco.com.br\\\/inicio\\\/category\\\/destaque\\\/#listItem\",\"name\":\"Destaque\"}}]},{\"@type\":\"Organization\",\"@id\":\"https:\\\/\\\/newsinfoco.com.br\\\/inicio\\\/#organization\",\"name\":\"News In Foco - Editado por Caio Pimenta\",\"description\":\"O principal site de noticias de Alagoinhas e regi\\u00e3o\",\"url\":\"https:\\\/\\\/newsinfoco.com.br\\\/inicio\\\/\"},{\"@type\":\"Person\",\"@id\":\"https:\\\/\\\/newsinfoco.com.br\\\/inicio\\\/author\\\/administrador\\\/#author\",\"url\":\"https:\\\/\\\/newsinfoco.com.br\\\/inicio\\\/author\\\/administrador\\\/\",\"name\":\"administrador\",\"image\":{\"@type\":\"ImageObject\",\"@id\":\"https:\\\/\\\/newsinfoco.com.br\\\/inicio\\\/secretaria-de-infraestrutura-de-alagoinhas-comeca-o-ano-com-grandes-problemas-a-serem-enfrentados\\\/#authorImage\",\"url\":\"https:\\\/\\\/secure.gravatar.com\\\/avatar\\\/c17a617433de8c1dc9584bb79aab7563b46f5bb7e1728c9b17d9cc3ce6a08e49?s=96&d=mm&r=g\",\"width\":96,\"height\":96,\"caption\":\"administrador\"}},{\"@type\":\"WebPage\",\"@id\":\"https:\\\/\\\/newsinfoco.com.br\\\/inicio\\\/secretaria-de-infraestrutura-de-alagoinhas-comeca-o-ano-com-grandes-problemas-a-serem-enfrentados\\\/#webpage\",\"url\":\"https:\\\/\\\/newsinfoco.com.br\\\/inicio\\\/secretaria-de-infraestrutura-de-alagoinhas-comeca-o-ano-com-grandes-problemas-a-serem-enfrentados\\\/\",\"name\":\"Secretaria de Infraestrutura de Alagoinhas come\\u00e7a o ano com grandes problemas a serem enfrentados - News In Foco - Editado por Caio Pimenta\",\"description\":\"Embora a secret\\u00e1ria municipal de infraestrutura de Alagoinhas, Maria da Gra\\u00e7as, tenha afirmado, no balan\\u00e7o que fez ao programa Primeira M\\u00e3o, que a opera\\u00e7\\u00e3o Tapa-buraco tem avan\\u00e7ado, as reclama\\u00e7\\u00f5es ainda persistem. O rep\\u00f3rter Luciano Reis chamou a aten\\u00e7\\u00e3o para duas crateras existentes no bairro Dois de Julho na edi\\u00e7\\u00e3o do programa desta quarta-feira(08). Caio Pimenta,\",\"inLanguage\":\"pt-BR\",\"isPartOf\":{\"@id\":\"https:\\\/\\\/newsinfoco.com.br\\\/inicio\\\/#website\"},\"breadcrumb\":{\"@id\":\"https:\\\/\\\/newsinfoco.com.br\\\/inicio\\\/secretaria-de-infraestrutura-de-alagoinhas-comeca-o-ano-com-grandes-problemas-a-serem-enfrentados\\\/#breadcrumblist\"},\"author\":{\"@id\":\"https:\\\/\\\/newsinfoco.com.br\\\/inicio\\\/author\\\/administrador\\\/#author\"},\"creator\":{\"@id\":\"https:\\\/\\\/newsinfoco.com.br\\\/inicio\\\/author\\\/administrador\\\/#author\"},\"image\":{\"@type\":\"ImageObject\",\"url\":\"https:\\\/\\\/newsinfoco.com.br\\\/inicio\\\/wp-content\\\/uploads\\\/2020\\\/01\\\/WhatsApp-Image-2020-01-03-at-15.07.25-1.jpeg\",\"@id\":\"https:\\\/\\\/newsinfoco.com.br\\\/inicio\\\/secretaria-de-infraestrutura-de-alagoinhas-comeca-o-ano-com-grandes-problemas-a-serem-enfrentados\\\/#mainImage\",\"width\":748,\"height\":488,\"caption\":\"Ap\\u00f3s as fortes chuvas, equipes da SECIN fazem interven\\u00e7\\u00f5es em v\\u00e1rios pontos da cidade\"},\"primaryImageOfPage\":{\"@id\":\"https:\\\/\\\/newsinfoco.com.br\\\/inicio\\\/secretaria-de-infraestrutura-de-alagoinhas-comeca-o-ano-com-grandes-problemas-a-serem-enfrentados\\\/#mainImage\"},\"datePublished\":\"2020-01-08T18:53:26-03:00\",\"dateModified\":\"2020-01-08T18:53:26-03:00\"},{\"@type\":\"WebSite\",\"@id\":\"https:\\\/\\\/newsinfoco.com.br\\\/inicio\\\/#website\",\"url\":\"https:\\\/\\\/newsinfoco.com.br\\\/inicio\\\/\",\"name\":\"News In Foco - Editado por Caio Pimenta\",\"description\":\"O principal site de noticias de Alagoinhas e regi\\u00e3o\",\"inLanguage\":\"pt-BR\",\"publisher\":{\"@id\":\"https:\\\/\\\/newsinfoco.com.br\\\/inicio\\\/#organization\"}}]}\n\t\t<\/script>\n\t\t<!-- All in One SEO -->\n\n","aioseo_head_json":{"title":"Secretaria de Infraestrutura de Alagoinhas come\u00e7a o ano com grandes problemas a serem enfrentados - News In Foco - Editado por Caio Pimenta","description":"Embora a secret\u00e1ria municipal de infraestrutura de Alagoinhas, Maria da Gra\u00e7as, tenha afirmado, no balan\u00e7o que fez ao programa Primeira M\u00e3o, que a opera\u00e7\u00e3o Tapa-buraco tem avan\u00e7ado, as reclama\u00e7\u00f5es ainda persistem. O rep\u00f3rter Luciano Reis chamou a aten\u00e7\u00e3o para duas crateras existentes no bairro Dois de Julho na edi\u00e7\u00e3o do programa desta quarta-feira(08). Caio Pimenta,","canonical_url":"https:\/\/newsinfoco.com.br\/inicio\/secretaria-de-infraestrutura-de-alagoinhas-comeca-o-ano-com-grandes-problemas-a-serem-enfrentados\/","robots":"max-image-preview:large","keywords":"","webmasterTools":{"miscellaneous":""},"schema":{"@context":"https:\/\/schema.org","@graph":[{"@type":"BlogPosting","@id":"https:\/\/newsinfoco.com.br\/inicio\/secretaria-de-infraestrutura-de-alagoinhas-comeca-o-ano-com-grandes-problemas-a-serem-enfrentados\/#blogposting","name":"Secretaria de Infraestrutura de Alagoinhas come\u00e7a o ano com grandes problemas a serem enfrentados - News In Foco - Editado por Caio Pimenta","headline":"Secretaria de Infraestrutura de Alagoinhas come\u00e7a o ano com grandes problemas a serem enfrentados","author":{"@id":"https:\/\/newsinfoco.com.br\/inicio\/author\/administrador\/#author"},"publisher":{"@id":"https:\/\/newsinfoco.com.br\/inicio\/#organization"},"image":{"@type":"ImageObject","url":"https:\/\/newsinfoco.com.br\/inicio\/wp-content\/uploads\/2020\/01\/WhatsApp-Image-2020-01-03-at-15.07.25-1.jpeg","width":748,"height":488,"caption":"Ap\u00f3s as fortes chuvas, equipes da SECIN fazem interven\u00e7\u00f5es em v\u00e1rios pontos da cidade"},"datePublished":"2020-01-08T18:53:26-03:00","dateModified":"2020-01-08T18:53:26-03:00","inLanguage":"pt-BR","mainEntityOfPage":{"@id":"https:\/\/newsinfoco.com.br\/inicio\/secretaria-de-infraestrutura-de-alagoinhas-comeca-o-ano-com-grandes-problemas-a-serem-enfrentados\/#webpage"},"isPartOf":{"@id":"https:\/\/newsinfoco.com.br\/inicio\/secretaria-de-infraestrutura-de-alagoinhas-comeca-o-ano-com-grandes-problemas-a-serem-enfrentados\/#webpage"},"articleSection":"Alagoinhas e Regi\u00e3o, Destaque"},{"@type":"BreadcrumbList","@id":"https:\/\/newsinfoco.com.br\/inicio\/secretaria-de-infraestrutura-de-alagoinhas-comeca-o-ano-com-grandes-problemas-a-serem-enfrentados\/#breadcrumblist","itemListElement":[{"@type":"ListItem","@id":"https:\/\/newsinfoco.com.br\/inicio#listItem","position":1,"name":"In\u00edcio","item":"https:\/\/newsinfoco.com.br\/inicio","nextItem":{"@type":"ListItem","@id":"https:\/\/newsinfoco.com.br\/inicio\/category\/destaque\/#listItem","name":"Destaque"}},{"@type":"ListItem","@id":"https:\/\/newsinfoco.com.br\/inicio\/category\/destaque\/#listItem","position":2,"name":"Destaque","item":"https:\/\/newsinfoco.com.br\/inicio\/category\/destaque\/","nextItem":{"@type":"ListItem","@id":"https:\/\/newsinfoco.com.br\/inicio\/secretaria-de-infraestrutura-de-alagoinhas-comeca-o-ano-com-grandes-problemas-a-serem-enfrentados\/#listItem","name":"Secretaria de Infraestrutura de Alagoinhas come\u00e7a o ano com grandes problemas a serem enfrentados"},"previousItem":{"@type":"ListItem","@id":"https:\/\/newsinfoco.com.br\/inicio#listItem","name":"In\u00edcio"}},{"@type":"ListItem","@id":"https:\/\/newsinfoco.com.br\/inicio\/secretaria-de-infraestrutura-de-alagoinhas-comeca-o-ano-com-grandes-problemas-a-serem-enfrentados\/#listItem","position":3,"name":"Secretaria de Infraestrutura de Alagoinhas come\u00e7a o ano com grandes problemas a serem enfrentados","previousItem":{"@type":"ListItem","@id":"https:\/\/newsinfoco.com.br\/inicio\/category\/destaque\/#listItem","name":"Destaque"}}]},{"@type":"Organization","@id":"https:\/\/newsinfoco.com.br\/inicio\/#organization","name":"News In Foco - Editado por Caio Pimenta","description":"O principal site de noticias de Alagoinhas e regi\u00e3o","url":"https:\/\/newsinfoco.com.br\/inicio\/"},{"@type":"Person","@id":"https:\/\/newsinfoco.com.br\/inicio\/author\/administrador\/#author","url":"https:\/\/newsinfoco.com.br\/inicio\/author\/administrador\/","name":"administrador","image":{"@type":"ImageObject","@id":"https:\/\/newsinfoco.com.br\/inicio\/secretaria-de-infraestrutura-de-alagoinhas-comeca-o-ano-com-grandes-problemas-a-serem-enfrentados\/#authorImage","url":"https:\/\/secure.gravatar.com\/avatar\/c17a617433de8c1dc9584bb79aab7563b46f5bb7e1728c9b17d9cc3ce6a08e49?s=96&d=mm&r=g","width":96,"height":96,"caption":"administrador"}},{"@type":"WebPage","@id":"https:\/\/newsinfoco.com.br\/inicio\/secretaria-de-infraestrutura-de-alagoinhas-comeca-o-ano-com-grandes-problemas-a-serem-enfrentados\/#webpage","url":"https:\/\/newsinfoco.com.br\/inicio\/secretaria-de-infraestrutura-de-alagoinhas-comeca-o-ano-com-grandes-problemas-a-serem-enfrentados\/","name":"Secretaria de Infraestrutura de Alagoinhas come\u00e7a o ano com grandes problemas a serem enfrentados - News In Foco - Editado por Caio Pimenta","description":"Embora a secret\u00e1ria municipal de infraestrutura de Alagoinhas, Maria da Gra\u00e7as, tenha afirmado, no balan\u00e7o que fez ao programa Primeira M\u00e3o, que a opera\u00e7\u00e3o Tapa-buraco tem avan\u00e7ado, as reclama\u00e7\u00f5es ainda persistem. O rep\u00f3rter Luciano Reis chamou a aten\u00e7\u00e3o para duas crateras existentes no bairro Dois de Julho na edi\u00e7\u00e3o do programa desta quarta-feira(08). Caio Pimenta,","inLanguage":"pt-BR","isPartOf":{"@id":"https:\/\/newsinfoco.com.br\/inicio\/#website"},"breadcrumb":{"@id":"https:\/\/newsinfoco.com.br\/inicio\/secretaria-de-infraestrutura-de-alagoinhas-comeca-o-ano-com-grandes-problemas-a-serem-enfrentados\/#breadcrumblist"},"author":{"@id":"https:\/\/newsinfoco.com.br\/inicio\/author\/administrador\/#author"},"creator":{"@id":"https:\/\/newsinfoco.com.br\/inicio\/author\/administrador\/#author"},"image":{"@type":"ImageObject","url":"https:\/\/newsinfoco.com.br\/inicio\/wp-content\/uploads\/2020\/01\/WhatsApp-Image-2020-01-03-at-15.07.25-1.jpeg","@id":"https:\/\/newsinfoco.com.br\/inicio\/secretaria-de-infraestrutura-de-alagoinhas-comeca-o-ano-com-grandes-problemas-a-serem-enfrentados\/#mainImage","width":748,"height":488,"caption":"Ap\u00f3s as fortes chuvas, equipes da SECIN fazem interven\u00e7\u00f5es em v\u00e1rios pontos da cidade"},"primaryImageOfPage":{"@id":"https:\/\/newsinfoco.com.br\/inicio\/secretaria-de-infraestrutura-de-alagoinhas-comeca-o-ano-com-grandes-problemas-a-serem-enfrentados\/#mainImage"},"datePublished":"2020-01-08T18:53:26-03:00","dateModified":"2020-01-08T18:53:26-03:00"},{"@type":"WebSite","@id":"https:\/\/newsinfoco.com.br\/inicio\/#website","url":"https:\/\/newsinfoco.com.br\/inicio\/","name":"News In Foco - Editado por Caio Pimenta","description":"O principal site de noticias de Alagoinhas e regi\u00e3o","inLanguage":"pt-BR","publisher":{"@id":"https:\/\/newsinfoco.com.br\/inicio\/#organization"}}]},"og:locale":"pt_BR","og:site_name":"News In Foco - Editado por Caio Pimenta - O principal site de noticias de Alagoinhas e regi\u00e3o","og:type":"article","og:title":"Secretaria de Infraestrutura de Alagoinhas come\u00e7a o ano com grandes problemas a serem enfrentados - News In Foco - Editado por Caio Pimenta","og:description":"Embora a secret\u00e1ria municipal de infraestrutura de Alagoinhas, Maria da Gra\u00e7as, tenha afirmado, no balan\u00e7o que fez ao programa Primeira M\u00e3o, que a opera\u00e7\u00e3o Tapa-buraco tem avan\u00e7ado, as reclama\u00e7\u00f5es ainda persistem. O rep\u00f3rter Luciano Reis chamou a aten\u00e7\u00e3o para duas crateras existentes no bairro Dois de Julho na edi\u00e7\u00e3o do programa desta quarta-feira(08). Caio Pimenta,","og:url":"https:\/\/newsinfoco.com.br\/inicio\/secretaria-de-infraestrutura-de-alagoinhas-comeca-o-ano-com-grandes-problemas-a-serem-enfrentados\/","article:published_time":"2020-01-08T21:53:26+00:00","article:modified_time":"2020-01-08T21:53:26+00:00","twitter:card":"summary_large_image","twitter:title":"Secretaria de Infraestrutura de Alagoinhas come\u00e7a o ano com grandes problemas a serem enfrentados - News In Foco - Editado por Caio Pimenta","twitter:description":"Embora a secret\u00e1ria municipal de infraestrutura de Alagoinhas, Maria da Gra\u00e7as, tenha afirmado, no balan\u00e7o que fez ao programa Primeira M\u00e3o, que a opera\u00e7\u00e3o Tapa-buraco tem avan\u00e7ado, as reclama\u00e7\u00f5es ainda persistem. O rep\u00f3rter Luciano Reis chamou a aten\u00e7\u00e3o para duas crateras existentes no bairro Dois de Julho na edi\u00e7\u00e3o do programa desta quarta-feira(08). Caio Pimenta,"},"aioseo_meta_data":{"post_id":"19745","title":null,"description":null,"keywords":null,"keyphrases":null,"primary_term":null,"canonical_url":null,"og_title":null,"og_description":null,"og_object_type":"default","og_image_type":"default","og_image_url":null,"og_image_width":null,"og_image_height":null,"og_image_custom_url":null,"og_image_custom_fields":null,"og_video":null,"og_custom_url":null,"og_article_section":null,"og_article_tags":null,"twitter_use_og":false,"twitter_card":"default","twitter_image_type":"default","twitter_image_url":null,"twitter_image_custom_url":null,"twitter_image_custom_fields":null,"twitter_title":null,"twitter_description":null,"schema":{"blockGraphs":[],"customGraphs":[],"default":{"data":{"Article":[],"Course":[],"Dataset":[],"FAQPage":[],"Movie":[],"Person":[],"Product":[],"ProductReview":[],"Car":[],"Recipe":[],"Service":[],"SoftwareApplication":[],"WebPage":[]},"graphName":"","isEnabled":true},"graphs":[]},"schema_type":"default","schema_type_options":null,"pillar_content":false,"robots_default":true,"robots_noindex":false,"robots_noarchive":false,"robots_nosnippet":false,"robots_nofollow":false,"robots_noimageindex":false,"robots_noodp":false,"robots_notranslate":false,"robots_max_snippet":null,"robots_max_videopreview":null,"robots_max_imagepreview":"large","priority":null,"frequency":null,"local_seo":null,"breadcrumb_settings":null,"limit_modified_date":false,"ai":null,"created":"2023-06-12 15:53:44","updated":"2025-07-11 02:29:05","seo_analyzer_scan_date":null},"aioseo_breadcrumb":"<div class=\"aioseo-breadcrumbs\"><span class=\"aioseo-breadcrumb\">\n\t\t\t<a href=\"https:\/\/newsinfoco.com.br\/inicio\" title=\"In\u00edcio\">In\u00edcio<\/a>\n\t\t<\/span><span class=\"aioseo-breadcrumb-separator\">&raquo;<\/span><span class=\"aioseo-breadcrumb\">\n\t\t\t<a href=\"https:\/\/newsinfoco.com.br\/inicio\/category\/destaque\/\" title=\"Destaque\">Destaque<\/a>\n\t\t<\/span><span class=\"aioseo-breadcrumb-separator\">&raquo;<\/span><span class=\"aioseo-breadcrumb\">\n\t\t\tSecretaria de Infraestrutura de Alagoinhas come\u00e7a o ano com grandes problemas a serem enfrentados\n\t\t<\/span><\/div>","aioseo_breadcrumb_json":[{"label":"In\u00edcio","link":"https:\/\/newsinfoco.com.br\/inicio"},{"label":"Destaque","link":"https:\/\/newsinfoco.com.br\/inicio\/category\/destaque\/"},{"label":"Secretaria de Infraestrutura de Alagoinhas come\u00e7a o ano com grandes problemas a serem enfrentados","link":"https:\/\/newsinfoco.com.br\/inicio\/secretaria-de-infraestrutura-de-alagoinhas-comeca-o-ano-com-grandes-problemas-a-serem-enfrentados\/"}],"_links":{"self":[{"href":"https:\/\/newsinfoco.com.br\/inicio\/wp-json\/wp\/v2\/posts\/19745","targetHints":{"allow":["GET"]}}],"collection":[{"href":"https:\/\/newsinfoco.com.br\/inicio\/wp-json\/wp\/v2\/posts"}],"about":[{"href":"https:\/\/newsinfoco.com.br\/inicio\/wp-json\/wp\/v2\/types\/post"}],"author":[{"embeddable":true,"href":"https:\/\/newsinfoco.com.br\/inicio\/wp-json\/wp\/v2\/users\/1"}],"replies":[{"embeddable":true,"href":"https:\/\/newsinfoco.com.br\/inicio\/wp-json\/wp\/v2\/comments?post=19745"}],"version-history":[{"count":0,"href":"https:\/\/newsinfoco.com.br\/inicio\/wp-json\/wp\/v2\/posts\/19745\/revisions"}],"wp:featuredmedia":[{"embeddable":true,"href":"https:\/\/newsinfoco.com.br\/inicio\/wp-json\/wp\/v2\/media\/19746"}],"wp:attachment":[{"href":"https:\/\/newsinfoco.com.br\/inicio\/wp-json\/wp\/v2\/media?parent=19745"}],"wp:term":[{"taxonomy":"category","embeddable":true,"href":"https:\/\/newsinfoco.com.br\/inicio\/wp-json\/wp\/v2\/categories?post=19745"},{"taxonomy":"post_tag","embeddable":true,"href":"https:\/\/newsinfoco.com.br\/inicio\/wp-json\/wp\/v2\/tags?post=19745"}],"curies":[{"name":"wp","href":"https:\/\/api.w.org\/{rel}","templated":true}]}}