{"id":19759,"date":"2020-01-08T20:17:00","date_gmt":"2020-01-08T23:17:00","guid":{"rendered":"http:\/\/newsinfoco.com.br\/?p=19759"},"modified":"2020-01-08T20:17:00","modified_gmt":"2020-01-08T23:17:00","slug":"justica-ordena-retirada-do-especial-de-natal-do-porta-dos-fundos","status":"publish","type":"post","link":"https:\/\/newsinfoco.com.br\/inicio\/justica-ordena-retirada-do-especial-de-natal-do-porta-dos-fundos\/","title":{"rendered":"Justi\u00e7a ordena retirada do especial de Natal do Porta dos Fundos"},"content":{"rendered":"<p style=\"text-align: justify;\">O desembargador Benedicto Abicair, da 6\u00aa C\u00e2mara C\u00edvel do Tribunal de Justi\u00e7a do Rio de Janeiro, ordenou a retirada do &#8220;Especial de Natal Porta dos Fundos: A Primeira Tenta\u00e7\u00e3o de Cristo&#8221; do ar. A decis\u00e3o foi proferida nesta quarta-feira (8) atrav\u00e9s de uma liminar e classificada pelo ministro do Supremo Tribunal Federal (STF) Marco Aur\u00e9lio como censura.<\/p>\n<p style=\"text-align: justify;\">&#8220;Por todo o exposto, se me aparenta, portanto, mais adequado e ben\u00e9fico, n\u00e3o s\u00f3 para a comunidade crist\u00e3, mas para a sociedade brasileira, majoritariamente crist\u00e3, at\u00e9 que se julgue o m\u00e9rito do Agravo, recorrer-se \u00e0 cautela, para acalmar \u00e2nimos, pelo que concedo a liminar na forma requerida&#8221;, escreveu o magistrado. De acordo com o G1, a decis\u00e3o judicial atende a um pedido feito pela Associa\u00e7\u00e3o Centro Dom Bosco de F\u00e9 e Cultura que havia sido negado em primeira inst\u00e2ncia.<\/p>\n<p style=\"text-align: justify;\">O ministro do STF Marco Aur\u00e9lio, em contato com a coluna de Bernardo Mello Franco, de O Globo, afirmou que a decis\u00e3o de retirar o v\u00eddeo do ar n\u00e3o tem amparo na Constitui\u00e7\u00e3o. &#8220;\u00c9 uma barbaridade. Os ares democr\u00e1ticos n\u00e3o admitem a censura&#8221;, afirmou.<\/p>\n<p style=\"text-align: justify;\">Segundo o ministro, a liminar ser\u00e1 derrubada pelos tribunais superiores.<\/p>\n<div class='share-to-whatsapp-wrapper'><div class='share-on-whsp'>Share on: <\/div><a data-text='Justi\u00e7a ordena retirada do especial de Natal do Porta dos Fundos' data-link='https:\/\/newsinfoco.com.br\/inicio\/justica-ordena-retirada-do-especial-de-natal-do-porta-dos-fundos\/' class='whatsapp-button whatsapp-share'>WhatsApp<\/a><div class='clear '><\/div><\/div>","protected":false},"excerpt":{"rendered":"<p>O desembargador Benedicto Abicair, da 6\u00aa C\u00e2mara C\u00edvel do Tribunal de Justi\u00e7a do Rio de Janeiro, ordenou a retirada do &#8220;Especial de Natal Porta dos Fundos: A Primeira Tenta\u00e7\u00e3o de Cristo&#8221; do ar. A decis\u00e3o foi proferida nesta quarta-feira (8) atrav\u00e9s de uma liminar e classificada pelo ministro do Supremo Tribunal Federal (STF) Marco Aur\u00e9lio [&hellip;]<\/p>\n","protected":false},"author":1,"featured_media":19760,"comment_status":"open","ping_status":"open","sticky":false,"template":"","format":"standard","meta":{"om_disable_all_campaigns":false,"rop_custom_images_group":[],"rop_custom_messages_group":[],"rop_publish_now":"initial","rop_publish_now_accounts":[],"rop_publish_now_history":[],"rop_publish_now_status":"pending","_exactmetrics_skip_tracking":false,"footnotes":""},"categories":[21,30],"tags":[],"class_list":["post-19759","post","type-post","status-publish","format-standard","has-post-thumbnail","hentry","category-brasil","category-destaque"],"aioseo_notices":[],"aioseo_head":"\n\t\t<!-- All in One SEO 4.9.10 - aioseo.com -->\n\t<meta name=\"description\" content=\"O desembargador Benedicto Abicair, da 6\u00aa C\u00e2mara C\u00edvel do Tribunal de Justi\u00e7a do Rio de Janeiro, ordenou a retirada do &quot;Especial de Natal Porta dos Fundos: A Primeira Tenta\u00e7\u00e3o de Cristo&quot; do ar. A decis\u00e3o foi proferida nesta quarta-feira (8) atrav\u00e9s de uma liminar e classificada pelo ministro do Supremo Tribunal Federal (STF) Marco Aur\u00e9lio\" \/>\n\t<meta name=\"robots\" content=\"max-image-preview:large\" \/>\n\t<meta name=\"author\" content=\"administrador\"\/>\n\t<link rel=\"canonical\" href=\"https:\/\/newsinfoco.com.br\/inicio\/justica-ordena-retirada-do-especial-de-natal-do-porta-dos-fundos\/\" \/>\n\t<meta name=\"generator\" content=\"All in One SEO (AIOSEO) 4.9.10\" \/>\n\t\t<meta property=\"og:locale\" content=\"pt_BR\" \/>\n\t\t<meta property=\"og:site_name\" content=\"News In Foco - Editado por Caio Pimenta - O principal site de noticias de Alagoinhas e regi\u00e3o\" \/>\n\t\t<meta property=\"og:type\" content=\"article\" \/>\n\t\t<meta property=\"og:title\" content=\"Justi\u00e7a ordena retirada do especial de Natal do Porta dos Fundos - News In Foco - Editado por Caio Pimenta\" \/>\n\t\t<meta property=\"og:description\" content=\"O desembargador Benedicto Abicair, da 6\u00aa C\u00e2mara C\u00edvel do Tribunal de Justi\u00e7a do Rio de Janeiro, ordenou a retirada do &quot;Especial de Natal Porta dos Fundos: A Primeira Tenta\u00e7\u00e3o de Cristo&quot; do ar. A decis\u00e3o foi proferida nesta quarta-feira (8) atrav\u00e9s de uma liminar e classificada pelo ministro do Supremo Tribunal Federal (STF) Marco Aur\u00e9lio\" \/>\n\t\t<meta property=\"og:url\" content=\"https:\/\/newsinfoco.com.br\/inicio\/justica-ordena-retirada-do-especial-de-natal-do-porta-dos-fundos\/\" \/>\n\t\t<meta property=\"article:published_time\" content=\"2020-01-08T23:17:00+00:00\" \/>\n\t\t<meta property=\"article:modified_time\" content=\"2020-01-08T23:17:00+00:00\" \/>\n\t\t<meta name=\"twitter:card\" content=\"summary_large_image\" \/>\n\t\t<meta name=\"twitter:title\" content=\"Justi\u00e7a ordena retirada do especial de Natal do Porta dos Fundos - News In Foco - Editado por Caio Pimenta\" \/>\n\t\t<meta name=\"twitter:description\" content=\"O desembargador Benedicto Abicair, da 6\u00aa C\u00e2mara C\u00edvel do Tribunal de Justi\u00e7a do Rio de Janeiro, ordenou a retirada do &quot;Especial de Natal Porta dos Fundos: A Primeira Tenta\u00e7\u00e3o de Cristo&quot; do ar. A decis\u00e3o foi proferida nesta quarta-feira (8) atrav\u00e9s de uma liminar e classificada pelo ministro do Supremo Tribunal Federal (STF) Marco Aur\u00e9lio\" \/>\n\t\t<script type=\"application\/ld+json\" class=\"aioseo-schema\">\n\t\t\t{\"@context\":\"https:\\\/\\\/schema.org\",\"@graph\":[{\"@type\":\"BlogPosting\",\"@id\":\"https:\\\/\\\/newsinfoco.com.br\\\/inicio\\\/justica-ordena-retirada-do-especial-de-natal-do-porta-dos-fundos\\\/#blogposting\",\"name\":\"Justi\\u00e7a ordena retirada do especial de Natal do Porta dos Fundos - News In Foco - Editado por Caio Pimenta\",\"headline\":\"Justi\\u00e7a ordena retirada do especial de Natal do Porta dos Fundos\",\"author\":{\"@id\":\"https:\\\/\\\/newsinfoco.com.br\\\/inicio\\\/author\\\/administrador\\\/#author\"},\"publisher\":{\"@id\":\"https:\\\/\\\/newsinfoco.com.br\\\/inicio\\\/#organization\"},\"image\":{\"@type\":\"ImageObject\",\"url\":\"https:\\\/\\\/newsinfoco.com.br\\\/inicio\\\/wp-content\\\/uploads\\\/2020\\\/01\\\/IMAGEM_NOTICIA_5-4.jpg\",\"width\":380,\"height\":280},\"datePublished\":\"2020-01-08T20:17:00-03:00\",\"dateModified\":\"2020-01-08T20:17:00-03:00\",\"inLanguage\":\"pt-BR\",\"mainEntityOfPage\":{\"@id\":\"https:\\\/\\\/newsinfoco.com.br\\\/inicio\\\/justica-ordena-retirada-do-especial-de-natal-do-porta-dos-fundos\\\/#webpage\"},\"isPartOf\":{\"@id\":\"https:\\\/\\\/newsinfoco.com.br\\\/inicio\\\/justica-ordena-retirada-do-especial-de-natal-do-porta-dos-fundos\\\/#webpage\"},\"articleSection\":\"Brasil, Destaque\"},{\"@type\":\"BreadcrumbList\",\"@id\":\"https:\\\/\\\/newsinfoco.com.br\\\/inicio\\\/justica-ordena-retirada-do-especial-de-natal-do-porta-dos-fundos\\\/#breadcrumblist\",\"itemListElement\":[{\"@type\":\"ListItem\",\"@id\":\"https:\\\/\\\/newsinfoco.com.br\\\/inicio#listItem\",\"position\":1,\"name\":\"In\\u00edcio\",\"item\":\"https:\\\/\\\/newsinfoco.com.br\\\/inicio\",\"nextItem\":{\"@type\":\"ListItem\",\"@id\":\"https:\\\/\\\/newsinfoco.com.br\\\/inicio\\\/category\\\/brasil\\\/#listItem\",\"name\":\"Brasil\"}},{\"@type\":\"ListItem\",\"@id\":\"https:\\\/\\\/newsinfoco.com.br\\\/inicio\\\/category\\\/brasil\\\/#listItem\",\"position\":2,\"name\":\"Brasil\",\"item\":\"https:\\\/\\\/newsinfoco.com.br\\\/inicio\\\/category\\\/brasil\\\/\",\"nextItem\":{\"@type\":\"ListItem\",\"@id\":\"https:\\\/\\\/newsinfoco.com.br\\\/inicio\\\/justica-ordena-retirada-do-especial-de-natal-do-porta-dos-fundos\\\/#listItem\",\"name\":\"Justi\\u00e7a ordena retirada do especial de Natal do Porta dos Fundos\"},\"previousItem\":{\"@type\":\"ListItem\",\"@id\":\"https:\\\/\\\/newsinfoco.com.br\\\/inicio#listItem\",\"name\":\"In\\u00edcio\"}},{\"@type\":\"ListItem\",\"@id\":\"https:\\\/\\\/newsinfoco.com.br\\\/inicio\\\/justica-ordena-retirada-do-especial-de-natal-do-porta-dos-fundos\\\/#listItem\",\"position\":3,\"name\":\"Justi\\u00e7a ordena retirada do especial de Natal do Porta dos Fundos\",\"previousItem\":{\"@type\":\"ListItem\",\"@id\":\"https:\\\/\\\/newsinfoco.com.br\\\/inicio\\\/category\\\/brasil\\\/#listItem\",\"name\":\"Brasil\"}}]},{\"@type\":\"Organization\",\"@id\":\"https:\\\/\\\/newsinfoco.com.br\\\/inicio\\\/#organization\",\"name\":\"News In Foco - Editado por Caio Pimenta\",\"description\":\"O principal site de noticias de Alagoinhas e regi\\u00e3o\",\"url\":\"https:\\\/\\\/newsinfoco.com.br\\\/inicio\\\/\"},{\"@type\":\"Person\",\"@id\":\"https:\\\/\\\/newsinfoco.com.br\\\/inicio\\\/author\\\/administrador\\\/#author\",\"url\":\"https:\\\/\\\/newsinfoco.com.br\\\/inicio\\\/author\\\/administrador\\\/\",\"name\":\"administrador\",\"image\":{\"@type\":\"ImageObject\",\"@id\":\"https:\\\/\\\/newsinfoco.com.br\\\/inicio\\\/justica-ordena-retirada-do-especial-de-natal-do-porta-dos-fundos\\\/#authorImage\",\"url\":\"https:\\\/\\\/secure.gravatar.com\\\/avatar\\\/c17a617433de8c1dc9584bb79aab7563b46f5bb7e1728c9b17d9cc3ce6a08e49?s=96&d=mm&r=g\",\"width\":96,\"height\":96,\"caption\":\"administrador\"}},{\"@type\":\"WebPage\",\"@id\":\"https:\\\/\\\/newsinfoco.com.br\\\/inicio\\\/justica-ordena-retirada-do-especial-de-natal-do-porta-dos-fundos\\\/#webpage\",\"url\":\"https:\\\/\\\/newsinfoco.com.br\\\/inicio\\\/justica-ordena-retirada-do-especial-de-natal-do-porta-dos-fundos\\\/\",\"name\":\"Justi\\u00e7a ordena retirada do especial de Natal do Porta dos Fundos - News In Foco - Editado por Caio Pimenta\",\"description\":\"O desembargador Benedicto Abicair, da 6\\u00aa C\\u00e2mara C\\u00edvel do Tribunal de Justi\\u00e7a do Rio de Janeiro, ordenou a retirada do \\\"Especial de Natal Porta dos Fundos: A Primeira Tenta\\u00e7\\u00e3o de Cristo\\\" do ar. A decis\\u00e3o foi proferida nesta quarta-feira (8) atrav\\u00e9s de uma liminar e classificada pelo ministro do Supremo Tribunal Federal (STF) Marco Aur\\u00e9lio\",\"inLanguage\":\"pt-BR\",\"isPartOf\":{\"@id\":\"https:\\\/\\\/newsinfoco.com.br\\\/inicio\\\/#website\"},\"breadcrumb\":{\"@id\":\"https:\\\/\\\/newsinfoco.com.br\\\/inicio\\\/justica-ordena-retirada-do-especial-de-natal-do-porta-dos-fundos\\\/#breadcrumblist\"},\"author\":{\"@id\":\"https:\\\/\\\/newsinfoco.com.br\\\/inicio\\\/author\\\/administrador\\\/#author\"},\"creator\":{\"@id\":\"https:\\\/\\\/newsinfoco.com.br\\\/inicio\\\/author\\\/administrador\\\/#author\"},\"image\":{\"@type\":\"ImageObject\",\"url\":\"https:\\\/\\\/newsinfoco.com.br\\\/inicio\\\/wp-content\\\/uploads\\\/2020\\\/01\\\/IMAGEM_NOTICIA_5-4.jpg\",\"@id\":\"https:\\\/\\\/newsinfoco.com.br\\\/inicio\\\/justica-ordena-retirada-do-especial-de-natal-do-porta-dos-fundos\\\/#mainImage\",\"width\":380,\"height\":280},\"primaryImageOfPage\":{\"@id\":\"https:\\\/\\\/newsinfoco.com.br\\\/inicio\\\/justica-ordena-retirada-do-especial-de-natal-do-porta-dos-fundos\\\/#mainImage\"},\"datePublished\":\"2020-01-08T20:17:00-03:00\",\"dateModified\":\"2020-01-08T20:17:00-03:00\"},{\"@type\":\"WebSite\",\"@id\":\"https:\\\/\\\/newsinfoco.com.br\\\/inicio\\\/#website\",\"url\":\"https:\\\/\\\/newsinfoco.com.br\\\/inicio\\\/\",\"name\":\"News In Foco - Editado por Caio Pimenta\",\"description\":\"O principal site de noticias de Alagoinhas e regi\\u00e3o\",\"inLanguage\":\"pt-BR\",\"publisher\":{\"@id\":\"https:\\\/\\\/newsinfoco.com.br\\\/inicio\\\/#organization\"}}]}\n\t\t<\/script>\n\t\t<!-- All in One SEO -->\n\n","aioseo_head_json":{"title":"Justi\u00e7a ordena retirada do especial de Natal do Porta dos Fundos - News In Foco - Editado por Caio Pimenta","description":"O desembargador Benedicto Abicair, da 6\u00aa C\u00e2mara C\u00edvel do Tribunal de Justi\u00e7a do Rio de Janeiro, ordenou a retirada do \"Especial de Natal Porta dos Fundos: A Primeira Tenta\u00e7\u00e3o de Cristo\" do ar. A decis\u00e3o foi proferida nesta quarta-feira (8) atrav\u00e9s de uma liminar e classificada pelo ministro do Supremo Tribunal Federal (STF) Marco Aur\u00e9lio","canonical_url":"https:\/\/newsinfoco.com.br\/inicio\/justica-ordena-retirada-do-especial-de-natal-do-porta-dos-fundos\/","robots":"max-image-preview:large","keywords":"","webmasterTools":{"miscellaneous":""},"schema":{"@context":"https:\/\/schema.org","@graph":[{"@type":"BlogPosting","@id":"https:\/\/newsinfoco.com.br\/inicio\/justica-ordena-retirada-do-especial-de-natal-do-porta-dos-fundos\/#blogposting","name":"Justi\u00e7a ordena retirada do especial de Natal do Porta dos Fundos - News In Foco - Editado por Caio Pimenta","headline":"Justi\u00e7a ordena retirada do especial de Natal do Porta dos Fundos","author":{"@id":"https:\/\/newsinfoco.com.br\/inicio\/author\/administrador\/#author"},"publisher":{"@id":"https:\/\/newsinfoco.com.br\/inicio\/#organization"},"image":{"@type":"ImageObject","url":"https:\/\/newsinfoco.com.br\/inicio\/wp-content\/uploads\/2020\/01\/IMAGEM_NOTICIA_5-4.jpg","width":380,"height":280},"datePublished":"2020-01-08T20:17:00-03:00","dateModified":"2020-01-08T20:17:00-03:00","inLanguage":"pt-BR","mainEntityOfPage":{"@id":"https:\/\/newsinfoco.com.br\/inicio\/justica-ordena-retirada-do-especial-de-natal-do-porta-dos-fundos\/#webpage"},"isPartOf":{"@id":"https:\/\/newsinfoco.com.br\/inicio\/justica-ordena-retirada-do-especial-de-natal-do-porta-dos-fundos\/#webpage"},"articleSection":"Brasil, Destaque"},{"@type":"BreadcrumbList","@id":"https:\/\/newsinfoco.com.br\/inicio\/justica-ordena-retirada-do-especial-de-natal-do-porta-dos-fundos\/#breadcrumblist","itemListElement":[{"@type":"ListItem","@id":"https:\/\/newsinfoco.com.br\/inicio#listItem","position":1,"name":"In\u00edcio","item":"https:\/\/newsinfoco.com.br\/inicio","nextItem":{"@type":"ListItem","@id":"https:\/\/newsinfoco.com.br\/inicio\/category\/brasil\/#listItem","name":"Brasil"}},{"@type":"ListItem","@id":"https:\/\/newsinfoco.com.br\/inicio\/category\/brasil\/#listItem","position":2,"name":"Brasil","item":"https:\/\/newsinfoco.com.br\/inicio\/category\/brasil\/","nextItem":{"@type":"ListItem","@id":"https:\/\/newsinfoco.com.br\/inicio\/justica-ordena-retirada-do-especial-de-natal-do-porta-dos-fundos\/#listItem","name":"Justi\u00e7a ordena retirada do especial de Natal do Porta dos Fundos"},"previousItem":{"@type":"ListItem","@id":"https:\/\/newsinfoco.com.br\/inicio#listItem","name":"In\u00edcio"}},{"@type":"ListItem","@id":"https:\/\/newsinfoco.com.br\/inicio\/justica-ordena-retirada-do-especial-de-natal-do-porta-dos-fundos\/#listItem","position":3,"name":"Justi\u00e7a ordena retirada do especial de Natal do Porta dos Fundos","previousItem":{"@type":"ListItem","@id":"https:\/\/newsinfoco.com.br\/inicio\/category\/brasil\/#listItem","name":"Brasil"}}]},{"@type":"Organization","@id":"https:\/\/newsinfoco.com.br\/inicio\/#organization","name":"News In Foco - Editado por Caio Pimenta","description":"O principal site de noticias de Alagoinhas e regi\u00e3o","url":"https:\/\/newsinfoco.com.br\/inicio\/"},{"@type":"Person","@id":"https:\/\/newsinfoco.com.br\/inicio\/author\/administrador\/#author","url":"https:\/\/newsinfoco.com.br\/inicio\/author\/administrador\/","name":"administrador","image":{"@type":"ImageObject","@id":"https:\/\/newsinfoco.com.br\/inicio\/justica-ordena-retirada-do-especial-de-natal-do-porta-dos-fundos\/#authorImage","url":"https:\/\/secure.gravatar.com\/avatar\/c17a617433de8c1dc9584bb79aab7563b46f5bb7e1728c9b17d9cc3ce6a08e49?s=96&d=mm&r=g","width":96,"height":96,"caption":"administrador"}},{"@type":"WebPage","@id":"https:\/\/newsinfoco.com.br\/inicio\/justica-ordena-retirada-do-especial-de-natal-do-porta-dos-fundos\/#webpage","url":"https:\/\/newsinfoco.com.br\/inicio\/justica-ordena-retirada-do-especial-de-natal-do-porta-dos-fundos\/","name":"Justi\u00e7a ordena retirada do especial de Natal do Porta dos Fundos - News In Foco - Editado por Caio Pimenta","description":"O desembargador Benedicto Abicair, da 6\u00aa C\u00e2mara C\u00edvel do Tribunal de Justi\u00e7a do Rio de Janeiro, ordenou a retirada do \"Especial de Natal Porta dos Fundos: A Primeira Tenta\u00e7\u00e3o de Cristo\" do ar. A decis\u00e3o foi proferida nesta quarta-feira (8) atrav\u00e9s de uma liminar e classificada pelo ministro do Supremo Tribunal Federal (STF) Marco Aur\u00e9lio","inLanguage":"pt-BR","isPartOf":{"@id":"https:\/\/newsinfoco.com.br\/inicio\/#website"},"breadcrumb":{"@id":"https:\/\/newsinfoco.com.br\/inicio\/justica-ordena-retirada-do-especial-de-natal-do-porta-dos-fundos\/#breadcrumblist"},"author":{"@id":"https:\/\/newsinfoco.com.br\/inicio\/author\/administrador\/#author"},"creator":{"@id":"https:\/\/newsinfoco.com.br\/inicio\/author\/administrador\/#author"},"image":{"@type":"ImageObject","url":"https:\/\/newsinfoco.com.br\/inicio\/wp-content\/uploads\/2020\/01\/IMAGEM_NOTICIA_5-4.jpg","@id":"https:\/\/newsinfoco.com.br\/inicio\/justica-ordena-retirada-do-especial-de-natal-do-porta-dos-fundos\/#mainImage","width":380,"height":280},"primaryImageOfPage":{"@id":"https:\/\/newsinfoco.com.br\/inicio\/justica-ordena-retirada-do-especial-de-natal-do-porta-dos-fundos\/#mainImage"},"datePublished":"2020-01-08T20:17:00-03:00","dateModified":"2020-01-08T20:17:00-03:00"},{"@type":"WebSite","@id":"https:\/\/newsinfoco.com.br\/inicio\/#website","url":"https:\/\/newsinfoco.com.br\/inicio\/","name":"News In Foco - Editado por Caio Pimenta","description":"O principal site de noticias de Alagoinhas e regi\u00e3o","inLanguage":"pt-BR","publisher":{"@id":"https:\/\/newsinfoco.com.br\/inicio\/#organization"}}]},"og:locale":"pt_BR","og:site_name":"News In Foco - Editado por Caio Pimenta - O principal site de noticias de Alagoinhas e regi\u00e3o","og:type":"article","og:title":"Justi\u00e7a ordena retirada do especial de Natal do Porta dos Fundos - News In Foco - Editado por Caio Pimenta","og:description":"O desembargador Benedicto Abicair, da 6\u00aa C\u00e2mara C\u00edvel do Tribunal de Justi\u00e7a do Rio de Janeiro, ordenou a retirada do &quot;Especial de Natal Porta dos Fundos: A Primeira Tenta\u00e7\u00e3o de Cristo&quot; do ar. A decis\u00e3o foi proferida nesta quarta-feira (8) atrav\u00e9s de uma liminar e classificada pelo ministro do Supremo Tribunal Federal (STF) Marco Aur\u00e9lio","og:url":"https:\/\/newsinfoco.com.br\/inicio\/justica-ordena-retirada-do-especial-de-natal-do-porta-dos-fundos\/","article:published_time":"2020-01-08T23:17:00+00:00","article:modified_time":"2020-01-08T23:17:00+00:00","twitter:card":"summary_large_image","twitter:title":"Justi\u00e7a ordena retirada do especial de Natal do Porta dos Fundos - News In Foco - Editado por Caio Pimenta","twitter:description":"O desembargador Benedicto Abicair, da 6\u00aa C\u00e2mara C\u00edvel do Tribunal de Justi\u00e7a do Rio de Janeiro, ordenou a retirada do &quot;Especial de Natal Porta dos Fundos: A Primeira Tenta\u00e7\u00e3o de Cristo&quot; do ar. A decis\u00e3o foi proferida nesta quarta-feira (8) atrav\u00e9s de uma liminar e classificada pelo ministro do Supremo Tribunal Federal (STF) Marco Aur\u00e9lio"},"aioseo_meta_data":{"post_id":"19759","title":null,"description":null,"keywords":null,"keyphrases":null,"primary_term":null,"canonical_url":null,"og_title":null,"og_description":null,"og_object_type":"default","og_image_type":"default","og_image_url":null,"og_image_width":null,"og_image_height":null,"og_image_custom_url":null,"og_image_custom_fields":null,"og_video":null,"og_custom_url":null,"og_article_section":null,"og_article_tags":null,"twitter_use_og":false,"twitter_card":"default","twitter_image_type":"default","twitter_image_url":null,"twitter_image_custom_url":null,"twitter_image_custom_fields":null,"twitter_title":null,"twitter_description":null,"schema":{"blockGraphs":[],"customGraphs":[],"default":{"data":{"Article":[],"Course":[],"Dataset":[],"FAQPage":[],"Movie":[],"Person":[],"Product":[],"ProductReview":[],"Car":[],"Recipe":[],"Service":[],"SoftwareApplication":[],"WebPage":[]},"graphName":"","isEnabled":true},"graphs":[]},"schema_type":"default","schema_type_options":null,"pillar_content":false,"robots_default":true,"robots_noindex":false,"robots_noarchive":false,"robots_nosnippet":false,"robots_nofollow":false,"robots_noimageindex":false,"robots_noodp":false,"robots_notranslate":false,"robots_max_snippet":null,"robots_max_videopreview":null,"robots_max_imagepreview":"large","priority":null,"frequency":null,"local_seo":null,"breadcrumb_settings":null,"limit_modified_date":false,"ai":null,"created":"2023-06-12 15:54:30","updated":"2025-07-11 02:30:06","seo_analyzer_scan_date":null},"aioseo_breadcrumb":"<div class=\"aioseo-breadcrumbs\"><span class=\"aioseo-breadcrumb\">\n\t\t\t<a href=\"https:\/\/newsinfoco.com.br\/inicio\" title=\"In\u00edcio\">In\u00edcio<\/a>\n\t\t<\/span><span class=\"aioseo-breadcrumb-separator\">&raquo;<\/span><span class=\"aioseo-breadcrumb\">\n\t\t\t<a href=\"https:\/\/newsinfoco.com.br\/inicio\/category\/brasil\/\" title=\"Brasil\">Brasil<\/a>\n\t\t<\/span><span class=\"aioseo-breadcrumb-separator\">&raquo;<\/span><span class=\"aioseo-breadcrumb\">\n\t\t\tJusti\u00e7a ordena retirada do especial de Natal do Porta dos Fundos\n\t\t<\/span><\/div>","aioseo_breadcrumb_json":[{"label":"In\u00edcio","link":"https:\/\/newsinfoco.com.br\/inicio"},{"label":"Brasil","link":"https:\/\/newsinfoco.com.br\/inicio\/category\/brasil\/"},{"label":"Justi\u00e7a ordena retirada do especial de Natal do Porta dos Fundos","link":"https:\/\/newsinfoco.com.br\/inicio\/justica-ordena-retirada-do-especial-de-natal-do-porta-dos-fundos\/"}],"_links":{"self":[{"href":"https:\/\/newsinfoco.com.br\/inicio\/wp-json\/wp\/v2\/posts\/19759","targetHints":{"allow":["GET"]}}],"collection":[{"href":"https:\/\/newsinfoco.com.br\/inicio\/wp-json\/wp\/v2\/posts"}],"about":[{"href":"https:\/\/newsinfoco.com.br\/inicio\/wp-json\/wp\/v2\/types\/post"}],"author":[{"embeddable":true,"href":"https:\/\/newsinfoco.com.br\/inicio\/wp-json\/wp\/v2\/users\/1"}],"replies":[{"embeddable":true,"href":"https:\/\/newsinfoco.com.br\/inicio\/wp-json\/wp\/v2\/comments?post=19759"}],"version-history":[{"count":0,"href":"https:\/\/newsinfoco.com.br\/inicio\/wp-json\/wp\/v2\/posts\/19759\/revisions"}],"wp:featuredmedia":[{"embeddable":true,"href":"https:\/\/newsinfoco.com.br\/inicio\/wp-json\/wp\/v2\/media\/19760"}],"wp:attachment":[{"href":"https:\/\/newsinfoco.com.br\/inicio\/wp-json\/wp\/v2\/media?parent=19759"}],"wp:term":[{"taxonomy":"category","embeddable":true,"href":"https:\/\/newsinfoco.com.br\/inicio\/wp-json\/wp\/v2\/categories?post=19759"},{"taxonomy":"post_tag","embeddable":true,"href":"https:\/\/newsinfoco.com.br\/inicio\/wp-json\/wp\/v2\/tags?post=19759"}],"curies":[{"name":"wp","href":"https:\/\/api.w.org\/{rel}","templated":true}]}}