{"id":19801,"date":"2020-01-10T19:57:05","date_gmt":"2020-01-10T22:57:05","guid":{"rendered":"http:\/\/newsinfoco.com.br\/?p=19801"},"modified":"2020-01-10T19:57:05","modified_gmt":"2020-01-10T22:57:05","slug":"alagoinhas-avanca-no-combate-a-dengue-juntos-mutiroes-somam-97-toneladas-de-lixo-e-entulhos-recolhidos","status":"publish","type":"post","link":"https:\/\/newsinfoco.com.br\/inicio\/alagoinhas-avanca-no-combate-a-dengue-juntos-mutiroes-somam-97-toneladas-de-lixo-e-entulhos-recolhidos\/","title":{"rendered":"Alagoinhas avan\u00e7a no combate \u00e0 Dengue: juntos, mutir\u00f5es somam 97 toneladas de lixo e entulhos recolhidos"},"content":{"rendered":"<p style=\"text-align: justify;\">Em Alagoinhas, o balan\u00e7o de a\u00e7\u00f5es de combate \u00e0 Dengue \u00e9 positivo: em parceria com moradores, integrantes das associa\u00e7\u00f5es de bairro, agentes do setor de endemias e Comiss\u00e3o Interinstitucional, o munic\u00edpio atingiu a marca significativa de 97 toneladas de lixo e entulho recolhidos durante os mutir\u00f5es realizados no \u00faltimo ano.<\/p>\n<p style=\"text-align: justify;\">Foram mais de 150 pessoas diretamente envolvidas em a\u00e7\u00f5es que contemplaram as localidades Barreiro de Cima, Barreiro de Baixo, Santo Ant\u00f4nio, Bom Viver, Jardim Pedro Braga, Teres\u00f3polis, centro, Parque S\u00e3o Francisco, Brisas do Catu, Urbis III e M\u00e3e Cirilla.<\/p><div class=\"newsi-conteudo_19\" id=\"newsi-2800869645\"><a href=\"https:\/\/www.instagram.com\/prefeituraalagoinhas?igsh=YzgzdDJ1bWR3aWI4\" aria-label=\"SAVE_20251006_221555\"><img loading=\"lazy\" decoding=\"async\" src=\"https:\/\/newsinfoco.com.br\/inicio\/wp-content\/uploads\/2025\/10\/SAVE_20251006_221555-rotated.jpg\" alt=\"\"  srcset=\"https:\/\/newsinfoco.com.br\/inicio\/wp-content\/uploads\/2025\/10\/SAVE_20251006_221555-rotated.jpg 1140w, https:\/\/newsinfoco.com.br\/inicio\/wp-content\/uploads\/2025\/10\/SAVE_20251006_221555-300x52.jpg 300w, https:\/\/newsinfoco.com.br\/inicio\/wp-content\/uploads\/2025\/10\/SAVE_20251006_221555-1024x177.jpg 1024w, https:\/\/newsinfoco.com.br\/inicio\/wp-content\/uploads\/2025\/10\/SAVE_20251006_221555-768x133.jpg 768w, https:\/\/newsinfoco.com.br\/inicio\/wp-content\/uploads\/2025\/10\/SAVE_20251006_221555-600x104.jpg 600w, https:\/\/newsinfoco.com.br\/inicio\/wp-content\/uploads\/2025\/10\/SAVE_20251006_221555-696x120.jpg 696w, https:\/\/newsinfoco.com.br\/inicio\/wp-content\/uploads\/2025\/10\/SAVE_20251006_221555-1068x185.jpg 1068w\" sizes=\"(max-width: 1140px) 100vw, 1140px\" width=\"1140\" height=\"197\"   \/><\/a><\/div>\n<p style=\"text-align: justify;\">A grande opera\u00e7\u00e3o conjunta, que atingiu dezenas de ruas e diferentes localidades, com um trabalho intensivo de inspe\u00e7\u00e3o de quintais e terrenos para eliminar criadouros do mosquito, foi efetiva. O \u00faltimo Levantamento R\u00e1pido (LIRAa) de 2019 apontou para uma queda significativa do \u00cdndice de Infesta\u00e7\u00e3o Predial, que saiu da casa de 5.6 para 2.2. Isso significa que a cidade saiu da zona vermelha de alto risco e avan\u00e7a, com um trabalho intensivo de combate \u00e0 Dengue nos bairros.<\/p>\n<p style=\"text-align: justify;\">Com resultados positivos, a Secretaria Municipal de Sa\u00fade (SESAU) re\u00fane as associa\u00e7\u00f5es comunit\u00e1rias, neste domingo (12), para um evento de encerramento dos mutir\u00f5es 2019 e planejamento 2020, com premia\u00e7\u00e3o simb\u00f3lica para os moradores, que se engajaram no trabalho de eliminar criadouros do mosquito vetor. \u201cOs n\u00fameros e estat\u00edsticas do final do \u00faltimo ano mostram que os dep\u00f3sitos criadouros tipo 2, ou seja, aqueles que representam lixo, res\u00edduo, ca\u00edram consideravelmente. Os mutir\u00f5es tiveram um papel fundamental nessa redu\u00e7\u00e3o. O momento \u00e9 de compartilhamento dos resultados positivos, mas tamb\u00e9m de planejamento para os pr\u00f3ximos mutir\u00f5es e de envolvimento das comunidades para que as a\u00e7\u00f5es deste ano continuem trazendo impactos significativos. Vamos em frente, intensificando o trabalho e as a\u00e7\u00f5es\u201d, afirma a secret\u00e1ria municipal de sa\u00fade, Rosania Rabelo.<\/p>\n<p style=\"text-align: justify;\"><strong>Envolvimento da comunidade<\/strong><br \/>\nSegundo a Secretaria Municipal de Sa\u00fade (SESAU), as associa\u00e7\u00f5es tiveram um papel fundamental no sucesso dos mutir\u00f5es realizados, com uma redu\u00e7\u00e3o significativa de criadouros do mosquito a partir de uma a\u00e7\u00e3o coletiva.<\/p>\n<p style=\"text-align: justify;\">Idealizados, em Alagoinhas, pela Associa\u00e7\u00e3o de Moradores da comunidade de Nova Bras\u00edlia, os mutir\u00f5es, que contaram com a ades\u00e3o das associa\u00e7\u00f5es do Pedro Braga, Teres\u00f3polis, Avenida da Leste, Urbis III, Rua do Catu, Urupiara, Brisas do Catu, M\u00e3e Cirila, Parque S\u00e3o Francisco e Barreiro, ganharam uma nova dimens\u00e3o no \u00faltimo ano, com o apoio total da Prefeitura, por meio das secretarias de Sa\u00fade, de Infraestrutura, Servi\u00e7os P\u00fablicos e do Servi\u00e7o Aut\u00f4nomo de \u00c1gua e Esgoto (SAAE).<\/p>\n<p style=\"text-align: justify;\"><strong>Conscientiza\u00e7\u00e3o<\/strong><\/p>\n<p style=\"text-align: justify;\">Os principais desafios para o combate \u00e0 Dengue, segundo a coordenadora de endemias, Telma Pio, continua sendo a conscientiza\u00e7\u00e3o. Por isso, paralelamente \u00e0s a\u00e7\u00f5es nos bairros da cidade, a Prefeitura promoveu palestras e lan\u00e7ou tamb\u00e9m, em 2019, o projeto Agente Mirim, junto a escolas da rede municipal.<\/p>\n<p style=\"text-align: justify;\">A iniciativa, idealizada com foco na amplia\u00e7\u00e3o de a\u00e7\u00f5es estrat\u00e9gicas de redu\u00e7\u00e3o dos \u00edndices de infesta\u00e7\u00e3o do mosquito, desperta crian\u00e7as e adolescentes quanto aos cuidados para evitar o ac\u00famulo de \u00e1gua parada e forma agentes fiscalizadores, com atividades l\u00fadicas nas salas de aula.<\/p>\n<p style=\"text-align: justify;\"><strong>O trabalho continua<\/strong><br \/>\nEm 2020, as equipes seguem mobilizadas. Profissionais do setor de endemias d\u00e3o continuidade \u00e0s visitas domiciliares e equipes agem diretamente nos pontos cr\u00edticos, iniciando frentes de trabalho com tratamento nos dep\u00f3sitos, bombas motorizadas e agentes em campo.<br \/>\nA previs\u00e3o agora, segundo o setor de Endemias, \u00e9 ampliar as a\u00e7\u00f5es de conscientiza\u00e7\u00e3o nas escolas. Novos mutir\u00f5es tamb\u00e9m est\u00e3o previstos para este ano, ap\u00f3s a divulga\u00e7\u00e3o do 1\u00b0 LIRAa de 2020.<\/p>\n<div class='share-to-whatsapp-wrapper'><div class='share-on-whsp'>Share on: <\/div><a data-text='Alagoinhas avan\u00e7a no combate \u00e0 Dengue: juntos, mutir\u00f5es somam 97 toneladas de lixo e entulhos recolhidos' data-link='https:\/\/newsinfoco.com.br\/inicio\/alagoinhas-avanca-no-combate-a-dengue-juntos-mutiroes-somam-97-toneladas-de-lixo-e-entulhos-recolhidos\/' class='whatsapp-button whatsapp-share'>WhatsApp<\/a><div class='clear '><\/div><\/div>","protected":false},"excerpt":{"rendered":"<p>Em Alagoinhas, o balan\u00e7o de a\u00e7\u00f5es de combate \u00e0 Dengue \u00e9 positivo: em parceria com moradores, integrantes das associa\u00e7\u00f5es de bairro, agentes do setor de endemias e Comiss\u00e3o Interinstitucional, o munic\u00edpio atingiu a marca significativa de 97 toneladas de lixo e entulho recolhidos durante os mutir\u00f5es realizados no \u00faltimo ano. Foram mais de 150 pessoas [&hellip;]<\/p>\n","protected":false},"author":1,"featured_media":19802,"comment_status":"open","ping_status":"open","sticky":false,"template":"","format":"standard","meta":{"om_disable_all_campaigns":false,"_exactmetrics_skip_tracking":false,"_exactmetrics_sitenote_active":false,"_exactmetrics_sitenote_note":"","_exactmetrics_sitenote_category":0,"footnotes":""},"categories":[38,30],"tags":[],"class_list":["post-19801","post","type-post","status-publish","format-standard","has-post-thumbnail","hentry","category-alagoinhas-e-regiao","category-destaque"],"aioseo_notices":[],"_links":{"self":[{"href":"https:\/\/newsinfoco.com.br\/inicio\/wp-json\/wp\/v2\/posts\/19801","targetHints":{"allow":["GET"]}}],"collection":[{"href":"https:\/\/newsinfoco.com.br\/inicio\/wp-json\/wp\/v2\/posts"}],"about":[{"href":"https:\/\/newsinfoco.com.br\/inicio\/wp-json\/wp\/v2\/types\/post"}],"author":[{"embeddable":true,"href":"https:\/\/newsinfoco.com.br\/inicio\/wp-json\/wp\/v2\/users\/1"}],"replies":[{"embeddable":true,"href":"https:\/\/newsinfoco.com.br\/inicio\/wp-json\/wp\/v2\/comments?post=19801"}],"version-history":[{"count":0,"href":"https:\/\/newsinfoco.com.br\/inicio\/wp-json\/wp\/v2\/posts\/19801\/revisions"}],"wp:featuredmedia":[{"embeddable":true,"href":"https:\/\/newsinfoco.com.br\/inicio\/wp-json\/wp\/v2\/media\/19802"}],"wp:attachment":[{"href":"https:\/\/newsinfoco.com.br\/inicio\/wp-json\/wp\/v2\/media?parent=19801"}],"wp:term":[{"taxonomy":"category","embeddable":true,"href":"https:\/\/newsinfoco.com.br\/inicio\/wp-json\/wp\/v2\/categories?post=19801"},{"taxonomy":"post_tag","embeddable":true,"href":"https:\/\/newsinfoco.com.br\/inicio\/wp-json\/wp\/v2\/tags?post=19801"}],"curies":[{"name":"wp","href":"https:\/\/api.w.org\/{rel}","templated":true}]}}