{"id":19817,"date":"2020-01-10T20:14:51","date_gmt":"2020-01-10T23:14:51","guid":{"rendered":"http:\/\/newsinfoco.com.br\/?p=19817"},"modified":"2020-01-10T20:14:51","modified_gmt":"2020-01-10T23:14:51","slug":"ida-de-rui-ao-bonfim-ainda-e-incerta-aposta-e-que-wagner-lidere-cordao-petista-e-capitalize-para-2022","status":"publish","type":"post","link":"https:\/\/newsinfoco.com.br\/inicio\/ida-de-rui-ao-bonfim-ainda-e-incerta-aposta-e-que-wagner-lidere-cordao-petista-e-capitalize-para-2022\/","title":{"rendered":"Ida de Rui ao Bonfim ainda \u00e9 incerta; aposta \u00e9 que Wagner lidere cord\u00e3o petista e capitalize para 2022"},"content":{"rendered":"<p style=\"text-align: justify;\">Conforme apurado pelo\u00a0Pol\u00edtica Livre, a ida do governador Rui Costa (PT) \u00e0 tradicional Lavagem do Bonfim, onde ocorre o primeiro teste de popularidade com vistas nas elei\u00e7\u00f5es municipais, ainda \u00e9 incerta, com grandes possibilidades de que ele n\u00e3o compare\u00e7a por conta da cirurgia que realizou no \u00faltimo domingo para a retirada de um n\u00f3dulo mam\u00e1rio no Hospital S\u00edrio Liban\u00eas, em S\u00e3o Paulo.<\/p>\n<p style=\"text-align: justify;\">A aposta, n\u00e3o apenas dos petista, cuja expectativa de um posicionamento de Rui a favor de um candidato \u00e9 grande, bem como dos aliados, \u00e9 que o cord\u00e3o governista seja liderado pelo senador Jaques Wagner (PT), por\u00e9m, esse ano com uma responsabilidade muito maior. N\u00e3o apenas por faltar 10 meses para a disputa eleitoral, em especial na capital baiana, em que o principal advers\u00e1rio j\u00e1 lan\u00e7ou oficialmente o vice-prefeito Bruno Reis como pr\u00e9-candidato \u00e0 sua sucess\u00e3o, mas tamb\u00e9m por Wagner ser o nome forte para disputar o governo da Bahia com o prefeito ACM Neto (DEM) em 2022.<\/p>\n<p style=\"text-align: justify;\">Tamb\u00e9m comenta-se no rol petista, que o senador tem muito mais a capitalizar com isso do que se prejudicar, levando em conta a boa articula\u00e7\u00e3o pol\u00edtica que sempre e que, inclusive, elegeu Rui, governador da Bahia, \u2018apesar de desconhecido\u2019.<\/p>\n<p style=\"text-align: justify;\">A expectativa \u00e9 que ele \u2018meta o bedelho\u2019 e consiga com sua popularidade ajudar o PT a tira um nome da \u2018cartola\u2019 e reverter o preju\u00edzo de nunca ter ganhado uma elei\u00e7\u00e3o majorit\u00e1ria na capital baiana e fazer o time petista, ao menos, conseguir polarizar com o DEM.<\/p>\n<p style=\"text-align: justify;\">Wagner fez uma cirurgia oftalmol\u00f3gica nesta \u00faltima segunda (6) e seu nome era uma inc\u00f3gnita no evento religioso, mas hoje sua presen\u00e7a foi confirmada por sua assessoria de comunica\u00e7\u00e3o. Essa n\u00e3o seria a primeira vez que o cacique petista representa o gestor em uma festa tradicional. Na Independ\u00eancia da Bahia [2 de Julho], o governador trocou a participa\u00e7\u00e3o no cortejo por uma viagem ao exterior em busca de investimentos para o Estado.<\/p>\n<div class='share-to-whatsapp-wrapper'><div class='share-on-whsp'>Share on: <\/div><a data-text='Ida de Rui ao Bonfim ainda \u00e9 incerta; aposta \u00e9 que Wagner lidere cord\u00e3o petista e capitalize para 2022' data-link='https:\/\/newsinfoco.com.br\/inicio\/ida-de-rui-ao-bonfim-ainda-e-incerta-aposta-e-que-wagner-lidere-cordao-petista-e-capitalize-para-2022\/' class='whatsapp-button whatsapp-share'>WhatsApp<\/a><div class='clear '><\/div><\/div>","protected":false},"excerpt":{"rendered":"<p>Conforme apurado pelo\u00a0Pol\u00edtica Livre, a ida do governador Rui Costa (PT) \u00e0 tradicional Lavagem do Bonfim, onde ocorre o primeiro teste de popularidade com vistas nas elei\u00e7\u00f5es municipais, ainda \u00e9 incerta, com grandes possibilidades de que ele n\u00e3o compare\u00e7a por conta da cirurgia que realizou no \u00faltimo domingo para a retirada de um n\u00f3dulo mam\u00e1rio [&hellip;]<\/p>\n","protected":false},"author":1,"featured_media":19818,"comment_status":"open","ping_status":"open","sticky":false,"template":"","format":"standard","meta":{"om_disable_all_campaigns":false,"rop_custom_images_group":[],"rop_custom_messages_group":[],"rop_publish_now":"initial","rop_publish_now_accounts":[],"rop_publish_now_history":[],"rop_publish_now_status":"pending","_exactmetrics_skip_tracking":false,"footnotes":""},"categories":[19,30],"tags":[],"class_list":["post-19817","post","type-post","status-publish","format-standard","has-post-thumbnail","hentry","category-bahia","category-destaque"],"aioseo_notices":[],"aioseo_head":"\n\t\t<!-- All in One SEO 4.9.10 - aioseo.com -->\n\t<meta name=\"description\" content=\"Conforme apurado pelo Pol\u00edtica Livre, a ida do governador Rui Costa (PT) \u00e0 tradicional Lavagem do Bonfim, onde ocorre o primeiro teste de popularidade com vistas nas elei\u00e7\u00f5es municipais, ainda \u00e9 incerta, com grandes possibilidades de que ele n\u00e3o compare\u00e7a por conta da cirurgia que realizou no \u00faltimo domingo para a retirada de um n\u00f3dulo mam\u00e1rio\" \/>\n\t<meta name=\"robots\" content=\"max-image-preview:large\" \/>\n\t<meta name=\"author\" content=\"administrador\"\/>\n\t<link rel=\"canonical\" href=\"https:\/\/newsinfoco.com.br\/inicio\/ida-de-rui-ao-bonfim-ainda-e-incerta-aposta-e-que-wagner-lidere-cordao-petista-e-capitalize-para-2022\/\" \/>\n\t<meta name=\"generator\" content=\"All in One SEO (AIOSEO) 4.9.10\" \/>\n\t\t<meta property=\"og:locale\" content=\"pt_BR\" \/>\n\t\t<meta property=\"og:site_name\" content=\"News In Foco - Editado por Caio Pimenta - O principal site de noticias de Alagoinhas e regi\u00e3o\" \/>\n\t\t<meta property=\"og:type\" content=\"article\" \/>\n\t\t<meta property=\"og:title\" content=\"Ida de Rui ao Bonfim ainda \u00e9 incerta; aposta \u00e9 que Wagner lidere cord\u00e3o petista e capitalize para 2022 - News In Foco - Editado por Caio Pimenta\" \/>\n\t\t<meta property=\"og:description\" content=\"Conforme apurado pelo Pol\u00edtica Livre, a ida do governador Rui Costa (PT) \u00e0 tradicional Lavagem do Bonfim, onde ocorre o primeiro teste de popularidade com vistas nas elei\u00e7\u00f5es municipais, ainda \u00e9 incerta, com grandes possibilidades de que ele n\u00e3o compare\u00e7a por conta da cirurgia que realizou no \u00faltimo domingo para a retirada de um n\u00f3dulo mam\u00e1rio\" \/>\n\t\t<meta property=\"og:url\" content=\"https:\/\/newsinfoco.com.br\/inicio\/ida-de-rui-ao-bonfim-ainda-e-incerta-aposta-e-que-wagner-lidere-cordao-petista-e-capitalize-para-2022\/\" \/>\n\t\t<meta property=\"article:published_time\" content=\"2020-01-10T23:14:51+00:00\" \/>\n\t\t<meta property=\"article:modified_time\" content=\"2020-01-10T23:14:51+00:00\" \/>\n\t\t<meta name=\"twitter:card\" content=\"summary_large_image\" \/>\n\t\t<meta name=\"twitter:title\" content=\"Ida de Rui ao Bonfim ainda \u00e9 incerta; aposta \u00e9 que Wagner lidere cord\u00e3o petista e capitalize para 2022 - News In Foco - Editado por Caio Pimenta\" \/>\n\t\t<meta name=\"twitter:description\" content=\"Conforme apurado pelo Pol\u00edtica Livre, a ida do governador Rui Costa (PT) \u00e0 tradicional Lavagem do Bonfim, onde ocorre o primeiro teste de popularidade com vistas nas elei\u00e7\u00f5es municipais, ainda \u00e9 incerta, com grandes possibilidades de que ele n\u00e3o compare\u00e7a por conta da cirurgia que realizou no \u00faltimo domingo para a retirada de um n\u00f3dulo mam\u00e1rio\" \/>\n\t\t<script type=\"application\/ld+json\" class=\"aioseo-schema\">\n\t\t\t{\"@context\":\"https:\\\/\\\/schema.org\",\"@graph\":[{\"@type\":\"BlogPosting\",\"@id\":\"https:\\\/\\\/newsinfoco.com.br\\\/inicio\\\/ida-de-rui-ao-bonfim-ainda-e-incerta-aposta-e-que-wagner-lidere-cordao-petista-e-capitalize-para-2022\\\/#blogposting\",\"name\":\"Ida de Rui ao Bonfim ainda \\u00e9 incerta; aposta \\u00e9 que Wagner lidere cord\\u00e3o petista e capitalize para 2022 - News In Foco - Editado por Caio Pimenta\",\"headline\":\"Ida de Rui ao Bonfim ainda \\u00e9 incerta; aposta \\u00e9 que Wagner lidere cord\\u00e3o petista e capitalize para 2022\",\"author\":{\"@id\":\"https:\\\/\\\/newsinfoco.com.br\\\/inicio\\\/author\\\/administrador\\\/#author\"},\"publisher\":{\"@id\":\"https:\\\/\\\/newsinfoco.com.br\\\/inicio\\\/#organization\"},\"image\":{\"@type\":\"ImageObject\",\"url\":\"https:\\\/\\\/newsinfoco.com.br\\\/inicio\\\/wp-content\\\/uploads\\\/2020\\\/01\\\/images.jpg\",\"width\":678,\"height\":452},\"datePublished\":\"2020-01-10T20:14:51-03:00\",\"dateModified\":\"2020-01-10T20:14:51-03:00\",\"inLanguage\":\"pt-BR\",\"mainEntityOfPage\":{\"@id\":\"https:\\\/\\\/newsinfoco.com.br\\\/inicio\\\/ida-de-rui-ao-bonfim-ainda-e-incerta-aposta-e-que-wagner-lidere-cordao-petista-e-capitalize-para-2022\\\/#webpage\"},\"isPartOf\":{\"@id\":\"https:\\\/\\\/newsinfoco.com.br\\\/inicio\\\/ida-de-rui-ao-bonfim-ainda-e-incerta-aposta-e-que-wagner-lidere-cordao-petista-e-capitalize-para-2022\\\/#webpage\"},\"articleSection\":\"Bahia, Destaque\"},{\"@type\":\"BreadcrumbList\",\"@id\":\"https:\\\/\\\/newsinfoco.com.br\\\/inicio\\\/ida-de-rui-ao-bonfim-ainda-e-incerta-aposta-e-que-wagner-lidere-cordao-petista-e-capitalize-para-2022\\\/#breadcrumblist\",\"itemListElement\":[{\"@type\":\"ListItem\",\"@id\":\"https:\\\/\\\/newsinfoco.com.br\\\/inicio#listItem\",\"position\":1,\"name\":\"In\\u00edcio\",\"item\":\"https:\\\/\\\/newsinfoco.com.br\\\/inicio\",\"nextItem\":{\"@type\":\"ListItem\",\"@id\":\"https:\\\/\\\/newsinfoco.com.br\\\/inicio\\\/category\\\/bahia\\\/#listItem\",\"name\":\"Bahia\"}},{\"@type\":\"ListItem\",\"@id\":\"https:\\\/\\\/newsinfoco.com.br\\\/inicio\\\/category\\\/bahia\\\/#listItem\",\"position\":2,\"name\":\"Bahia\",\"item\":\"https:\\\/\\\/newsinfoco.com.br\\\/inicio\\\/category\\\/bahia\\\/\",\"nextItem\":{\"@type\":\"ListItem\",\"@id\":\"https:\\\/\\\/newsinfoco.com.br\\\/inicio\\\/ida-de-rui-ao-bonfim-ainda-e-incerta-aposta-e-que-wagner-lidere-cordao-petista-e-capitalize-para-2022\\\/#listItem\",\"name\":\"Ida de Rui ao Bonfim ainda \\u00e9 incerta; aposta \\u00e9 que Wagner lidere cord\\u00e3o petista e capitalize para 2022\"},\"previousItem\":{\"@type\":\"ListItem\",\"@id\":\"https:\\\/\\\/newsinfoco.com.br\\\/inicio#listItem\",\"name\":\"In\\u00edcio\"}},{\"@type\":\"ListItem\",\"@id\":\"https:\\\/\\\/newsinfoco.com.br\\\/inicio\\\/ida-de-rui-ao-bonfim-ainda-e-incerta-aposta-e-que-wagner-lidere-cordao-petista-e-capitalize-para-2022\\\/#listItem\",\"position\":3,\"name\":\"Ida de Rui ao Bonfim ainda \\u00e9 incerta; aposta \\u00e9 que Wagner lidere cord\\u00e3o petista e capitalize para 2022\",\"previousItem\":{\"@type\":\"ListItem\",\"@id\":\"https:\\\/\\\/newsinfoco.com.br\\\/inicio\\\/category\\\/bahia\\\/#listItem\",\"name\":\"Bahia\"}}]},{\"@type\":\"Organization\",\"@id\":\"https:\\\/\\\/newsinfoco.com.br\\\/inicio\\\/#organization\",\"name\":\"News In Foco - Editado por Caio Pimenta\",\"description\":\"O principal site de noticias de Alagoinhas e regi\\u00e3o\",\"url\":\"https:\\\/\\\/newsinfoco.com.br\\\/inicio\\\/\"},{\"@type\":\"Person\",\"@id\":\"https:\\\/\\\/newsinfoco.com.br\\\/inicio\\\/author\\\/administrador\\\/#author\",\"url\":\"https:\\\/\\\/newsinfoco.com.br\\\/inicio\\\/author\\\/administrador\\\/\",\"name\":\"administrador\",\"image\":{\"@type\":\"ImageObject\",\"@id\":\"https:\\\/\\\/newsinfoco.com.br\\\/inicio\\\/ida-de-rui-ao-bonfim-ainda-e-incerta-aposta-e-que-wagner-lidere-cordao-petista-e-capitalize-para-2022\\\/#authorImage\",\"url\":\"https:\\\/\\\/secure.gravatar.com\\\/avatar\\\/c17a617433de8c1dc9584bb79aab7563b46f5bb7e1728c9b17d9cc3ce6a08e49?s=96&d=mm&r=g\",\"width\":96,\"height\":96,\"caption\":\"administrador\"}},{\"@type\":\"WebPage\",\"@id\":\"https:\\\/\\\/newsinfoco.com.br\\\/inicio\\\/ida-de-rui-ao-bonfim-ainda-e-incerta-aposta-e-que-wagner-lidere-cordao-petista-e-capitalize-para-2022\\\/#webpage\",\"url\":\"https:\\\/\\\/newsinfoco.com.br\\\/inicio\\\/ida-de-rui-ao-bonfim-ainda-e-incerta-aposta-e-que-wagner-lidere-cordao-petista-e-capitalize-para-2022\\\/\",\"name\":\"Ida de Rui ao Bonfim ainda \\u00e9 incerta; aposta \\u00e9 que Wagner lidere cord\\u00e3o petista e capitalize para 2022 - News In Foco - Editado por Caio Pimenta\",\"description\":\"Conforme apurado pelo Pol\\u00edtica Livre, a ida do governador Rui Costa (PT) \\u00e0 tradicional Lavagem do Bonfim, onde ocorre o primeiro teste de popularidade com vistas nas elei\\u00e7\\u00f5es municipais, ainda \\u00e9 incerta, com grandes possibilidades de que ele n\\u00e3o compare\\u00e7a por conta da cirurgia que realizou no \\u00faltimo domingo para a retirada de um n\\u00f3dulo mam\\u00e1rio\",\"inLanguage\":\"pt-BR\",\"isPartOf\":{\"@id\":\"https:\\\/\\\/newsinfoco.com.br\\\/inicio\\\/#website\"},\"breadcrumb\":{\"@id\":\"https:\\\/\\\/newsinfoco.com.br\\\/inicio\\\/ida-de-rui-ao-bonfim-ainda-e-incerta-aposta-e-que-wagner-lidere-cordao-petista-e-capitalize-para-2022\\\/#breadcrumblist\"},\"author\":{\"@id\":\"https:\\\/\\\/newsinfoco.com.br\\\/inicio\\\/author\\\/administrador\\\/#author\"},\"creator\":{\"@id\":\"https:\\\/\\\/newsinfoco.com.br\\\/inicio\\\/author\\\/administrador\\\/#author\"},\"image\":{\"@type\":\"ImageObject\",\"url\":\"https:\\\/\\\/newsinfoco.com.br\\\/inicio\\\/wp-content\\\/uploads\\\/2020\\\/01\\\/images.jpg\",\"@id\":\"https:\\\/\\\/newsinfoco.com.br\\\/inicio\\\/ida-de-rui-ao-bonfim-ainda-e-incerta-aposta-e-que-wagner-lidere-cordao-petista-e-capitalize-para-2022\\\/#mainImage\",\"width\":678,\"height\":452},\"primaryImageOfPage\":{\"@id\":\"https:\\\/\\\/newsinfoco.com.br\\\/inicio\\\/ida-de-rui-ao-bonfim-ainda-e-incerta-aposta-e-que-wagner-lidere-cordao-petista-e-capitalize-para-2022\\\/#mainImage\"},\"datePublished\":\"2020-01-10T20:14:51-03:00\",\"dateModified\":\"2020-01-10T20:14:51-03:00\"},{\"@type\":\"WebSite\",\"@id\":\"https:\\\/\\\/newsinfoco.com.br\\\/inicio\\\/#website\",\"url\":\"https:\\\/\\\/newsinfoco.com.br\\\/inicio\\\/\",\"name\":\"News In Foco - Editado por Caio Pimenta\",\"description\":\"O principal site de noticias de Alagoinhas e regi\\u00e3o\",\"inLanguage\":\"pt-BR\",\"publisher\":{\"@id\":\"https:\\\/\\\/newsinfoco.com.br\\\/inicio\\\/#organization\"}}]}\n\t\t<\/script>\n\t\t<!-- All in One SEO -->\n\n","aioseo_head_json":{"title":"Ida de Rui ao Bonfim ainda \u00e9 incerta; aposta \u00e9 que Wagner lidere cord\u00e3o petista e capitalize para 2022 - News In Foco - Editado por Caio Pimenta","description":"Conforme apurado pelo Pol\u00edtica Livre, a ida do governador Rui Costa (PT) \u00e0 tradicional Lavagem do Bonfim, onde ocorre o primeiro teste de popularidade com vistas nas elei\u00e7\u00f5es municipais, ainda \u00e9 incerta, com grandes possibilidades de que ele n\u00e3o compare\u00e7a por conta da cirurgia que realizou no \u00faltimo domingo para a retirada de um n\u00f3dulo mam\u00e1rio","canonical_url":"https:\/\/newsinfoco.com.br\/inicio\/ida-de-rui-ao-bonfim-ainda-e-incerta-aposta-e-que-wagner-lidere-cordao-petista-e-capitalize-para-2022\/","robots":"max-image-preview:large","keywords":"","webmasterTools":{"miscellaneous":""},"schema":{"@context":"https:\/\/schema.org","@graph":[{"@type":"BlogPosting","@id":"https:\/\/newsinfoco.com.br\/inicio\/ida-de-rui-ao-bonfim-ainda-e-incerta-aposta-e-que-wagner-lidere-cordao-petista-e-capitalize-para-2022\/#blogposting","name":"Ida de Rui ao Bonfim ainda \u00e9 incerta; aposta \u00e9 que Wagner lidere cord\u00e3o petista e capitalize para 2022 - News In Foco - Editado por Caio Pimenta","headline":"Ida de Rui ao Bonfim ainda \u00e9 incerta; aposta \u00e9 que Wagner lidere cord\u00e3o petista e capitalize para 2022","author":{"@id":"https:\/\/newsinfoco.com.br\/inicio\/author\/administrador\/#author"},"publisher":{"@id":"https:\/\/newsinfoco.com.br\/inicio\/#organization"},"image":{"@type":"ImageObject","url":"https:\/\/newsinfoco.com.br\/inicio\/wp-content\/uploads\/2020\/01\/images.jpg","width":678,"height":452},"datePublished":"2020-01-10T20:14:51-03:00","dateModified":"2020-01-10T20:14:51-03:00","inLanguage":"pt-BR","mainEntityOfPage":{"@id":"https:\/\/newsinfoco.com.br\/inicio\/ida-de-rui-ao-bonfim-ainda-e-incerta-aposta-e-que-wagner-lidere-cordao-petista-e-capitalize-para-2022\/#webpage"},"isPartOf":{"@id":"https:\/\/newsinfoco.com.br\/inicio\/ida-de-rui-ao-bonfim-ainda-e-incerta-aposta-e-que-wagner-lidere-cordao-petista-e-capitalize-para-2022\/#webpage"},"articleSection":"Bahia, Destaque"},{"@type":"BreadcrumbList","@id":"https:\/\/newsinfoco.com.br\/inicio\/ida-de-rui-ao-bonfim-ainda-e-incerta-aposta-e-que-wagner-lidere-cordao-petista-e-capitalize-para-2022\/#breadcrumblist","itemListElement":[{"@type":"ListItem","@id":"https:\/\/newsinfoco.com.br\/inicio#listItem","position":1,"name":"In\u00edcio","item":"https:\/\/newsinfoco.com.br\/inicio","nextItem":{"@type":"ListItem","@id":"https:\/\/newsinfoco.com.br\/inicio\/category\/bahia\/#listItem","name":"Bahia"}},{"@type":"ListItem","@id":"https:\/\/newsinfoco.com.br\/inicio\/category\/bahia\/#listItem","position":2,"name":"Bahia","item":"https:\/\/newsinfoco.com.br\/inicio\/category\/bahia\/","nextItem":{"@type":"ListItem","@id":"https:\/\/newsinfoco.com.br\/inicio\/ida-de-rui-ao-bonfim-ainda-e-incerta-aposta-e-que-wagner-lidere-cordao-petista-e-capitalize-para-2022\/#listItem","name":"Ida de Rui ao Bonfim ainda \u00e9 incerta; aposta \u00e9 que Wagner lidere cord\u00e3o petista e capitalize para 2022"},"previousItem":{"@type":"ListItem","@id":"https:\/\/newsinfoco.com.br\/inicio#listItem","name":"In\u00edcio"}},{"@type":"ListItem","@id":"https:\/\/newsinfoco.com.br\/inicio\/ida-de-rui-ao-bonfim-ainda-e-incerta-aposta-e-que-wagner-lidere-cordao-petista-e-capitalize-para-2022\/#listItem","position":3,"name":"Ida de Rui ao Bonfim ainda \u00e9 incerta; aposta \u00e9 que Wagner lidere cord\u00e3o petista e capitalize para 2022","previousItem":{"@type":"ListItem","@id":"https:\/\/newsinfoco.com.br\/inicio\/category\/bahia\/#listItem","name":"Bahia"}}]},{"@type":"Organization","@id":"https:\/\/newsinfoco.com.br\/inicio\/#organization","name":"News In Foco - Editado por Caio Pimenta","description":"O principal site de noticias de Alagoinhas e regi\u00e3o","url":"https:\/\/newsinfoco.com.br\/inicio\/"},{"@type":"Person","@id":"https:\/\/newsinfoco.com.br\/inicio\/author\/administrador\/#author","url":"https:\/\/newsinfoco.com.br\/inicio\/author\/administrador\/","name":"administrador","image":{"@type":"ImageObject","@id":"https:\/\/newsinfoco.com.br\/inicio\/ida-de-rui-ao-bonfim-ainda-e-incerta-aposta-e-que-wagner-lidere-cordao-petista-e-capitalize-para-2022\/#authorImage","url":"https:\/\/secure.gravatar.com\/avatar\/c17a617433de8c1dc9584bb79aab7563b46f5bb7e1728c9b17d9cc3ce6a08e49?s=96&d=mm&r=g","width":96,"height":96,"caption":"administrador"}},{"@type":"WebPage","@id":"https:\/\/newsinfoco.com.br\/inicio\/ida-de-rui-ao-bonfim-ainda-e-incerta-aposta-e-que-wagner-lidere-cordao-petista-e-capitalize-para-2022\/#webpage","url":"https:\/\/newsinfoco.com.br\/inicio\/ida-de-rui-ao-bonfim-ainda-e-incerta-aposta-e-que-wagner-lidere-cordao-petista-e-capitalize-para-2022\/","name":"Ida de Rui ao Bonfim ainda \u00e9 incerta; aposta \u00e9 que Wagner lidere cord\u00e3o petista e capitalize para 2022 - News In Foco - Editado por Caio Pimenta","description":"Conforme apurado pelo Pol\u00edtica Livre, a ida do governador Rui Costa (PT) \u00e0 tradicional Lavagem do Bonfim, onde ocorre o primeiro teste de popularidade com vistas nas elei\u00e7\u00f5es municipais, ainda \u00e9 incerta, com grandes possibilidades de que ele n\u00e3o compare\u00e7a por conta da cirurgia que realizou no \u00faltimo domingo para a retirada de um n\u00f3dulo mam\u00e1rio","inLanguage":"pt-BR","isPartOf":{"@id":"https:\/\/newsinfoco.com.br\/inicio\/#website"},"breadcrumb":{"@id":"https:\/\/newsinfoco.com.br\/inicio\/ida-de-rui-ao-bonfim-ainda-e-incerta-aposta-e-que-wagner-lidere-cordao-petista-e-capitalize-para-2022\/#breadcrumblist"},"author":{"@id":"https:\/\/newsinfoco.com.br\/inicio\/author\/administrador\/#author"},"creator":{"@id":"https:\/\/newsinfoco.com.br\/inicio\/author\/administrador\/#author"},"image":{"@type":"ImageObject","url":"https:\/\/newsinfoco.com.br\/inicio\/wp-content\/uploads\/2020\/01\/images.jpg","@id":"https:\/\/newsinfoco.com.br\/inicio\/ida-de-rui-ao-bonfim-ainda-e-incerta-aposta-e-que-wagner-lidere-cordao-petista-e-capitalize-para-2022\/#mainImage","width":678,"height":452},"primaryImageOfPage":{"@id":"https:\/\/newsinfoco.com.br\/inicio\/ida-de-rui-ao-bonfim-ainda-e-incerta-aposta-e-que-wagner-lidere-cordao-petista-e-capitalize-para-2022\/#mainImage"},"datePublished":"2020-01-10T20:14:51-03:00","dateModified":"2020-01-10T20:14:51-03:00"},{"@type":"WebSite","@id":"https:\/\/newsinfoco.com.br\/inicio\/#website","url":"https:\/\/newsinfoco.com.br\/inicio\/","name":"News In Foco - Editado por Caio Pimenta","description":"O principal site de noticias de Alagoinhas e regi\u00e3o","inLanguage":"pt-BR","publisher":{"@id":"https:\/\/newsinfoco.com.br\/inicio\/#organization"}}]},"og:locale":"pt_BR","og:site_name":"News In Foco - Editado por Caio Pimenta - O principal site de noticias de Alagoinhas e regi\u00e3o","og:type":"article","og:title":"Ida de Rui ao Bonfim ainda \u00e9 incerta; aposta \u00e9 que Wagner lidere cord\u00e3o petista e capitalize para 2022 - News In Foco - Editado por Caio Pimenta","og:description":"Conforme apurado pelo Pol\u00edtica Livre, a ida do governador Rui Costa (PT) \u00e0 tradicional Lavagem do Bonfim, onde ocorre o primeiro teste de popularidade com vistas nas elei\u00e7\u00f5es municipais, ainda \u00e9 incerta, com grandes possibilidades de que ele n\u00e3o compare\u00e7a por conta da cirurgia que realizou no \u00faltimo domingo para a retirada de um n\u00f3dulo mam\u00e1rio","og:url":"https:\/\/newsinfoco.com.br\/inicio\/ida-de-rui-ao-bonfim-ainda-e-incerta-aposta-e-que-wagner-lidere-cordao-petista-e-capitalize-para-2022\/","article:published_time":"2020-01-10T23:14:51+00:00","article:modified_time":"2020-01-10T23:14:51+00:00","twitter:card":"summary_large_image","twitter:title":"Ida de Rui ao Bonfim ainda \u00e9 incerta; aposta \u00e9 que Wagner lidere cord\u00e3o petista e capitalize para 2022 - News In Foco - Editado por Caio Pimenta","twitter:description":"Conforme apurado pelo Pol\u00edtica Livre, a ida do governador Rui Costa (PT) \u00e0 tradicional Lavagem do Bonfim, onde ocorre o primeiro teste de popularidade com vistas nas elei\u00e7\u00f5es municipais, ainda \u00e9 incerta, com grandes possibilidades de que ele n\u00e3o compare\u00e7a por conta da cirurgia que realizou no \u00faltimo domingo para a retirada de um n\u00f3dulo mam\u00e1rio"},"aioseo_meta_data":{"post_id":"19817","title":null,"description":null,"keywords":null,"keyphrases":null,"primary_term":null,"canonical_url":null,"og_title":null,"og_description":null,"og_object_type":"default","og_image_type":"default","og_image_url":null,"og_image_width":null,"og_image_height":null,"og_image_custom_url":null,"og_image_custom_fields":null,"og_video":null,"og_custom_url":null,"og_article_section":null,"og_article_tags":null,"twitter_use_og":false,"twitter_card":"default","twitter_image_type":"default","twitter_image_url":null,"twitter_image_custom_url":null,"twitter_image_custom_fields":null,"twitter_title":null,"twitter_description":null,"schema":{"blockGraphs":[],"customGraphs":[],"default":{"data":{"Article":[],"Course":[],"Dataset":[],"FAQPage":[],"Movie":[],"Person":[],"Product":[],"ProductReview":[],"Car":[],"Recipe":[],"Service":[],"SoftwareApplication":[],"WebPage":[]},"graphName":"","isEnabled":true},"graphs":[]},"schema_type":"default","schema_type_options":null,"pillar_content":false,"robots_default":true,"robots_noindex":false,"robots_noarchive":false,"robots_nosnippet":false,"robots_nofollow":false,"robots_noimageindex":false,"robots_noodp":false,"robots_notranslate":false,"robots_max_snippet":null,"robots_max_videopreview":null,"robots_max_imagepreview":"large","priority":null,"frequency":null,"local_seo":null,"breadcrumb_settings":null,"limit_modified_date":false,"ai":null,"created":"2023-06-12 15:55:51","updated":"2025-07-11 02:31:17","seo_analyzer_scan_date":null},"aioseo_breadcrumb":"<div class=\"aioseo-breadcrumbs\"><span class=\"aioseo-breadcrumb\">\n\t\t\t<a href=\"https:\/\/newsinfoco.com.br\/inicio\" title=\"In\u00edcio\">In\u00edcio<\/a>\n\t\t<\/span><span class=\"aioseo-breadcrumb-separator\">&raquo;<\/span><span class=\"aioseo-breadcrumb\">\n\t\t\t<a href=\"https:\/\/newsinfoco.com.br\/inicio\/category\/bahia\/\" title=\"Bahia\">Bahia<\/a>\n\t\t<\/span><span class=\"aioseo-breadcrumb-separator\">&raquo;<\/span><span class=\"aioseo-breadcrumb\">\n\t\t\tIda de Rui ao Bonfim ainda \u00e9 incerta; aposta \u00e9 que Wagner lidere cord\u00e3o petista e capitalize para 2022\n\t\t<\/span><\/div>","aioseo_breadcrumb_json":[{"label":"In\u00edcio","link":"https:\/\/newsinfoco.com.br\/inicio"},{"label":"Bahia","link":"https:\/\/newsinfoco.com.br\/inicio\/category\/bahia\/"},{"label":"Ida de Rui ao Bonfim ainda \u00e9 incerta; aposta \u00e9 que Wagner lidere cord\u00e3o petista e capitalize para 2022","link":"https:\/\/newsinfoco.com.br\/inicio\/ida-de-rui-ao-bonfim-ainda-e-incerta-aposta-e-que-wagner-lidere-cordao-petista-e-capitalize-para-2022\/"}],"_links":{"self":[{"href":"https:\/\/newsinfoco.com.br\/inicio\/wp-json\/wp\/v2\/posts\/19817","targetHints":{"allow":["GET"]}}],"collection":[{"href":"https:\/\/newsinfoco.com.br\/inicio\/wp-json\/wp\/v2\/posts"}],"about":[{"href":"https:\/\/newsinfoco.com.br\/inicio\/wp-json\/wp\/v2\/types\/post"}],"author":[{"embeddable":true,"href":"https:\/\/newsinfoco.com.br\/inicio\/wp-json\/wp\/v2\/users\/1"}],"replies":[{"embeddable":true,"href":"https:\/\/newsinfoco.com.br\/inicio\/wp-json\/wp\/v2\/comments?post=19817"}],"version-history":[{"count":0,"href":"https:\/\/newsinfoco.com.br\/inicio\/wp-json\/wp\/v2\/posts\/19817\/revisions"}],"wp:featuredmedia":[{"embeddable":true,"href":"https:\/\/newsinfoco.com.br\/inicio\/wp-json\/wp\/v2\/media\/19818"}],"wp:attachment":[{"href":"https:\/\/newsinfoco.com.br\/inicio\/wp-json\/wp\/v2\/media?parent=19817"}],"wp:term":[{"taxonomy":"category","embeddable":true,"href":"https:\/\/newsinfoco.com.br\/inicio\/wp-json\/wp\/v2\/categories?post=19817"},{"taxonomy":"post_tag","embeddable":true,"href":"https:\/\/newsinfoco.com.br\/inicio\/wp-json\/wp\/v2\/tags?post=19817"}],"curies":[{"name":"wp","href":"https:\/\/api.w.org\/{rel}","templated":true}]}}