{"id":19820,"date":"2020-01-10T20:17:31","date_gmt":"2020-01-10T23:17:31","guid":{"rendered":"http:\/\/newsinfoco.com.br\/?p=19820"},"modified":"2020-01-10T20:17:31","modified_gmt":"2020-01-10T23:17:31","slug":"saba-fica-surpreso-com-pedido-de-expulsao-e-diz-que-nao-pretende-sair-do-pv","status":"publish","type":"post","link":"https:\/\/newsinfoco.com.br\/inicio\/saba-fica-surpreso-com-pedido-de-expulsao-e-diz-que-nao-pretende-sair-do-pv\/","title":{"rendered":"Sab\u00e1 fica surpreso com pedido de expuls\u00e3o e diz que n\u00e3o pretende sair do PV"},"content":{"rendered":"<p style=\"text-align: justify;\">O vereador Sab\u00e1 afirmou, nesta sexta-feira (10), ao\u00a0<strong>Pol\u00edtica Livre<\/strong>, que foi surpreendido pela not\u00edcia da exist\u00eancia de um\u00a0<a href=\"https:\/\/politicalivre.com.br\/2020\/01\/pv-recebe-abaixo-assinado-e-carballal-saba-e-lider-de-neto-podem-ser-expulsos\/\">abaixo-assinado<\/a>\u00a0pedindo sua expuls\u00e3o do PV, al\u00e9m dos colegas Henrique Carballal e Paulo Magalh\u00e3es J\u00fanior \u2013 l\u00edder do prefeito ACM Neto (DEM) na C\u00e2mara Municipal de Salvador. Os tr\u00eas parlamentares s\u00e3o acusados de n\u00e3o participarem das atividades partid\u00e1rias e n\u00e3o votarem de acordo com o programa do partido com as quest\u00f5es ambientais. O documento foi assinado por 79 dos 110 pr\u00e9-candidatos a vereador da sigla e entregue, nesta \u00faltima quinta (9), ao presidente municipal do PV, Eliel Souza, ex-vereador, na primeira reuni\u00e3o da legenda deste ano, no Rio Vermelho.<\/p>\n<p style=\"text-align: justify;\">Ao contr\u00e1rio de\u00a0<a href=\"https:\/\/politicalivre.com.br\/2020\/01\/carballal-sobe-o-tom-e-diz-que-presidente-municipal-do-pv-e-que-deveria-ser-expulso\/\">Carballal<\/a>, Sab\u00e1 usou um tom mais ameno e elogiou a condu\u00e7\u00e3o de Eliel no diret\u00f3rio municipal e Ivanilson Gomes no estadual. No entanto, assim como o colega na C\u00e2mara, tamb\u00e9m disse seguir \u00e0 risca o programa e a\u00e7\u00f5es do partido.<\/p>\n<p style=\"text-align: justify;\">\u201cEx-vereador, tenho um respeito e admira\u00e7\u00e3o muito grande, um amigo querido. Ivanilson tamb\u00e9m um homem s\u00e9rio, de car\u00e1ter. At\u00e9 o momento, essa situa\u00e7\u00e3o n\u00e3o chegou ao meu conhecimento. Tenho mantido todos os compromissos com o Partido Verde. Se essas 79 pessoas, pr\u00e9-candidatos, fizeram um abaixo-assinado \u00e9 o direito de cada um, mas acho que eles devem estar um pouco mal-informados, porque eu estou em dia com o partido\u201d.<\/p>\n<p style=\"text-align: justify;\">Sobre a acusa\u00e7\u00e3o de que ele, assim como Carballal e Paulo Magalh\u00e3es, n\u00e3o comparece \u00e0 sede do partido h\u00e1 pelo menos 1,6 ano, Sab\u00e1 negou. Ele disse que deve ter apenas 7, 8 meses, mas justifica sua aus\u00eancia por falta de convite e convoca\u00e7\u00e3o por parte do pr\u00f3prio diret\u00f3rio. \u201cO \u00faltimo encontro que foi o lan\u00e7amento da pr\u00e9-candidatura de Ivanilson eu n\u00e3o fui, na verdade, porque n\u00e3o fui convidado. Outras reuni\u00f5es que por ventura eu n\u00e3o tenha comparecido porque tamb\u00e9m n\u00e3o fui convidado\u201d, disse o vereador, lembrando, inclusive, que na \u00faltima vez que esteve na sede da legenda chegou a ser assaltado e seu celular levado.<\/p>\n<p style=\"text-align: justify;\">Segundo o vereador, ele n\u00e3o tem motivos para sair do PV e pretende sair candidato \u00e0 reelei\u00e7\u00e3o em outubro pelo partido. Ele est\u00e1 em seu terceiro mandato na C\u00e2mara, dois deles eleito pelo Republicanos e o \u00faltimo pela atual legenda. \u201cEu mantenho meu compromisso em dia com o PV, tenho prerrogativa legal. Agora, se os presidentes Eliel e Ivanilson acharem que n\u00e3o me quer no partido, eu vou respeitar\u201d.<\/p>\n<p style=\"text-align: justify;\"><strong>Bonfim<\/strong><br \/>\nTamb\u00e9m ao contr\u00e1rio de Carballal, o vereador afirmou que vai marchar ao lado do PV na Lavagem do Bonfim que acontece na pr\u00f3xima quinta-feira (16). Em entrevista mais cedo ao\u00a0<strong>Pol\u00edtica Livre<\/strong>, Eliel afirmou que o partido sair\u00e1 em bloco separado, como todos os anos, com a presen\u00e7a dos presidentes Ivanilson Gomes (estadual) e Jos\u00e9 Luiz Penna (nacional), mas logo atr\u00e1s da comitiva do prefeito ACM Neto.<\/p>\n<p style=\"text-align: justify;\">\u201cEu respeito o meu partido, as diretrizes partid\u00e1rias, n\u00e3o tenho o porqu\u00ea de n\u00e3o caminhar ao lado dos meus colegas correligion\u00e1rios do Partido Verde. Eu tenho um compromisso com o PV, existe a fidelidade partid\u00e1ria e isso eu cumpro \u00e0 risca\u201d, salientou.<\/p>\n<div class='share-to-whatsapp-wrapper'><div class='share-on-whsp'>Share on: <\/div><a data-text='Sab\u00e1 fica surpreso com pedido de expuls\u00e3o e diz que n\u00e3o pretende sair do PV' data-link='https:\/\/newsinfoco.com.br\/inicio\/saba-fica-surpreso-com-pedido-de-expulsao-e-diz-que-nao-pretende-sair-do-pv\/' class='whatsapp-button whatsapp-share'>WhatsApp<\/a><div class='clear '><\/div><\/div>","protected":false},"excerpt":{"rendered":"<p>O vereador Sab\u00e1 afirmou, nesta sexta-feira (10), ao\u00a0Pol\u00edtica Livre, que foi surpreendido pela not\u00edcia da exist\u00eancia de um\u00a0abaixo-assinado\u00a0pedindo sua expuls\u00e3o do PV, al\u00e9m dos colegas Henrique Carballal e Paulo Magalh\u00e3es J\u00fanior \u2013 l\u00edder do prefeito ACM Neto (DEM) na C\u00e2mara Municipal de Salvador. Os tr\u00eas parlamentares s\u00e3o acusados de n\u00e3o participarem das atividades partid\u00e1rias e [&hellip;]<\/p>\n","protected":false},"author":1,"featured_media":19821,"comment_status":"open","ping_status":"open","sticky":false,"template":"","format":"standard","meta":{"om_disable_all_campaigns":false,"rop_custom_images_group":[],"rop_custom_messages_group":[],"rop_publish_now":"initial","rop_publish_now_accounts":[],"rop_publish_now_history":[],"rop_publish_now_status":"pending","_exactmetrics_skip_tracking":false,"footnotes":""},"categories":[19,30],"tags":[],"class_list":["post-19820","post","type-post","status-publish","format-standard","has-post-thumbnail","hentry","category-bahia","category-destaque"],"aioseo_notices":[],"aioseo_head":"\n\t\t<!-- All in One SEO 4.9.10 - aioseo.com -->\n\t<meta name=\"description\" content=\"O vereador Sab\u00e1 afirmou, nesta sexta-feira (10), ao Pol\u00edtica Livre, que foi surpreendido pela not\u00edcia da exist\u00eancia de um abaixo-assinado pedindo sua expuls\u00e3o do PV, al\u00e9m dos colegas Henrique Carballal e Paulo Magalh\u00e3es J\u00fanior \u2013 l\u00edder do prefeito ACM Neto (DEM) na C\u00e2mara Municipal de Salvador. Os tr\u00eas parlamentares s\u00e3o acusados de n\u00e3o participarem das atividades partid\u00e1rias e\" \/>\n\t<meta name=\"robots\" content=\"max-image-preview:large\" \/>\n\t<meta name=\"author\" content=\"administrador\"\/>\n\t<link rel=\"canonical\" href=\"https:\/\/newsinfoco.com.br\/inicio\/saba-fica-surpreso-com-pedido-de-expulsao-e-diz-que-nao-pretende-sair-do-pv\/\" \/>\n\t<meta name=\"generator\" content=\"All in One SEO (AIOSEO) 4.9.10\" \/>\n\t\t<meta property=\"og:locale\" content=\"pt_BR\" \/>\n\t\t<meta property=\"og:site_name\" content=\"News In Foco - Editado por Caio Pimenta - O principal site de noticias de Alagoinhas e regi\u00e3o\" \/>\n\t\t<meta property=\"og:type\" content=\"article\" \/>\n\t\t<meta property=\"og:title\" content=\"Sab\u00e1 fica surpreso com pedido de expuls\u00e3o e diz que n\u00e3o pretende sair do PV - News In Foco - Editado por Caio Pimenta\" \/>\n\t\t<meta property=\"og:description\" content=\"O vereador Sab\u00e1 afirmou, nesta sexta-feira (10), ao Pol\u00edtica Livre, que foi surpreendido pela not\u00edcia da exist\u00eancia de um abaixo-assinado pedindo sua expuls\u00e3o do PV, al\u00e9m dos colegas Henrique Carballal e Paulo Magalh\u00e3es J\u00fanior \u2013 l\u00edder do prefeito ACM Neto (DEM) na C\u00e2mara Municipal de Salvador. Os tr\u00eas parlamentares s\u00e3o acusados de n\u00e3o participarem das atividades partid\u00e1rias e\" \/>\n\t\t<meta property=\"og:url\" content=\"https:\/\/newsinfoco.com.br\/inicio\/saba-fica-surpreso-com-pedido-de-expulsao-e-diz-que-nao-pretende-sair-do-pv\/\" \/>\n\t\t<meta property=\"article:published_time\" content=\"2020-01-10T23:17:31+00:00\" \/>\n\t\t<meta property=\"article:modified_time\" content=\"2020-01-10T23:17:31+00:00\" \/>\n\t\t<meta name=\"twitter:card\" content=\"summary_large_image\" \/>\n\t\t<meta name=\"twitter:title\" content=\"Sab\u00e1 fica surpreso com pedido de expuls\u00e3o e diz que n\u00e3o pretende sair do PV - News In Foco - Editado por Caio Pimenta\" \/>\n\t\t<meta name=\"twitter:description\" content=\"O vereador Sab\u00e1 afirmou, nesta sexta-feira (10), ao Pol\u00edtica Livre, que foi surpreendido pela not\u00edcia da exist\u00eancia de um abaixo-assinado pedindo sua expuls\u00e3o do PV, al\u00e9m dos colegas Henrique Carballal e Paulo Magalh\u00e3es J\u00fanior \u2013 l\u00edder do prefeito ACM Neto (DEM) na C\u00e2mara Municipal de Salvador. Os tr\u00eas parlamentares s\u00e3o acusados de n\u00e3o participarem das atividades partid\u00e1rias e\" \/>\n\t\t<script type=\"application\/ld+json\" class=\"aioseo-schema\">\n\t\t\t{\"@context\":\"https:\\\/\\\/schema.org\",\"@graph\":[{\"@type\":\"BlogPosting\",\"@id\":\"https:\\\/\\\/newsinfoco.com.br\\\/inicio\\\/saba-fica-surpreso-com-pedido-de-expulsao-e-diz-que-nao-pretende-sair-do-pv\\\/#blogposting\",\"name\":\"Sab\\u00e1 fica surpreso com pedido de expuls\\u00e3o e diz que n\\u00e3o pretende sair do PV - News In Foco - Editado por Caio Pimenta\",\"headline\":\"Sab\\u00e1 fica surpreso com pedido de expuls\\u00e3o e diz que n\\u00e3o pretende sair do PV\",\"author\":{\"@id\":\"https:\\\/\\\/newsinfoco.com.br\\\/inicio\\\/author\\\/administrador\\\/#author\"},\"publisher\":{\"@id\":\"https:\\\/\\\/newsinfoco.com.br\\\/inicio\\\/#organization\"},\"image\":{\"@type\":\"ImageObject\",\"url\":\"https:\\\/\\\/newsinfoco.com.br\\\/inicio\\\/wp-content\\\/uploads\\\/2020\\\/01\\\/images-1.jpg\",\"width\":727,\"height\":422},\"datePublished\":\"2020-01-10T20:17:31-03:00\",\"dateModified\":\"2020-01-10T20:17:31-03:00\",\"inLanguage\":\"pt-BR\",\"mainEntityOfPage\":{\"@id\":\"https:\\\/\\\/newsinfoco.com.br\\\/inicio\\\/saba-fica-surpreso-com-pedido-de-expulsao-e-diz-que-nao-pretende-sair-do-pv\\\/#webpage\"},\"isPartOf\":{\"@id\":\"https:\\\/\\\/newsinfoco.com.br\\\/inicio\\\/saba-fica-surpreso-com-pedido-de-expulsao-e-diz-que-nao-pretende-sair-do-pv\\\/#webpage\"},\"articleSection\":\"Bahia, Destaque\"},{\"@type\":\"BreadcrumbList\",\"@id\":\"https:\\\/\\\/newsinfoco.com.br\\\/inicio\\\/saba-fica-surpreso-com-pedido-de-expulsao-e-diz-que-nao-pretende-sair-do-pv\\\/#breadcrumblist\",\"itemListElement\":[{\"@type\":\"ListItem\",\"@id\":\"https:\\\/\\\/newsinfoco.com.br\\\/inicio#listItem\",\"position\":1,\"name\":\"In\\u00edcio\",\"item\":\"https:\\\/\\\/newsinfoco.com.br\\\/inicio\",\"nextItem\":{\"@type\":\"ListItem\",\"@id\":\"https:\\\/\\\/newsinfoco.com.br\\\/inicio\\\/category\\\/bahia\\\/#listItem\",\"name\":\"Bahia\"}},{\"@type\":\"ListItem\",\"@id\":\"https:\\\/\\\/newsinfoco.com.br\\\/inicio\\\/category\\\/bahia\\\/#listItem\",\"position\":2,\"name\":\"Bahia\",\"item\":\"https:\\\/\\\/newsinfoco.com.br\\\/inicio\\\/category\\\/bahia\\\/\",\"nextItem\":{\"@type\":\"ListItem\",\"@id\":\"https:\\\/\\\/newsinfoco.com.br\\\/inicio\\\/saba-fica-surpreso-com-pedido-de-expulsao-e-diz-que-nao-pretende-sair-do-pv\\\/#listItem\",\"name\":\"Sab\\u00e1 fica surpreso com pedido de expuls\\u00e3o e diz que n\\u00e3o pretende sair do PV\"},\"previousItem\":{\"@type\":\"ListItem\",\"@id\":\"https:\\\/\\\/newsinfoco.com.br\\\/inicio#listItem\",\"name\":\"In\\u00edcio\"}},{\"@type\":\"ListItem\",\"@id\":\"https:\\\/\\\/newsinfoco.com.br\\\/inicio\\\/saba-fica-surpreso-com-pedido-de-expulsao-e-diz-que-nao-pretende-sair-do-pv\\\/#listItem\",\"position\":3,\"name\":\"Sab\\u00e1 fica surpreso com pedido de expuls\\u00e3o e diz que n\\u00e3o pretende sair do PV\",\"previousItem\":{\"@type\":\"ListItem\",\"@id\":\"https:\\\/\\\/newsinfoco.com.br\\\/inicio\\\/category\\\/bahia\\\/#listItem\",\"name\":\"Bahia\"}}]},{\"@type\":\"Organization\",\"@id\":\"https:\\\/\\\/newsinfoco.com.br\\\/inicio\\\/#organization\",\"name\":\"News In Foco - Editado por Caio Pimenta\",\"description\":\"O principal site de noticias de Alagoinhas e regi\\u00e3o\",\"url\":\"https:\\\/\\\/newsinfoco.com.br\\\/inicio\\\/\"},{\"@type\":\"Person\",\"@id\":\"https:\\\/\\\/newsinfoco.com.br\\\/inicio\\\/author\\\/administrador\\\/#author\",\"url\":\"https:\\\/\\\/newsinfoco.com.br\\\/inicio\\\/author\\\/administrador\\\/\",\"name\":\"administrador\",\"image\":{\"@type\":\"ImageObject\",\"@id\":\"https:\\\/\\\/newsinfoco.com.br\\\/inicio\\\/saba-fica-surpreso-com-pedido-de-expulsao-e-diz-que-nao-pretende-sair-do-pv\\\/#authorImage\",\"url\":\"https:\\\/\\\/secure.gravatar.com\\\/avatar\\\/c17a617433de8c1dc9584bb79aab7563b46f5bb7e1728c9b17d9cc3ce6a08e49?s=96&d=mm&r=g\",\"width\":96,\"height\":96,\"caption\":\"administrador\"}},{\"@type\":\"WebPage\",\"@id\":\"https:\\\/\\\/newsinfoco.com.br\\\/inicio\\\/saba-fica-surpreso-com-pedido-de-expulsao-e-diz-que-nao-pretende-sair-do-pv\\\/#webpage\",\"url\":\"https:\\\/\\\/newsinfoco.com.br\\\/inicio\\\/saba-fica-surpreso-com-pedido-de-expulsao-e-diz-que-nao-pretende-sair-do-pv\\\/\",\"name\":\"Sab\\u00e1 fica surpreso com pedido de expuls\\u00e3o e diz que n\\u00e3o pretende sair do PV - News In Foco - Editado por Caio Pimenta\",\"description\":\"O vereador Sab\\u00e1 afirmou, nesta sexta-feira (10), ao Pol\\u00edtica Livre, que foi surpreendido pela not\\u00edcia da exist\\u00eancia de um abaixo-assinado pedindo sua expuls\\u00e3o do PV, al\\u00e9m dos colegas Henrique Carballal e Paulo Magalh\\u00e3es J\\u00fanior \\u2013 l\\u00edder do prefeito ACM Neto (DEM) na C\\u00e2mara Municipal de Salvador. Os tr\\u00eas parlamentares s\\u00e3o acusados de n\\u00e3o participarem das atividades partid\\u00e1rias e\",\"inLanguage\":\"pt-BR\",\"isPartOf\":{\"@id\":\"https:\\\/\\\/newsinfoco.com.br\\\/inicio\\\/#website\"},\"breadcrumb\":{\"@id\":\"https:\\\/\\\/newsinfoco.com.br\\\/inicio\\\/saba-fica-surpreso-com-pedido-de-expulsao-e-diz-que-nao-pretende-sair-do-pv\\\/#breadcrumblist\"},\"author\":{\"@id\":\"https:\\\/\\\/newsinfoco.com.br\\\/inicio\\\/author\\\/administrador\\\/#author\"},\"creator\":{\"@id\":\"https:\\\/\\\/newsinfoco.com.br\\\/inicio\\\/author\\\/administrador\\\/#author\"},\"image\":{\"@type\":\"ImageObject\",\"url\":\"https:\\\/\\\/newsinfoco.com.br\\\/inicio\\\/wp-content\\\/uploads\\\/2020\\\/01\\\/images-1.jpg\",\"@id\":\"https:\\\/\\\/newsinfoco.com.br\\\/inicio\\\/saba-fica-surpreso-com-pedido-de-expulsao-e-diz-que-nao-pretende-sair-do-pv\\\/#mainImage\",\"width\":727,\"height\":422},\"primaryImageOfPage\":{\"@id\":\"https:\\\/\\\/newsinfoco.com.br\\\/inicio\\\/saba-fica-surpreso-com-pedido-de-expulsao-e-diz-que-nao-pretende-sair-do-pv\\\/#mainImage\"},\"datePublished\":\"2020-01-10T20:17:31-03:00\",\"dateModified\":\"2020-01-10T20:17:31-03:00\"},{\"@type\":\"WebSite\",\"@id\":\"https:\\\/\\\/newsinfoco.com.br\\\/inicio\\\/#website\",\"url\":\"https:\\\/\\\/newsinfoco.com.br\\\/inicio\\\/\",\"name\":\"News In Foco - Editado por Caio Pimenta\",\"description\":\"O principal site de noticias de Alagoinhas e regi\\u00e3o\",\"inLanguage\":\"pt-BR\",\"publisher\":{\"@id\":\"https:\\\/\\\/newsinfoco.com.br\\\/inicio\\\/#organization\"}}]}\n\t\t<\/script>\n\t\t<!-- All in One SEO -->\n\n","aioseo_head_json":{"title":"Sab\u00e1 fica surpreso com pedido de expuls\u00e3o e diz que n\u00e3o pretende sair do PV - News In Foco - Editado por Caio Pimenta","description":"O vereador Sab\u00e1 afirmou, nesta sexta-feira (10), ao Pol\u00edtica Livre, que foi surpreendido pela not\u00edcia da exist\u00eancia de um abaixo-assinado pedindo sua expuls\u00e3o do PV, al\u00e9m dos colegas Henrique Carballal e Paulo Magalh\u00e3es J\u00fanior \u2013 l\u00edder do prefeito ACM Neto (DEM) na C\u00e2mara Municipal de Salvador. Os tr\u00eas parlamentares s\u00e3o acusados de n\u00e3o participarem das atividades partid\u00e1rias e","canonical_url":"https:\/\/newsinfoco.com.br\/inicio\/saba-fica-surpreso-com-pedido-de-expulsao-e-diz-que-nao-pretende-sair-do-pv\/","robots":"max-image-preview:large","keywords":"","webmasterTools":{"miscellaneous":""},"schema":{"@context":"https:\/\/schema.org","@graph":[{"@type":"BlogPosting","@id":"https:\/\/newsinfoco.com.br\/inicio\/saba-fica-surpreso-com-pedido-de-expulsao-e-diz-que-nao-pretende-sair-do-pv\/#blogposting","name":"Sab\u00e1 fica surpreso com pedido de expuls\u00e3o e diz que n\u00e3o pretende sair do PV - News In Foco - Editado por Caio Pimenta","headline":"Sab\u00e1 fica surpreso com pedido de expuls\u00e3o e diz que n\u00e3o pretende sair do PV","author":{"@id":"https:\/\/newsinfoco.com.br\/inicio\/author\/administrador\/#author"},"publisher":{"@id":"https:\/\/newsinfoco.com.br\/inicio\/#organization"},"image":{"@type":"ImageObject","url":"https:\/\/newsinfoco.com.br\/inicio\/wp-content\/uploads\/2020\/01\/images-1.jpg","width":727,"height":422},"datePublished":"2020-01-10T20:17:31-03:00","dateModified":"2020-01-10T20:17:31-03:00","inLanguage":"pt-BR","mainEntityOfPage":{"@id":"https:\/\/newsinfoco.com.br\/inicio\/saba-fica-surpreso-com-pedido-de-expulsao-e-diz-que-nao-pretende-sair-do-pv\/#webpage"},"isPartOf":{"@id":"https:\/\/newsinfoco.com.br\/inicio\/saba-fica-surpreso-com-pedido-de-expulsao-e-diz-que-nao-pretende-sair-do-pv\/#webpage"},"articleSection":"Bahia, Destaque"},{"@type":"BreadcrumbList","@id":"https:\/\/newsinfoco.com.br\/inicio\/saba-fica-surpreso-com-pedido-de-expulsao-e-diz-que-nao-pretende-sair-do-pv\/#breadcrumblist","itemListElement":[{"@type":"ListItem","@id":"https:\/\/newsinfoco.com.br\/inicio#listItem","position":1,"name":"In\u00edcio","item":"https:\/\/newsinfoco.com.br\/inicio","nextItem":{"@type":"ListItem","@id":"https:\/\/newsinfoco.com.br\/inicio\/category\/bahia\/#listItem","name":"Bahia"}},{"@type":"ListItem","@id":"https:\/\/newsinfoco.com.br\/inicio\/category\/bahia\/#listItem","position":2,"name":"Bahia","item":"https:\/\/newsinfoco.com.br\/inicio\/category\/bahia\/","nextItem":{"@type":"ListItem","@id":"https:\/\/newsinfoco.com.br\/inicio\/saba-fica-surpreso-com-pedido-de-expulsao-e-diz-que-nao-pretende-sair-do-pv\/#listItem","name":"Sab\u00e1 fica surpreso com pedido de expuls\u00e3o e diz que n\u00e3o pretende sair do PV"},"previousItem":{"@type":"ListItem","@id":"https:\/\/newsinfoco.com.br\/inicio#listItem","name":"In\u00edcio"}},{"@type":"ListItem","@id":"https:\/\/newsinfoco.com.br\/inicio\/saba-fica-surpreso-com-pedido-de-expulsao-e-diz-que-nao-pretende-sair-do-pv\/#listItem","position":3,"name":"Sab\u00e1 fica surpreso com pedido de expuls\u00e3o e diz que n\u00e3o pretende sair do PV","previousItem":{"@type":"ListItem","@id":"https:\/\/newsinfoco.com.br\/inicio\/category\/bahia\/#listItem","name":"Bahia"}}]},{"@type":"Organization","@id":"https:\/\/newsinfoco.com.br\/inicio\/#organization","name":"News In Foco - Editado por Caio Pimenta","description":"O principal site de noticias de Alagoinhas e regi\u00e3o","url":"https:\/\/newsinfoco.com.br\/inicio\/"},{"@type":"Person","@id":"https:\/\/newsinfoco.com.br\/inicio\/author\/administrador\/#author","url":"https:\/\/newsinfoco.com.br\/inicio\/author\/administrador\/","name":"administrador","image":{"@type":"ImageObject","@id":"https:\/\/newsinfoco.com.br\/inicio\/saba-fica-surpreso-com-pedido-de-expulsao-e-diz-que-nao-pretende-sair-do-pv\/#authorImage","url":"https:\/\/secure.gravatar.com\/avatar\/c17a617433de8c1dc9584bb79aab7563b46f5bb7e1728c9b17d9cc3ce6a08e49?s=96&d=mm&r=g","width":96,"height":96,"caption":"administrador"}},{"@type":"WebPage","@id":"https:\/\/newsinfoco.com.br\/inicio\/saba-fica-surpreso-com-pedido-de-expulsao-e-diz-que-nao-pretende-sair-do-pv\/#webpage","url":"https:\/\/newsinfoco.com.br\/inicio\/saba-fica-surpreso-com-pedido-de-expulsao-e-diz-que-nao-pretende-sair-do-pv\/","name":"Sab\u00e1 fica surpreso com pedido de expuls\u00e3o e diz que n\u00e3o pretende sair do PV - News In Foco - Editado por Caio Pimenta","description":"O vereador Sab\u00e1 afirmou, nesta sexta-feira (10), ao Pol\u00edtica Livre, que foi surpreendido pela not\u00edcia da exist\u00eancia de um abaixo-assinado pedindo sua expuls\u00e3o do PV, al\u00e9m dos colegas Henrique Carballal e Paulo Magalh\u00e3es J\u00fanior \u2013 l\u00edder do prefeito ACM Neto (DEM) na C\u00e2mara Municipal de Salvador. Os tr\u00eas parlamentares s\u00e3o acusados de n\u00e3o participarem das atividades partid\u00e1rias e","inLanguage":"pt-BR","isPartOf":{"@id":"https:\/\/newsinfoco.com.br\/inicio\/#website"},"breadcrumb":{"@id":"https:\/\/newsinfoco.com.br\/inicio\/saba-fica-surpreso-com-pedido-de-expulsao-e-diz-que-nao-pretende-sair-do-pv\/#breadcrumblist"},"author":{"@id":"https:\/\/newsinfoco.com.br\/inicio\/author\/administrador\/#author"},"creator":{"@id":"https:\/\/newsinfoco.com.br\/inicio\/author\/administrador\/#author"},"image":{"@type":"ImageObject","url":"https:\/\/newsinfoco.com.br\/inicio\/wp-content\/uploads\/2020\/01\/images-1.jpg","@id":"https:\/\/newsinfoco.com.br\/inicio\/saba-fica-surpreso-com-pedido-de-expulsao-e-diz-que-nao-pretende-sair-do-pv\/#mainImage","width":727,"height":422},"primaryImageOfPage":{"@id":"https:\/\/newsinfoco.com.br\/inicio\/saba-fica-surpreso-com-pedido-de-expulsao-e-diz-que-nao-pretende-sair-do-pv\/#mainImage"},"datePublished":"2020-01-10T20:17:31-03:00","dateModified":"2020-01-10T20:17:31-03:00"},{"@type":"WebSite","@id":"https:\/\/newsinfoco.com.br\/inicio\/#website","url":"https:\/\/newsinfoco.com.br\/inicio\/","name":"News In Foco - Editado por Caio Pimenta","description":"O principal site de noticias de Alagoinhas e regi\u00e3o","inLanguage":"pt-BR","publisher":{"@id":"https:\/\/newsinfoco.com.br\/inicio\/#organization"}}]},"og:locale":"pt_BR","og:site_name":"News In Foco - Editado por Caio Pimenta - O principal site de noticias de Alagoinhas e regi\u00e3o","og:type":"article","og:title":"Sab\u00e1 fica surpreso com pedido de expuls\u00e3o e diz que n\u00e3o pretende sair do PV - News In Foco - Editado por Caio Pimenta","og:description":"O vereador Sab\u00e1 afirmou, nesta sexta-feira (10), ao Pol\u00edtica Livre, que foi surpreendido pela not\u00edcia da exist\u00eancia de um abaixo-assinado pedindo sua expuls\u00e3o do PV, al\u00e9m dos colegas Henrique Carballal e Paulo Magalh\u00e3es J\u00fanior \u2013 l\u00edder do prefeito ACM Neto (DEM) na C\u00e2mara Municipal de Salvador. Os tr\u00eas parlamentares s\u00e3o acusados de n\u00e3o participarem das atividades partid\u00e1rias e","og:url":"https:\/\/newsinfoco.com.br\/inicio\/saba-fica-surpreso-com-pedido-de-expulsao-e-diz-que-nao-pretende-sair-do-pv\/","article:published_time":"2020-01-10T23:17:31+00:00","article:modified_time":"2020-01-10T23:17:31+00:00","twitter:card":"summary_large_image","twitter:title":"Sab\u00e1 fica surpreso com pedido de expuls\u00e3o e diz que n\u00e3o pretende sair do PV - News In Foco - Editado por Caio Pimenta","twitter:description":"O vereador Sab\u00e1 afirmou, nesta sexta-feira (10), ao Pol\u00edtica Livre, que foi surpreendido pela not\u00edcia da exist\u00eancia de um abaixo-assinado pedindo sua expuls\u00e3o do PV, al\u00e9m dos colegas Henrique Carballal e Paulo Magalh\u00e3es J\u00fanior \u2013 l\u00edder do prefeito ACM Neto (DEM) na C\u00e2mara Municipal de Salvador. Os tr\u00eas parlamentares s\u00e3o acusados de n\u00e3o participarem das atividades partid\u00e1rias e"},"aioseo_meta_data":{"post_id":"19820","title":null,"description":null,"keywords":null,"keyphrases":null,"primary_term":null,"canonical_url":null,"og_title":null,"og_description":null,"og_object_type":"default","og_image_type":"default","og_image_url":null,"og_image_width":null,"og_image_height":null,"og_image_custom_url":null,"og_image_custom_fields":null,"og_video":null,"og_custom_url":null,"og_article_section":null,"og_article_tags":null,"twitter_use_og":false,"twitter_card":"default","twitter_image_type":"default","twitter_image_url":null,"twitter_image_custom_url":null,"twitter_image_custom_fields":null,"twitter_title":null,"twitter_description":null,"schema":{"blockGraphs":[],"customGraphs":[],"default":{"data":{"Article":[],"Course":[],"Dataset":[],"FAQPage":[],"Movie":[],"Person":[],"Product":[],"ProductReview":[],"Car":[],"Recipe":[],"Service":[],"SoftwareApplication":[],"WebPage":[]},"graphName":"","isEnabled":true},"graphs":[]},"schema_type":"default","schema_type_options":null,"pillar_content":false,"robots_default":true,"robots_noindex":false,"robots_noarchive":false,"robots_nosnippet":false,"robots_nofollow":false,"robots_noimageindex":false,"robots_noodp":false,"robots_notranslate":false,"robots_max_snippet":null,"robots_max_videopreview":null,"robots_max_imagepreview":"large","priority":null,"frequency":null,"local_seo":null,"breadcrumb_settings":null,"limit_modified_date":false,"ai":null,"created":"2023-06-12 15:55:51","updated":"2025-07-11 02:31:17","seo_analyzer_scan_date":null},"aioseo_breadcrumb":"<div class=\"aioseo-breadcrumbs\"><span class=\"aioseo-breadcrumb\">\n\t\t\t<a href=\"https:\/\/newsinfoco.com.br\/inicio\" title=\"In\u00edcio\">In\u00edcio<\/a>\n\t\t<\/span><span class=\"aioseo-breadcrumb-separator\">&raquo;<\/span><span class=\"aioseo-breadcrumb\">\n\t\t\t<a href=\"https:\/\/newsinfoco.com.br\/inicio\/category\/bahia\/\" title=\"Bahia\">Bahia<\/a>\n\t\t<\/span><span class=\"aioseo-breadcrumb-separator\">&raquo;<\/span><span class=\"aioseo-breadcrumb\">\n\t\t\tSab\u00e1 fica surpreso com pedido de expuls\u00e3o e diz que n\u00e3o pretende sair do PV\n\t\t<\/span><\/div>","aioseo_breadcrumb_json":[{"label":"In\u00edcio","link":"https:\/\/newsinfoco.com.br\/inicio"},{"label":"Bahia","link":"https:\/\/newsinfoco.com.br\/inicio\/category\/bahia\/"},{"label":"Sab\u00e1 fica surpreso com pedido de expuls\u00e3o e diz que n\u00e3o pretende sair do PV","link":"https:\/\/newsinfoco.com.br\/inicio\/saba-fica-surpreso-com-pedido-de-expulsao-e-diz-que-nao-pretende-sair-do-pv\/"}],"_links":{"self":[{"href":"https:\/\/newsinfoco.com.br\/inicio\/wp-json\/wp\/v2\/posts\/19820","targetHints":{"allow":["GET"]}}],"collection":[{"href":"https:\/\/newsinfoco.com.br\/inicio\/wp-json\/wp\/v2\/posts"}],"about":[{"href":"https:\/\/newsinfoco.com.br\/inicio\/wp-json\/wp\/v2\/types\/post"}],"author":[{"embeddable":true,"href":"https:\/\/newsinfoco.com.br\/inicio\/wp-json\/wp\/v2\/users\/1"}],"replies":[{"embeddable":true,"href":"https:\/\/newsinfoco.com.br\/inicio\/wp-json\/wp\/v2\/comments?post=19820"}],"version-history":[{"count":0,"href":"https:\/\/newsinfoco.com.br\/inicio\/wp-json\/wp\/v2\/posts\/19820\/revisions"}],"wp:featuredmedia":[{"embeddable":true,"href":"https:\/\/newsinfoco.com.br\/inicio\/wp-json\/wp\/v2\/media\/19821"}],"wp:attachment":[{"href":"https:\/\/newsinfoco.com.br\/inicio\/wp-json\/wp\/v2\/media?parent=19820"}],"wp:term":[{"taxonomy":"category","embeddable":true,"href":"https:\/\/newsinfoco.com.br\/inicio\/wp-json\/wp\/v2\/categories?post=19820"},{"taxonomy":"post_tag","embeddable":true,"href":"https:\/\/newsinfoco.com.br\/inicio\/wp-json\/wp\/v2\/tags?post=19820"}],"curies":[{"name":"wp","href":"https:\/\/api.w.org\/{rel}","templated":true}]}}