{"id":19843,"date":"2020-01-11T17:57:14","date_gmt":"2020-01-11T20:57:14","guid":{"rendered":"http:\/\/newsinfoco.com.br\/?p=19843"},"modified":"2020-01-11T18:03:59","modified_gmt":"2020-01-11T21:03:59","slug":"em-2019-alagoinhas-foi-a-segunda-cidade-do-interior-que-mais-gerou-empregos-na-bahia-segundo-dados-do-caged","status":"publish","type":"post","link":"https:\/\/newsinfoco.com.br\/inicio\/em-2019-alagoinhas-foi-a-segunda-cidade-do-interior-que-mais-gerou-empregos-na-bahia-segundo-dados-do-caged\/","title":{"rendered":"Em 2019, Alagoinhas foi a segunda cidade do interior que mais gerou empregos na Bahia, segundo dados do CAGED"},"content":{"rendered":"<p style=\"text-align: justify;\">O munic\u00edpio de Alagoinhas registrou o maior \u00edndice de empregabilidade dos \u00faltimos dez anos em 2019, apresentando um saldo entre contrata\u00e7\u00f5es e demiss\u00f5es de 2811 postos de trabalho, divulgou o programa Primeira M\u00e3o nesta sexta-feira, 10. Os dados s\u00e3o do Cadastro Geral de Empregados e Desempregados(CAGED) do Minist\u00e9rio do Trabalho.<\/p>\n<p style=\"text-align: justify;\">Foi o terceiro melhor desempenho do estado e o segundo do interior baiano. Nos anos de 2015 e 2016, arrefecendo a m\u00edstica do ex-prefeito Paulo Cezar, como agente de atra\u00e7\u00e3o de empreendimentos, houve nos dois anos a perda de cerca 3 mil postos de trabalho. Hugo Azi argumenta que nesse per\u00edodo o pa\u00eds vinha de uma retra\u00e7\u00e3o da economia de mais de mais de 3%, considerado o pior momento da crise no setor. Importa tamb\u00e9m considerar a m\u00e9dia dos seus oito anos de governo, que teve per\u00edodos de acentuada prosperidade.<\/p>\n<p style=\"text-align: justify;\">Para Hugo, o grande m\u00e9rito em si tratando da empregabilidade deve-se a melhoria da economia conquistada pelo governo Bolsonaro, com a aprova\u00e7\u00e3o de reformas como a da previd\u00eancia, a administrativa e a melhoria na seguran\u00e7a p\u00fablica. Entra nessa conta a reforma trabalhista aprovada no governo de Michel Temer. A mentalidade liberal de Paulo Guedes tamb\u00e9m anima o mercado, que espera pela reforma tribut\u00e1ria e pela formula\u00e7\u00e3o de um novo pacto federativo. O setor empresarial tamb\u00e9m enxerga com bons olhos a diminui\u00e7\u00e3o do estado e a redu\u00e7\u00e3o das taxa\u00e7\u00f5es, bem como o controle dos juros e a busca por quebrar monop\u00f3lios e por aumentar o n\u00edvel geral de concorr\u00eancia.<\/p>\n<p style=\"text-align: justify;\">Apesar das cr\u00edticas \u00e0 atual gest\u00e3o pela falta de atra\u00e7\u00e3o de grandes ind\u00fastrias para o munic\u00edpio, o rep\u00f3rter Luciano Reis informa que nos contatos que teve com Jos\u00e9 Ed\u00e9sio, secret\u00e1rio de Desenvolvimento Econ\u00f4mico, este sempre mencionava o crescimento do setor das microempresas. Nesse ponto, houve um pequeno apoio da gest\u00e3o municipal, estimulando o acesso ao Cred Amigo do Banco do Nordeste.<\/p>\n<p style=\"text-align: justify;\">Claro que a Prefeitura impacta positivamente nesse sentido com seus R$ 400 milh\u00f5es em or\u00e7amento anual, contudo esta \u00e9 uma conquista que at\u00e9 o governo do PT, l\u00e1 atr\u00e1s, fez parte. Todos os gestores apresentaram aumento na arrecada\u00e7\u00e3o municipal \u2013 isso tamb\u00e9m \u00e9 reflexo da economia. \u00c9 importante ainda considerar a for\u00e7a da cidade como polo administrativo e dos setores de sa\u00fade e de educa\u00e7\u00e3o. As faculdades de Alagoinhas se fortalecem e se qualificam a cada dia, liderando o mercado local, mesmo com a presen\u00e7a de empresas de educa\u00e7\u00e3o de grande porte no estado competindo nesse setor. A \u00e1rea de Sa\u00fade se expande, mas ainda predominam as pequenas cl\u00ednicas, existe a apenas um hospital privado. O servi\u00e7os de veterin\u00e1ria tamb\u00e9m se desenvolvem acentuadamente. A economia poderia estar mais aquecida se j\u00e1 tiv\u00e9ssemos aqui um outro hospital p\u00fablico, a verba para a nova maternidade j\u00e1 foi captada junto ao governo Federal, ponto, a\u00ed sim, para Joaquim Neto.<\/p>\n<p style=\"text-align: right;\">Por Paulo Dias para o News Infoco<\/p>\n<div class='share-to-whatsapp-wrapper'><div class='share-on-whsp'>Share on: <\/div><a data-text='Em 2019, Alagoinhas foi a segunda cidade do interior que mais gerou empregos na Bahia, segundo dados do CAGED' data-link='https:\/\/newsinfoco.com.br\/inicio\/em-2019-alagoinhas-foi-a-segunda-cidade-do-interior-que-mais-gerou-empregos-na-bahia-segundo-dados-do-caged\/' class='whatsapp-button whatsapp-share'>WhatsApp<\/a><div class='clear '><\/div><\/div>","protected":false},"excerpt":{"rendered":"<p>O munic\u00edpio de Alagoinhas registrou o maior \u00edndice de empregabilidade dos \u00faltimos dez anos em 2019, apresentando um saldo entre contrata\u00e7\u00f5es e demiss\u00f5es de 2811 postos de trabalho, divulgou o programa Primeira M\u00e3o nesta sexta-feira, 10. Os dados s\u00e3o do Cadastro Geral de Empregados e Desempregados(CAGED) do Minist\u00e9rio do Trabalho. Foi o terceiro melhor desempenho [&hellip;]<\/p>\n","protected":false},"author":1,"featured_media":8001,"comment_status":"open","ping_status":"open","sticky":false,"template":"","format":"standard","meta":{"om_disable_all_campaigns":false,"rop_custom_images_group":[],"rop_custom_messages_group":[],"rop_publish_now":"initial","rop_publish_now_accounts":[],"rop_publish_now_history":[],"rop_publish_now_status":"pending","_exactmetrics_skip_tracking":false,"footnotes":""},"categories":[38,30],"tags":[],"class_list":["post-19843","post","type-post","status-publish","format-standard","has-post-thumbnail","hentry","category-alagoinhas-e-regiao","category-destaque"],"aioseo_notices":[],"aioseo_head":"\n\t\t<!-- All in One SEO 4.9.10 - aioseo.com -->\n\t<meta name=\"description\" content=\"O munic\u00edpio de Alagoinhas registrou o maior \u00edndice de empregabilidade dos \u00faltimos dez anos em 2019, apresentando um saldo entre contrata\u00e7\u00f5es e demiss\u00f5es de 2811 postos de trabalho, divulgou o programa Primeira M\u00e3o nesta sexta-feira, 10. Os dados s\u00e3o do Cadastro Geral de Empregados e Desempregados(CAGED) do Minist\u00e9rio do Trabalho. Foi o terceiro melhor desempenho\" \/>\n\t<meta name=\"robots\" content=\"max-image-preview:large\" \/>\n\t<meta name=\"author\" content=\"administrador\"\/>\n\t<link rel=\"canonical\" href=\"https:\/\/newsinfoco.com.br\/inicio\/em-2019-alagoinhas-foi-a-segunda-cidade-do-interior-que-mais-gerou-empregos-na-bahia-segundo-dados-do-caged\/\" \/>\n\t<meta name=\"generator\" content=\"All in One SEO (AIOSEO) 4.9.10\" \/>\n\t\t<meta property=\"og:locale\" content=\"pt_BR\" \/>\n\t\t<meta property=\"og:site_name\" content=\"News In Foco - Editado por Caio Pimenta - O principal site de noticias de Alagoinhas e regi\u00e3o\" \/>\n\t\t<meta property=\"og:type\" content=\"article\" \/>\n\t\t<meta property=\"og:title\" content=\"Em 2019, Alagoinhas foi a segunda cidade do interior que mais gerou empregos na Bahia, segundo dados do CAGED - News In Foco - Editado por Caio Pimenta\" \/>\n\t\t<meta property=\"og:description\" content=\"O munic\u00edpio de Alagoinhas registrou o maior \u00edndice de empregabilidade dos \u00faltimos dez anos em 2019, apresentando um saldo entre contrata\u00e7\u00f5es e demiss\u00f5es de 2811 postos de trabalho, divulgou o programa Primeira M\u00e3o nesta sexta-feira, 10. Os dados s\u00e3o do Cadastro Geral de Empregados e Desempregados(CAGED) do Minist\u00e9rio do Trabalho. Foi o terceiro melhor desempenho\" \/>\n\t\t<meta property=\"og:url\" content=\"https:\/\/newsinfoco.com.br\/inicio\/em-2019-alagoinhas-foi-a-segunda-cidade-do-interior-que-mais-gerou-empregos-na-bahia-segundo-dados-do-caged\/\" \/>\n\t\t<meta property=\"article:published_time\" content=\"2020-01-11T20:57:14+00:00\" \/>\n\t\t<meta property=\"article:modified_time\" content=\"2020-01-11T21:03:59+00:00\" \/>\n\t\t<meta name=\"twitter:card\" content=\"summary_large_image\" \/>\n\t\t<meta name=\"twitter:title\" content=\"Em 2019, Alagoinhas foi a segunda cidade do interior que mais gerou empregos na Bahia, segundo dados do CAGED - News In Foco - Editado por Caio Pimenta\" \/>\n\t\t<meta name=\"twitter:description\" content=\"O munic\u00edpio de Alagoinhas registrou o maior \u00edndice de empregabilidade dos \u00faltimos dez anos em 2019, apresentando um saldo entre contrata\u00e7\u00f5es e demiss\u00f5es de 2811 postos de trabalho, divulgou o programa Primeira M\u00e3o nesta sexta-feira, 10. Os dados s\u00e3o do Cadastro Geral de Empregados e Desempregados(CAGED) do Minist\u00e9rio do Trabalho. Foi o terceiro melhor desempenho\" \/>\n\t\t<script type=\"application\/ld+json\" class=\"aioseo-schema\">\n\t\t\t{\"@context\":\"https:\\\/\\\/schema.org\",\"@graph\":[{\"@type\":\"BlogPosting\",\"@id\":\"https:\\\/\\\/newsinfoco.com.br\\\/inicio\\\/em-2019-alagoinhas-foi-a-segunda-cidade-do-interior-que-mais-gerou-empregos-na-bahia-segundo-dados-do-caged\\\/#blogposting\",\"name\":\"Em 2019, Alagoinhas foi a segunda cidade do interior que mais gerou empregos na Bahia, segundo dados do CAGED - News In Foco - Editado por Caio Pimenta\",\"headline\":\"Em 2019, Alagoinhas foi a segunda cidade do interior que mais gerou empregos na Bahia, segundo dados do CAGED\",\"author\":{\"@id\":\"https:\\\/\\\/newsinfoco.com.br\\\/inicio\\\/author\\\/administrador\\\/#author\"},\"publisher\":{\"@id\":\"https:\\\/\\\/newsinfoco.com.br\\\/inicio\\\/#organization\"},\"image\":{\"@type\":\"ImageObject\",\"url\":\"https:\\\/\\\/newsinfoco.com.br\\\/inicio\\\/wp-content\\\/uploads\\\/2018\\\/08\\\/750_emprego-vagas-de-emprego-trabalho-sinebahia_201889164850447.jpg\",\"width\":750,\"height\":520},\"datePublished\":\"2020-01-11T17:57:14-03:00\",\"dateModified\":\"2020-01-11T18:03:59-03:00\",\"inLanguage\":\"pt-BR\",\"mainEntityOfPage\":{\"@id\":\"https:\\\/\\\/newsinfoco.com.br\\\/inicio\\\/em-2019-alagoinhas-foi-a-segunda-cidade-do-interior-que-mais-gerou-empregos-na-bahia-segundo-dados-do-caged\\\/#webpage\"},\"isPartOf\":{\"@id\":\"https:\\\/\\\/newsinfoco.com.br\\\/inicio\\\/em-2019-alagoinhas-foi-a-segunda-cidade-do-interior-que-mais-gerou-empregos-na-bahia-segundo-dados-do-caged\\\/#webpage\"},\"articleSection\":\"Alagoinhas e Regi\\u00e3o, Destaque\"},{\"@type\":\"BreadcrumbList\",\"@id\":\"https:\\\/\\\/newsinfoco.com.br\\\/inicio\\\/em-2019-alagoinhas-foi-a-segunda-cidade-do-interior-que-mais-gerou-empregos-na-bahia-segundo-dados-do-caged\\\/#breadcrumblist\",\"itemListElement\":[{\"@type\":\"ListItem\",\"@id\":\"https:\\\/\\\/newsinfoco.com.br\\\/inicio#listItem\",\"position\":1,\"name\":\"In\\u00edcio\",\"item\":\"https:\\\/\\\/newsinfoco.com.br\\\/inicio\",\"nextItem\":{\"@type\":\"ListItem\",\"@id\":\"https:\\\/\\\/newsinfoco.com.br\\\/inicio\\\/category\\\/destaque\\\/#listItem\",\"name\":\"Destaque\"}},{\"@type\":\"ListItem\",\"@id\":\"https:\\\/\\\/newsinfoco.com.br\\\/inicio\\\/category\\\/destaque\\\/#listItem\",\"position\":2,\"name\":\"Destaque\",\"item\":\"https:\\\/\\\/newsinfoco.com.br\\\/inicio\\\/category\\\/destaque\\\/\",\"nextItem\":{\"@type\":\"ListItem\",\"@id\":\"https:\\\/\\\/newsinfoco.com.br\\\/inicio\\\/em-2019-alagoinhas-foi-a-segunda-cidade-do-interior-que-mais-gerou-empregos-na-bahia-segundo-dados-do-caged\\\/#listItem\",\"name\":\"Em 2019, Alagoinhas foi a segunda cidade do interior que mais gerou empregos na Bahia, segundo dados do CAGED\"},\"previousItem\":{\"@type\":\"ListItem\",\"@id\":\"https:\\\/\\\/newsinfoco.com.br\\\/inicio#listItem\",\"name\":\"In\\u00edcio\"}},{\"@type\":\"ListItem\",\"@id\":\"https:\\\/\\\/newsinfoco.com.br\\\/inicio\\\/em-2019-alagoinhas-foi-a-segunda-cidade-do-interior-que-mais-gerou-empregos-na-bahia-segundo-dados-do-caged\\\/#listItem\",\"position\":3,\"name\":\"Em 2019, Alagoinhas foi a segunda cidade do interior que mais gerou empregos na Bahia, segundo dados do CAGED\",\"previousItem\":{\"@type\":\"ListItem\",\"@id\":\"https:\\\/\\\/newsinfoco.com.br\\\/inicio\\\/category\\\/destaque\\\/#listItem\",\"name\":\"Destaque\"}}]},{\"@type\":\"Organization\",\"@id\":\"https:\\\/\\\/newsinfoco.com.br\\\/inicio\\\/#organization\",\"name\":\"News In Foco - Editado por Caio Pimenta\",\"description\":\"O principal site de noticias de Alagoinhas e regi\\u00e3o\",\"url\":\"https:\\\/\\\/newsinfoco.com.br\\\/inicio\\\/\"},{\"@type\":\"Person\",\"@id\":\"https:\\\/\\\/newsinfoco.com.br\\\/inicio\\\/author\\\/administrador\\\/#author\",\"url\":\"https:\\\/\\\/newsinfoco.com.br\\\/inicio\\\/author\\\/administrador\\\/\",\"name\":\"administrador\",\"image\":{\"@type\":\"ImageObject\",\"@id\":\"https:\\\/\\\/newsinfoco.com.br\\\/inicio\\\/em-2019-alagoinhas-foi-a-segunda-cidade-do-interior-que-mais-gerou-empregos-na-bahia-segundo-dados-do-caged\\\/#authorImage\",\"url\":\"https:\\\/\\\/secure.gravatar.com\\\/avatar\\\/c17a617433de8c1dc9584bb79aab7563b46f5bb7e1728c9b17d9cc3ce6a08e49?s=96&d=mm&r=g\",\"width\":96,\"height\":96,\"caption\":\"administrador\"}},{\"@type\":\"WebPage\",\"@id\":\"https:\\\/\\\/newsinfoco.com.br\\\/inicio\\\/em-2019-alagoinhas-foi-a-segunda-cidade-do-interior-que-mais-gerou-empregos-na-bahia-segundo-dados-do-caged\\\/#webpage\",\"url\":\"https:\\\/\\\/newsinfoco.com.br\\\/inicio\\\/em-2019-alagoinhas-foi-a-segunda-cidade-do-interior-que-mais-gerou-empregos-na-bahia-segundo-dados-do-caged\\\/\",\"name\":\"Em 2019, Alagoinhas foi a segunda cidade do interior que mais gerou empregos na Bahia, segundo dados do CAGED - News In Foco - Editado por Caio Pimenta\",\"description\":\"O munic\\u00edpio de Alagoinhas registrou o maior \\u00edndice de empregabilidade dos \\u00faltimos dez anos em 2019, apresentando um saldo entre contrata\\u00e7\\u00f5es e demiss\\u00f5es de 2811 postos de trabalho, divulgou o programa Primeira M\\u00e3o nesta sexta-feira, 10. Os dados s\\u00e3o do Cadastro Geral de Empregados e Desempregados(CAGED) do Minist\\u00e9rio do Trabalho. Foi o terceiro melhor desempenho\",\"inLanguage\":\"pt-BR\",\"isPartOf\":{\"@id\":\"https:\\\/\\\/newsinfoco.com.br\\\/inicio\\\/#website\"},\"breadcrumb\":{\"@id\":\"https:\\\/\\\/newsinfoco.com.br\\\/inicio\\\/em-2019-alagoinhas-foi-a-segunda-cidade-do-interior-que-mais-gerou-empregos-na-bahia-segundo-dados-do-caged\\\/#breadcrumblist\"},\"author\":{\"@id\":\"https:\\\/\\\/newsinfoco.com.br\\\/inicio\\\/author\\\/administrador\\\/#author\"},\"creator\":{\"@id\":\"https:\\\/\\\/newsinfoco.com.br\\\/inicio\\\/author\\\/administrador\\\/#author\"},\"image\":{\"@type\":\"ImageObject\",\"url\":\"https:\\\/\\\/newsinfoco.com.br\\\/inicio\\\/wp-content\\\/uploads\\\/2018\\\/08\\\/750_emprego-vagas-de-emprego-trabalho-sinebahia_201889164850447.jpg\",\"@id\":\"https:\\\/\\\/newsinfoco.com.br\\\/inicio\\\/em-2019-alagoinhas-foi-a-segunda-cidade-do-interior-que-mais-gerou-empregos-na-bahia-segundo-dados-do-caged\\\/#mainImage\",\"width\":750,\"height\":520},\"primaryImageOfPage\":{\"@id\":\"https:\\\/\\\/newsinfoco.com.br\\\/inicio\\\/em-2019-alagoinhas-foi-a-segunda-cidade-do-interior-que-mais-gerou-empregos-na-bahia-segundo-dados-do-caged\\\/#mainImage\"},\"datePublished\":\"2020-01-11T17:57:14-03:00\",\"dateModified\":\"2020-01-11T18:03:59-03:00\"},{\"@type\":\"WebSite\",\"@id\":\"https:\\\/\\\/newsinfoco.com.br\\\/inicio\\\/#website\",\"url\":\"https:\\\/\\\/newsinfoco.com.br\\\/inicio\\\/\",\"name\":\"News In Foco - Editado por Caio Pimenta\",\"description\":\"O principal site de noticias de Alagoinhas e regi\\u00e3o\",\"inLanguage\":\"pt-BR\",\"publisher\":{\"@id\":\"https:\\\/\\\/newsinfoco.com.br\\\/inicio\\\/#organization\"}}]}\n\t\t<\/script>\n\t\t<!-- All in One SEO -->\n\n","aioseo_head_json":{"title":"Em 2019, Alagoinhas foi a segunda cidade do interior que mais gerou empregos na Bahia, segundo dados do CAGED - News In Foco - Editado por Caio Pimenta","description":"O munic\u00edpio de Alagoinhas registrou o maior \u00edndice de empregabilidade dos \u00faltimos dez anos em 2019, apresentando um saldo entre contrata\u00e7\u00f5es e demiss\u00f5es de 2811 postos de trabalho, divulgou o programa Primeira M\u00e3o nesta sexta-feira, 10. Os dados s\u00e3o do Cadastro Geral de Empregados e Desempregados(CAGED) do Minist\u00e9rio do Trabalho. Foi o terceiro melhor desempenho","canonical_url":"https:\/\/newsinfoco.com.br\/inicio\/em-2019-alagoinhas-foi-a-segunda-cidade-do-interior-que-mais-gerou-empregos-na-bahia-segundo-dados-do-caged\/","robots":"max-image-preview:large","keywords":"","webmasterTools":{"miscellaneous":""},"schema":{"@context":"https:\/\/schema.org","@graph":[{"@type":"BlogPosting","@id":"https:\/\/newsinfoco.com.br\/inicio\/em-2019-alagoinhas-foi-a-segunda-cidade-do-interior-que-mais-gerou-empregos-na-bahia-segundo-dados-do-caged\/#blogposting","name":"Em 2019, Alagoinhas foi a segunda cidade do interior que mais gerou empregos na Bahia, segundo dados do CAGED - News In Foco - Editado por Caio Pimenta","headline":"Em 2019, Alagoinhas foi a segunda cidade do interior que mais gerou empregos na Bahia, segundo dados do CAGED","author":{"@id":"https:\/\/newsinfoco.com.br\/inicio\/author\/administrador\/#author"},"publisher":{"@id":"https:\/\/newsinfoco.com.br\/inicio\/#organization"},"image":{"@type":"ImageObject","url":"https:\/\/newsinfoco.com.br\/inicio\/wp-content\/uploads\/2018\/08\/750_emprego-vagas-de-emprego-trabalho-sinebahia_201889164850447.jpg","width":750,"height":520},"datePublished":"2020-01-11T17:57:14-03:00","dateModified":"2020-01-11T18:03:59-03:00","inLanguage":"pt-BR","mainEntityOfPage":{"@id":"https:\/\/newsinfoco.com.br\/inicio\/em-2019-alagoinhas-foi-a-segunda-cidade-do-interior-que-mais-gerou-empregos-na-bahia-segundo-dados-do-caged\/#webpage"},"isPartOf":{"@id":"https:\/\/newsinfoco.com.br\/inicio\/em-2019-alagoinhas-foi-a-segunda-cidade-do-interior-que-mais-gerou-empregos-na-bahia-segundo-dados-do-caged\/#webpage"},"articleSection":"Alagoinhas e Regi\u00e3o, Destaque"},{"@type":"BreadcrumbList","@id":"https:\/\/newsinfoco.com.br\/inicio\/em-2019-alagoinhas-foi-a-segunda-cidade-do-interior-que-mais-gerou-empregos-na-bahia-segundo-dados-do-caged\/#breadcrumblist","itemListElement":[{"@type":"ListItem","@id":"https:\/\/newsinfoco.com.br\/inicio#listItem","position":1,"name":"In\u00edcio","item":"https:\/\/newsinfoco.com.br\/inicio","nextItem":{"@type":"ListItem","@id":"https:\/\/newsinfoco.com.br\/inicio\/category\/destaque\/#listItem","name":"Destaque"}},{"@type":"ListItem","@id":"https:\/\/newsinfoco.com.br\/inicio\/category\/destaque\/#listItem","position":2,"name":"Destaque","item":"https:\/\/newsinfoco.com.br\/inicio\/category\/destaque\/","nextItem":{"@type":"ListItem","@id":"https:\/\/newsinfoco.com.br\/inicio\/em-2019-alagoinhas-foi-a-segunda-cidade-do-interior-que-mais-gerou-empregos-na-bahia-segundo-dados-do-caged\/#listItem","name":"Em 2019, Alagoinhas foi a segunda cidade do interior que mais gerou empregos na Bahia, segundo dados do CAGED"},"previousItem":{"@type":"ListItem","@id":"https:\/\/newsinfoco.com.br\/inicio#listItem","name":"In\u00edcio"}},{"@type":"ListItem","@id":"https:\/\/newsinfoco.com.br\/inicio\/em-2019-alagoinhas-foi-a-segunda-cidade-do-interior-que-mais-gerou-empregos-na-bahia-segundo-dados-do-caged\/#listItem","position":3,"name":"Em 2019, Alagoinhas foi a segunda cidade do interior que mais gerou empregos na Bahia, segundo dados do CAGED","previousItem":{"@type":"ListItem","@id":"https:\/\/newsinfoco.com.br\/inicio\/category\/destaque\/#listItem","name":"Destaque"}}]},{"@type":"Organization","@id":"https:\/\/newsinfoco.com.br\/inicio\/#organization","name":"News In Foco - Editado por Caio Pimenta","description":"O principal site de noticias de Alagoinhas e regi\u00e3o","url":"https:\/\/newsinfoco.com.br\/inicio\/"},{"@type":"Person","@id":"https:\/\/newsinfoco.com.br\/inicio\/author\/administrador\/#author","url":"https:\/\/newsinfoco.com.br\/inicio\/author\/administrador\/","name":"administrador","image":{"@type":"ImageObject","@id":"https:\/\/newsinfoco.com.br\/inicio\/em-2019-alagoinhas-foi-a-segunda-cidade-do-interior-que-mais-gerou-empregos-na-bahia-segundo-dados-do-caged\/#authorImage","url":"https:\/\/secure.gravatar.com\/avatar\/c17a617433de8c1dc9584bb79aab7563b46f5bb7e1728c9b17d9cc3ce6a08e49?s=96&d=mm&r=g","width":96,"height":96,"caption":"administrador"}},{"@type":"WebPage","@id":"https:\/\/newsinfoco.com.br\/inicio\/em-2019-alagoinhas-foi-a-segunda-cidade-do-interior-que-mais-gerou-empregos-na-bahia-segundo-dados-do-caged\/#webpage","url":"https:\/\/newsinfoco.com.br\/inicio\/em-2019-alagoinhas-foi-a-segunda-cidade-do-interior-que-mais-gerou-empregos-na-bahia-segundo-dados-do-caged\/","name":"Em 2019, Alagoinhas foi a segunda cidade do interior que mais gerou empregos na Bahia, segundo dados do CAGED - News In Foco - Editado por Caio Pimenta","description":"O munic\u00edpio de Alagoinhas registrou o maior \u00edndice de empregabilidade dos \u00faltimos dez anos em 2019, apresentando um saldo entre contrata\u00e7\u00f5es e demiss\u00f5es de 2811 postos de trabalho, divulgou o programa Primeira M\u00e3o nesta sexta-feira, 10. Os dados s\u00e3o do Cadastro Geral de Empregados e Desempregados(CAGED) do Minist\u00e9rio do Trabalho. Foi o terceiro melhor desempenho","inLanguage":"pt-BR","isPartOf":{"@id":"https:\/\/newsinfoco.com.br\/inicio\/#website"},"breadcrumb":{"@id":"https:\/\/newsinfoco.com.br\/inicio\/em-2019-alagoinhas-foi-a-segunda-cidade-do-interior-que-mais-gerou-empregos-na-bahia-segundo-dados-do-caged\/#breadcrumblist"},"author":{"@id":"https:\/\/newsinfoco.com.br\/inicio\/author\/administrador\/#author"},"creator":{"@id":"https:\/\/newsinfoco.com.br\/inicio\/author\/administrador\/#author"},"image":{"@type":"ImageObject","url":"https:\/\/newsinfoco.com.br\/inicio\/wp-content\/uploads\/2018\/08\/750_emprego-vagas-de-emprego-trabalho-sinebahia_201889164850447.jpg","@id":"https:\/\/newsinfoco.com.br\/inicio\/em-2019-alagoinhas-foi-a-segunda-cidade-do-interior-que-mais-gerou-empregos-na-bahia-segundo-dados-do-caged\/#mainImage","width":750,"height":520},"primaryImageOfPage":{"@id":"https:\/\/newsinfoco.com.br\/inicio\/em-2019-alagoinhas-foi-a-segunda-cidade-do-interior-que-mais-gerou-empregos-na-bahia-segundo-dados-do-caged\/#mainImage"},"datePublished":"2020-01-11T17:57:14-03:00","dateModified":"2020-01-11T18:03:59-03:00"},{"@type":"WebSite","@id":"https:\/\/newsinfoco.com.br\/inicio\/#website","url":"https:\/\/newsinfoco.com.br\/inicio\/","name":"News In Foco - Editado por Caio Pimenta","description":"O principal site de noticias de Alagoinhas e regi\u00e3o","inLanguage":"pt-BR","publisher":{"@id":"https:\/\/newsinfoco.com.br\/inicio\/#organization"}}]},"og:locale":"pt_BR","og:site_name":"News In Foco - Editado por Caio Pimenta - O principal site de noticias de Alagoinhas e regi\u00e3o","og:type":"article","og:title":"Em 2019, Alagoinhas foi a segunda cidade do interior que mais gerou empregos na Bahia, segundo dados do CAGED - News In Foco - Editado por Caio Pimenta","og:description":"O munic\u00edpio de Alagoinhas registrou o maior \u00edndice de empregabilidade dos \u00faltimos dez anos em 2019, apresentando um saldo entre contrata\u00e7\u00f5es e demiss\u00f5es de 2811 postos de trabalho, divulgou o programa Primeira M\u00e3o nesta sexta-feira, 10. Os dados s\u00e3o do Cadastro Geral de Empregados e Desempregados(CAGED) do Minist\u00e9rio do Trabalho. Foi o terceiro melhor desempenho","og:url":"https:\/\/newsinfoco.com.br\/inicio\/em-2019-alagoinhas-foi-a-segunda-cidade-do-interior-que-mais-gerou-empregos-na-bahia-segundo-dados-do-caged\/","article:published_time":"2020-01-11T20:57:14+00:00","article:modified_time":"2020-01-11T21:03:59+00:00","twitter:card":"summary_large_image","twitter:title":"Em 2019, Alagoinhas foi a segunda cidade do interior que mais gerou empregos na Bahia, segundo dados do CAGED - News In Foco - Editado por Caio Pimenta","twitter:description":"O munic\u00edpio de Alagoinhas registrou o maior \u00edndice de empregabilidade dos \u00faltimos dez anos em 2019, apresentando um saldo entre contrata\u00e7\u00f5es e demiss\u00f5es de 2811 postos de trabalho, divulgou o programa Primeira M\u00e3o nesta sexta-feira, 10. Os dados s\u00e3o do Cadastro Geral de Empregados e Desempregados(CAGED) do Minist\u00e9rio do Trabalho. Foi o terceiro melhor desempenho"},"aioseo_meta_data":{"post_id":"19843","title":null,"description":null,"keywords":null,"keyphrases":null,"primary_term":null,"canonical_url":null,"og_title":null,"og_description":null,"og_object_type":"default","og_image_type":"default","og_image_url":null,"og_image_width":null,"og_image_height":null,"og_image_custom_url":null,"og_image_custom_fields":null,"og_video":null,"og_custom_url":null,"og_article_section":null,"og_article_tags":null,"twitter_use_og":false,"twitter_card":"default","twitter_image_type":"default","twitter_image_url":null,"twitter_image_custom_url":null,"twitter_image_custom_fields":null,"twitter_title":null,"twitter_description":null,"schema":{"blockGraphs":[],"customGraphs":[],"default":{"data":{"Article":[],"Course":[],"Dataset":[],"FAQPage":[],"Movie":[],"Person":[],"Product":[],"ProductReview":[],"Car":[],"Recipe":[],"Service":[],"SoftwareApplication":[],"WebPage":[]},"graphName":"","isEnabled":true},"graphs":[]},"schema_type":"default","schema_type_options":null,"pillar_content":false,"robots_default":true,"robots_noindex":false,"robots_noarchive":false,"robots_nosnippet":false,"robots_nofollow":false,"robots_noimageindex":false,"robots_noodp":false,"robots_notranslate":false,"robots_max_snippet":null,"robots_max_videopreview":null,"robots_max_imagepreview":"large","priority":null,"frequency":null,"local_seo":null,"breadcrumb_settings":null,"limit_modified_date":false,"ai":null,"created":"2023-06-12 15:56:47","updated":"2025-07-11 02:31:56","seo_analyzer_scan_date":null},"aioseo_breadcrumb":"<div class=\"aioseo-breadcrumbs\"><span class=\"aioseo-breadcrumb\">\n\t\t\t<a href=\"https:\/\/newsinfoco.com.br\/inicio\" title=\"In\u00edcio\">In\u00edcio<\/a>\n\t\t<\/span><span class=\"aioseo-breadcrumb-separator\">&raquo;<\/span><span class=\"aioseo-breadcrumb\">\n\t\t\t<a href=\"https:\/\/newsinfoco.com.br\/inicio\/category\/destaque\/\" title=\"Destaque\">Destaque<\/a>\n\t\t<\/span><span class=\"aioseo-breadcrumb-separator\">&raquo;<\/span><span class=\"aioseo-breadcrumb\">\n\t\t\tEm 2019, Alagoinhas foi a segunda cidade do interior que mais gerou empregos na Bahia, segundo dados do CAGED\n\t\t<\/span><\/div>","aioseo_breadcrumb_json":[{"label":"In\u00edcio","link":"https:\/\/newsinfoco.com.br\/inicio"},{"label":"Destaque","link":"https:\/\/newsinfoco.com.br\/inicio\/category\/destaque\/"},{"label":"Em 2019, Alagoinhas foi a segunda cidade do interior que mais gerou empregos na Bahia, segundo dados do CAGED","link":"https:\/\/newsinfoco.com.br\/inicio\/em-2019-alagoinhas-foi-a-segunda-cidade-do-interior-que-mais-gerou-empregos-na-bahia-segundo-dados-do-caged\/"}],"_links":{"self":[{"href":"https:\/\/newsinfoco.com.br\/inicio\/wp-json\/wp\/v2\/posts\/19843","targetHints":{"allow":["GET"]}}],"collection":[{"href":"https:\/\/newsinfoco.com.br\/inicio\/wp-json\/wp\/v2\/posts"}],"about":[{"href":"https:\/\/newsinfoco.com.br\/inicio\/wp-json\/wp\/v2\/types\/post"}],"author":[{"embeddable":true,"href":"https:\/\/newsinfoco.com.br\/inicio\/wp-json\/wp\/v2\/users\/1"}],"replies":[{"embeddable":true,"href":"https:\/\/newsinfoco.com.br\/inicio\/wp-json\/wp\/v2\/comments?post=19843"}],"version-history":[{"count":0,"href":"https:\/\/newsinfoco.com.br\/inicio\/wp-json\/wp\/v2\/posts\/19843\/revisions"}],"wp:featuredmedia":[{"embeddable":true,"href":"https:\/\/newsinfoco.com.br\/inicio\/wp-json\/wp\/v2\/media\/8001"}],"wp:attachment":[{"href":"https:\/\/newsinfoco.com.br\/inicio\/wp-json\/wp\/v2\/media?parent=19843"}],"wp:term":[{"taxonomy":"category","embeddable":true,"href":"https:\/\/newsinfoco.com.br\/inicio\/wp-json\/wp\/v2\/categories?post=19843"},{"taxonomy":"post_tag","embeddable":true,"href":"https:\/\/newsinfoco.com.br\/inicio\/wp-json\/wp\/v2\/tags?post=19843"}],"curies":[{"name":"wp","href":"https:\/\/api.w.org\/{rel}","templated":true}]}}