{"id":19873,"date":"2020-01-13T19:26:07","date_gmt":"2020-01-13T22:26:07","guid":{"rendered":"http:\/\/newsinfoco.com.br\/?p=19873"},"modified":"2020-01-13T19:37:39","modified_gmt":"2020-01-13T22:37:39","slug":"opiniao-diretor-da-santa-casa-de-misericordia-de-alagoinhas-mostra-se-temeroso-na-defesa-dos-interesses-da-instituicao","status":"publish","type":"post","link":"https:\/\/newsinfoco.com.br\/inicio\/opiniao-diretor-da-santa-casa-de-misericordia-de-alagoinhas-mostra-se-temeroso-na-defesa-dos-interesses-da-instituicao\/","title":{"rendered":"Opini\u00e3o: Diretor da Santa Casa de Miseric\u00f3rdia de Alagoinhas mostra-se temeroso na defesa dos interesses da institui\u00e7\u00e3o"},"content":{"rendered":"<p style=\"text-align: justify;\">\u201cO gestor da Santa Casa de Miseric\u00f3rdia n\u00e3o est\u00e1 defendendo os interesses da casa a contento \u201c, afirmou o comentarista do programa Primeira M\u00e3o, Caio Pimenta, nesta segunda-feira,13. Ele relatou v\u00e1rias situa\u00e7\u00f5es envolvendo a Prefeitura da cidade com a entidade em que Dr. Virginio dirige. Segundo ele, o diretor vem assumindo uma postura de incompreens\u00edvel e inadequada timidez, diante da gravidade dos fatos.<\/p>\n<p style=\"text-align: justify;\">A gota d\u2019\u00e1gua para a indigna\u00e7\u00e3o de Pimenta refere-se ao atraso de tr\u00eas meses de repasses para o tratamento de glaucoma, que causou manifesta\u00e7\u00e3o dos pacientes e cr\u00edticas de parte do jornalismo local diante da suspens\u00e3o do atendimento. Ao final, ap\u00f3s o governo municipal acertar(com muito atraso) a quest\u00e3o financeira, Virg\u00ednio agradeceu e elogiou a \u201crapidez\u201d com que foi resolvido o problema, perdendo completamente, de acordo com o comentarista, a altivez necess\u00e1ria para que o caso n\u00e3o volte a acontecer. Para Caio Pimenta falta ao gestor mais determina\u00e7\u00e3o para lutar pelos interesses daqueles que utilizam os servi\u00e7os da Santa Casa, em sua grande maioria pessoas de baixa renda.<\/p>\n<p style=\"text-align: justify;\">N\u00e3o bastando o ato de agradecimento inadequado, prosseguiu Pimenta, o gestor deveria ter procurado a imprensa antes que o problema ganhasse a propor\u00e7\u00e3o que tomou. No caso, Glaucoma \u00e9 uma doen\u00e7a grave, a pessoa pode dormir enxergando e acordar cego.<\/p>\n<p style=\"text-align: justify;\">No programa, Caio citou outros casos em que, segundo ele, o diretor da Santa Casa poderia ter tomado uma atitude mais incisiva diante da administra\u00e7\u00e3o municipal. Com rela\u00e7\u00e3o a implanta\u00e7\u00e3o do hospital do c\u00e2ncer, por exemplo, em que a prefeitura fez uma grande campanha publicit\u00e1ria, dando a entender que o empreendimento era do governo, quando na verdade este era responsabilidade e m\u00e9rito da Santa Casa. Na ocasi\u00e3o, Virginio limitou-se a enviar um of\u00edcio reprovando a postura da prefeitura, que s\u00f3 substituiu as pe\u00e7as publicit\u00e1rias tempos depois.<\/p>\n<p style=\"text-align: justify;\">Outro fato citado por Caio foi com rela\u00e7\u00e3o a emenda parlamentar do deputado Paulo Azi de R$ 1,5 milh\u00e3o para realiza\u00e7\u00e3o das cirurgias eletivas no munic\u00edpio. Em contato com o jornalista, Paulo Azi afirmou que havia um acordo para que o recurso da emenda fosse utilizado para a contrata\u00e7\u00e3o direta da Santa Casa para realiza\u00e7\u00e3o dos procedimentos. At\u00e9 hoje os recursos permanecem no fundo municipal de sa\u00fade e n\u00e3o foram utilizados.<\/p>\n<p style=\"text-align: justify;\">Para Caio, a postura do diretor \u00e9 de intimida\u00e7\u00e3o frente a prefeitura, o que causa estranheza. Enquanto parte da imprensa critica duramente o prefeito em defesa da entidade, Virginio se mostra sempre t\u00edmido, brando, temeroso.<\/p>\n<p style=\"text-align: justify;\">Falta mais indigna\u00e7\u00e3o ao gestor frente aos graves problemas enfrentados pela institui\u00e7\u00e3o. A coragem \u00e9 um componente essencial para a cidadania e \u00e0 vida p\u00fablica, quem n\u00e3o a tiver, arisca-se a n\u00e3o ser ouvido e a prejudicar o socorro aos menos favorecidos.<\/p>\n<p style=\"text-align: justify;\"><strong>O outro lado<\/strong><\/p>\n<p style=\"text-align: justify;\">Em contato com o comunicador Caio Pimenta, logo ap\u00f3s o programa Primeira M\u00e3o desta segunda-feira(13), Dr. Virginio quis esclarecer os fatos.<\/p>\n<p style=\"text-align: justify;\">De acordo com o diretor da Santa Casa de Miseric\u00f3rdia, sua postura sempre foi de isen\u00e7\u00e3o politica, pensando exclusivamente nos interesses da institui\u00e7\u00e3o e na presta\u00e7\u00e3o regular dos servi\u00e7os \u00e0 popula\u00e7\u00e3o carente.<\/p>\n<p style=\"text-align: justify;\">No caso do atraso dos repasses realizado pela prefeitura, o que inviabilizou o prosseguimento do atendimento aos pacientes portadores de glaucoma, Dr. Virginio esclareceu que todas as administra\u00e7\u00f5es anteriores, sem exce\u00e7\u00e3o, em algum momento, atrasou repasses \u00e0 institui\u00e7\u00e3o, frisando, por\u00e9m, que esta \u00e9 a primeira vez que o atraso chegou a 3 meses. Ele afirmou que cobran\u00e7as ao longo desse per\u00edodo sempre foram feitos \u00e0 secretaria municipal de sa\u00fade, sem qualquer tipo de solu\u00e7\u00e3o.<\/p>\n<p style=\"text-align: justify;\">Ele relatou que em nenhum governo anterior utilizou de enfrentamento p\u00fablico com as gest\u00f5es municipais diante dos atrasos dos repasses, e que seria injusto agir de forma diferente com o atual gestor. Ele reafirmou os agradecimentos feitos ao prefeito quanto ao pagamento dos valores atrasados, porque, segundo o diretor, o prefeito nunca foi comunicado por ele sobre os atrasos do repasse, dando a entender que o gestor desconhecia o fato. Assim que soube, no mesmo dia do protesto de pacientes e de toda a repercuss\u00e3o da imprensa, o prefeito prontamente resolveu as pendencias.<\/p>\n<p style=\"text-align: justify;\">Quanto ao Hospital de C\u00e2ncer, ele afirmou que o equipamento pertence \u00e0 Santa Casa e oficializou a prefeitura, que segundo ele, desde ent\u00e3o, tem evitado tratar o hospital como um equipamento p\u00fablico. Ele citou uma reuni\u00e3o com o prefeito Joaquim Neto e\u00a0 com o secret\u00e1rio de Governo, Gustavo Carmo, em que, na ocasi\u00e3o, demonstrou sua contrariedade quanto a postura do poder p\u00fablico e que o recado foi entendido.<\/p>\n<p style=\"text-align: justify;\">Com rela\u00e7\u00e3o a utiliza\u00e7\u00e3o dos recursos da emenda do deputado Paulo Azi para a realiza\u00e7\u00e3o das cirurgias eletivas, Dr. Virginio confirma o acordo citado pelo deputado, mas disse que um parecer da procuradoria jur\u00eddica do munic\u00edpio demonstrou a inviabilidade do cumprimento acordo, pois a contrata\u00e7\u00e3o direta Santa Casa para realiza\u00e7\u00e3o dos referidos procedimentos entraria em confronto com o que preconiza a Lei de Licita\u00e7\u00f5es.<\/p>\n<p style=\"text-align: justify;\">Dr. Virginio ainda explica que os atendimentos retornam nesta quarta-feira, 15.<\/p>\n<p style=\"text-align: right;\">Por Paulo Dias com a colabora\u00e7\u00e3o de Caio Pimenta para o News Infoco<\/p>\n<p style=\"text-align: justify;\">\n<div class='share-to-whatsapp-wrapper'><div class='share-on-whsp'>Share on: <\/div><a data-text='Opini\u00e3o: Diretor da Santa Casa de Miseric\u00f3rdia de Alagoinhas mostra-se temeroso na defesa dos interesses da institui\u00e7\u00e3o' data-link='https:\/\/newsinfoco.com.br\/inicio\/opiniao-diretor-da-santa-casa-de-misericordia-de-alagoinhas-mostra-se-temeroso-na-defesa-dos-interesses-da-instituicao\/' class='whatsapp-button whatsapp-share'>WhatsApp<\/a><div class='clear '><\/div><\/div>","protected":false},"excerpt":{"rendered":"<p>\u201cO gestor da Santa Casa de Miseric\u00f3rdia n\u00e3o est\u00e1 defendendo os interesses da casa a contento \u201c, afirmou o comentarista do programa Primeira M\u00e3o, Caio Pimenta, nesta segunda-feira,13. Ele relatou v\u00e1rias situa\u00e7\u00f5es envolvendo a Prefeitura da cidade com a entidade em que Dr. Virginio dirige. Segundo ele, o diretor vem assumindo uma postura de incompreens\u00edvel [&hellip;]<\/p>\n","protected":false},"author":1,"featured_media":19874,"comment_status":"open","ping_status":"open","sticky":false,"template":"","format":"standard","meta":{"om_disable_all_campaigns":false,"rop_custom_images_group":[],"rop_custom_messages_group":[],"rop_publish_now":"initial","rop_publish_now_accounts":[],"rop_publish_now_history":[],"rop_publish_now_status":"pending","_exactmetrics_skip_tracking":false,"footnotes":""},"categories":[38],"tags":[],"class_list":["post-19873","post","type-post","status-publish","format-standard","has-post-thumbnail","hentry","category-alagoinhas-e-regiao"],"aioseo_notices":[],"aioseo_head":"\n\t\t<!-- All in One SEO 4.9.10 - aioseo.com -->\n\t<meta name=\"description\" content=\"\u201cO gestor da Santa Casa de Miseric\u00f3rdia n\u00e3o est\u00e1 defendendo os interesses da casa a contento \u201c, afirmou o comentarista do programa Primeira M\u00e3o, Caio Pimenta, nesta segunda-feira,13. Ele relatou v\u00e1rias situa\u00e7\u00f5es envolvendo a Prefeitura da cidade com a entidade em que Dr. Virginio dirige. Segundo ele, o diretor vem assumindo uma postura de incompreens\u00edvel\" \/>\n\t<meta name=\"robots\" content=\"max-image-preview:large\" \/>\n\t<meta name=\"author\" content=\"administrador\"\/>\n\t<link rel=\"canonical\" href=\"https:\/\/newsinfoco.com.br\/inicio\/opiniao-diretor-da-santa-casa-de-misericordia-de-alagoinhas-mostra-se-temeroso-na-defesa-dos-interesses-da-instituicao\/\" \/>\n\t<meta name=\"generator\" content=\"All in One SEO (AIOSEO) 4.9.10\" \/>\n\t\t<meta property=\"og:locale\" content=\"pt_BR\" \/>\n\t\t<meta property=\"og:site_name\" content=\"News In Foco - Editado por Caio Pimenta - O principal site de noticias de Alagoinhas e regi\u00e3o\" \/>\n\t\t<meta property=\"og:type\" content=\"article\" \/>\n\t\t<meta property=\"og:title\" content=\"Opini\u00e3o: Diretor da Santa Casa de Miseric\u00f3rdia de Alagoinhas mostra-se temeroso na defesa dos interesses da institui\u00e7\u00e3o - News In Foco - Editado por Caio Pimenta\" \/>\n\t\t<meta property=\"og:description\" content=\"\u201cO gestor da Santa Casa de Miseric\u00f3rdia n\u00e3o est\u00e1 defendendo os interesses da casa a contento \u201c, afirmou o comentarista do programa Primeira M\u00e3o, Caio Pimenta, nesta segunda-feira,13. Ele relatou v\u00e1rias situa\u00e7\u00f5es envolvendo a Prefeitura da cidade com a entidade em que Dr. Virginio dirige. Segundo ele, o diretor vem assumindo uma postura de incompreens\u00edvel\" \/>\n\t\t<meta property=\"og:url\" content=\"https:\/\/newsinfoco.com.br\/inicio\/opiniao-diretor-da-santa-casa-de-misericordia-de-alagoinhas-mostra-se-temeroso-na-defesa-dos-interesses-da-instituicao\/\" \/>\n\t\t<meta property=\"article:published_time\" content=\"2020-01-13T22:26:07+00:00\" \/>\n\t\t<meta property=\"article:modified_time\" content=\"2020-01-13T22:37:39+00:00\" \/>\n\t\t<meta name=\"twitter:card\" content=\"summary_large_image\" \/>\n\t\t<meta name=\"twitter:title\" content=\"Opini\u00e3o: Diretor da Santa Casa de Miseric\u00f3rdia de Alagoinhas mostra-se temeroso na defesa dos interesses da institui\u00e7\u00e3o - News In Foco - Editado por Caio Pimenta\" \/>\n\t\t<meta name=\"twitter:description\" content=\"\u201cO gestor da Santa Casa de Miseric\u00f3rdia n\u00e3o est\u00e1 defendendo os interesses da casa a contento \u201c, afirmou o comentarista do programa Primeira M\u00e3o, Caio Pimenta, nesta segunda-feira,13. Ele relatou v\u00e1rias situa\u00e7\u00f5es envolvendo a Prefeitura da cidade com a entidade em que Dr. Virginio dirige. Segundo ele, o diretor vem assumindo uma postura de incompreens\u00edvel\" \/>\n\t\t<script type=\"application\/ld+json\" class=\"aioseo-schema\">\n\t\t\t{\"@context\":\"https:\\\/\\\/schema.org\",\"@graph\":[{\"@type\":\"BlogPosting\",\"@id\":\"https:\\\/\\\/newsinfoco.com.br\\\/inicio\\\/opiniao-diretor-da-santa-casa-de-misericordia-de-alagoinhas-mostra-se-temeroso-na-defesa-dos-interesses-da-instituicao\\\/#blogposting\",\"name\":\"Opini\\u00e3o: Diretor da Santa Casa de Miseric\\u00f3rdia de Alagoinhas mostra-se temeroso na defesa dos interesses da institui\\u00e7\\u00e3o - News In Foco - Editado por Caio Pimenta\",\"headline\":\"Opini\\u00e3o: Diretor da Santa Casa de Miseric\\u00f3rdia de Alagoinhas mostra-se temeroso na defesa dos interesses da institui\\u00e7\\u00e3o\",\"author\":{\"@id\":\"https:\\\/\\\/newsinfoco.com.br\\\/inicio\\\/author\\\/administrador\\\/#author\"},\"publisher\":{\"@id\":\"https:\\\/\\\/newsinfoco.com.br\\\/inicio\\\/#organization\"},\"image\":{\"@type\":\"ImageObject\",\"url\":\"https:\\\/\\\/newsinfoco.com.br\\\/inicio\\\/wp-content\\\/uploads\\\/2020\\\/01\\\/cropped-14708185_1085435801551868_8420624485574874253_n.png\",\"width\":512,\"height\":512},\"datePublished\":\"2020-01-13T19:26:07-03:00\",\"dateModified\":\"2020-01-13T19:37:39-03:00\",\"inLanguage\":\"pt-BR\",\"mainEntityOfPage\":{\"@id\":\"https:\\\/\\\/newsinfoco.com.br\\\/inicio\\\/opiniao-diretor-da-santa-casa-de-misericordia-de-alagoinhas-mostra-se-temeroso-na-defesa-dos-interesses-da-instituicao\\\/#webpage\"},\"isPartOf\":{\"@id\":\"https:\\\/\\\/newsinfoco.com.br\\\/inicio\\\/opiniao-diretor-da-santa-casa-de-misericordia-de-alagoinhas-mostra-se-temeroso-na-defesa-dos-interesses-da-instituicao\\\/#webpage\"},\"articleSection\":\"Alagoinhas e Regi\\u00e3o\"},{\"@type\":\"BreadcrumbList\",\"@id\":\"https:\\\/\\\/newsinfoco.com.br\\\/inicio\\\/opiniao-diretor-da-santa-casa-de-misericordia-de-alagoinhas-mostra-se-temeroso-na-defesa-dos-interesses-da-instituicao\\\/#breadcrumblist\",\"itemListElement\":[{\"@type\":\"ListItem\",\"@id\":\"https:\\\/\\\/newsinfoco.com.br\\\/inicio#listItem\",\"position\":1,\"name\":\"In\\u00edcio\",\"item\":\"https:\\\/\\\/newsinfoco.com.br\\\/inicio\",\"nextItem\":{\"@type\":\"ListItem\",\"@id\":\"https:\\\/\\\/newsinfoco.com.br\\\/inicio\\\/category\\\/alagoinhas-e-regiao\\\/#listItem\",\"name\":\"Alagoinhas e Regi\\u00e3o\"}},{\"@type\":\"ListItem\",\"@id\":\"https:\\\/\\\/newsinfoco.com.br\\\/inicio\\\/category\\\/alagoinhas-e-regiao\\\/#listItem\",\"position\":2,\"name\":\"Alagoinhas e Regi\\u00e3o\",\"item\":\"https:\\\/\\\/newsinfoco.com.br\\\/inicio\\\/category\\\/alagoinhas-e-regiao\\\/\",\"nextItem\":{\"@type\":\"ListItem\",\"@id\":\"https:\\\/\\\/newsinfoco.com.br\\\/inicio\\\/opiniao-diretor-da-santa-casa-de-misericordia-de-alagoinhas-mostra-se-temeroso-na-defesa-dos-interesses-da-instituicao\\\/#listItem\",\"name\":\"Opini\\u00e3o: Diretor da Santa Casa de Miseric\\u00f3rdia de Alagoinhas mostra-se temeroso na defesa dos interesses da institui\\u00e7\\u00e3o\"},\"previousItem\":{\"@type\":\"ListItem\",\"@id\":\"https:\\\/\\\/newsinfoco.com.br\\\/inicio#listItem\",\"name\":\"In\\u00edcio\"}},{\"@type\":\"ListItem\",\"@id\":\"https:\\\/\\\/newsinfoco.com.br\\\/inicio\\\/opiniao-diretor-da-santa-casa-de-misericordia-de-alagoinhas-mostra-se-temeroso-na-defesa-dos-interesses-da-instituicao\\\/#listItem\",\"position\":3,\"name\":\"Opini\\u00e3o: Diretor da Santa Casa de Miseric\\u00f3rdia de Alagoinhas mostra-se temeroso na defesa dos interesses da institui\\u00e7\\u00e3o\",\"previousItem\":{\"@type\":\"ListItem\",\"@id\":\"https:\\\/\\\/newsinfoco.com.br\\\/inicio\\\/category\\\/alagoinhas-e-regiao\\\/#listItem\",\"name\":\"Alagoinhas e Regi\\u00e3o\"}}]},{\"@type\":\"Organization\",\"@id\":\"https:\\\/\\\/newsinfoco.com.br\\\/inicio\\\/#organization\",\"name\":\"News In Foco - Editado por Caio Pimenta\",\"description\":\"O principal site de noticias de Alagoinhas e regi\\u00e3o\",\"url\":\"https:\\\/\\\/newsinfoco.com.br\\\/inicio\\\/\"},{\"@type\":\"Person\",\"@id\":\"https:\\\/\\\/newsinfoco.com.br\\\/inicio\\\/author\\\/administrador\\\/#author\",\"url\":\"https:\\\/\\\/newsinfoco.com.br\\\/inicio\\\/author\\\/administrador\\\/\",\"name\":\"administrador\",\"image\":{\"@type\":\"ImageObject\",\"@id\":\"https:\\\/\\\/newsinfoco.com.br\\\/inicio\\\/opiniao-diretor-da-santa-casa-de-misericordia-de-alagoinhas-mostra-se-temeroso-na-defesa-dos-interesses-da-instituicao\\\/#authorImage\",\"url\":\"https:\\\/\\\/secure.gravatar.com\\\/avatar\\\/c17a617433de8c1dc9584bb79aab7563b46f5bb7e1728c9b17d9cc3ce6a08e49?s=96&d=mm&r=g\",\"width\":96,\"height\":96,\"caption\":\"administrador\"}},{\"@type\":\"WebPage\",\"@id\":\"https:\\\/\\\/newsinfoco.com.br\\\/inicio\\\/opiniao-diretor-da-santa-casa-de-misericordia-de-alagoinhas-mostra-se-temeroso-na-defesa-dos-interesses-da-instituicao\\\/#webpage\",\"url\":\"https:\\\/\\\/newsinfoco.com.br\\\/inicio\\\/opiniao-diretor-da-santa-casa-de-misericordia-de-alagoinhas-mostra-se-temeroso-na-defesa-dos-interesses-da-instituicao\\\/\",\"name\":\"Opini\\u00e3o: Diretor da Santa Casa de Miseric\\u00f3rdia de Alagoinhas mostra-se temeroso na defesa dos interesses da institui\\u00e7\\u00e3o - News In Foco - Editado por Caio Pimenta\",\"description\":\"\\u201cO gestor da Santa Casa de Miseric\\u00f3rdia n\\u00e3o est\\u00e1 defendendo os interesses da casa a contento \\u201c, afirmou o comentarista do programa Primeira M\\u00e3o, Caio Pimenta, nesta segunda-feira,13. Ele relatou v\\u00e1rias situa\\u00e7\\u00f5es envolvendo a Prefeitura da cidade com a entidade em que Dr. Virginio dirige. Segundo ele, o diretor vem assumindo uma postura de incompreens\\u00edvel\",\"inLanguage\":\"pt-BR\",\"isPartOf\":{\"@id\":\"https:\\\/\\\/newsinfoco.com.br\\\/inicio\\\/#website\"},\"breadcrumb\":{\"@id\":\"https:\\\/\\\/newsinfoco.com.br\\\/inicio\\\/opiniao-diretor-da-santa-casa-de-misericordia-de-alagoinhas-mostra-se-temeroso-na-defesa-dos-interesses-da-instituicao\\\/#breadcrumblist\"},\"author\":{\"@id\":\"https:\\\/\\\/newsinfoco.com.br\\\/inicio\\\/author\\\/administrador\\\/#author\"},\"creator\":{\"@id\":\"https:\\\/\\\/newsinfoco.com.br\\\/inicio\\\/author\\\/administrador\\\/#author\"},\"image\":{\"@type\":\"ImageObject\",\"url\":\"https:\\\/\\\/newsinfoco.com.br\\\/inicio\\\/wp-content\\\/uploads\\\/2020\\\/01\\\/cropped-14708185_1085435801551868_8420624485574874253_n.png\",\"@id\":\"https:\\\/\\\/newsinfoco.com.br\\\/inicio\\\/opiniao-diretor-da-santa-casa-de-misericordia-de-alagoinhas-mostra-se-temeroso-na-defesa-dos-interesses-da-instituicao\\\/#mainImage\",\"width\":512,\"height\":512},\"primaryImageOfPage\":{\"@id\":\"https:\\\/\\\/newsinfoco.com.br\\\/inicio\\\/opiniao-diretor-da-santa-casa-de-misericordia-de-alagoinhas-mostra-se-temeroso-na-defesa-dos-interesses-da-instituicao\\\/#mainImage\"},\"datePublished\":\"2020-01-13T19:26:07-03:00\",\"dateModified\":\"2020-01-13T19:37:39-03:00\"},{\"@type\":\"WebSite\",\"@id\":\"https:\\\/\\\/newsinfoco.com.br\\\/inicio\\\/#website\",\"url\":\"https:\\\/\\\/newsinfoco.com.br\\\/inicio\\\/\",\"name\":\"News In Foco - Editado por Caio Pimenta\",\"description\":\"O principal site de noticias de Alagoinhas e regi\\u00e3o\",\"inLanguage\":\"pt-BR\",\"publisher\":{\"@id\":\"https:\\\/\\\/newsinfoco.com.br\\\/inicio\\\/#organization\"}}]}\n\t\t<\/script>\n\t\t<!-- All in One SEO -->\n\n","aioseo_head_json":{"title":"Opini\u00e3o: Diretor da Santa Casa de Miseric\u00f3rdia de Alagoinhas mostra-se temeroso na defesa dos interesses da institui\u00e7\u00e3o - News In Foco - Editado por Caio Pimenta","description":"\u201cO gestor da Santa Casa de Miseric\u00f3rdia n\u00e3o est\u00e1 defendendo os interesses da casa a contento \u201c, afirmou o comentarista do programa Primeira M\u00e3o, Caio Pimenta, nesta segunda-feira,13. Ele relatou v\u00e1rias situa\u00e7\u00f5es envolvendo a Prefeitura da cidade com a entidade em que Dr. Virginio dirige. Segundo ele, o diretor vem assumindo uma postura de incompreens\u00edvel","canonical_url":"https:\/\/newsinfoco.com.br\/inicio\/opiniao-diretor-da-santa-casa-de-misericordia-de-alagoinhas-mostra-se-temeroso-na-defesa-dos-interesses-da-instituicao\/","robots":"max-image-preview:large","keywords":"","webmasterTools":{"miscellaneous":""},"schema":{"@context":"https:\/\/schema.org","@graph":[{"@type":"BlogPosting","@id":"https:\/\/newsinfoco.com.br\/inicio\/opiniao-diretor-da-santa-casa-de-misericordia-de-alagoinhas-mostra-se-temeroso-na-defesa-dos-interesses-da-instituicao\/#blogposting","name":"Opini\u00e3o: Diretor da Santa Casa de Miseric\u00f3rdia de Alagoinhas mostra-se temeroso na defesa dos interesses da institui\u00e7\u00e3o - News In Foco - Editado por Caio Pimenta","headline":"Opini\u00e3o: Diretor da Santa Casa de Miseric\u00f3rdia de Alagoinhas mostra-se temeroso na defesa dos interesses da institui\u00e7\u00e3o","author":{"@id":"https:\/\/newsinfoco.com.br\/inicio\/author\/administrador\/#author"},"publisher":{"@id":"https:\/\/newsinfoco.com.br\/inicio\/#organization"},"image":{"@type":"ImageObject","url":"https:\/\/newsinfoco.com.br\/inicio\/wp-content\/uploads\/2020\/01\/cropped-14708185_1085435801551868_8420624485574874253_n.png","width":512,"height":512},"datePublished":"2020-01-13T19:26:07-03:00","dateModified":"2020-01-13T19:37:39-03:00","inLanguage":"pt-BR","mainEntityOfPage":{"@id":"https:\/\/newsinfoco.com.br\/inicio\/opiniao-diretor-da-santa-casa-de-misericordia-de-alagoinhas-mostra-se-temeroso-na-defesa-dos-interesses-da-instituicao\/#webpage"},"isPartOf":{"@id":"https:\/\/newsinfoco.com.br\/inicio\/opiniao-diretor-da-santa-casa-de-misericordia-de-alagoinhas-mostra-se-temeroso-na-defesa-dos-interesses-da-instituicao\/#webpage"},"articleSection":"Alagoinhas e Regi\u00e3o"},{"@type":"BreadcrumbList","@id":"https:\/\/newsinfoco.com.br\/inicio\/opiniao-diretor-da-santa-casa-de-misericordia-de-alagoinhas-mostra-se-temeroso-na-defesa-dos-interesses-da-instituicao\/#breadcrumblist","itemListElement":[{"@type":"ListItem","@id":"https:\/\/newsinfoco.com.br\/inicio#listItem","position":1,"name":"In\u00edcio","item":"https:\/\/newsinfoco.com.br\/inicio","nextItem":{"@type":"ListItem","@id":"https:\/\/newsinfoco.com.br\/inicio\/category\/alagoinhas-e-regiao\/#listItem","name":"Alagoinhas e Regi\u00e3o"}},{"@type":"ListItem","@id":"https:\/\/newsinfoco.com.br\/inicio\/category\/alagoinhas-e-regiao\/#listItem","position":2,"name":"Alagoinhas e Regi\u00e3o","item":"https:\/\/newsinfoco.com.br\/inicio\/category\/alagoinhas-e-regiao\/","nextItem":{"@type":"ListItem","@id":"https:\/\/newsinfoco.com.br\/inicio\/opiniao-diretor-da-santa-casa-de-misericordia-de-alagoinhas-mostra-se-temeroso-na-defesa-dos-interesses-da-instituicao\/#listItem","name":"Opini\u00e3o: Diretor da Santa Casa de Miseric\u00f3rdia de Alagoinhas mostra-se temeroso na defesa dos interesses da institui\u00e7\u00e3o"},"previousItem":{"@type":"ListItem","@id":"https:\/\/newsinfoco.com.br\/inicio#listItem","name":"In\u00edcio"}},{"@type":"ListItem","@id":"https:\/\/newsinfoco.com.br\/inicio\/opiniao-diretor-da-santa-casa-de-misericordia-de-alagoinhas-mostra-se-temeroso-na-defesa-dos-interesses-da-instituicao\/#listItem","position":3,"name":"Opini\u00e3o: Diretor da Santa Casa de Miseric\u00f3rdia de Alagoinhas mostra-se temeroso na defesa dos interesses da institui\u00e7\u00e3o","previousItem":{"@type":"ListItem","@id":"https:\/\/newsinfoco.com.br\/inicio\/category\/alagoinhas-e-regiao\/#listItem","name":"Alagoinhas e Regi\u00e3o"}}]},{"@type":"Organization","@id":"https:\/\/newsinfoco.com.br\/inicio\/#organization","name":"News In Foco - Editado por Caio Pimenta","description":"O principal site de noticias de Alagoinhas e regi\u00e3o","url":"https:\/\/newsinfoco.com.br\/inicio\/"},{"@type":"Person","@id":"https:\/\/newsinfoco.com.br\/inicio\/author\/administrador\/#author","url":"https:\/\/newsinfoco.com.br\/inicio\/author\/administrador\/","name":"administrador","image":{"@type":"ImageObject","@id":"https:\/\/newsinfoco.com.br\/inicio\/opiniao-diretor-da-santa-casa-de-misericordia-de-alagoinhas-mostra-se-temeroso-na-defesa-dos-interesses-da-instituicao\/#authorImage","url":"https:\/\/secure.gravatar.com\/avatar\/c17a617433de8c1dc9584bb79aab7563b46f5bb7e1728c9b17d9cc3ce6a08e49?s=96&d=mm&r=g","width":96,"height":96,"caption":"administrador"}},{"@type":"WebPage","@id":"https:\/\/newsinfoco.com.br\/inicio\/opiniao-diretor-da-santa-casa-de-misericordia-de-alagoinhas-mostra-se-temeroso-na-defesa-dos-interesses-da-instituicao\/#webpage","url":"https:\/\/newsinfoco.com.br\/inicio\/opiniao-diretor-da-santa-casa-de-misericordia-de-alagoinhas-mostra-se-temeroso-na-defesa-dos-interesses-da-instituicao\/","name":"Opini\u00e3o: Diretor da Santa Casa de Miseric\u00f3rdia de Alagoinhas mostra-se temeroso na defesa dos interesses da institui\u00e7\u00e3o - News In Foco - Editado por Caio Pimenta","description":"\u201cO gestor da Santa Casa de Miseric\u00f3rdia n\u00e3o est\u00e1 defendendo os interesses da casa a contento \u201c, afirmou o comentarista do programa Primeira M\u00e3o, Caio Pimenta, nesta segunda-feira,13. Ele relatou v\u00e1rias situa\u00e7\u00f5es envolvendo a Prefeitura da cidade com a entidade em que Dr. Virginio dirige. Segundo ele, o diretor vem assumindo uma postura de incompreens\u00edvel","inLanguage":"pt-BR","isPartOf":{"@id":"https:\/\/newsinfoco.com.br\/inicio\/#website"},"breadcrumb":{"@id":"https:\/\/newsinfoco.com.br\/inicio\/opiniao-diretor-da-santa-casa-de-misericordia-de-alagoinhas-mostra-se-temeroso-na-defesa-dos-interesses-da-instituicao\/#breadcrumblist"},"author":{"@id":"https:\/\/newsinfoco.com.br\/inicio\/author\/administrador\/#author"},"creator":{"@id":"https:\/\/newsinfoco.com.br\/inicio\/author\/administrador\/#author"},"image":{"@type":"ImageObject","url":"https:\/\/newsinfoco.com.br\/inicio\/wp-content\/uploads\/2020\/01\/cropped-14708185_1085435801551868_8420624485574874253_n.png","@id":"https:\/\/newsinfoco.com.br\/inicio\/opiniao-diretor-da-santa-casa-de-misericordia-de-alagoinhas-mostra-se-temeroso-na-defesa-dos-interesses-da-instituicao\/#mainImage","width":512,"height":512},"primaryImageOfPage":{"@id":"https:\/\/newsinfoco.com.br\/inicio\/opiniao-diretor-da-santa-casa-de-misericordia-de-alagoinhas-mostra-se-temeroso-na-defesa-dos-interesses-da-instituicao\/#mainImage"},"datePublished":"2020-01-13T19:26:07-03:00","dateModified":"2020-01-13T19:37:39-03:00"},{"@type":"WebSite","@id":"https:\/\/newsinfoco.com.br\/inicio\/#website","url":"https:\/\/newsinfoco.com.br\/inicio\/","name":"News In Foco - Editado por Caio Pimenta","description":"O principal site de noticias de Alagoinhas e regi\u00e3o","inLanguage":"pt-BR","publisher":{"@id":"https:\/\/newsinfoco.com.br\/inicio\/#organization"}}]},"og:locale":"pt_BR","og:site_name":"News In Foco - Editado por Caio Pimenta - O principal site de noticias de Alagoinhas e regi\u00e3o","og:type":"article","og:title":"Opini\u00e3o: Diretor da Santa Casa de Miseric\u00f3rdia de Alagoinhas mostra-se temeroso na defesa dos interesses da institui\u00e7\u00e3o - News In Foco - Editado por Caio Pimenta","og:description":"\u201cO gestor da Santa Casa de Miseric\u00f3rdia n\u00e3o est\u00e1 defendendo os interesses da casa a contento \u201c, afirmou o comentarista do programa Primeira M\u00e3o, Caio Pimenta, nesta segunda-feira,13. Ele relatou v\u00e1rias situa\u00e7\u00f5es envolvendo a Prefeitura da cidade com a entidade em que Dr. Virginio dirige. Segundo ele, o diretor vem assumindo uma postura de incompreens\u00edvel","og:url":"https:\/\/newsinfoco.com.br\/inicio\/opiniao-diretor-da-santa-casa-de-misericordia-de-alagoinhas-mostra-se-temeroso-na-defesa-dos-interesses-da-instituicao\/","article:published_time":"2020-01-13T22:26:07+00:00","article:modified_time":"2020-01-13T22:37:39+00:00","twitter:card":"summary_large_image","twitter:title":"Opini\u00e3o: Diretor da Santa Casa de Miseric\u00f3rdia de Alagoinhas mostra-se temeroso na defesa dos interesses da institui\u00e7\u00e3o - News In Foco - Editado por Caio Pimenta","twitter:description":"\u201cO gestor da Santa Casa de Miseric\u00f3rdia n\u00e3o est\u00e1 defendendo os interesses da casa a contento \u201c, afirmou o comentarista do programa Primeira M\u00e3o, Caio Pimenta, nesta segunda-feira,13. Ele relatou v\u00e1rias situa\u00e7\u00f5es envolvendo a Prefeitura da cidade com a entidade em que Dr. Virginio dirige. Segundo ele, o diretor vem assumindo uma postura de incompreens\u00edvel"},"aioseo_meta_data":{"post_id":"19873","title":null,"description":null,"keywords":null,"keyphrases":null,"primary_term":null,"canonical_url":null,"og_title":null,"og_description":null,"og_object_type":"default","og_image_type":"default","og_image_url":null,"og_image_width":null,"og_image_height":null,"og_image_custom_url":null,"og_image_custom_fields":null,"og_video":null,"og_custom_url":null,"og_article_section":null,"og_article_tags":null,"twitter_use_og":false,"twitter_card":"default","twitter_image_type":"default","twitter_image_url":null,"twitter_image_custom_url":null,"twitter_image_custom_fields":null,"twitter_title":null,"twitter_description":null,"schema":{"blockGraphs":[],"customGraphs":[],"default":{"data":{"Article":[],"Course":[],"Dataset":[],"FAQPage":[],"Movie":[],"Person":[],"Product":[],"ProductReview":[],"Car":[],"Recipe":[],"Service":[],"SoftwareApplication":[],"WebPage":[]},"graphName":"","isEnabled":true},"graphs":[]},"schema_type":"default","schema_type_options":null,"pillar_content":false,"robots_default":true,"robots_noindex":false,"robots_noarchive":false,"robots_nosnippet":false,"robots_nofollow":false,"robots_noimageindex":false,"robots_noodp":false,"robots_notranslate":false,"robots_max_snippet":null,"robots_max_videopreview":null,"robots_max_imagepreview":"large","priority":null,"frequency":null,"local_seo":null,"breadcrumb_settings":null,"limit_modified_date":false,"ai":null,"created":"2023-06-12 15:56:48","updated":"2025-07-11 02:31:56","seo_analyzer_scan_date":null},"aioseo_breadcrumb":"<div class=\"aioseo-breadcrumbs\"><span class=\"aioseo-breadcrumb\">\n\t\t\t<a href=\"https:\/\/newsinfoco.com.br\/inicio\" title=\"In\u00edcio\">In\u00edcio<\/a>\n\t\t<\/span><span class=\"aioseo-breadcrumb-separator\">&raquo;<\/span><span class=\"aioseo-breadcrumb\">\n\t\t\t<a href=\"https:\/\/newsinfoco.com.br\/inicio\/category\/alagoinhas-e-regiao\/\" title=\"Alagoinhas e Regi\u00e3o\">Alagoinhas e Regi\u00e3o<\/a>\n\t\t<\/span><span class=\"aioseo-breadcrumb-separator\">&raquo;<\/span><span class=\"aioseo-breadcrumb\">\n\t\t\tOpini\u00e3o: Diretor da Santa Casa de Miseric\u00f3rdia de Alagoinhas mostra-se temeroso na defesa dos interesses da institui\u00e7\u00e3o\n\t\t<\/span><\/div>","aioseo_breadcrumb_json":[{"label":"In\u00edcio","link":"https:\/\/newsinfoco.com.br\/inicio"},{"label":"Alagoinhas e Regi\u00e3o","link":"https:\/\/newsinfoco.com.br\/inicio\/category\/alagoinhas-e-regiao\/"},{"label":"Opini\u00e3o: Diretor da Santa Casa de Miseric\u00f3rdia de Alagoinhas mostra-se temeroso na defesa dos interesses da institui\u00e7\u00e3o","link":"https:\/\/newsinfoco.com.br\/inicio\/opiniao-diretor-da-santa-casa-de-misericordia-de-alagoinhas-mostra-se-temeroso-na-defesa-dos-interesses-da-instituicao\/"}],"_links":{"self":[{"href":"https:\/\/newsinfoco.com.br\/inicio\/wp-json\/wp\/v2\/posts\/19873","targetHints":{"allow":["GET"]}}],"collection":[{"href":"https:\/\/newsinfoco.com.br\/inicio\/wp-json\/wp\/v2\/posts"}],"about":[{"href":"https:\/\/newsinfoco.com.br\/inicio\/wp-json\/wp\/v2\/types\/post"}],"author":[{"embeddable":true,"href":"https:\/\/newsinfoco.com.br\/inicio\/wp-json\/wp\/v2\/users\/1"}],"replies":[{"embeddable":true,"href":"https:\/\/newsinfoco.com.br\/inicio\/wp-json\/wp\/v2\/comments?post=19873"}],"version-history":[{"count":0,"href":"https:\/\/newsinfoco.com.br\/inicio\/wp-json\/wp\/v2\/posts\/19873\/revisions"}],"wp:featuredmedia":[{"embeddable":true,"href":"https:\/\/newsinfoco.com.br\/inicio\/wp-json\/wp\/v2\/media\/19874"}],"wp:attachment":[{"href":"https:\/\/newsinfoco.com.br\/inicio\/wp-json\/wp\/v2\/media?parent=19873"}],"wp:term":[{"taxonomy":"category","embeddable":true,"href":"https:\/\/newsinfoco.com.br\/inicio\/wp-json\/wp\/v2\/categories?post=19873"},{"taxonomy":"post_tag","embeddable":true,"href":"https:\/\/newsinfoco.com.br\/inicio\/wp-json\/wp\/v2\/tags?post=19873"}],"curies":[{"name":"wp","href":"https:\/\/api.w.org\/{rel}","templated":true}]}}