{"id":19889,"date":"2020-01-14T18:39:44","date_gmt":"2020-01-14T21:39:44","guid":{"rendered":"http:\/\/newsinfoco.com.br\/?p=19889"},"modified":"2020-01-14T18:49:05","modified_gmt":"2020-01-14T21:49:05","slug":"alianca-pelo-brasil-autentica-assinaturas-no-cartorio-da-pituba","status":"publish","type":"post","link":"https:\/\/newsinfoco.com.br\/inicio\/alianca-pelo-brasil-autentica-assinaturas-no-cartorio-da-pituba\/","title":{"rendered":""},"content":{"rendered":"<p style=\"text-align: justify;\">Apoiadores do presidente da Rep\u00fablica realizaram na manh\u00e3 desta ter\u00e7a-feira (14), em torno do \u201cAlian\u00e7a M\u00f3vel\u201d estacionado em frente ao 12\u00ba Cart\u00f3rio de Notas da Pituba, Rua Territ\u00f3rio do Amap\u00e1, 220 , em frente ao Col\u00e9gio Militar do Ex\u00e9rcito \u2013 bairro da Pituba, o chamamento oficial para forma\u00e7\u00e3o do Alian\u00e7a pelo Brasil.\u00a0Em uma parceria in\u00e9dita, o 12\u00ba Cart\u00f3rio de Notas disponibilizou 16 guich\u00eas exclusivos para autentica\u00e7\u00e3o de firmas.<\/p>\n<p style=\"text-align: justify;\">Desde 6h da manh\u00e3 eleitores de Bolsonaro esperam para assinar a ficha de apoio. Para Sarandi Couto a forma\u00e7\u00e3o do Partido \u00e9 de vital import\u00e2ncia para mostrar a for\u00e7a do presidente Bolsonaro \u201cum homem que Deus levantou, um homem \u00edntegro no meio de uma gera\u00e7\u00e3o corrompida e perversa. \u00c9 o \u00fanico homem que defende os valores conservadores e crist\u00e3os. Todo mundo veio aqui de gra\u00e7a para um Brasil melhor\u201d.<\/p>\n<p style=\"text-align: justify;\">At\u00e9 as 10h foram 500 fichas distribu\u00eddas, preenchidas e com firma reconhecida. O cart\u00f3rio teve que abrir guich\u00eas extras para atender tamanha demanda. Segundo o gestor de qualidade do 12\u00ba Cart\u00f3rio de Notas, Joean Romaniuck, at\u00e9 as 10hs foram preenchidas mais de 400 fichas de apoio com firma devidamente reconhecida. \u201c\u00c9 muito al\u00e9m do que a gente esperava. N\u00e3o imagin\u00e1vamos tamanho movimento. A princ\u00edpio ir\u00edamos disponibilizar dois guich\u00eas e por fim acabamos disponibilizando 16\u201d, disse.<\/p>\n<p style=\"text-align: justify;\">Bolsonarista de primeira hora, Cezar Leite informa aos apoiadores do presidente da Rep\u00fablica. \u201cVoc\u00ea pode imprimir a ficha no site do Alian\u00e7a pelo Brasil, reconhece no cart\u00f3rio e manda pelo Correio. O Alian\u00e7a M\u00f3vel estar\u00e1 a disposi\u00e7\u00e3o tamb\u00e9m para outras a\u00e7\u00f5es e eventos\u201d.<\/p>\n<p>&nbsp;<\/p>\n<div class='share-to-whatsapp-wrapper'><div class='share-on-whsp'>Share on: <\/div><a data-text='' data-link='https:\/\/newsinfoco.com.br\/inicio\/alianca-pelo-brasil-autentica-assinaturas-no-cartorio-da-pituba\/' class='whatsapp-button whatsapp-share'>WhatsApp<\/a><div class='clear '><\/div><\/div>","protected":false},"excerpt":{"rendered":"<p>Apoiadores do presidente da Rep\u00fablica realizaram na manh\u00e3 desta ter\u00e7a-feira (14), em torno do \u201cAlian\u00e7a M\u00f3vel\u201d estacionado em frente ao 12\u00ba Cart\u00f3rio de Notas da Pituba, Rua Territ\u00f3rio do Amap\u00e1, 220 , em frente ao Col\u00e9gio Militar do Ex\u00e9rcito \u2013 bairro da Pituba, o chamamento oficial para forma\u00e7\u00e3o do Alian\u00e7a pelo Brasil.\u00a0Em uma parceria in\u00e9dita, [&hellip;]<\/p>\n","protected":false},"author":1,"featured_media":19890,"comment_status":"open","ping_status":"open","sticky":false,"template":"","format":"standard","meta":{"om_disable_all_campaigns":false,"rop_custom_images_group":[],"rop_custom_messages_group":[],"rop_publish_now":"initial","rop_publish_now_accounts":[],"rop_publish_now_history":[],"rop_publish_now_status":"pending","_exactmetrics_skip_tracking":false,"footnotes":""},"categories":[19],"tags":[],"class_list":["post-19889","post","type-post","status-publish","format-standard","has-post-thumbnail","hentry","category-bahia"],"aioseo_notices":[],"aioseo_head":"\n\t\t<!-- All in One SEO 4.9.10 - aioseo.com -->\n\t<meta name=\"description\" content=\"Apoiadores do presidente da Rep\u00fablica realizaram na manh\u00e3 desta ter\u00e7a-feira (14), em torno do \u201cAlian\u00e7a M\u00f3vel\u201d estacionado em frente ao 12\u00ba Cart\u00f3rio de Notas da Pituba, Rua Territ\u00f3rio do Amap\u00e1, 220 , em frente ao Col\u00e9gio Militar do Ex\u00e9rcito \u2013 bairro da Pituba, o chamamento oficial para forma\u00e7\u00e3o do Alian\u00e7a pelo Brasil. Em uma parceria in\u00e9dita,\" \/>\n\t<meta name=\"robots\" content=\"max-image-preview:large\" \/>\n\t<meta name=\"author\" content=\"administrador\"\/>\n\t<link rel=\"canonical\" href=\"https:\/\/newsinfoco.com.br\/inicio\/alianca-pelo-brasil-autentica-assinaturas-no-cartorio-da-pituba\/\" \/>\n\t<meta name=\"generator\" content=\"All in One SEO (AIOSEO) 4.9.10\" \/>\n\t\t<meta property=\"og:locale\" content=\"pt_BR\" \/>\n\t\t<meta property=\"og:site_name\" content=\"News In Foco - Editado por Caio Pimenta - O principal site de noticias de Alagoinhas e regi\u00e3o\" \/>\n\t\t<meta property=\"og:type\" content=\"article\" \/>\n\t\t<meta property=\"og:title\" content=\"- News In Foco - Editado por Caio Pimenta\" \/>\n\t\t<meta property=\"og:description\" content=\"Apoiadores do presidente da Rep\u00fablica realizaram na manh\u00e3 desta ter\u00e7a-feira (14), em torno do \u201cAlian\u00e7a M\u00f3vel\u201d estacionado em frente ao 12\u00ba Cart\u00f3rio de Notas da Pituba, Rua Territ\u00f3rio do Amap\u00e1, 220 , em frente ao Col\u00e9gio Militar do Ex\u00e9rcito \u2013 bairro da Pituba, o chamamento oficial para forma\u00e7\u00e3o do Alian\u00e7a pelo Brasil. Em uma parceria in\u00e9dita,\" \/>\n\t\t<meta property=\"og:url\" content=\"https:\/\/newsinfoco.com.br\/inicio\/alianca-pelo-brasil-autentica-assinaturas-no-cartorio-da-pituba\/\" \/>\n\t\t<meta property=\"article:published_time\" content=\"2020-01-14T21:39:44+00:00\" \/>\n\t\t<meta property=\"article:modified_time\" content=\"2020-01-14T21:49:05+00:00\" \/>\n\t\t<meta name=\"twitter:card\" content=\"summary_large_image\" \/>\n\t\t<meta name=\"twitter:title\" content=\"- News In Foco - Editado por Caio Pimenta\" \/>\n\t\t<meta name=\"twitter:description\" content=\"Apoiadores do presidente da Rep\u00fablica realizaram na manh\u00e3 desta ter\u00e7a-feira (14), em torno do \u201cAlian\u00e7a M\u00f3vel\u201d estacionado em frente ao 12\u00ba Cart\u00f3rio de Notas da Pituba, Rua Territ\u00f3rio do Amap\u00e1, 220 , em frente ao Col\u00e9gio Militar do Ex\u00e9rcito \u2013 bairro da Pituba, o chamamento oficial para forma\u00e7\u00e3o do Alian\u00e7a pelo Brasil. Em uma parceria in\u00e9dita,\" \/>\n\t\t<script type=\"application\/ld+json\" class=\"aioseo-schema\">\n\t\t\t{\"@context\":\"https:\\\/\\\/schema.org\",\"@graph\":[{\"@type\":\"BlogPosting\",\"@id\":\"https:\\\/\\\/newsinfoco.com.br\\\/inicio\\\/alianca-pelo-brasil-autentica-assinaturas-no-cartorio-da-pituba\\\/#blogposting\",\"name\":\"- News In Foco - Editado por Caio Pimenta\",\"author\":{\"@id\":\"https:\\\/\\\/newsinfoco.com.br\\\/inicio\\\/author\\\/administrador\\\/#author\"},\"publisher\":{\"@id\":\"https:\\\/\\\/newsinfoco.com.br\\\/inicio\\\/#organization\"},\"image\":{\"@type\":\"ImageObject\",\"url\":\"https:\\\/\\\/newsinfoco.com.br\\\/inicio\\\/wp-content\\\/uploads\\\/2020\\\/01\\\/IMG-20200114-WA0011.jpg\",\"width\":1280,\"height\":866},\"datePublished\":\"2020-01-14T18:39:44-03:00\",\"dateModified\":\"2020-01-14T18:49:05-03:00\",\"inLanguage\":\"pt-BR\",\"mainEntityOfPage\":{\"@id\":\"https:\\\/\\\/newsinfoco.com.br\\\/inicio\\\/alianca-pelo-brasil-autentica-assinaturas-no-cartorio-da-pituba\\\/#webpage\"},\"isPartOf\":{\"@id\":\"https:\\\/\\\/newsinfoco.com.br\\\/inicio\\\/alianca-pelo-brasil-autentica-assinaturas-no-cartorio-da-pituba\\\/#webpage\"},\"articleSection\":\"Bahia\"},{\"@type\":\"BreadcrumbList\",\"@id\":\"https:\\\/\\\/newsinfoco.com.br\\\/inicio\\\/alianca-pelo-brasil-autentica-assinaturas-no-cartorio-da-pituba\\\/#breadcrumblist\",\"itemListElement\":[{\"@type\":\"ListItem\",\"@id\":\"https:\\\/\\\/newsinfoco.com.br\\\/inicio#listItem\",\"position\":1,\"name\":\"In\\u00edcio\",\"item\":\"https:\\\/\\\/newsinfoco.com.br\\\/inicio\",\"nextItem\":{\"@type\":\"ListItem\",\"@id\":\"https:\\\/\\\/newsinfoco.com.br\\\/inicio\\\/category\\\/bahia\\\/#listItem\",\"name\":\"Bahia\"}},{\"@type\":\"ListItem\",\"@id\":\"https:\\\/\\\/newsinfoco.com.br\\\/inicio\\\/category\\\/bahia\\\/#listItem\",\"position\":2,\"name\":\"Bahia\",\"item\":\"https:\\\/\\\/newsinfoco.com.br\\\/inicio\\\/category\\\/bahia\\\/\",\"previousItem\":{\"@type\":\"ListItem\",\"@id\":\"https:\\\/\\\/newsinfoco.com.br\\\/inicio#listItem\",\"name\":\"In\\u00edcio\"}},{\"@type\":\"ListItem\",\"@id\":\"https:\\\/\\\/newsinfoco.com.br\\\/inicio\\\/alianca-pelo-brasil-autentica-assinaturas-no-cartorio-da-pituba\\\/#listItem\",\"position\":3,\"previousItem\":{\"@type\":\"ListItem\",\"@id\":\"https:\\\/\\\/newsinfoco.com.br\\\/inicio\\\/category\\\/bahia\\\/#listItem\",\"name\":\"Bahia\"}}]},{\"@type\":\"Organization\",\"@id\":\"https:\\\/\\\/newsinfoco.com.br\\\/inicio\\\/#organization\",\"name\":\"News In Foco - Editado por Caio Pimenta\",\"description\":\"O principal site de noticias de Alagoinhas e regi\\u00e3o\",\"url\":\"https:\\\/\\\/newsinfoco.com.br\\\/inicio\\\/\"},{\"@type\":\"Person\",\"@id\":\"https:\\\/\\\/newsinfoco.com.br\\\/inicio\\\/author\\\/administrador\\\/#author\",\"url\":\"https:\\\/\\\/newsinfoco.com.br\\\/inicio\\\/author\\\/administrador\\\/\",\"name\":\"administrador\",\"image\":{\"@type\":\"ImageObject\",\"@id\":\"https:\\\/\\\/newsinfoco.com.br\\\/inicio\\\/alianca-pelo-brasil-autentica-assinaturas-no-cartorio-da-pituba\\\/#authorImage\",\"url\":\"https:\\\/\\\/secure.gravatar.com\\\/avatar\\\/c17a617433de8c1dc9584bb79aab7563b46f5bb7e1728c9b17d9cc3ce6a08e49?s=96&d=mm&r=g\",\"width\":96,\"height\":96,\"caption\":\"administrador\"}},{\"@type\":\"WebPage\",\"@id\":\"https:\\\/\\\/newsinfoco.com.br\\\/inicio\\\/alianca-pelo-brasil-autentica-assinaturas-no-cartorio-da-pituba\\\/#webpage\",\"url\":\"https:\\\/\\\/newsinfoco.com.br\\\/inicio\\\/alianca-pelo-brasil-autentica-assinaturas-no-cartorio-da-pituba\\\/\",\"name\":\"- News In Foco - Editado por Caio Pimenta\",\"description\":\"Apoiadores do presidente da Rep\\u00fablica realizaram na manh\\u00e3 desta ter\\u00e7a-feira (14), em torno do \\u201cAlian\\u00e7a M\\u00f3vel\\u201d estacionado em frente ao 12\\u00ba Cart\\u00f3rio de Notas da Pituba, Rua Territ\\u00f3rio do Amap\\u00e1, 220 , em frente ao Col\\u00e9gio Militar do Ex\\u00e9rcito \\u2013 bairro da Pituba, o chamamento oficial para forma\\u00e7\\u00e3o do Alian\\u00e7a pelo Brasil. Em uma parceria in\\u00e9dita,\",\"inLanguage\":\"pt-BR\",\"isPartOf\":{\"@id\":\"https:\\\/\\\/newsinfoco.com.br\\\/inicio\\\/#website\"},\"breadcrumb\":{\"@id\":\"https:\\\/\\\/newsinfoco.com.br\\\/inicio\\\/alianca-pelo-brasil-autentica-assinaturas-no-cartorio-da-pituba\\\/#breadcrumblist\"},\"author\":{\"@id\":\"https:\\\/\\\/newsinfoco.com.br\\\/inicio\\\/author\\\/administrador\\\/#author\"},\"creator\":{\"@id\":\"https:\\\/\\\/newsinfoco.com.br\\\/inicio\\\/author\\\/administrador\\\/#author\"},\"image\":{\"@type\":\"ImageObject\",\"url\":\"https:\\\/\\\/newsinfoco.com.br\\\/inicio\\\/wp-content\\\/uploads\\\/2020\\\/01\\\/IMG-20200114-WA0011.jpg\",\"@id\":\"https:\\\/\\\/newsinfoco.com.br\\\/inicio\\\/alianca-pelo-brasil-autentica-assinaturas-no-cartorio-da-pituba\\\/#mainImage\",\"width\":1280,\"height\":866},\"primaryImageOfPage\":{\"@id\":\"https:\\\/\\\/newsinfoco.com.br\\\/inicio\\\/alianca-pelo-brasil-autentica-assinaturas-no-cartorio-da-pituba\\\/#mainImage\"},\"datePublished\":\"2020-01-14T18:39:44-03:00\",\"dateModified\":\"2020-01-14T18:49:05-03:00\"},{\"@type\":\"WebSite\",\"@id\":\"https:\\\/\\\/newsinfoco.com.br\\\/inicio\\\/#website\",\"url\":\"https:\\\/\\\/newsinfoco.com.br\\\/inicio\\\/\",\"name\":\"News In Foco - Editado por Caio Pimenta\",\"description\":\"O principal site de noticias de Alagoinhas e regi\\u00e3o\",\"inLanguage\":\"pt-BR\",\"publisher\":{\"@id\":\"https:\\\/\\\/newsinfoco.com.br\\\/inicio\\\/#organization\"}}]}\n\t\t<\/script>\n\t\t<!-- All in One SEO -->\n\n","aioseo_head_json":{"title":"- News In Foco - Editado por Caio Pimenta","description":"Apoiadores do presidente da Rep\u00fablica realizaram na manh\u00e3 desta ter\u00e7a-feira (14), em torno do \u201cAlian\u00e7a M\u00f3vel\u201d estacionado em frente ao 12\u00ba Cart\u00f3rio de Notas da Pituba, Rua Territ\u00f3rio do Amap\u00e1, 220 , em frente ao Col\u00e9gio Militar do Ex\u00e9rcito \u2013 bairro da Pituba, o chamamento oficial para forma\u00e7\u00e3o do Alian\u00e7a pelo Brasil. Em uma parceria in\u00e9dita,","canonical_url":"https:\/\/newsinfoco.com.br\/inicio\/alianca-pelo-brasil-autentica-assinaturas-no-cartorio-da-pituba\/","robots":"max-image-preview:large","keywords":"","webmasterTools":{"miscellaneous":""},"schema":{"@context":"https:\/\/schema.org","@graph":[{"@type":"BlogPosting","@id":"https:\/\/newsinfoco.com.br\/inicio\/alianca-pelo-brasil-autentica-assinaturas-no-cartorio-da-pituba\/#blogposting","name":"- News In Foco - Editado por Caio Pimenta","author":{"@id":"https:\/\/newsinfoco.com.br\/inicio\/author\/administrador\/#author"},"publisher":{"@id":"https:\/\/newsinfoco.com.br\/inicio\/#organization"},"image":{"@type":"ImageObject","url":"https:\/\/newsinfoco.com.br\/inicio\/wp-content\/uploads\/2020\/01\/IMG-20200114-WA0011.jpg","width":1280,"height":866},"datePublished":"2020-01-14T18:39:44-03:00","dateModified":"2020-01-14T18:49:05-03:00","inLanguage":"pt-BR","mainEntityOfPage":{"@id":"https:\/\/newsinfoco.com.br\/inicio\/alianca-pelo-brasil-autentica-assinaturas-no-cartorio-da-pituba\/#webpage"},"isPartOf":{"@id":"https:\/\/newsinfoco.com.br\/inicio\/alianca-pelo-brasil-autentica-assinaturas-no-cartorio-da-pituba\/#webpage"},"articleSection":"Bahia"},{"@type":"BreadcrumbList","@id":"https:\/\/newsinfoco.com.br\/inicio\/alianca-pelo-brasil-autentica-assinaturas-no-cartorio-da-pituba\/#breadcrumblist","itemListElement":[{"@type":"ListItem","@id":"https:\/\/newsinfoco.com.br\/inicio#listItem","position":1,"name":"In\u00edcio","item":"https:\/\/newsinfoco.com.br\/inicio","nextItem":{"@type":"ListItem","@id":"https:\/\/newsinfoco.com.br\/inicio\/category\/bahia\/#listItem","name":"Bahia"}},{"@type":"ListItem","@id":"https:\/\/newsinfoco.com.br\/inicio\/category\/bahia\/#listItem","position":2,"name":"Bahia","item":"https:\/\/newsinfoco.com.br\/inicio\/category\/bahia\/","previousItem":{"@type":"ListItem","@id":"https:\/\/newsinfoco.com.br\/inicio#listItem","name":"In\u00edcio"}},{"@type":"ListItem","@id":"https:\/\/newsinfoco.com.br\/inicio\/alianca-pelo-brasil-autentica-assinaturas-no-cartorio-da-pituba\/#listItem","position":3,"previousItem":{"@type":"ListItem","@id":"https:\/\/newsinfoco.com.br\/inicio\/category\/bahia\/#listItem","name":"Bahia"}}]},{"@type":"Organization","@id":"https:\/\/newsinfoco.com.br\/inicio\/#organization","name":"News In Foco - Editado por Caio Pimenta","description":"O principal site de noticias de Alagoinhas e regi\u00e3o","url":"https:\/\/newsinfoco.com.br\/inicio\/"},{"@type":"Person","@id":"https:\/\/newsinfoco.com.br\/inicio\/author\/administrador\/#author","url":"https:\/\/newsinfoco.com.br\/inicio\/author\/administrador\/","name":"administrador","image":{"@type":"ImageObject","@id":"https:\/\/newsinfoco.com.br\/inicio\/alianca-pelo-brasil-autentica-assinaturas-no-cartorio-da-pituba\/#authorImage","url":"https:\/\/secure.gravatar.com\/avatar\/c17a617433de8c1dc9584bb79aab7563b46f5bb7e1728c9b17d9cc3ce6a08e49?s=96&d=mm&r=g","width":96,"height":96,"caption":"administrador"}},{"@type":"WebPage","@id":"https:\/\/newsinfoco.com.br\/inicio\/alianca-pelo-brasil-autentica-assinaturas-no-cartorio-da-pituba\/#webpage","url":"https:\/\/newsinfoco.com.br\/inicio\/alianca-pelo-brasil-autentica-assinaturas-no-cartorio-da-pituba\/","name":"- News In Foco - Editado por Caio Pimenta","description":"Apoiadores do presidente da Rep\u00fablica realizaram na manh\u00e3 desta ter\u00e7a-feira (14), em torno do \u201cAlian\u00e7a M\u00f3vel\u201d estacionado em frente ao 12\u00ba Cart\u00f3rio de Notas da Pituba, Rua Territ\u00f3rio do Amap\u00e1, 220 , em frente ao Col\u00e9gio Militar do Ex\u00e9rcito \u2013 bairro da Pituba, o chamamento oficial para forma\u00e7\u00e3o do Alian\u00e7a pelo Brasil. Em uma parceria in\u00e9dita,","inLanguage":"pt-BR","isPartOf":{"@id":"https:\/\/newsinfoco.com.br\/inicio\/#website"},"breadcrumb":{"@id":"https:\/\/newsinfoco.com.br\/inicio\/alianca-pelo-brasil-autentica-assinaturas-no-cartorio-da-pituba\/#breadcrumblist"},"author":{"@id":"https:\/\/newsinfoco.com.br\/inicio\/author\/administrador\/#author"},"creator":{"@id":"https:\/\/newsinfoco.com.br\/inicio\/author\/administrador\/#author"},"image":{"@type":"ImageObject","url":"https:\/\/newsinfoco.com.br\/inicio\/wp-content\/uploads\/2020\/01\/IMG-20200114-WA0011.jpg","@id":"https:\/\/newsinfoco.com.br\/inicio\/alianca-pelo-brasil-autentica-assinaturas-no-cartorio-da-pituba\/#mainImage","width":1280,"height":866},"primaryImageOfPage":{"@id":"https:\/\/newsinfoco.com.br\/inicio\/alianca-pelo-brasil-autentica-assinaturas-no-cartorio-da-pituba\/#mainImage"},"datePublished":"2020-01-14T18:39:44-03:00","dateModified":"2020-01-14T18:49:05-03:00"},{"@type":"WebSite","@id":"https:\/\/newsinfoco.com.br\/inicio\/#website","url":"https:\/\/newsinfoco.com.br\/inicio\/","name":"News In Foco - Editado por Caio Pimenta","description":"O principal site de noticias de Alagoinhas e regi\u00e3o","inLanguage":"pt-BR","publisher":{"@id":"https:\/\/newsinfoco.com.br\/inicio\/#organization"}}]},"og:locale":"pt_BR","og:site_name":"News In Foco - Editado por Caio Pimenta - O principal site de noticias de Alagoinhas e regi\u00e3o","og:type":"article","og:title":"- News In Foco - Editado por Caio Pimenta","og:description":"Apoiadores do presidente da Rep\u00fablica realizaram na manh\u00e3 desta ter\u00e7a-feira (14), em torno do \u201cAlian\u00e7a M\u00f3vel\u201d estacionado em frente ao 12\u00ba Cart\u00f3rio de Notas da Pituba, Rua Territ\u00f3rio do Amap\u00e1, 220 , em frente ao Col\u00e9gio Militar do Ex\u00e9rcito \u2013 bairro da Pituba, o chamamento oficial para forma\u00e7\u00e3o do Alian\u00e7a pelo Brasil. Em uma parceria in\u00e9dita,","og:url":"https:\/\/newsinfoco.com.br\/inicio\/alianca-pelo-brasil-autentica-assinaturas-no-cartorio-da-pituba\/","article:published_time":"2020-01-14T21:39:44+00:00","article:modified_time":"2020-01-14T21:49:05+00:00","twitter:card":"summary_large_image","twitter:title":"- News In Foco - Editado por Caio Pimenta","twitter:description":"Apoiadores do presidente da Rep\u00fablica realizaram na manh\u00e3 desta ter\u00e7a-feira (14), em torno do \u201cAlian\u00e7a M\u00f3vel\u201d estacionado em frente ao 12\u00ba Cart\u00f3rio de Notas da Pituba, Rua Territ\u00f3rio do Amap\u00e1, 220 , em frente ao Col\u00e9gio Militar do Ex\u00e9rcito \u2013 bairro da Pituba, o chamamento oficial para forma\u00e7\u00e3o do Alian\u00e7a pelo Brasil. Em uma parceria in\u00e9dita,"},"aioseo_meta_data":{"post_id":"19889","title":null,"description":null,"keywords":null,"keyphrases":null,"primary_term":null,"canonical_url":null,"og_title":null,"og_description":null,"og_object_type":"default","og_image_type":"default","og_image_url":null,"og_image_width":null,"og_image_height":null,"og_image_custom_url":null,"og_image_custom_fields":null,"og_video":null,"og_custom_url":null,"og_article_section":null,"og_article_tags":null,"twitter_use_og":false,"twitter_card":"default","twitter_image_type":"default","twitter_image_url":null,"twitter_image_custom_url":null,"twitter_image_custom_fields":null,"twitter_title":null,"twitter_description":null,"schema":{"blockGraphs":[],"customGraphs":[],"default":{"data":{"Article":[],"Course":[],"Dataset":[],"FAQPage":[],"Movie":[],"Person":[],"Product":[],"ProductReview":[],"Car":[],"Recipe":[],"Service":[],"SoftwareApplication":[],"WebPage":[]},"graphName":"","isEnabled":true},"graphs":[]},"schema_type":"default","schema_type_options":null,"pillar_content":false,"robots_default":true,"robots_noindex":false,"robots_noarchive":false,"robots_nosnippet":false,"robots_nofollow":false,"robots_noimageindex":false,"robots_noodp":false,"robots_notranslate":false,"robots_max_snippet":null,"robots_max_videopreview":null,"robots_max_imagepreview":"large","priority":null,"frequency":null,"local_seo":null,"breadcrumb_settings":null,"limit_modified_date":false,"ai":null,"created":"2023-06-12 15:58:11","updated":"2025-07-11 02:32:44","seo_analyzer_scan_date":null},"aioseo_breadcrumb":"<div class=\"aioseo-breadcrumbs\"><span class=\"aioseo-breadcrumb\">\n\t\t\t<a href=\"https:\/\/newsinfoco.com.br\/inicio\" title=\"In\u00edcio\">In\u00edcio<\/a>\n\t\t<\/span><span class=\"aioseo-breadcrumb-separator\">&raquo;<\/span><span class=\"aioseo-breadcrumb\">\n\t\t\t<a href=\"https:\/\/newsinfoco.com.br\/inicio\/category\/bahia\/\" title=\"Bahia\">Bahia<\/a>\n\t\t<\/span><span class=\"aioseo-breadcrumb-separator\">&raquo;<\/span><span class=\"aioseo-breadcrumb\">\n\t\t\t\n\t\t<\/span><\/div>","aioseo_breadcrumb_json":[{"label":"In\u00edcio","link":"https:\/\/newsinfoco.com.br\/inicio"},{"label":"Bahia","link":"https:\/\/newsinfoco.com.br\/inicio\/category\/bahia\/"},{"label":"","link":"https:\/\/newsinfoco.com.br\/inicio\/alianca-pelo-brasil-autentica-assinaturas-no-cartorio-da-pituba\/"}],"_links":{"self":[{"href":"https:\/\/newsinfoco.com.br\/inicio\/wp-json\/wp\/v2\/posts\/19889","targetHints":{"allow":["GET"]}}],"collection":[{"href":"https:\/\/newsinfoco.com.br\/inicio\/wp-json\/wp\/v2\/posts"}],"about":[{"href":"https:\/\/newsinfoco.com.br\/inicio\/wp-json\/wp\/v2\/types\/post"}],"author":[{"embeddable":true,"href":"https:\/\/newsinfoco.com.br\/inicio\/wp-json\/wp\/v2\/users\/1"}],"replies":[{"embeddable":true,"href":"https:\/\/newsinfoco.com.br\/inicio\/wp-json\/wp\/v2\/comments?post=19889"}],"version-history":[{"count":0,"href":"https:\/\/newsinfoco.com.br\/inicio\/wp-json\/wp\/v2\/posts\/19889\/revisions"}],"wp:featuredmedia":[{"embeddable":true,"href":"https:\/\/newsinfoco.com.br\/inicio\/wp-json\/wp\/v2\/media\/19890"}],"wp:attachment":[{"href":"https:\/\/newsinfoco.com.br\/inicio\/wp-json\/wp\/v2\/media?parent=19889"}],"wp:term":[{"taxonomy":"category","embeddable":true,"href":"https:\/\/newsinfoco.com.br\/inicio\/wp-json\/wp\/v2\/categories?post=19889"},{"taxonomy":"post_tag","embeddable":true,"href":"https:\/\/newsinfoco.com.br\/inicio\/wp-json\/wp\/v2\/tags?post=19889"}],"curies":[{"name":"wp","href":"https:\/\/api.w.org\/{rel}","templated":true}]}}