{"id":19900,"date":"2020-01-14T19:18:47","date_gmt":"2020-01-14T22:18:47","guid":{"rendered":"http:\/\/newsinfoco.com.br\/?p=19900"},"modified":"2020-01-14T19:18:47","modified_gmt":"2020-01-14T22:18:47","slug":"bolsonaro-anuncia-reajuste-do-salario-minimo-e-valor-vai-a-r-1-045","status":"publish","type":"post","link":"https:\/\/newsinfoco.com.br\/inicio\/bolsonaro-anuncia-reajuste-do-salario-minimo-e-valor-vai-a-r-1-045\/","title":{"rendered":"Bolsonaro anuncia reajuste do sal\u00e1rio m\u00ednimo e valor vai a R$ 1.045"},"content":{"rendered":"<p style=\"text-align: justify;\">O governo decidiu reajustar o sal\u00e1rio m\u00ednimo de R$ 1.039 para 1.045 a partir do dia 1\u00ba de fevereiro, anunciou nesta ter\u00e7a-feira, 14, o presidente Jair Bolsonaro. A corre\u00e7\u00e3o ser\u00e1 feita por uma nova Medida Provis\u00f3ria (MP), que precisa ser aprovada pelo Congresso em 120 dias para n\u00e3o perder a validade.<\/p>\n<p style=\"text-align: justify;\">O novo valor leva em conta a varia\u00e7\u00e3o do \u00cdndice de Pre\u00e7os ao Consumidor (INPC) de 2019, que foi de 4,48%. Tamb\u00e9m foi incorporado um res\u00edduo de 2018 (porcentagem do INPC daquele ano que n\u00e3o havia sido incorporada ao m\u00ednimo de 2019).<\/p>\n<p style=\"text-align: justify;\">Em 2019, o sal\u00e1rio m\u00ednimo estava em R$ 998.<\/p>\n<p style=\"text-align: justify;\">Inicialmente, o valor fixado pela \u00e1rea econ\u00f4mica para o sal\u00e1rio m\u00ednimo neste ano, de R$ 1.039, n\u00e3o repunha a infla\u00e7\u00e3o do ano passado.<\/p>\n<p style=\"text-align: justify;\">Isso ocorreu porque o reajuste autorizado, com base na \u00faltima previs\u00e3o do mercado financeiro para o INPC de 2019 ficou abaixo da infla\u00e7\u00e3o oficial registrada pelo indicador, divulgada apenas em janeiro.<\/p>\n<p style=\"text-align: justify;\">O INPC serve como base para corre\u00e7\u00e3o do sal\u00e1rio m\u00ednimo e \u00e9 diferente do \u00cdndice Nacional de Pre\u00e7os ao Consumidor Amplo (IPCA), que mede a infla\u00e7\u00e3o oficial.<\/p>\n<p style=\"text-align: justify;\"><strong>Impacto nas contas p\u00fablicas<\/strong><\/p>\n<p style=\"text-align: justify;\">De acordo com c\u00e1lculos do governo, o aumento de cada R$ 1 para o sal\u00e1rio m\u00ednimo implica despesa extra em 2020 de aproximadamente R$ 355,5 milh\u00f5es.<\/p>\n<p style=\"text-align: justify;\">Se for levado em conta um aumento para R$ 1.045, informou o secret\u00e1rio Waldery Rodrigues, do Minist\u00e9rio da Economia, o impacto seria maior, de R$ 2,13 bilh\u00f5es em 2020.<\/p>\n<p style=\"text-align: justify;\">De acordo com ele, esse gasto adicional, n\u00e3o considerado anteriormente na aprova\u00e7\u00e3o do Or\u00e7amento deste ano, pode levar o governo a fazer cortes em outras \u00e1reas \u2013 como forma de n\u00e3o descumprir o teto de gastos e a meta fiscal.<\/p>\n<div class='share-to-whatsapp-wrapper'><div class='share-on-whsp'>Share on: <\/div><a data-text='Bolsonaro anuncia reajuste do sal\u00e1rio m\u00ednimo e valor vai a R$ 1.045' data-link='https:\/\/newsinfoco.com.br\/inicio\/bolsonaro-anuncia-reajuste-do-salario-minimo-e-valor-vai-a-r-1-045\/' class='whatsapp-button whatsapp-share'>WhatsApp<\/a><div class='clear '><\/div><\/div>","protected":false},"excerpt":{"rendered":"<p>O governo decidiu reajustar o sal\u00e1rio m\u00ednimo de R$ 1.039 para 1.045 a partir do dia 1\u00ba de fevereiro, anunciou nesta ter\u00e7a-feira, 14, o presidente Jair Bolsonaro. A corre\u00e7\u00e3o ser\u00e1 feita por uma nova Medida Provis\u00f3ria (MP), que precisa ser aprovada pelo Congresso em 120 dias para n\u00e3o perder a validade. O novo valor leva [&hellip;]<\/p>\n","protected":false},"author":1,"featured_media":19853,"comment_status":"open","ping_status":"open","sticky":false,"template":"","format":"standard","meta":{"om_disable_all_campaigns":false,"rop_custom_images_group":[],"rop_custom_messages_group":[],"rop_publish_now":"initial","rop_publish_now_accounts":[],"rop_publish_now_history":[],"rop_publish_now_status":"pending","_exactmetrics_skip_tracking":false,"footnotes":""},"categories":[21,30],"tags":[],"class_list":["post-19900","post","type-post","status-publish","format-standard","has-post-thumbnail","hentry","category-brasil","category-destaque"],"aioseo_notices":[],"aioseo_head":"\n\t\t<!-- All in One SEO 4.9.10 - aioseo.com -->\n\t<meta name=\"description\" content=\"O governo decidiu reajustar o sal\u00e1rio m\u00ednimo de R$ 1.039 para 1.045 a partir do dia 1\u00ba de fevereiro, anunciou nesta ter\u00e7a-feira, 14, o presidente Jair Bolsonaro. A corre\u00e7\u00e3o ser\u00e1 feita por uma nova Medida Provis\u00f3ria (MP), que precisa ser aprovada pelo Congresso em 120 dias para n\u00e3o perder a validade. O novo valor leva\" \/>\n\t<meta name=\"robots\" content=\"max-image-preview:large\" \/>\n\t<meta name=\"author\" content=\"administrador\"\/>\n\t<link rel=\"canonical\" href=\"https:\/\/newsinfoco.com.br\/inicio\/bolsonaro-anuncia-reajuste-do-salario-minimo-e-valor-vai-a-r-1-045\/\" \/>\n\t<meta name=\"generator\" content=\"All in One SEO (AIOSEO) 4.9.10\" \/>\n\t\t<meta property=\"og:locale\" content=\"pt_BR\" \/>\n\t\t<meta property=\"og:site_name\" content=\"News In Foco - Editado por Caio Pimenta - O principal site de noticias de Alagoinhas e regi\u00e3o\" \/>\n\t\t<meta property=\"og:type\" content=\"article\" \/>\n\t\t<meta property=\"og:title\" content=\"Bolsonaro anuncia reajuste do sal\u00e1rio m\u00ednimo e valor vai a R$ 1.045 - News In Foco - Editado por Caio Pimenta\" \/>\n\t\t<meta property=\"og:description\" content=\"O governo decidiu reajustar o sal\u00e1rio m\u00ednimo de R$ 1.039 para 1.045 a partir do dia 1\u00ba de fevereiro, anunciou nesta ter\u00e7a-feira, 14, o presidente Jair Bolsonaro. A corre\u00e7\u00e3o ser\u00e1 feita por uma nova Medida Provis\u00f3ria (MP), que precisa ser aprovada pelo Congresso em 120 dias para n\u00e3o perder a validade. O novo valor leva\" \/>\n\t\t<meta property=\"og:url\" content=\"https:\/\/newsinfoco.com.br\/inicio\/bolsonaro-anuncia-reajuste-do-salario-minimo-e-valor-vai-a-r-1-045\/\" \/>\n\t\t<meta property=\"article:published_time\" content=\"2020-01-14T22:18:47+00:00\" \/>\n\t\t<meta property=\"article:modified_time\" content=\"2020-01-14T22:18:47+00:00\" \/>\n\t\t<meta name=\"twitter:card\" content=\"summary_large_image\" \/>\n\t\t<meta name=\"twitter:title\" content=\"Bolsonaro anuncia reajuste do sal\u00e1rio m\u00ednimo e valor vai a R$ 1.045 - News In Foco - Editado por Caio Pimenta\" \/>\n\t\t<meta name=\"twitter:description\" content=\"O governo decidiu reajustar o sal\u00e1rio m\u00ednimo de R$ 1.039 para 1.045 a partir do dia 1\u00ba de fevereiro, anunciou nesta ter\u00e7a-feira, 14, o presidente Jair Bolsonaro. A corre\u00e7\u00e3o ser\u00e1 feita por uma nova Medida Provis\u00f3ria (MP), que precisa ser aprovada pelo Congresso em 120 dias para n\u00e3o perder a validade. O novo valor leva\" \/>\n\t\t<script type=\"application\/ld+json\" class=\"aioseo-schema\">\n\t\t\t{\"@context\":\"https:\\\/\\\/schema.org\",\"@graph\":[{\"@type\":\"BlogPosting\",\"@id\":\"https:\\\/\\\/newsinfoco.com.br\\\/inicio\\\/bolsonaro-anuncia-reajuste-do-salario-minimo-e-valor-vai-a-r-1-045\\\/#blogposting\",\"name\":\"Bolsonaro anuncia reajuste do sal\\u00e1rio m\\u00ednimo e valor vai a R$ 1.045 - News In Foco - Editado por Caio Pimenta\",\"headline\":\"Bolsonaro anuncia reajuste do sal\\u00e1rio m\\u00ednimo e valor vai a R$ 1.045\",\"author\":{\"@id\":\"https:\\\/\\\/newsinfoco.com.br\\\/inicio\\\/author\\\/administrador\\\/#author\"},\"publisher\":{\"@id\":\"https:\\\/\\\/newsinfoco.com.br\\\/inicio\\\/#organization\"},\"image\":{\"@type\":\"ImageObject\",\"url\":\"https:\\\/\\\/newsinfoco.com.br\\\/inicio\\\/wp-content\\\/uploads\\\/2020\\\/01\\\/bolsonaro-brasil.jpg\",\"width\":600,\"height\":420},\"datePublished\":\"2020-01-14T19:18:47-03:00\",\"dateModified\":\"2020-01-14T19:18:47-03:00\",\"inLanguage\":\"pt-BR\",\"mainEntityOfPage\":{\"@id\":\"https:\\\/\\\/newsinfoco.com.br\\\/inicio\\\/bolsonaro-anuncia-reajuste-do-salario-minimo-e-valor-vai-a-r-1-045\\\/#webpage\"},\"isPartOf\":{\"@id\":\"https:\\\/\\\/newsinfoco.com.br\\\/inicio\\\/bolsonaro-anuncia-reajuste-do-salario-minimo-e-valor-vai-a-r-1-045\\\/#webpage\"},\"articleSection\":\"Brasil, Destaque\"},{\"@type\":\"BreadcrumbList\",\"@id\":\"https:\\\/\\\/newsinfoco.com.br\\\/inicio\\\/bolsonaro-anuncia-reajuste-do-salario-minimo-e-valor-vai-a-r-1-045\\\/#breadcrumblist\",\"itemListElement\":[{\"@type\":\"ListItem\",\"@id\":\"https:\\\/\\\/newsinfoco.com.br\\\/inicio#listItem\",\"position\":1,\"name\":\"In\\u00edcio\",\"item\":\"https:\\\/\\\/newsinfoco.com.br\\\/inicio\",\"nextItem\":{\"@type\":\"ListItem\",\"@id\":\"https:\\\/\\\/newsinfoco.com.br\\\/inicio\\\/category\\\/brasil\\\/#listItem\",\"name\":\"Brasil\"}},{\"@type\":\"ListItem\",\"@id\":\"https:\\\/\\\/newsinfoco.com.br\\\/inicio\\\/category\\\/brasil\\\/#listItem\",\"position\":2,\"name\":\"Brasil\",\"item\":\"https:\\\/\\\/newsinfoco.com.br\\\/inicio\\\/category\\\/brasil\\\/\",\"nextItem\":{\"@type\":\"ListItem\",\"@id\":\"https:\\\/\\\/newsinfoco.com.br\\\/inicio\\\/bolsonaro-anuncia-reajuste-do-salario-minimo-e-valor-vai-a-r-1-045\\\/#listItem\",\"name\":\"Bolsonaro anuncia reajuste do sal\\u00e1rio m\\u00ednimo e valor vai a R$ 1.045\"},\"previousItem\":{\"@type\":\"ListItem\",\"@id\":\"https:\\\/\\\/newsinfoco.com.br\\\/inicio#listItem\",\"name\":\"In\\u00edcio\"}},{\"@type\":\"ListItem\",\"@id\":\"https:\\\/\\\/newsinfoco.com.br\\\/inicio\\\/bolsonaro-anuncia-reajuste-do-salario-minimo-e-valor-vai-a-r-1-045\\\/#listItem\",\"position\":3,\"name\":\"Bolsonaro anuncia reajuste do sal\\u00e1rio m\\u00ednimo e valor vai a R$ 1.045\",\"previousItem\":{\"@type\":\"ListItem\",\"@id\":\"https:\\\/\\\/newsinfoco.com.br\\\/inicio\\\/category\\\/brasil\\\/#listItem\",\"name\":\"Brasil\"}}]},{\"@type\":\"Organization\",\"@id\":\"https:\\\/\\\/newsinfoco.com.br\\\/inicio\\\/#organization\",\"name\":\"News In Foco - Editado por Caio Pimenta\",\"description\":\"O principal site de noticias de Alagoinhas e regi\\u00e3o\",\"url\":\"https:\\\/\\\/newsinfoco.com.br\\\/inicio\\\/\"},{\"@type\":\"Person\",\"@id\":\"https:\\\/\\\/newsinfoco.com.br\\\/inicio\\\/author\\\/administrador\\\/#author\",\"url\":\"https:\\\/\\\/newsinfoco.com.br\\\/inicio\\\/author\\\/administrador\\\/\",\"name\":\"administrador\",\"image\":{\"@type\":\"ImageObject\",\"@id\":\"https:\\\/\\\/newsinfoco.com.br\\\/inicio\\\/bolsonaro-anuncia-reajuste-do-salario-minimo-e-valor-vai-a-r-1-045\\\/#authorImage\",\"url\":\"https:\\\/\\\/secure.gravatar.com\\\/avatar\\\/c17a617433de8c1dc9584bb79aab7563b46f5bb7e1728c9b17d9cc3ce6a08e49?s=96&d=mm&r=g\",\"width\":96,\"height\":96,\"caption\":\"administrador\"}},{\"@type\":\"WebPage\",\"@id\":\"https:\\\/\\\/newsinfoco.com.br\\\/inicio\\\/bolsonaro-anuncia-reajuste-do-salario-minimo-e-valor-vai-a-r-1-045\\\/#webpage\",\"url\":\"https:\\\/\\\/newsinfoco.com.br\\\/inicio\\\/bolsonaro-anuncia-reajuste-do-salario-minimo-e-valor-vai-a-r-1-045\\\/\",\"name\":\"Bolsonaro anuncia reajuste do sal\\u00e1rio m\\u00ednimo e valor vai a R$ 1.045 - News In Foco - Editado por Caio Pimenta\",\"description\":\"O governo decidiu reajustar o sal\\u00e1rio m\\u00ednimo de R$ 1.039 para 1.045 a partir do dia 1\\u00ba de fevereiro, anunciou nesta ter\\u00e7a-feira, 14, o presidente Jair Bolsonaro. A corre\\u00e7\\u00e3o ser\\u00e1 feita por uma nova Medida Provis\\u00f3ria (MP), que precisa ser aprovada pelo Congresso em 120 dias para n\\u00e3o perder a validade. O novo valor leva\",\"inLanguage\":\"pt-BR\",\"isPartOf\":{\"@id\":\"https:\\\/\\\/newsinfoco.com.br\\\/inicio\\\/#website\"},\"breadcrumb\":{\"@id\":\"https:\\\/\\\/newsinfoco.com.br\\\/inicio\\\/bolsonaro-anuncia-reajuste-do-salario-minimo-e-valor-vai-a-r-1-045\\\/#breadcrumblist\"},\"author\":{\"@id\":\"https:\\\/\\\/newsinfoco.com.br\\\/inicio\\\/author\\\/administrador\\\/#author\"},\"creator\":{\"@id\":\"https:\\\/\\\/newsinfoco.com.br\\\/inicio\\\/author\\\/administrador\\\/#author\"},\"image\":{\"@type\":\"ImageObject\",\"url\":\"https:\\\/\\\/newsinfoco.com.br\\\/inicio\\\/wp-content\\\/uploads\\\/2020\\\/01\\\/bolsonaro-brasil.jpg\",\"@id\":\"https:\\\/\\\/newsinfoco.com.br\\\/inicio\\\/bolsonaro-anuncia-reajuste-do-salario-minimo-e-valor-vai-a-r-1-045\\\/#mainImage\",\"width\":600,\"height\":420},\"primaryImageOfPage\":{\"@id\":\"https:\\\/\\\/newsinfoco.com.br\\\/inicio\\\/bolsonaro-anuncia-reajuste-do-salario-minimo-e-valor-vai-a-r-1-045\\\/#mainImage\"},\"datePublished\":\"2020-01-14T19:18:47-03:00\",\"dateModified\":\"2020-01-14T19:18:47-03:00\"},{\"@type\":\"WebSite\",\"@id\":\"https:\\\/\\\/newsinfoco.com.br\\\/inicio\\\/#website\",\"url\":\"https:\\\/\\\/newsinfoco.com.br\\\/inicio\\\/\",\"name\":\"News In Foco - Editado por Caio Pimenta\",\"description\":\"O principal site de noticias de Alagoinhas e regi\\u00e3o\",\"inLanguage\":\"pt-BR\",\"publisher\":{\"@id\":\"https:\\\/\\\/newsinfoco.com.br\\\/inicio\\\/#organization\"}}]}\n\t\t<\/script>\n\t\t<!-- All in One SEO -->\n\n","aioseo_head_json":{"title":"Bolsonaro anuncia reajuste do sal\u00e1rio m\u00ednimo e valor vai a R$ 1.045 - News In Foco - Editado por Caio Pimenta","description":"O governo decidiu reajustar o sal\u00e1rio m\u00ednimo de R$ 1.039 para 1.045 a partir do dia 1\u00ba de fevereiro, anunciou nesta ter\u00e7a-feira, 14, o presidente Jair Bolsonaro. A corre\u00e7\u00e3o ser\u00e1 feita por uma nova Medida Provis\u00f3ria (MP), que precisa ser aprovada pelo Congresso em 120 dias para n\u00e3o perder a validade. O novo valor leva","canonical_url":"https:\/\/newsinfoco.com.br\/inicio\/bolsonaro-anuncia-reajuste-do-salario-minimo-e-valor-vai-a-r-1-045\/","robots":"max-image-preview:large","keywords":"","webmasterTools":{"miscellaneous":""},"schema":{"@context":"https:\/\/schema.org","@graph":[{"@type":"BlogPosting","@id":"https:\/\/newsinfoco.com.br\/inicio\/bolsonaro-anuncia-reajuste-do-salario-minimo-e-valor-vai-a-r-1-045\/#blogposting","name":"Bolsonaro anuncia reajuste do sal\u00e1rio m\u00ednimo e valor vai a R$ 1.045 - News In Foco - Editado por Caio Pimenta","headline":"Bolsonaro anuncia reajuste do sal\u00e1rio m\u00ednimo e valor vai a R$ 1.045","author":{"@id":"https:\/\/newsinfoco.com.br\/inicio\/author\/administrador\/#author"},"publisher":{"@id":"https:\/\/newsinfoco.com.br\/inicio\/#organization"},"image":{"@type":"ImageObject","url":"https:\/\/newsinfoco.com.br\/inicio\/wp-content\/uploads\/2020\/01\/bolsonaro-brasil.jpg","width":600,"height":420},"datePublished":"2020-01-14T19:18:47-03:00","dateModified":"2020-01-14T19:18:47-03:00","inLanguage":"pt-BR","mainEntityOfPage":{"@id":"https:\/\/newsinfoco.com.br\/inicio\/bolsonaro-anuncia-reajuste-do-salario-minimo-e-valor-vai-a-r-1-045\/#webpage"},"isPartOf":{"@id":"https:\/\/newsinfoco.com.br\/inicio\/bolsonaro-anuncia-reajuste-do-salario-minimo-e-valor-vai-a-r-1-045\/#webpage"},"articleSection":"Brasil, Destaque"},{"@type":"BreadcrumbList","@id":"https:\/\/newsinfoco.com.br\/inicio\/bolsonaro-anuncia-reajuste-do-salario-minimo-e-valor-vai-a-r-1-045\/#breadcrumblist","itemListElement":[{"@type":"ListItem","@id":"https:\/\/newsinfoco.com.br\/inicio#listItem","position":1,"name":"In\u00edcio","item":"https:\/\/newsinfoco.com.br\/inicio","nextItem":{"@type":"ListItem","@id":"https:\/\/newsinfoco.com.br\/inicio\/category\/brasil\/#listItem","name":"Brasil"}},{"@type":"ListItem","@id":"https:\/\/newsinfoco.com.br\/inicio\/category\/brasil\/#listItem","position":2,"name":"Brasil","item":"https:\/\/newsinfoco.com.br\/inicio\/category\/brasil\/","nextItem":{"@type":"ListItem","@id":"https:\/\/newsinfoco.com.br\/inicio\/bolsonaro-anuncia-reajuste-do-salario-minimo-e-valor-vai-a-r-1-045\/#listItem","name":"Bolsonaro anuncia reajuste do sal\u00e1rio m\u00ednimo e valor vai a R$ 1.045"},"previousItem":{"@type":"ListItem","@id":"https:\/\/newsinfoco.com.br\/inicio#listItem","name":"In\u00edcio"}},{"@type":"ListItem","@id":"https:\/\/newsinfoco.com.br\/inicio\/bolsonaro-anuncia-reajuste-do-salario-minimo-e-valor-vai-a-r-1-045\/#listItem","position":3,"name":"Bolsonaro anuncia reajuste do sal\u00e1rio m\u00ednimo e valor vai a R$ 1.045","previousItem":{"@type":"ListItem","@id":"https:\/\/newsinfoco.com.br\/inicio\/category\/brasil\/#listItem","name":"Brasil"}}]},{"@type":"Organization","@id":"https:\/\/newsinfoco.com.br\/inicio\/#organization","name":"News In Foco - Editado por Caio Pimenta","description":"O principal site de noticias de Alagoinhas e regi\u00e3o","url":"https:\/\/newsinfoco.com.br\/inicio\/"},{"@type":"Person","@id":"https:\/\/newsinfoco.com.br\/inicio\/author\/administrador\/#author","url":"https:\/\/newsinfoco.com.br\/inicio\/author\/administrador\/","name":"administrador","image":{"@type":"ImageObject","@id":"https:\/\/newsinfoco.com.br\/inicio\/bolsonaro-anuncia-reajuste-do-salario-minimo-e-valor-vai-a-r-1-045\/#authorImage","url":"https:\/\/secure.gravatar.com\/avatar\/c17a617433de8c1dc9584bb79aab7563b46f5bb7e1728c9b17d9cc3ce6a08e49?s=96&d=mm&r=g","width":96,"height":96,"caption":"administrador"}},{"@type":"WebPage","@id":"https:\/\/newsinfoco.com.br\/inicio\/bolsonaro-anuncia-reajuste-do-salario-minimo-e-valor-vai-a-r-1-045\/#webpage","url":"https:\/\/newsinfoco.com.br\/inicio\/bolsonaro-anuncia-reajuste-do-salario-minimo-e-valor-vai-a-r-1-045\/","name":"Bolsonaro anuncia reajuste do sal\u00e1rio m\u00ednimo e valor vai a R$ 1.045 - News In Foco - Editado por Caio Pimenta","description":"O governo decidiu reajustar o sal\u00e1rio m\u00ednimo de R$ 1.039 para 1.045 a partir do dia 1\u00ba de fevereiro, anunciou nesta ter\u00e7a-feira, 14, o presidente Jair Bolsonaro. A corre\u00e7\u00e3o ser\u00e1 feita por uma nova Medida Provis\u00f3ria (MP), que precisa ser aprovada pelo Congresso em 120 dias para n\u00e3o perder a validade. O novo valor leva","inLanguage":"pt-BR","isPartOf":{"@id":"https:\/\/newsinfoco.com.br\/inicio\/#website"},"breadcrumb":{"@id":"https:\/\/newsinfoco.com.br\/inicio\/bolsonaro-anuncia-reajuste-do-salario-minimo-e-valor-vai-a-r-1-045\/#breadcrumblist"},"author":{"@id":"https:\/\/newsinfoco.com.br\/inicio\/author\/administrador\/#author"},"creator":{"@id":"https:\/\/newsinfoco.com.br\/inicio\/author\/administrador\/#author"},"image":{"@type":"ImageObject","url":"https:\/\/newsinfoco.com.br\/inicio\/wp-content\/uploads\/2020\/01\/bolsonaro-brasil.jpg","@id":"https:\/\/newsinfoco.com.br\/inicio\/bolsonaro-anuncia-reajuste-do-salario-minimo-e-valor-vai-a-r-1-045\/#mainImage","width":600,"height":420},"primaryImageOfPage":{"@id":"https:\/\/newsinfoco.com.br\/inicio\/bolsonaro-anuncia-reajuste-do-salario-minimo-e-valor-vai-a-r-1-045\/#mainImage"},"datePublished":"2020-01-14T19:18:47-03:00","dateModified":"2020-01-14T19:18:47-03:00"},{"@type":"WebSite","@id":"https:\/\/newsinfoco.com.br\/inicio\/#website","url":"https:\/\/newsinfoco.com.br\/inicio\/","name":"News In Foco - Editado por Caio Pimenta","description":"O principal site de noticias de Alagoinhas e regi\u00e3o","inLanguage":"pt-BR","publisher":{"@id":"https:\/\/newsinfoco.com.br\/inicio\/#organization"}}]},"og:locale":"pt_BR","og:site_name":"News In Foco - Editado por Caio Pimenta - O principal site de noticias de Alagoinhas e regi\u00e3o","og:type":"article","og:title":"Bolsonaro anuncia reajuste do sal\u00e1rio m\u00ednimo e valor vai a R$ 1.045 - News In Foco - Editado por Caio Pimenta","og:description":"O governo decidiu reajustar o sal\u00e1rio m\u00ednimo de R$ 1.039 para 1.045 a partir do dia 1\u00ba de fevereiro, anunciou nesta ter\u00e7a-feira, 14, o presidente Jair Bolsonaro. A corre\u00e7\u00e3o ser\u00e1 feita por uma nova Medida Provis\u00f3ria (MP), que precisa ser aprovada pelo Congresso em 120 dias para n\u00e3o perder a validade. O novo valor leva","og:url":"https:\/\/newsinfoco.com.br\/inicio\/bolsonaro-anuncia-reajuste-do-salario-minimo-e-valor-vai-a-r-1-045\/","article:published_time":"2020-01-14T22:18:47+00:00","article:modified_time":"2020-01-14T22:18:47+00:00","twitter:card":"summary_large_image","twitter:title":"Bolsonaro anuncia reajuste do sal\u00e1rio m\u00ednimo e valor vai a R$ 1.045 - News In Foco - Editado por Caio Pimenta","twitter:description":"O governo decidiu reajustar o sal\u00e1rio m\u00ednimo de R$ 1.039 para 1.045 a partir do dia 1\u00ba de fevereiro, anunciou nesta ter\u00e7a-feira, 14, o presidente Jair Bolsonaro. A corre\u00e7\u00e3o ser\u00e1 feita por uma nova Medida Provis\u00f3ria (MP), que precisa ser aprovada pelo Congresso em 120 dias para n\u00e3o perder a validade. O novo valor leva"},"aioseo_meta_data":{"post_id":"19900","title":null,"description":null,"keywords":null,"keyphrases":null,"primary_term":null,"canonical_url":null,"og_title":null,"og_description":null,"og_object_type":"default","og_image_type":"default","og_image_url":null,"og_image_width":null,"og_image_height":null,"og_image_custom_url":null,"og_image_custom_fields":null,"og_video":null,"og_custom_url":null,"og_article_section":null,"og_article_tags":null,"twitter_use_og":false,"twitter_card":"default","twitter_image_type":"default","twitter_image_url":null,"twitter_image_custom_url":null,"twitter_image_custom_fields":null,"twitter_title":null,"twitter_description":null,"schema":{"blockGraphs":[],"customGraphs":[],"default":{"data":{"Article":[],"Course":[],"Dataset":[],"FAQPage":[],"Movie":[],"Person":[],"Product":[],"ProductReview":[],"Car":[],"Recipe":[],"Service":[],"SoftwareApplication":[],"WebPage":[]},"graphName":"","isEnabled":true},"graphs":[]},"schema_type":"default","schema_type_options":null,"pillar_content":false,"robots_default":true,"robots_noindex":false,"robots_noarchive":false,"robots_nosnippet":false,"robots_nofollow":false,"robots_noimageindex":false,"robots_noodp":false,"robots_notranslate":false,"robots_max_snippet":null,"robots_max_videopreview":null,"robots_max_imagepreview":"large","priority":null,"frequency":null,"local_seo":null,"breadcrumb_settings":null,"limit_modified_date":false,"ai":null,"created":"2023-06-12 15:58:11","updated":"2025-07-11 02:32:44","seo_analyzer_scan_date":null},"aioseo_breadcrumb":"<div class=\"aioseo-breadcrumbs\"><span class=\"aioseo-breadcrumb\">\n\t\t\t<a href=\"https:\/\/newsinfoco.com.br\/inicio\" title=\"In\u00edcio\">In\u00edcio<\/a>\n\t\t<\/span><span class=\"aioseo-breadcrumb-separator\">&raquo;<\/span><span class=\"aioseo-breadcrumb\">\n\t\t\t<a href=\"https:\/\/newsinfoco.com.br\/inicio\/category\/brasil\/\" title=\"Brasil\">Brasil<\/a>\n\t\t<\/span><span class=\"aioseo-breadcrumb-separator\">&raquo;<\/span><span class=\"aioseo-breadcrumb\">\n\t\t\tBolsonaro anuncia reajuste do sal\u00e1rio m\u00ednimo e valor vai a R$ 1.045\n\t\t<\/span><\/div>","aioseo_breadcrumb_json":[{"label":"In\u00edcio","link":"https:\/\/newsinfoco.com.br\/inicio"},{"label":"Brasil","link":"https:\/\/newsinfoco.com.br\/inicio\/category\/brasil\/"},{"label":"Bolsonaro anuncia reajuste do sal\u00e1rio m\u00ednimo e valor vai a R$ 1.045","link":"https:\/\/newsinfoco.com.br\/inicio\/bolsonaro-anuncia-reajuste-do-salario-minimo-e-valor-vai-a-r-1-045\/"}],"_links":{"self":[{"href":"https:\/\/newsinfoco.com.br\/inicio\/wp-json\/wp\/v2\/posts\/19900","targetHints":{"allow":["GET"]}}],"collection":[{"href":"https:\/\/newsinfoco.com.br\/inicio\/wp-json\/wp\/v2\/posts"}],"about":[{"href":"https:\/\/newsinfoco.com.br\/inicio\/wp-json\/wp\/v2\/types\/post"}],"author":[{"embeddable":true,"href":"https:\/\/newsinfoco.com.br\/inicio\/wp-json\/wp\/v2\/users\/1"}],"replies":[{"embeddable":true,"href":"https:\/\/newsinfoco.com.br\/inicio\/wp-json\/wp\/v2\/comments?post=19900"}],"version-history":[{"count":0,"href":"https:\/\/newsinfoco.com.br\/inicio\/wp-json\/wp\/v2\/posts\/19900\/revisions"}],"wp:featuredmedia":[{"embeddable":true,"href":"https:\/\/newsinfoco.com.br\/inicio\/wp-json\/wp\/v2\/media\/19853"}],"wp:attachment":[{"href":"https:\/\/newsinfoco.com.br\/inicio\/wp-json\/wp\/v2\/media?parent=19900"}],"wp:term":[{"taxonomy":"category","embeddable":true,"href":"https:\/\/newsinfoco.com.br\/inicio\/wp-json\/wp\/v2\/categories?post=19900"},{"taxonomy":"post_tag","embeddable":true,"href":"https:\/\/newsinfoco.com.br\/inicio\/wp-json\/wp\/v2\/tags?post=19900"}],"curies":[{"name":"wp","href":"https:\/\/api.w.org\/{rel}","templated":true}]}}