{"id":19907,"date":"2020-01-14T19:31:05","date_gmt":"2020-01-14T22:31:05","guid":{"rendered":"http:\/\/newsinfoco.com.br\/?p=19907"},"modified":"2020-01-14T19:31:05","modified_gmt":"2020-01-14T22:31:05","slug":"com-possivel-ausencia-de-rui-lavagem-do-bonfim-pode-ser-a-12a-festa-sem-o-governador","status":"publish","type":"post","link":"https:\/\/newsinfoco.com.br\/inicio\/com-possivel-ausencia-de-rui-lavagem-do-bonfim-pode-ser-a-12a-festa-sem-o-governador\/","title":{"rendered":"Com poss\u00edvel aus\u00eancia de Rui, Lavagem do Bonfim pode ser a 12\u00aa festa sem o governador"},"content":{"rendered":"<p style=\"text-align: justify;\">Com a prov\u00e1vel aus\u00eancia do governador Rui Costa (PT) na Lavagem do Bonfim deste ano, a celebra\u00e7\u00e3o religiosa pode ser a 12\u00aa festa popular baiana sem a presen\u00e7a do chefe do Pal\u00e1cio de Ondina desde que assumiu o posto em janeiro de 2015.<\/p>\n<p style=\"text-align: justify;\">\n<p style=\"text-align: justify;\">H\u00e1 cinco anos, Rui Costa n\u00e3o compareceu \u00e0 Lavagem de Bonfim ap\u00f3s ser diagnosticado com traqueobronquite. Por aconselhamento m\u00e9dico, o petista preferiu se manter em repouso. Desta vez, o mandat\u00e1rio do Executivo pode deixar ir ao festejo ap\u00f3s passar por um cirurgia para a retirada de n\u00f3dulos na mama (<a href=\"https:\/\/www.bahianoticias.com.br\/noticia\/242917-rui-costa-e-submetido-a-cirurgia-em-sao-paulo-para-retirar-nodulo-governador-passa-bem.html\" target=\"_blank\" rel=\"noopener noreferrer\">saiba mais aqui<\/a>).<\/p>\n<p style=\"text-align: justify;\">\n<p style=\"text-align: justify;\">Ainda em 2015, o governador, que estava no primeiro ano do mandato, n\u00e3o foi \u00e0 Festa de Iemanj\u00e1, o que levantou rumores de que era evang\u00e9lico. Na \u00e9poca, Rui brincou e disse que &#8220;voc\u00eas [jornalistas] ainda v\u00e3o me fotografar num terreiro de candombl\u00e9&#8221;, ao ser questionado. O baiano estava em S\u00e3o Paulo e teve encontros com empres\u00e1rios. Em 2016, o governador compareceu \u00e0 festa no Rio Vermelho, mas se ausentou nos anos de 2017, 2018, 2019.<\/p>\n<p style=\"text-align: justify;\">No ano passado, o chefe do Executivo estadual deixou de ir, pela primeira vez desde que assumiu o cargo, ao 2 de Julho, festejo que comemora a Independ\u00eancia da Bahia. A aus\u00eancia provocou duras cr\u00edticas da oposi\u00e7\u00e3o. &#8220;[\u00c9 o] dia mais importante de celebra\u00e7\u00e3o dos nossos her\u00f3is e de homenagem \u00e0 Bahia e aos baianos. \u00c9 de estranhar o governador ter optado por passar o Dois de Julho na Europa e n\u00e3o na Bahia, ao lado do nosso povo&#8221;, cutucou o prefeito ACM Neto (DEM).<\/p>\n<p style=\"text-align: justify;\">Al\u00e9m dessas festas populares, Rui Costa nunca compareceu ao evento, que ocorre todo dia 25 de junho, em que a sede do governo \u00e9 transferida de Salvador para Cachoeira. A medida, que teve in\u00edcio no governo de Jaques Wagner (PT), visa reconhecer a import\u00e2ncia do munic\u00edpio nas batalhas travadas pela conquista da independ\u00eancia do Brasil, que tiveram in\u00edcio no dia 25 de junho de 1822. Foi em Cachoeira que se iniciou o movimento que culminou da proclama\u00e7\u00e3o de Dom Pedro I como imperador.<\/p>\n<p style=\"text-align: justify;\">Revoltado com aus\u00eancia do governador, o presidente da C\u00e2mara de Vereadores da cidade, Josmar Barbosa (PRB) prometeu, no ano passado, acionar judicialmente Rui Costa. Em 2015, o chefe do Pal\u00e1cio de Ondina disse que n\u00e3o foi ao ato porque na madrugada daquele dia havia nascido a sua filha.<\/p>\n<div class='share-to-whatsapp-wrapper'><div class='share-on-whsp'>Share on: <\/div><a data-text='Com poss\u00edvel aus\u00eancia de Rui, Lavagem do Bonfim pode ser a 12\u00aa festa sem o governador' data-link='https:\/\/newsinfoco.com.br\/inicio\/com-possivel-ausencia-de-rui-lavagem-do-bonfim-pode-ser-a-12a-festa-sem-o-governador\/' class='whatsapp-button whatsapp-share'>WhatsApp<\/a><div class='clear '><\/div><\/div>","protected":false},"excerpt":{"rendered":"<p>Com a prov\u00e1vel aus\u00eancia do governador Rui Costa (PT) na Lavagem do Bonfim deste ano, a celebra\u00e7\u00e3o religiosa pode ser a 12\u00aa festa popular baiana sem a presen\u00e7a do chefe do Pal\u00e1cio de Ondina desde que assumiu o posto em janeiro de 2015. H\u00e1 cinco anos, Rui Costa n\u00e3o compareceu \u00e0 Lavagem de Bonfim ap\u00f3s [&hellip;]<\/p>\n","protected":false},"author":1,"featured_media":19908,"comment_status":"open","ping_status":"open","sticky":false,"template":"","format":"standard","meta":{"om_disable_all_campaigns":false,"rop_custom_images_group":[],"rop_custom_messages_group":[],"rop_publish_now":"initial","rop_publish_now_accounts":[],"rop_publish_now_history":[],"rop_publish_now_status":"pending","_exactmetrics_skip_tracking":false,"footnotes":""},"categories":[19,30],"tags":[],"class_list":["post-19907","post","type-post","status-publish","format-standard","has-post-thumbnail","hentry","category-bahia","category-destaque"],"aioseo_notices":[],"aioseo_head":"\n\t\t<!-- All in One SEO 4.9.10 - aioseo.com -->\n\t<meta name=\"description\" content=\"Com a prov\u00e1vel aus\u00eancia do governador Rui Costa (PT) na Lavagem do Bonfim deste ano, a celebra\u00e7\u00e3o religiosa pode ser a 12\u00aa festa popular baiana sem a presen\u00e7a do chefe do Pal\u00e1cio de Ondina desde que assumiu o posto em janeiro de 2015. H\u00e1 cinco anos, Rui Costa n\u00e3o compareceu \u00e0 Lavagem de Bonfim ap\u00f3s\" \/>\n\t<meta name=\"robots\" content=\"max-image-preview:large\" \/>\n\t<meta name=\"author\" content=\"administrador\"\/>\n\t<link rel=\"canonical\" href=\"https:\/\/newsinfoco.com.br\/inicio\/com-possivel-ausencia-de-rui-lavagem-do-bonfim-pode-ser-a-12a-festa-sem-o-governador\/\" \/>\n\t<meta name=\"generator\" content=\"All in One SEO (AIOSEO) 4.9.10\" \/>\n\t\t<meta property=\"og:locale\" content=\"pt_BR\" \/>\n\t\t<meta property=\"og:site_name\" content=\"News In Foco - Editado por Caio Pimenta - O principal site de noticias de Alagoinhas e regi\u00e3o\" \/>\n\t\t<meta property=\"og:type\" content=\"article\" \/>\n\t\t<meta property=\"og:title\" content=\"Com poss\u00edvel aus\u00eancia de Rui, Lavagem do Bonfim pode ser a 12\u00aa festa sem o governador - News In Foco - Editado por Caio Pimenta\" \/>\n\t\t<meta property=\"og:description\" content=\"Com a prov\u00e1vel aus\u00eancia do governador Rui Costa (PT) na Lavagem do Bonfim deste ano, a celebra\u00e7\u00e3o religiosa pode ser a 12\u00aa festa popular baiana sem a presen\u00e7a do chefe do Pal\u00e1cio de Ondina desde que assumiu o posto em janeiro de 2015. H\u00e1 cinco anos, Rui Costa n\u00e3o compareceu \u00e0 Lavagem de Bonfim ap\u00f3s\" \/>\n\t\t<meta property=\"og:url\" content=\"https:\/\/newsinfoco.com.br\/inicio\/com-possivel-ausencia-de-rui-lavagem-do-bonfim-pode-ser-a-12a-festa-sem-o-governador\/\" \/>\n\t\t<meta property=\"article:published_time\" content=\"2020-01-14T22:31:05+00:00\" \/>\n\t\t<meta property=\"article:modified_time\" content=\"2020-01-14T22:31:05+00:00\" \/>\n\t\t<meta name=\"twitter:card\" content=\"summary_large_image\" \/>\n\t\t<meta name=\"twitter:title\" content=\"Com poss\u00edvel aus\u00eancia de Rui, Lavagem do Bonfim pode ser a 12\u00aa festa sem o governador - News In Foco - Editado por Caio Pimenta\" \/>\n\t\t<meta name=\"twitter:description\" content=\"Com a prov\u00e1vel aus\u00eancia do governador Rui Costa (PT) na Lavagem do Bonfim deste ano, a celebra\u00e7\u00e3o religiosa pode ser a 12\u00aa festa popular baiana sem a presen\u00e7a do chefe do Pal\u00e1cio de Ondina desde que assumiu o posto em janeiro de 2015. H\u00e1 cinco anos, Rui Costa n\u00e3o compareceu \u00e0 Lavagem de Bonfim ap\u00f3s\" \/>\n\t\t<script type=\"application\/ld+json\" class=\"aioseo-schema\">\n\t\t\t{\"@context\":\"https:\\\/\\\/schema.org\",\"@graph\":[{\"@type\":\"BlogPosting\",\"@id\":\"https:\\\/\\\/newsinfoco.com.br\\\/inicio\\\/com-possivel-ausencia-de-rui-lavagem-do-bonfim-pode-ser-a-12a-festa-sem-o-governador\\\/#blogposting\",\"name\":\"Com poss\\u00edvel aus\\u00eancia de Rui, Lavagem do Bonfim pode ser a 12\\u00aa festa sem o governador - News In Foco - Editado por Caio Pimenta\",\"headline\":\"Com poss\\u00edvel aus\\u00eancia de Rui, Lavagem do Bonfim pode ser a 12\\u00aa festa sem o governador\",\"author\":{\"@id\":\"https:\\\/\\\/newsinfoco.com.br\\\/inicio\\\/author\\\/administrador\\\/#author\"},\"publisher\":{\"@id\":\"https:\\\/\\\/newsinfoco.com.br\\\/inicio\\\/#organization\"},\"image\":{\"@type\":\"ImageObject\",\"url\":\"https:\\\/\\\/newsinfoco.com.br\\\/inicio\\\/wp-content\\\/uploads\\\/2020\\\/01\\\/IMAGEM_NOTICIA_5-9.jpg\",\"width\":380,\"height\":280},\"datePublished\":\"2020-01-14T19:31:05-03:00\",\"dateModified\":\"2020-01-14T19:31:05-03:00\",\"inLanguage\":\"pt-BR\",\"mainEntityOfPage\":{\"@id\":\"https:\\\/\\\/newsinfoco.com.br\\\/inicio\\\/com-possivel-ausencia-de-rui-lavagem-do-bonfim-pode-ser-a-12a-festa-sem-o-governador\\\/#webpage\"},\"isPartOf\":{\"@id\":\"https:\\\/\\\/newsinfoco.com.br\\\/inicio\\\/com-possivel-ausencia-de-rui-lavagem-do-bonfim-pode-ser-a-12a-festa-sem-o-governador\\\/#webpage\"},\"articleSection\":\"Bahia, Destaque\"},{\"@type\":\"BreadcrumbList\",\"@id\":\"https:\\\/\\\/newsinfoco.com.br\\\/inicio\\\/com-possivel-ausencia-de-rui-lavagem-do-bonfim-pode-ser-a-12a-festa-sem-o-governador\\\/#breadcrumblist\",\"itemListElement\":[{\"@type\":\"ListItem\",\"@id\":\"https:\\\/\\\/newsinfoco.com.br\\\/inicio#listItem\",\"position\":1,\"name\":\"In\\u00edcio\",\"item\":\"https:\\\/\\\/newsinfoco.com.br\\\/inicio\",\"nextItem\":{\"@type\":\"ListItem\",\"@id\":\"https:\\\/\\\/newsinfoco.com.br\\\/inicio\\\/category\\\/bahia\\\/#listItem\",\"name\":\"Bahia\"}},{\"@type\":\"ListItem\",\"@id\":\"https:\\\/\\\/newsinfoco.com.br\\\/inicio\\\/category\\\/bahia\\\/#listItem\",\"position\":2,\"name\":\"Bahia\",\"item\":\"https:\\\/\\\/newsinfoco.com.br\\\/inicio\\\/category\\\/bahia\\\/\",\"nextItem\":{\"@type\":\"ListItem\",\"@id\":\"https:\\\/\\\/newsinfoco.com.br\\\/inicio\\\/com-possivel-ausencia-de-rui-lavagem-do-bonfim-pode-ser-a-12a-festa-sem-o-governador\\\/#listItem\",\"name\":\"Com poss\\u00edvel aus\\u00eancia de Rui, Lavagem do Bonfim pode ser a 12\\u00aa festa sem o governador\"},\"previousItem\":{\"@type\":\"ListItem\",\"@id\":\"https:\\\/\\\/newsinfoco.com.br\\\/inicio#listItem\",\"name\":\"In\\u00edcio\"}},{\"@type\":\"ListItem\",\"@id\":\"https:\\\/\\\/newsinfoco.com.br\\\/inicio\\\/com-possivel-ausencia-de-rui-lavagem-do-bonfim-pode-ser-a-12a-festa-sem-o-governador\\\/#listItem\",\"position\":3,\"name\":\"Com poss\\u00edvel aus\\u00eancia de Rui, Lavagem do Bonfim pode ser a 12\\u00aa festa sem o governador\",\"previousItem\":{\"@type\":\"ListItem\",\"@id\":\"https:\\\/\\\/newsinfoco.com.br\\\/inicio\\\/category\\\/bahia\\\/#listItem\",\"name\":\"Bahia\"}}]},{\"@type\":\"Organization\",\"@id\":\"https:\\\/\\\/newsinfoco.com.br\\\/inicio\\\/#organization\",\"name\":\"News In Foco - Editado por Caio Pimenta\",\"description\":\"O principal site de noticias de Alagoinhas e regi\\u00e3o\",\"url\":\"https:\\\/\\\/newsinfoco.com.br\\\/inicio\\\/\"},{\"@type\":\"Person\",\"@id\":\"https:\\\/\\\/newsinfoco.com.br\\\/inicio\\\/author\\\/administrador\\\/#author\",\"url\":\"https:\\\/\\\/newsinfoco.com.br\\\/inicio\\\/author\\\/administrador\\\/\",\"name\":\"administrador\",\"image\":{\"@type\":\"ImageObject\",\"@id\":\"https:\\\/\\\/newsinfoco.com.br\\\/inicio\\\/com-possivel-ausencia-de-rui-lavagem-do-bonfim-pode-ser-a-12a-festa-sem-o-governador\\\/#authorImage\",\"url\":\"https:\\\/\\\/secure.gravatar.com\\\/avatar\\\/c17a617433de8c1dc9584bb79aab7563b46f5bb7e1728c9b17d9cc3ce6a08e49?s=96&d=mm&r=g\",\"width\":96,\"height\":96,\"caption\":\"administrador\"}},{\"@type\":\"WebPage\",\"@id\":\"https:\\\/\\\/newsinfoco.com.br\\\/inicio\\\/com-possivel-ausencia-de-rui-lavagem-do-bonfim-pode-ser-a-12a-festa-sem-o-governador\\\/#webpage\",\"url\":\"https:\\\/\\\/newsinfoco.com.br\\\/inicio\\\/com-possivel-ausencia-de-rui-lavagem-do-bonfim-pode-ser-a-12a-festa-sem-o-governador\\\/\",\"name\":\"Com poss\\u00edvel aus\\u00eancia de Rui, Lavagem do Bonfim pode ser a 12\\u00aa festa sem o governador - News In Foco - Editado por Caio Pimenta\",\"description\":\"Com a prov\\u00e1vel aus\\u00eancia do governador Rui Costa (PT) na Lavagem do Bonfim deste ano, a celebra\\u00e7\\u00e3o religiosa pode ser a 12\\u00aa festa popular baiana sem a presen\\u00e7a do chefe do Pal\\u00e1cio de Ondina desde que assumiu o posto em janeiro de 2015. H\\u00e1 cinco anos, Rui Costa n\\u00e3o compareceu \\u00e0 Lavagem de Bonfim ap\\u00f3s\",\"inLanguage\":\"pt-BR\",\"isPartOf\":{\"@id\":\"https:\\\/\\\/newsinfoco.com.br\\\/inicio\\\/#website\"},\"breadcrumb\":{\"@id\":\"https:\\\/\\\/newsinfoco.com.br\\\/inicio\\\/com-possivel-ausencia-de-rui-lavagem-do-bonfim-pode-ser-a-12a-festa-sem-o-governador\\\/#breadcrumblist\"},\"author\":{\"@id\":\"https:\\\/\\\/newsinfoco.com.br\\\/inicio\\\/author\\\/administrador\\\/#author\"},\"creator\":{\"@id\":\"https:\\\/\\\/newsinfoco.com.br\\\/inicio\\\/author\\\/administrador\\\/#author\"},\"image\":{\"@type\":\"ImageObject\",\"url\":\"https:\\\/\\\/newsinfoco.com.br\\\/inicio\\\/wp-content\\\/uploads\\\/2020\\\/01\\\/IMAGEM_NOTICIA_5-9.jpg\",\"@id\":\"https:\\\/\\\/newsinfoco.com.br\\\/inicio\\\/com-possivel-ausencia-de-rui-lavagem-do-bonfim-pode-ser-a-12a-festa-sem-o-governador\\\/#mainImage\",\"width\":380,\"height\":280},\"primaryImageOfPage\":{\"@id\":\"https:\\\/\\\/newsinfoco.com.br\\\/inicio\\\/com-possivel-ausencia-de-rui-lavagem-do-bonfim-pode-ser-a-12a-festa-sem-o-governador\\\/#mainImage\"},\"datePublished\":\"2020-01-14T19:31:05-03:00\",\"dateModified\":\"2020-01-14T19:31:05-03:00\"},{\"@type\":\"WebSite\",\"@id\":\"https:\\\/\\\/newsinfoco.com.br\\\/inicio\\\/#website\",\"url\":\"https:\\\/\\\/newsinfoco.com.br\\\/inicio\\\/\",\"name\":\"News In Foco - Editado por Caio Pimenta\",\"description\":\"O principal site de noticias de Alagoinhas e regi\\u00e3o\",\"inLanguage\":\"pt-BR\",\"publisher\":{\"@id\":\"https:\\\/\\\/newsinfoco.com.br\\\/inicio\\\/#organization\"}}]}\n\t\t<\/script>\n\t\t<!-- All in One SEO -->\n\n","aioseo_head_json":{"title":"Com poss\u00edvel aus\u00eancia de Rui, Lavagem do Bonfim pode ser a 12\u00aa festa sem o governador - News In Foco - Editado por Caio Pimenta","description":"Com a prov\u00e1vel aus\u00eancia do governador Rui Costa (PT) na Lavagem do Bonfim deste ano, a celebra\u00e7\u00e3o religiosa pode ser a 12\u00aa festa popular baiana sem a presen\u00e7a do chefe do Pal\u00e1cio de Ondina desde que assumiu o posto em janeiro de 2015. H\u00e1 cinco anos, Rui Costa n\u00e3o compareceu \u00e0 Lavagem de Bonfim ap\u00f3s","canonical_url":"https:\/\/newsinfoco.com.br\/inicio\/com-possivel-ausencia-de-rui-lavagem-do-bonfim-pode-ser-a-12a-festa-sem-o-governador\/","robots":"max-image-preview:large","keywords":"","webmasterTools":{"miscellaneous":""},"schema":{"@context":"https:\/\/schema.org","@graph":[{"@type":"BlogPosting","@id":"https:\/\/newsinfoco.com.br\/inicio\/com-possivel-ausencia-de-rui-lavagem-do-bonfim-pode-ser-a-12a-festa-sem-o-governador\/#blogposting","name":"Com poss\u00edvel aus\u00eancia de Rui, Lavagem do Bonfim pode ser a 12\u00aa festa sem o governador - News In Foco - Editado por Caio Pimenta","headline":"Com poss\u00edvel aus\u00eancia de Rui, Lavagem do Bonfim pode ser a 12\u00aa festa sem o governador","author":{"@id":"https:\/\/newsinfoco.com.br\/inicio\/author\/administrador\/#author"},"publisher":{"@id":"https:\/\/newsinfoco.com.br\/inicio\/#organization"},"image":{"@type":"ImageObject","url":"https:\/\/newsinfoco.com.br\/inicio\/wp-content\/uploads\/2020\/01\/IMAGEM_NOTICIA_5-9.jpg","width":380,"height":280},"datePublished":"2020-01-14T19:31:05-03:00","dateModified":"2020-01-14T19:31:05-03:00","inLanguage":"pt-BR","mainEntityOfPage":{"@id":"https:\/\/newsinfoco.com.br\/inicio\/com-possivel-ausencia-de-rui-lavagem-do-bonfim-pode-ser-a-12a-festa-sem-o-governador\/#webpage"},"isPartOf":{"@id":"https:\/\/newsinfoco.com.br\/inicio\/com-possivel-ausencia-de-rui-lavagem-do-bonfim-pode-ser-a-12a-festa-sem-o-governador\/#webpage"},"articleSection":"Bahia, Destaque"},{"@type":"BreadcrumbList","@id":"https:\/\/newsinfoco.com.br\/inicio\/com-possivel-ausencia-de-rui-lavagem-do-bonfim-pode-ser-a-12a-festa-sem-o-governador\/#breadcrumblist","itemListElement":[{"@type":"ListItem","@id":"https:\/\/newsinfoco.com.br\/inicio#listItem","position":1,"name":"In\u00edcio","item":"https:\/\/newsinfoco.com.br\/inicio","nextItem":{"@type":"ListItem","@id":"https:\/\/newsinfoco.com.br\/inicio\/category\/bahia\/#listItem","name":"Bahia"}},{"@type":"ListItem","@id":"https:\/\/newsinfoco.com.br\/inicio\/category\/bahia\/#listItem","position":2,"name":"Bahia","item":"https:\/\/newsinfoco.com.br\/inicio\/category\/bahia\/","nextItem":{"@type":"ListItem","@id":"https:\/\/newsinfoco.com.br\/inicio\/com-possivel-ausencia-de-rui-lavagem-do-bonfim-pode-ser-a-12a-festa-sem-o-governador\/#listItem","name":"Com poss\u00edvel aus\u00eancia de Rui, Lavagem do Bonfim pode ser a 12\u00aa festa sem o governador"},"previousItem":{"@type":"ListItem","@id":"https:\/\/newsinfoco.com.br\/inicio#listItem","name":"In\u00edcio"}},{"@type":"ListItem","@id":"https:\/\/newsinfoco.com.br\/inicio\/com-possivel-ausencia-de-rui-lavagem-do-bonfim-pode-ser-a-12a-festa-sem-o-governador\/#listItem","position":3,"name":"Com poss\u00edvel aus\u00eancia de Rui, Lavagem do Bonfim pode ser a 12\u00aa festa sem o governador","previousItem":{"@type":"ListItem","@id":"https:\/\/newsinfoco.com.br\/inicio\/category\/bahia\/#listItem","name":"Bahia"}}]},{"@type":"Organization","@id":"https:\/\/newsinfoco.com.br\/inicio\/#organization","name":"News In Foco - Editado por Caio Pimenta","description":"O principal site de noticias de Alagoinhas e regi\u00e3o","url":"https:\/\/newsinfoco.com.br\/inicio\/"},{"@type":"Person","@id":"https:\/\/newsinfoco.com.br\/inicio\/author\/administrador\/#author","url":"https:\/\/newsinfoco.com.br\/inicio\/author\/administrador\/","name":"administrador","image":{"@type":"ImageObject","@id":"https:\/\/newsinfoco.com.br\/inicio\/com-possivel-ausencia-de-rui-lavagem-do-bonfim-pode-ser-a-12a-festa-sem-o-governador\/#authorImage","url":"https:\/\/secure.gravatar.com\/avatar\/c17a617433de8c1dc9584bb79aab7563b46f5bb7e1728c9b17d9cc3ce6a08e49?s=96&d=mm&r=g","width":96,"height":96,"caption":"administrador"}},{"@type":"WebPage","@id":"https:\/\/newsinfoco.com.br\/inicio\/com-possivel-ausencia-de-rui-lavagem-do-bonfim-pode-ser-a-12a-festa-sem-o-governador\/#webpage","url":"https:\/\/newsinfoco.com.br\/inicio\/com-possivel-ausencia-de-rui-lavagem-do-bonfim-pode-ser-a-12a-festa-sem-o-governador\/","name":"Com poss\u00edvel aus\u00eancia de Rui, Lavagem do Bonfim pode ser a 12\u00aa festa sem o governador - News In Foco - Editado por Caio Pimenta","description":"Com a prov\u00e1vel aus\u00eancia do governador Rui Costa (PT) na Lavagem do Bonfim deste ano, a celebra\u00e7\u00e3o religiosa pode ser a 12\u00aa festa popular baiana sem a presen\u00e7a do chefe do Pal\u00e1cio de Ondina desde que assumiu o posto em janeiro de 2015. H\u00e1 cinco anos, Rui Costa n\u00e3o compareceu \u00e0 Lavagem de Bonfim ap\u00f3s","inLanguage":"pt-BR","isPartOf":{"@id":"https:\/\/newsinfoco.com.br\/inicio\/#website"},"breadcrumb":{"@id":"https:\/\/newsinfoco.com.br\/inicio\/com-possivel-ausencia-de-rui-lavagem-do-bonfim-pode-ser-a-12a-festa-sem-o-governador\/#breadcrumblist"},"author":{"@id":"https:\/\/newsinfoco.com.br\/inicio\/author\/administrador\/#author"},"creator":{"@id":"https:\/\/newsinfoco.com.br\/inicio\/author\/administrador\/#author"},"image":{"@type":"ImageObject","url":"https:\/\/newsinfoco.com.br\/inicio\/wp-content\/uploads\/2020\/01\/IMAGEM_NOTICIA_5-9.jpg","@id":"https:\/\/newsinfoco.com.br\/inicio\/com-possivel-ausencia-de-rui-lavagem-do-bonfim-pode-ser-a-12a-festa-sem-o-governador\/#mainImage","width":380,"height":280},"primaryImageOfPage":{"@id":"https:\/\/newsinfoco.com.br\/inicio\/com-possivel-ausencia-de-rui-lavagem-do-bonfim-pode-ser-a-12a-festa-sem-o-governador\/#mainImage"},"datePublished":"2020-01-14T19:31:05-03:00","dateModified":"2020-01-14T19:31:05-03:00"},{"@type":"WebSite","@id":"https:\/\/newsinfoco.com.br\/inicio\/#website","url":"https:\/\/newsinfoco.com.br\/inicio\/","name":"News In Foco - Editado por Caio Pimenta","description":"O principal site de noticias de Alagoinhas e regi\u00e3o","inLanguage":"pt-BR","publisher":{"@id":"https:\/\/newsinfoco.com.br\/inicio\/#organization"}}]},"og:locale":"pt_BR","og:site_name":"News In Foco - Editado por Caio Pimenta - O principal site de noticias de Alagoinhas e regi\u00e3o","og:type":"article","og:title":"Com poss\u00edvel aus\u00eancia de Rui, Lavagem do Bonfim pode ser a 12\u00aa festa sem o governador - News In Foco - Editado por Caio Pimenta","og:description":"Com a prov\u00e1vel aus\u00eancia do governador Rui Costa (PT) na Lavagem do Bonfim deste ano, a celebra\u00e7\u00e3o religiosa pode ser a 12\u00aa festa popular baiana sem a presen\u00e7a do chefe do Pal\u00e1cio de Ondina desde que assumiu o posto em janeiro de 2015. H\u00e1 cinco anos, Rui Costa n\u00e3o compareceu \u00e0 Lavagem de Bonfim ap\u00f3s","og:url":"https:\/\/newsinfoco.com.br\/inicio\/com-possivel-ausencia-de-rui-lavagem-do-bonfim-pode-ser-a-12a-festa-sem-o-governador\/","article:published_time":"2020-01-14T22:31:05+00:00","article:modified_time":"2020-01-14T22:31:05+00:00","twitter:card":"summary_large_image","twitter:title":"Com poss\u00edvel aus\u00eancia de Rui, Lavagem do Bonfim pode ser a 12\u00aa festa sem o governador - News In Foco - Editado por Caio Pimenta","twitter:description":"Com a prov\u00e1vel aus\u00eancia do governador Rui Costa (PT) na Lavagem do Bonfim deste ano, a celebra\u00e7\u00e3o religiosa pode ser a 12\u00aa festa popular baiana sem a presen\u00e7a do chefe do Pal\u00e1cio de Ondina desde que assumiu o posto em janeiro de 2015. H\u00e1 cinco anos, Rui Costa n\u00e3o compareceu \u00e0 Lavagem de Bonfim ap\u00f3s"},"aioseo_meta_data":{"post_id":"19907","title":null,"description":null,"keywords":null,"keyphrases":null,"primary_term":null,"canonical_url":null,"og_title":null,"og_description":null,"og_object_type":"default","og_image_type":"default","og_image_url":null,"og_image_width":null,"og_image_height":null,"og_image_custom_url":null,"og_image_custom_fields":null,"og_video":null,"og_custom_url":null,"og_article_section":null,"og_article_tags":null,"twitter_use_og":false,"twitter_card":"default","twitter_image_type":"default","twitter_image_url":null,"twitter_image_custom_url":null,"twitter_image_custom_fields":null,"twitter_title":null,"twitter_description":null,"schema":{"blockGraphs":[],"customGraphs":[],"default":{"data":{"Article":[],"Course":[],"Dataset":[],"FAQPage":[],"Movie":[],"Person":[],"Product":[],"ProductReview":[],"Car":[],"Recipe":[],"Service":[],"SoftwareApplication":[],"WebPage":[]},"graphName":"","isEnabled":true},"graphs":[]},"schema_type":"default","schema_type_options":null,"pillar_content":false,"robots_default":true,"robots_noindex":false,"robots_noarchive":false,"robots_nosnippet":false,"robots_nofollow":false,"robots_noimageindex":false,"robots_noodp":false,"robots_notranslate":false,"robots_max_snippet":null,"robots_max_videopreview":null,"robots_max_imagepreview":"large","priority":null,"frequency":null,"local_seo":null,"breadcrumb_settings":null,"limit_modified_date":false,"ai":null,"created":"2023-06-12 15:58:11","updated":"2025-07-11 02:32:44","seo_analyzer_scan_date":null},"aioseo_breadcrumb":"<div class=\"aioseo-breadcrumbs\"><span class=\"aioseo-breadcrumb\">\n\t\t\t<a href=\"https:\/\/newsinfoco.com.br\/inicio\" title=\"In\u00edcio\">In\u00edcio<\/a>\n\t\t<\/span><span class=\"aioseo-breadcrumb-separator\">&raquo;<\/span><span class=\"aioseo-breadcrumb\">\n\t\t\t<a href=\"https:\/\/newsinfoco.com.br\/inicio\/category\/bahia\/\" title=\"Bahia\">Bahia<\/a>\n\t\t<\/span><span class=\"aioseo-breadcrumb-separator\">&raquo;<\/span><span class=\"aioseo-breadcrumb\">\n\t\t\tCom poss\u00edvel aus\u00eancia de Rui, Lavagem do Bonfim pode ser a 12\u00aa festa sem o governador\n\t\t<\/span><\/div>","aioseo_breadcrumb_json":[{"label":"In\u00edcio","link":"https:\/\/newsinfoco.com.br\/inicio"},{"label":"Bahia","link":"https:\/\/newsinfoco.com.br\/inicio\/category\/bahia\/"},{"label":"Com poss\u00edvel aus\u00eancia de Rui, Lavagem do Bonfim pode ser a 12\u00aa festa sem o governador","link":"https:\/\/newsinfoco.com.br\/inicio\/com-possivel-ausencia-de-rui-lavagem-do-bonfim-pode-ser-a-12a-festa-sem-o-governador\/"}],"_links":{"self":[{"href":"https:\/\/newsinfoco.com.br\/inicio\/wp-json\/wp\/v2\/posts\/19907","targetHints":{"allow":["GET"]}}],"collection":[{"href":"https:\/\/newsinfoco.com.br\/inicio\/wp-json\/wp\/v2\/posts"}],"about":[{"href":"https:\/\/newsinfoco.com.br\/inicio\/wp-json\/wp\/v2\/types\/post"}],"author":[{"embeddable":true,"href":"https:\/\/newsinfoco.com.br\/inicio\/wp-json\/wp\/v2\/users\/1"}],"replies":[{"embeddable":true,"href":"https:\/\/newsinfoco.com.br\/inicio\/wp-json\/wp\/v2\/comments?post=19907"}],"version-history":[{"count":0,"href":"https:\/\/newsinfoco.com.br\/inicio\/wp-json\/wp\/v2\/posts\/19907\/revisions"}],"wp:featuredmedia":[{"embeddable":true,"href":"https:\/\/newsinfoco.com.br\/inicio\/wp-json\/wp\/v2\/media\/19908"}],"wp:attachment":[{"href":"https:\/\/newsinfoco.com.br\/inicio\/wp-json\/wp\/v2\/media?parent=19907"}],"wp:term":[{"taxonomy":"category","embeddable":true,"href":"https:\/\/newsinfoco.com.br\/inicio\/wp-json\/wp\/v2\/categories?post=19907"},{"taxonomy":"post_tag","embeddable":true,"href":"https:\/\/newsinfoco.com.br\/inicio\/wp-json\/wp\/v2\/tags?post=19907"}],"curies":[{"name":"wp","href":"https:\/\/api.w.org\/{rel}","templated":true}]}}