{"id":1991,"date":"2018-04-02T21:16:19","date_gmt":"2018-04-03T00:16:19","guid":{"rendered":"http:\/\/newsinfoco.com.br\/?p=1991"},"modified":"2018-04-02T21:16:19","modified_gmt":"2018-04-03T00:16:19","slug":"saae-tem-novo-diretor-administrativo-e-novo-controlador-autarquico","status":"publish","type":"post","link":"https:\/\/newsinfoco.com.br\/inicio\/saae-tem-novo-diretor-administrativo-e-novo-controlador-autarquico\/","title":{"rendered":"SAAE tem novo diretor administrativo e novo controlador aut\u00e1rquico"},"content":{"rendered":"<p style=\"text-align: justify;\"><span style=\"color: #000000;\">A diretora geral do Servi\u00e7o Aut\u00f4nomo de \u00c1gua e Esgoto (SAAE) Alagoinhas, Maria das Gra\u00e7as Reis, realizou, na manh\u00e3 desta segunda-feira (2), uma reuni\u00e3o de transi\u00e7\u00e3o de dois cargos.<\/span><\/p>\n<p style=\"text-align: justify;\"><span style=\"color: #000000;\">Devido ao desligamento por vontade pr\u00f3pria e motivos pessoais de Nadja Ferreira de Lima, Francisco de Assis Alves, que at\u00e9 ent\u00e3o coordenava o Posto de Atendimento, passa a assumir a diretoria administrativa.<\/span><\/p><div class=\"newsi-conteudo_19\" id=\"newsi-110641560\"><a href=\"https:\/\/www.instagram.com\/prefeituraalagoinhas?igsh=YzgzdDJ1bWR3aWI4\" aria-label=\"SAVE_20251006_221555\"><img loading=\"lazy\" decoding=\"async\" src=\"https:\/\/newsinfoco.com.br\/inicio\/wp-content\/uploads\/2025\/10\/SAVE_20251006_221555-rotated.jpg\" alt=\"\"  srcset=\"https:\/\/newsinfoco.com.br\/inicio\/wp-content\/uploads\/2025\/10\/SAVE_20251006_221555-rotated.jpg 1140w, https:\/\/newsinfoco.com.br\/inicio\/wp-content\/uploads\/2025\/10\/SAVE_20251006_221555-300x52.jpg 300w, https:\/\/newsinfoco.com.br\/inicio\/wp-content\/uploads\/2025\/10\/SAVE_20251006_221555-1024x177.jpg 1024w, https:\/\/newsinfoco.com.br\/inicio\/wp-content\/uploads\/2025\/10\/SAVE_20251006_221555-768x133.jpg 768w, https:\/\/newsinfoco.com.br\/inicio\/wp-content\/uploads\/2025\/10\/SAVE_20251006_221555-600x104.jpg 600w, https:\/\/newsinfoco.com.br\/inicio\/wp-content\/uploads\/2025\/10\/SAVE_20251006_221555-696x120.jpg 696w, https:\/\/newsinfoco.com.br\/inicio\/wp-content\/uploads\/2025\/10\/SAVE_20251006_221555-1068x185.jpg 1068w\" sizes=\"(max-width: 1140px) 100vw, 1140px\" width=\"1140\" height=\"197\"   \/><\/a><\/div>\n<p style=\"text-align: justify;\"><span style=\"color: #000000;\">O servidor agradeceu a oportunidade e refor\u00e7ou seu compromisso em colaborar para o crescimento da autarquia.<\/span><\/p>\n<p style=\"text-align: justify;\"><span style=\"color: #000000;\">Marcelo Lopes dos Santos, por sua vez, membro da Comiss\u00e3o Permanente de Licita\u00e7\u00e3o (COPEL), agora assume o cargo de controlador aut\u00e1rquico, no lugar de Jos\u00e9 Torres, que volta a sua fun\u00e7\u00e3o de origem, agente administrativo, por escolha pessoal.<\/span><\/p>\n<p style=\"text-align: justify;\"><span style=\"color: #000000;\">Marcelo Lopes afirmou que seu trabalho ser\u00e1 pautado em princ\u00edpios que possibilitem a obten\u00e7\u00e3o de \u00eaxitos para o SAAE.<\/span><\/p>\n<p style=\"text-align: justify;\"><span style=\"color: #000000;\">Na ocasi\u00e3o, a diretora geral agradeceu a dedica\u00e7\u00e3o e o profissionalismo de Nadja Ferreira de Lima, enaltecendo sua colabora\u00e7\u00e3o \u00e0 hist\u00f3ria do SAAE, e ressaltou a confian\u00e7a que deposita no novo diretor administrativo e no novo controlador aut\u00e1rquico, \u201cpara dar continuidade \u00e0 presta\u00e7\u00e3o de um servi\u00e7o de qualidade \u00e0 popula\u00e7\u00e3o alagoinhense\u201d.<\/span><\/p>\n<p style=\"text-align: justify;\">\n<p style=\"text-align: justify;\"><span style=\"color: #000000;\"><strong>CONTATOS DE ATENDIMENTO AO USU\u00c1RIO<\/strong><\/span><\/p>\n<p style=\"text-align: justify;\"><span style=\"color: #000000;\"><strong>WhatsApp:<\/strong>\u00a0(75) 981804500<\/span><\/p>\n<p style=\"text-align: justify;\"><span style=\"color: #000000;\"><strong>Call Center:<\/strong>\u00a00800 702 7065<\/span><\/p>\n<p style=\"text-align: justify;\"><span style=\"color: #000000;\"><strong>Ouvidoria:<\/strong>\u00a0ouvidoria@alagoinhas.ba.gov.br<\/span><\/p>\n<h6 style=\"text-align: right;\"><span style=\"color: #999999;\">Fonte: SECOM SAAE<\/span><\/h6>\n<div style=\"text-align: justify;\" align=\"right\"><span style=\"color: #000000;\">\u00a0<\/span><\/div>\n<div class='share-to-whatsapp-wrapper'><div class='share-on-whsp'>Share on: <\/div><a data-text='SAAE tem novo diretor administrativo e novo controlador aut\u00e1rquico' data-link='https:\/\/newsinfoco.com.br\/inicio\/saae-tem-novo-diretor-administrativo-e-novo-controlador-autarquico\/' class='whatsapp-button whatsapp-share'>WhatsApp<\/a><div class='clear '><\/div><\/div>","protected":false},"excerpt":{"rendered":"<p>A diretora geral do Servi\u00e7o Aut\u00f4nomo de \u00c1gua e Esgoto (SAAE) Alagoinhas, Maria das Gra\u00e7as Reis, realizou, na manh\u00e3 desta segunda-feira (2), uma reuni\u00e3o de transi\u00e7\u00e3o de dois cargos. Devido ao desligamento por vontade pr\u00f3pria e motivos pessoais de Nadja Ferreira de Lima, Francisco de Assis Alves, que at\u00e9 ent\u00e3o coordenava o Posto de Atendimento, [&hellip;]<\/p>\n","protected":false},"author":1,"featured_media":203,"comment_status":"open","ping_status":"open","sticky":false,"template":"","format":"standard","meta":{"om_disable_all_campaigns":false,"_exactmetrics_skip_tracking":false,"_exactmetrics_sitenote_active":false,"_exactmetrics_sitenote_note":"","_exactmetrics_sitenote_category":0,"footnotes":""},"categories":[38,30],"tags":[53,54,55],"class_list":["post-1991","post","type-post","status-publish","format-standard","has-post-thumbnail","hentry","category-alagoinhas-e-regiao","category-destaque","tag-alagoinhas","tag-prefeitura","tag-saae"],"aioseo_notices":[],"_links":{"self":[{"href":"https:\/\/newsinfoco.com.br\/inicio\/wp-json\/wp\/v2\/posts\/1991","targetHints":{"allow":["GET"]}}],"collection":[{"href":"https:\/\/newsinfoco.com.br\/inicio\/wp-json\/wp\/v2\/posts"}],"about":[{"href":"https:\/\/newsinfoco.com.br\/inicio\/wp-json\/wp\/v2\/types\/post"}],"author":[{"embeddable":true,"href":"https:\/\/newsinfoco.com.br\/inicio\/wp-json\/wp\/v2\/users\/1"}],"replies":[{"embeddable":true,"href":"https:\/\/newsinfoco.com.br\/inicio\/wp-json\/wp\/v2\/comments?post=1991"}],"version-history":[{"count":0,"href":"https:\/\/newsinfoco.com.br\/inicio\/wp-json\/wp\/v2\/posts\/1991\/revisions"}],"wp:featuredmedia":[{"embeddable":true,"href":"https:\/\/newsinfoco.com.br\/inicio\/wp-json\/wp\/v2\/media\/203"}],"wp:attachment":[{"href":"https:\/\/newsinfoco.com.br\/inicio\/wp-json\/wp\/v2\/media?parent=1991"}],"wp:term":[{"taxonomy":"category","embeddable":true,"href":"https:\/\/newsinfoco.com.br\/inicio\/wp-json\/wp\/v2\/categories?post=1991"},{"taxonomy":"post_tag","embeddable":true,"href":"https:\/\/newsinfoco.com.br\/inicio\/wp-json\/wp\/v2\/tags?post=1991"}],"curies":[{"name":"wp","href":"https:\/\/api.w.org\/{rel}","templated":true}]}}