{"id":19925,"date":"2020-01-17T10:34:00","date_gmt":"2020-01-17T13:34:00","guid":{"rendered":"http:\/\/newsinfoco.com.br\/?p=19925"},"modified":"2020-01-17T10:34:00","modified_gmt":"2020-01-17T13:34:00","slug":"fux-pode-suspender-juiz-de-garantias-a-partir-do-dia-20-de-janeiro","status":"publish","type":"post","link":"https:\/\/newsinfoco.com.br\/inicio\/fux-pode-suspender-juiz-de-garantias-a-partir-do-dia-20-de-janeiro\/","title":{"rendered":"Fux pode suspender juiz de garantias a partir do dia 20 de janeiro"},"content":{"rendered":"<p style=\"text-align: justify;\">A decis\u00e3o do presidente do Supremo Tribunal Federal (STF), Dias Toffoli, de adiar por seis meses a aplica\u00e7\u00e3o da regra do juiz de garantias n\u00e3o deve colocar ponto final na discuss\u00e3o, informa reportagem do jornal O Globo.<\/p>\n<p style=\"text-align: justify;\">Toffoli tomou a decis\u00e3o no recesso da Corte, quando apenas causas urgentes s\u00e3o julgadas. A partir do dia 20, o vice-presidente, Luiz Fux, assumir\u00e1 o plant\u00e3o. A interlocutores, ele j\u00e1 disse que \u00e9 contra a norma. A expectativa \u00e9 que, no comando do tribunal, ele tome nova decis\u00e3o \u2014suspenda apenas, por exemplo, a validade da regra, sem estipular prazo.<\/p>\n<p style=\"text-align: justify;\">Antes de decidir, Toffoli telefonou para Fux para conversar sobre o assunto. O presidente sabe que seu vice \u00e9 contra a regra do juiz de garantias. Ainda assim, concedeu uma liminar considerando a norma constitucional e adiando a data de aplica\u00e7\u00e3o. Essa decis\u00e3o pode melindrar a rela\u00e7\u00e3o entre os dois, na avalia\u00e7\u00e3o de um ministro ouvido reservadamente pelo\u00a0Globo.<\/p>\n<div class='share-to-whatsapp-wrapper'><div class='share-on-whsp'>Share on: <\/div><a data-text='Fux pode suspender juiz de garantias a partir do dia 20 de janeiro' data-link='https:\/\/newsinfoco.com.br\/inicio\/fux-pode-suspender-juiz-de-garantias-a-partir-do-dia-20-de-janeiro\/' class='whatsapp-button whatsapp-share'>WhatsApp<\/a><div class='clear '><\/div><\/div>","protected":false},"excerpt":{"rendered":"<p>A decis\u00e3o do presidente do Supremo Tribunal Federal (STF), Dias Toffoli, de adiar por seis meses a aplica\u00e7\u00e3o da regra do juiz de garantias n\u00e3o deve colocar ponto final na discuss\u00e3o, informa reportagem do jornal O Globo. Toffoli tomou a decis\u00e3o no recesso da Corte, quando apenas causas urgentes s\u00e3o julgadas. A partir do dia [&hellip;]<\/p>\n","protected":false},"author":1,"featured_media":15927,"comment_status":"open","ping_status":"open","sticky":false,"template":"","format":"standard","meta":{"om_disable_all_campaigns":false,"rop_custom_images_group":[],"rop_custom_messages_group":[],"rop_publish_now":"initial","rop_publish_now_accounts":[],"rop_publish_now_history":[],"rop_publish_now_status":"pending","_exactmetrics_skip_tracking":false,"footnotes":""},"categories":[21],"tags":[],"class_list":["post-19925","post","type-post","status-publish","format-standard","has-post-thumbnail","hentry","category-brasil"],"aioseo_notices":[],"aioseo_head":"\n\t\t<!-- All in One SEO 4.9.10 - aioseo.com -->\n\t<meta name=\"description\" content=\"A decis\u00e3o do presidente do Supremo Tribunal Federal (STF), Dias Toffoli, de adiar por seis meses a aplica\u00e7\u00e3o da regra do juiz de garantias n\u00e3o deve colocar ponto final na discuss\u00e3o, informa reportagem do jornal O Globo. Toffoli tomou a decis\u00e3o no recesso da Corte, quando apenas causas urgentes s\u00e3o julgadas. A partir do dia\" \/>\n\t<meta name=\"robots\" content=\"max-image-preview:large\" \/>\n\t<meta name=\"author\" content=\"administrador\"\/>\n\t<link rel=\"canonical\" href=\"https:\/\/newsinfoco.com.br\/inicio\/fux-pode-suspender-juiz-de-garantias-a-partir-do-dia-20-de-janeiro\/\" \/>\n\t<meta name=\"generator\" content=\"All in One SEO (AIOSEO) 4.9.10\" \/>\n\t\t<meta property=\"og:locale\" content=\"pt_BR\" \/>\n\t\t<meta property=\"og:site_name\" content=\"News In Foco - Editado por Caio Pimenta - O principal site de noticias de Alagoinhas e regi\u00e3o\" \/>\n\t\t<meta property=\"og:type\" content=\"article\" \/>\n\t\t<meta property=\"og:title\" content=\"Fux pode suspender juiz de garantias a partir do dia 20 de janeiro - News In Foco - Editado por Caio Pimenta\" \/>\n\t\t<meta property=\"og:description\" content=\"A decis\u00e3o do presidente do Supremo Tribunal Federal (STF), Dias Toffoli, de adiar por seis meses a aplica\u00e7\u00e3o da regra do juiz de garantias n\u00e3o deve colocar ponto final na discuss\u00e3o, informa reportagem do jornal O Globo. Toffoli tomou a decis\u00e3o no recesso da Corte, quando apenas causas urgentes s\u00e3o julgadas. A partir do dia\" \/>\n\t\t<meta property=\"og:url\" content=\"https:\/\/newsinfoco.com.br\/inicio\/fux-pode-suspender-juiz-de-garantias-a-partir-do-dia-20-de-janeiro\/\" \/>\n\t\t<meta property=\"article:published_time\" content=\"2020-01-17T13:34:00+00:00\" \/>\n\t\t<meta property=\"article:modified_time\" content=\"2020-01-17T13:34:00+00:00\" \/>\n\t\t<meta name=\"twitter:card\" content=\"summary_large_image\" \/>\n\t\t<meta name=\"twitter:title\" content=\"Fux pode suspender juiz de garantias a partir do dia 20 de janeiro - News In Foco - Editado por Caio Pimenta\" \/>\n\t\t<meta name=\"twitter:description\" content=\"A decis\u00e3o do presidente do Supremo Tribunal Federal (STF), Dias Toffoli, de adiar por seis meses a aplica\u00e7\u00e3o da regra do juiz de garantias n\u00e3o deve colocar ponto final na discuss\u00e3o, informa reportagem do jornal O Globo. Toffoli tomou a decis\u00e3o no recesso da Corte, quando apenas causas urgentes s\u00e3o julgadas. A partir do dia\" \/>\n\t\t<script type=\"application\/ld+json\" class=\"aioseo-schema\">\n\t\t\t{\"@context\":\"https:\\\/\\\/schema.org\",\"@graph\":[{\"@type\":\"BlogPosting\",\"@id\":\"https:\\\/\\\/newsinfoco.com.br\\\/inicio\\\/fux-pode-suspender-juiz-de-garantias-a-partir-do-dia-20-de-janeiro\\\/#blogposting\",\"name\":\"Fux pode suspender juiz de garantias a partir do dia 20 de janeiro - News In Foco - Editado por Caio Pimenta\",\"headline\":\"Fux pode suspender juiz de garantias a partir do dia 20 de janeiro\",\"author\":{\"@id\":\"https:\\\/\\\/newsinfoco.com.br\\\/inicio\\\/author\\\/administrador\\\/#author\"},\"publisher\":{\"@id\":\"https:\\\/\\\/newsinfoco.com.br\\\/inicio\\\/#organization\"},\"image\":{\"@type\":\"ImageObject\",\"url\":\"https:\\\/\\\/newsinfoco.com.br\\\/inicio\\\/wp-content\\\/uploads\\\/2019\\\/08\\\/LuizFux.jpg\",\"width\":600,\"height\":420},\"datePublished\":\"2020-01-17T10:34:00-03:00\",\"dateModified\":\"2020-01-17T10:34:00-03:00\",\"inLanguage\":\"pt-BR\",\"mainEntityOfPage\":{\"@id\":\"https:\\\/\\\/newsinfoco.com.br\\\/inicio\\\/fux-pode-suspender-juiz-de-garantias-a-partir-do-dia-20-de-janeiro\\\/#webpage\"},\"isPartOf\":{\"@id\":\"https:\\\/\\\/newsinfoco.com.br\\\/inicio\\\/fux-pode-suspender-juiz-de-garantias-a-partir-do-dia-20-de-janeiro\\\/#webpage\"},\"articleSection\":\"Brasil\"},{\"@type\":\"BreadcrumbList\",\"@id\":\"https:\\\/\\\/newsinfoco.com.br\\\/inicio\\\/fux-pode-suspender-juiz-de-garantias-a-partir-do-dia-20-de-janeiro\\\/#breadcrumblist\",\"itemListElement\":[{\"@type\":\"ListItem\",\"@id\":\"https:\\\/\\\/newsinfoco.com.br\\\/inicio#listItem\",\"position\":1,\"name\":\"In\\u00edcio\",\"item\":\"https:\\\/\\\/newsinfoco.com.br\\\/inicio\",\"nextItem\":{\"@type\":\"ListItem\",\"@id\":\"https:\\\/\\\/newsinfoco.com.br\\\/inicio\\\/category\\\/brasil\\\/#listItem\",\"name\":\"Brasil\"}},{\"@type\":\"ListItem\",\"@id\":\"https:\\\/\\\/newsinfoco.com.br\\\/inicio\\\/category\\\/brasil\\\/#listItem\",\"position\":2,\"name\":\"Brasil\",\"item\":\"https:\\\/\\\/newsinfoco.com.br\\\/inicio\\\/category\\\/brasil\\\/\",\"nextItem\":{\"@type\":\"ListItem\",\"@id\":\"https:\\\/\\\/newsinfoco.com.br\\\/inicio\\\/fux-pode-suspender-juiz-de-garantias-a-partir-do-dia-20-de-janeiro\\\/#listItem\",\"name\":\"Fux pode suspender juiz de garantias a partir do dia 20 de janeiro\"},\"previousItem\":{\"@type\":\"ListItem\",\"@id\":\"https:\\\/\\\/newsinfoco.com.br\\\/inicio#listItem\",\"name\":\"In\\u00edcio\"}},{\"@type\":\"ListItem\",\"@id\":\"https:\\\/\\\/newsinfoco.com.br\\\/inicio\\\/fux-pode-suspender-juiz-de-garantias-a-partir-do-dia-20-de-janeiro\\\/#listItem\",\"position\":3,\"name\":\"Fux pode suspender juiz de garantias a partir do dia 20 de janeiro\",\"previousItem\":{\"@type\":\"ListItem\",\"@id\":\"https:\\\/\\\/newsinfoco.com.br\\\/inicio\\\/category\\\/brasil\\\/#listItem\",\"name\":\"Brasil\"}}]},{\"@type\":\"Organization\",\"@id\":\"https:\\\/\\\/newsinfoco.com.br\\\/inicio\\\/#organization\",\"name\":\"News In Foco - Editado por Caio Pimenta\",\"description\":\"O principal site de noticias de Alagoinhas e regi\\u00e3o\",\"url\":\"https:\\\/\\\/newsinfoco.com.br\\\/inicio\\\/\"},{\"@type\":\"Person\",\"@id\":\"https:\\\/\\\/newsinfoco.com.br\\\/inicio\\\/author\\\/administrador\\\/#author\",\"url\":\"https:\\\/\\\/newsinfoco.com.br\\\/inicio\\\/author\\\/administrador\\\/\",\"name\":\"administrador\",\"image\":{\"@type\":\"ImageObject\",\"@id\":\"https:\\\/\\\/newsinfoco.com.br\\\/inicio\\\/fux-pode-suspender-juiz-de-garantias-a-partir-do-dia-20-de-janeiro\\\/#authorImage\",\"url\":\"https:\\\/\\\/secure.gravatar.com\\\/avatar\\\/c17a617433de8c1dc9584bb79aab7563b46f5bb7e1728c9b17d9cc3ce6a08e49?s=96&d=mm&r=g\",\"width\":96,\"height\":96,\"caption\":\"administrador\"}},{\"@type\":\"WebPage\",\"@id\":\"https:\\\/\\\/newsinfoco.com.br\\\/inicio\\\/fux-pode-suspender-juiz-de-garantias-a-partir-do-dia-20-de-janeiro\\\/#webpage\",\"url\":\"https:\\\/\\\/newsinfoco.com.br\\\/inicio\\\/fux-pode-suspender-juiz-de-garantias-a-partir-do-dia-20-de-janeiro\\\/\",\"name\":\"Fux pode suspender juiz de garantias a partir do dia 20 de janeiro - News In Foco - Editado por Caio Pimenta\",\"description\":\"A decis\\u00e3o do presidente do Supremo Tribunal Federal (STF), Dias Toffoli, de adiar por seis meses a aplica\\u00e7\\u00e3o da regra do juiz de garantias n\\u00e3o deve colocar ponto final na discuss\\u00e3o, informa reportagem do jornal O Globo. Toffoli tomou a decis\\u00e3o no recesso da Corte, quando apenas causas urgentes s\\u00e3o julgadas. A partir do dia\",\"inLanguage\":\"pt-BR\",\"isPartOf\":{\"@id\":\"https:\\\/\\\/newsinfoco.com.br\\\/inicio\\\/#website\"},\"breadcrumb\":{\"@id\":\"https:\\\/\\\/newsinfoco.com.br\\\/inicio\\\/fux-pode-suspender-juiz-de-garantias-a-partir-do-dia-20-de-janeiro\\\/#breadcrumblist\"},\"author\":{\"@id\":\"https:\\\/\\\/newsinfoco.com.br\\\/inicio\\\/author\\\/administrador\\\/#author\"},\"creator\":{\"@id\":\"https:\\\/\\\/newsinfoco.com.br\\\/inicio\\\/author\\\/administrador\\\/#author\"},\"image\":{\"@type\":\"ImageObject\",\"url\":\"https:\\\/\\\/newsinfoco.com.br\\\/inicio\\\/wp-content\\\/uploads\\\/2019\\\/08\\\/LuizFux.jpg\",\"@id\":\"https:\\\/\\\/newsinfoco.com.br\\\/inicio\\\/fux-pode-suspender-juiz-de-garantias-a-partir-do-dia-20-de-janeiro\\\/#mainImage\",\"width\":600,\"height\":420},\"primaryImageOfPage\":{\"@id\":\"https:\\\/\\\/newsinfoco.com.br\\\/inicio\\\/fux-pode-suspender-juiz-de-garantias-a-partir-do-dia-20-de-janeiro\\\/#mainImage\"},\"datePublished\":\"2020-01-17T10:34:00-03:00\",\"dateModified\":\"2020-01-17T10:34:00-03:00\"},{\"@type\":\"WebSite\",\"@id\":\"https:\\\/\\\/newsinfoco.com.br\\\/inicio\\\/#website\",\"url\":\"https:\\\/\\\/newsinfoco.com.br\\\/inicio\\\/\",\"name\":\"News In Foco - Editado por Caio Pimenta\",\"description\":\"O principal site de noticias de Alagoinhas e regi\\u00e3o\",\"inLanguage\":\"pt-BR\",\"publisher\":{\"@id\":\"https:\\\/\\\/newsinfoco.com.br\\\/inicio\\\/#organization\"}}]}\n\t\t<\/script>\n\t\t<!-- All in One SEO -->\n\n","aioseo_head_json":{"title":"Fux pode suspender juiz de garantias a partir do dia 20 de janeiro - News In Foco - Editado por Caio Pimenta","description":"A decis\u00e3o do presidente do Supremo Tribunal Federal (STF), Dias Toffoli, de adiar por seis meses a aplica\u00e7\u00e3o da regra do juiz de garantias n\u00e3o deve colocar ponto final na discuss\u00e3o, informa reportagem do jornal O Globo. Toffoli tomou a decis\u00e3o no recesso da Corte, quando apenas causas urgentes s\u00e3o julgadas. A partir do dia","canonical_url":"https:\/\/newsinfoco.com.br\/inicio\/fux-pode-suspender-juiz-de-garantias-a-partir-do-dia-20-de-janeiro\/","robots":"max-image-preview:large","keywords":"","webmasterTools":{"miscellaneous":""},"schema":{"@context":"https:\/\/schema.org","@graph":[{"@type":"BlogPosting","@id":"https:\/\/newsinfoco.com.br\/inicio\/fux-pode-suspender-juiz-de-garantias-a-partir-do-dia-20-de-janeiro\/#blogposting","name":"Fux pode suspender juiz de garantias a partir do dia 20 de janeiro - News In Foco - Editado por Caio Pimenta","headline":"Fux pode suspender juiz de garantias a partir do dia 20 de janeiro","author":{"@id":"https:\/\/newsinfoco.com.br\/inicio\/author\/administrador\/#author"},"publisher":{"@id":"https:\/\/newsinfoco.com.br\/inicio\/#organization"},"image":{"@type":"ImageObject","url":"https:\/\/newsinfoco.com.br\/inicio\/wp-content\/uploads\/2019\/08\/LuizFux.jpg","width":600,"height":420},"datePublished":"2020-01-17T10:34:00-03:00","dateModified":"2020-01-17T10:34:00-03:00","inLanguage":"pt-BR","mainEntityOfPage":{"@id":"https:\/\/newsinfoco.com.br\/inicio\/fux-pode-suspender-juiz-de-garantias-a-partir-do-dia-20-de-janeiro\/#webpage"},"isPartOf":{"@id":"https:\/\/newsinfoco.com.br\/inicio\/fux-pode-suspender-juiz-de-garantias-a-partir-do-dia-20-de-janeiro\/#webpage"},"articleSection":"Brasil"},{"@type":"BreadcrumbList","@id":"https:\/\/newsinfoco.com.br\/inicio\/fux-pode-suspender-juiz-de-garantias-a-partir-do-dia-20-de-janeiro\/#breadcrumblist","itemListElement":[{"@type":"ListItem","@id":"https:\/\/newsinfoco.com.br\/inicio#listItem","position":1,"name":"In\u00edcio","item":"https:\/\/newsinfoco.com.br\/inicio","nextItem":{"@type":"ListItem","@id":"https:\/\/newsinfoco.com.br\/inicio\/category\/brasil\/#listItem","name":"Brasil"}},{"@type":"ListItem","@id":"https:\/\/newsinfoco.com.br\/inicio\/category\/brasil\/#listItem","position":2,"name":"Brasil","item":"https:\/\/newsinfoco.com.br\/inicio\/category\/brasil\/","nextItem":{"@type":"ListItem","@id":"https:\/\/newsinfoco.com.br\/inicio\/fux-pode-suspender-juiz-de-garantias-a-partir-do-dia-20-de-janeiro\/#listItem","name":"Fux pode suspender juiz de garantias a partir do dia 20 de janeiro"},"previousItem":{"@type":"ListItem","@id":"https:\/\/newsinfoco.com.br\/inicio#listItem","name":"In\u00edcio"}},{"@type":"ListItem","@id":"https:\/\/newsinfoco.com.br\/inicio\/fux-pode-suspender-juiz-de-garantias-a-partir-do-dia-20-de-janeiro\/#listItem","position":3,"name":"Fux pode suspender juiz de garantias a partir do dia 20 de janeiro","previousItem":{"@type":"ListItem","@id":"https:\/\/newsinfoco.com.br\/inicio\/category\/brasil\/#listItem","name":"Brasil"}}]},{"@type":"Organization","@id":"https:\/\/newsinfoco.com.br\/inicio\/#organization","name":"News In Foco - Editado por Caio Pimenta","description":"O principal site de noticias de Alagoinhas e regi\u00e3o","url":"https:\/\/newsinfoco.com.br\/inicio\/"},{"@type":"Person","@id":"https:\/\/newsinfoco.com.br\/inicio\/author\/administrador\/#author","url":"https:\/\/newsinfoco.com.br\/inicio\/author\/administrador\/","name":"administrador","image":{"@type":"ImageObject","@id":"https:\/\/newsinfoco.com.br\/inicio\/fux-pode-suspender-juiz-de-garantias-a-partir-do-dia-20-de-janeiro\/#authorImage","url":"https:\/\/secure.gravatar.com\/avatar\/c17a617433de8c1dc9584bb79aab7563b46f5bb7e1728c9b17d9cc3ce6a08e49?s=96&d=mm&r=g","width":96,"height":96,"caption":"administrador"}},{"@type":"WebPage","@id":"https:\/\/newsinfoco.com.br\/inicio\/fux-pode-suspender-juiz-de-garantias-a-partir-do-dia-20-de-janeiro\/#webpage","url":"https:\/\/newsinfoco.com.br\/inicio\/fux-pode-suspender-juiz-de-garantias-a-partir-do-dia-20-de-janeiro\/","name":"Fux pode suspender juiz de garantias a partir do dia 20 de janeiro - News In Foco - Editado por Caio Pimenta","description":"A decis\u00e3o do presidente do Supremo Tribunal Federal (STF), Dias Toffoli, de adiar por seis meses a aplica\u00e7\u00e3o da regra do juiz de garantias n\u00e3o deve colocar ponto final na discuss\u00e3o, informa reportagem do jornal O Globo. Toffoli tomou a decis\u00e3o no recesso da Corte, quando apenas causas urgentes s\u00e3o julgadas. A partir do dia","inLanguage":"pt-BR","isPartOf":{"@id":"https:\/\/newsinfoco.com.br\/inicio\/#website"},"breadcrumb":{"@id":"https:\/\/newsinfoco.com.br\/inicio\/fux-pode-suspender-juiz-de-garantias-a-partir-do-dia-20-de-janeiro\/#breadcrumblist"},"author":{"@id":"https:\/\/newsinfoco.com.br\/inicio\/author\/administrador\/#author"},"creator":{"@id":"https:\/\/newsinfoco.com.br\/inicio\/author\/administrador\/#author"},"image":{"@type":"ImageObject","url":"https:\/\/newsinfoco.com.br\/inicio\/wp-content\/uploads\/2019\/08\/LuizFux.jpg","@id":"https:\/\/newsinfoco.com.br\/inicio\/fux-pode-suspender-juiz-de-garantias-a-partir-do-dia-20-de-janeiro\/#mainImage","width":600,"height":420},"primaryImageOfPage":{"@id":"https:\/\/newsinfoco.com.br\/inicio\/fux-pode-suspender-juiz-de-garantias-a-partir-do-dia-20-de-janeiro\/#mainImage"},"datePublished":"2020-01-17T10:34:00-03:00","dateModified":"2020-01-17T10:34:00-03:00"},{"@type":"WebSite","@id":"https:\/\/newsinfoco.com.br\/inicio\/#website","url":"https:\/\/newsinfoco.com.br\/inicio\/","name":"News In Foco - Editado por Caio Pimenta","description":"O principal site de noticias de Alagoinhas e regi\u00e3o","inLanguage":"pt-BR","publisher":{"@id":"https:\/\/newsinfoco.com.br\/inicio\/#organization"}}]},"og:locale":"pt_BR","og:site_name":"News In Foco - Editado por Caio Pimenta - O principal site de noticias de Alagoinhas e regi\u00e3o","og:type":"article","og:title":"Fux pode suspender juiz de garantias a partir do dia 20 de janeiro - News In Foco - Editado por Caio Pimenta","og:description":"A decis\u00e3o do presidente do Supremo Tribunal Federal (STF), Dias Toffoli, de adiar por seis meses a aplica\u00e7\u00e3o da regra do juiz de garantias n\u00e3o deve colocar ponto final na discuss\u00e3o, informa reportagem do jornal O Globo. Toffoli tomou a decis\u00e3o no recesso da Corte, quando apenas causas urgentes s\u00e3o julgadas. A partir do dia","og:url":"https:\/\/newsinfoco.com.br\/inicio\/fux-pode-suspender-juiz-de-garantias-a-partir-do-dia-20-de-janeiro\/","article:published_time":"2020-01-17T13:34:00+00:00","article:modified_time":"2020-01-17T13:34:00+00:00","twitter:card":"summary_large_image","twitter:title":"Fux pode suspender juiz de garantias a partir do dia 20 de janeiro - News In Foco - Editado por Caio Pimenta","twitter:description":"A decis\u00e3o do presidente do Supremo Tribunal Federal (STF), Dias Toffoli, de adiar por seis meses a aplica\u00e7\u00e3o da regra do juiz de garantias n\u00e3o deve colocar ponto final na discuss\u00e3o, informa reportagem do jornal O Globo. Toffoli tomou a decis\u00e3o no recesso da Corte, quando apenas causas urgentes s\u00e3o julgadas. A partir do dia"},"aioseo_meta_data":{"post_id":"19925","title":null,"description":null,"keywords":null,"keyphrases":null,"primary_term":null,"canonical_url":null,"og_title":null,"og_description":null,"og_object_type":"default","og_image_type":"default","og_image_url":null,"og_image_width":null,"og_image_height":null,"og_image_custom_url":null,"og_image_custom_fields":null,"og_video":null,"og_custom_url":null,"og_article_section":null,"og_article_tags":null,"twitter_use_og":false,"twitter_card":"default","twitter_image_type":"default","twitter_image_url":null,"twitter_image_custom_url":null,"twitter_image_custom_fields":null,"twitter_title":null,"twitter_description":null,"schema":{"blockGraphs":[],"customGraphs":[],"default":{"data":{"Article":[],"Course":[],"Dataset":[],"FAQPage":[],"Movie":[],"Person":[],"Product":[],"ProductReview":[],"Car":[],"Recipe":[],"Service":[],"SoftwareApplication":[],"WebPage":[]},"graphName":"","isEnabled":true},"graphs":[]},"schema_type":"default","schema_type_options":null,"pillar_content":false,"robots_default":true,"robots_noindex":false,"robots_noarchive":false,"robots_nosnippet":false,"robots_nofollow":false,"robots_noimageindex":false,"robots_noodp":false,"robots_notranslate":false,"robots_max_snippet":null,"robots_max_videopreview":null,"robots_max_imagepreview":"large","priority":null,"frequency":null,"local_seo":null,"breadcrumb_settings":null,"limit_modified_date":false,"ai":null,"created":"2023-06-12 15:58:49","updated":"2025-07-11 02:33:44","seo_analyzer_scan_date":null},"aioseo_breadcrumb":"<div class=\"aioseo-breadcrumbs\"><span class=\"aioseo-breadcrumb\">\n\t\t\t<a href=\"https:\/\/newsinfoco.com.br\/inicio\" title=\"In\u00edcio\">In\u00edcio<\/a>\n\t\t<\/span><span class=\"aioseo-breadcrumb-separator\">&raquo;<\/span><span class=\"aioseo-breadcrumb\">\n\t\t\t<a href=\"https:\/\/newsinfoco.com.br\/inicio\/category\/brasil\/\" title=\"Brasil\">Brasil<\/a>\n\t\t<\/span><span class=\"aioseo-breadcrumb-separator\">&raquo;<\/span><span class=\"aioseo-breadcrumb\">\n\t\t\tFux pode suspender juiz de garantias a partir do dia 20 de janeiro\n\t\t<\/span><\/div>","aioseo_breadcrumb_json":[{"label":"In\u00edcio","link":"https:\/\/newsinfoco.com.br\/inicio"},{"label":"Brasil","link":"https:\/\/newsinfoco.com.br\/inicio\/category\/brasil\/"},{"label":"Fux pode suspender juiz de garantias a partir do dia 20 de janeiro","link":"https:\/\/newsinfoco.com.br\/inicio\/fux-pode-suspender-juiz-de-garantias-a-partir-do-dia-20-de-janeiro\/"}],"_links":{"self":[{"href":"https:\/\/newsinfoco.com.br\/inicio\/wp-json\/wp\/v2\/posts\/19925","targetHints":{"allow":["GET"]}}],"collection":[{"href":"https:\/\/newsinfoco.com.br\/inicio\/wp-json\/wp\/v2\/posts"}],"about":[{"href":"https:\/\/newsinfoco.com.br\/inicio\/wp-json\/wp\/v2\/types\/post"}],"author":[{"embeddable":true,"href":"https:\/\/newsinfoco.com.br\/inicio\/wp-json\/wp\/v2\/users\/1"}],"replies":[{"embeddable":true,"href":"https:\/\/newsinfoco.com.br\/inicio\/wp-json\/wp\/v2\/comments?post=19925"}],"version-history":[{"count":0,"href":"https:\/\/newsinfoco.com.br\/inicio\/wp-json\/wp\/v2\/posts\/19925\/revisions"}],"wp:featuredmedia":[{"embeddable":true,"href":"https:\/\/newsinfoco.com.br\/inicio\/wp-json\/wp\/v2\/media\/15927"}],"wp:attachment":[{"href":"https:\/\/newsinfoco.com.br\/inicio\/wp-json\/wp\/v2\/media?parent=19925"}],"wp:term":[{"taxonomy":"category","embeddable":true,"href":"https:\/\/newsinfoco.com.br\/inicio\/wp-json\/wp\/v2\/categories?post=19925"},{"taxonomy":"post_tag","embeddable":true,"href":"https:\/\/newsinfoco.com.br\/inicio\/wp-json\/wp\/v2\/tags?post=19925"}],"curies":[{"name":"wp","href":"https:\/\/api.w.org\/{rel}","templated":true}]}}