{"id":19930,"date":"2020-01-17T10:45:07","date_gmt":"2020-01-17T13:45:07","guid":{"rendered":"http:\/\/newsinfoco.com.br\/?p=19930"},"modified":"2020-01-17T10:45:07","modified_gmt":"2020-01-17T13:45:07","slug":"tiraram-meu-mandato-mas-eu-estou-no-oscar-comemora-caetano","status":"publish","type":"post","link":"https:\/\/newsinfoco.com.br\/inicio\/tiraram-meu-mandato-mas-eu-estou-no-oscar-comemora-caetano\/","title":{"rendered":"\u2018Tiraram meu mandato, mas eu estou no Oscar\u2019, comemora Caetano"},"content":{"rendered":"<p style=\"text-align: justify;\">Impedido de disputar as pr\u00f3ximas elei\u00e7\u00f5es, o ex-deputado federal Luiz Caetano (PT) comemorou a indica\u00e7\u00e3o do document\u00e1rio Democracia em Vertigem ao Oscar deste ano.<\/p>\n<p style=\"text-align: justify;\">Em uma transmiss\u00e3o ao vivo nas suas redes sociais, na \u00faltima quarta (15), Caetano, que por ser considerado Ficha Suja foi impedido tamb\u00e9m de assumir o mandato de deputado no ano passado, afirmou que aparece em diversos momentos no filme.<\/p>\n<p style=\"text-align: justify;\">\u201cCassaram nosso mandato, roubaram o mandato popular. [Mas] Estou no Oscar. O Brasil foi indicado ao Oscar com Democracia em Vertigem, que mostra o processo de impeachment de Dilma Rousseff\u201d, festejou. \u201cV\u00e1rias vezes eu participo desse document\u00e1rio, eu estou no Oscar. Tiraram meu mandato, mas eu estou no Oscar\u201d.<\/p>\n<p style=\"text-align: justify;\">Por estar ineleg\u00edvel, o petista quer lan\u00e7ar sua esposa, Ivoneide Caetano, para disputar a Prefeitura de Cama\u00e7ari neste ano contra o atual prefeito, Antonio Elinaldo (DEM), que o derrotou no \u00faltimo pleito.<\/p>\n<div class='share-to-whatsapp-wrapper'><div class='share-on-whsp'>Share on: <\/div><a data-text='\u2018Tiraram meu mandato, mas eu estou no Oscar\u2019, comemora Caetano' data-link='https:\/\/newsinfoco.com.br\/inicio\/tiraram-meu-mandato-mas-eu-estou-no-oscar-comemora-caetano\/' class='whatsapp-button whatsapp-share'>WhatsApp<\/a><div class='clear '><\/div><\/div>","protected":false},"excerpt":{"rendered":"<p>Impedido de disputar as pr\u00f3ximas elei\u00e7\u00f5es, o ex-deputado federal Luiz Caetano (PT) comemorou a indica\u00e7\u00e3o do document\u00e1rio Democracia em Vertigem ao Oscar deste ano. Em uma transmiss\u00e3o ao vivo nas suas redes sociais, na \u00faltima quarta (15), Caetano, que por ser considerado Ficha Suja foi impedido tamb\u00e9m de assumir o mandato de deputado no ano [&hellip;]<\/p>\n","protected":false},"author":1,"featured_media":10409,"comment_status":"open","ping_status":"open","sticky":false,"template":"","format":"standard","meta":{"om_disable_all_campaigns":false,"rop_custom_images_group":[],"rop_custom_messages_group":[],"rop_publish_now":"initial","rop_publish_now_accounts":[],"rop_publish_now_history":[],"rop_publish_now_status":"pending","_exactmetrics_skip_tracking":false,"footnotes":""},"categories":[19],"tags":[],"class_list":["post-19930","post","type-post","status-publish","format-standard","has-post-thumbnail","hentry","category-bahia"],"aioseo_notices":[],"aioseo_head":"\n\t\t<!-- All in One SEO 4.9.10 - aioseo.com -->\n\t<meta name=\"description\" content=\"Impedido de disputar as pr\u00f3ximas elei\u00e7\u00f5es, o ex-deputado federal Luiz Caetano (PT) comemorou a indica\u00e7\u00e3o do document\u00e1rio Democracia em Vertigem ao Oscar deste ano. Em uma transmiss\u00e3o ao vivo nas suas redes sociais, na \u00faltima quarta (15), Caetano, que por ser considerado Ficha Suja foi impedido tamb\u00e9m de assumir o mandato de deputado no ano\" \/>\n\t<meta name=\"robots\" content=\"max-image-preview:large\" \/>\n\t<meta name=\"author\" content=\"administrador\"\/>\n\t<link rel=\"canonical\" href=\"https:\/\/newsinfoco.com.br\/inicio\/tiraram-meu-mandato-mas-eu-estou-no-oscar-comemora-caetano\/\" \/>\n\t<meta name=\"generator\" content=\"All in One SEO (AIOSEO) 4.9.10\" \/>\n\t\t<meta property=\"og:locale\" content=\"pt_BR\" \/>\n\t\t<meta property=\"og:site_name\" content=\"News In Foco - Editado por Caio Pimenta - O principal site de noticias de Alagoinhas e regi\u00e3o\" \/>\n\t\t<meta property=\"og:type\" content=\"article\" \/>\n\t\t<meta property=\"og:title\" content=\"\u2018Tiraram meu mandato, mas eu estou no Oscar\u2019, comemora Caetano - News In Foco - Editado por Caio Pimenta\" \/>\n\t\t<meta property=\"og:description\" content=\"Impedido de disputar as pr\u00f3ximas elei\u00e7\u00f5es, o ex-deputado federal Luiz Caetano (PT) comemorou a indica\u00e7\u00e3o do document\u00e1rio Democracia em Vertigem ao Oscar deste ano. Em uma transmiss\u00e3o ao vivo nas suas redes sociais, na \u00faltima quarta (15), Caetano, que por ser considerado Ficha Suja foi impedido tamb\u00e9m de assumir o mandato de deputado no ano\" \/>\n\t\t<meta property=\"og:url\" content=\"https:\/\/newsinfoco.com.br\/inicio\/tiraram-meu-mandato-mas-eu-estou-no-oscar-comemora-caetano\/\" \/>\n\t\t<meta property=\"article:published_time\" content=\"2020-01-17T13:45:07+00:00\" \/>\n\t\t<meta property=\"article:modified_time\" content=\"2020-01-17T13:45:07+00:00\" \/>\n\t\t<meta name=\"twitter:card\" content=\"summary_large_image\" \/>\n\t\t<meta name=\"twitter:title\" content=\"\u2018Tiraram meu mandato, mas eu estou no Oscar\u2019, comemora Caetano - News In Foco - Editado por Caio Pimenta\" \/>\n\t\t<meta name=\"twitter:description\" content=\"Impedido de disputar as pr\u00f3ximas elei\u00e7\u00f5es, o ex-deputado federal Luiz Caetano (PT) comemorou a indica\u00e7\u00e3o do document\u00e1rio Democracia em Vertigem ao Oscar deste ano. Em uma transmiss\u00e3o ao vivo nas suas redes sociais, na \u00faltima quarta (15), Caetano, que por ser considerado Ficha Suja foi impedido tamb\u00e9m de assumir o mandato de deputado no ano\" \/>\n\t\t<script type=\"application\/ld+json\" class=\"aioseo-schema\">\n\t\t\t{\"@context\":\"https:\\\/\\\/schema.org\",\"@graph\":[{\"@type\":\"BlogPosting\",\"@id\":\"https:\\\/\\\/newsinfoco.com.br\\\/inicio\\\/tiraram-meu-mandato-mas-eu-estou-no-oscar-comemora-caetano\\\/#blogposting\",\"name\":\"\\u2018Tiraram meu mandato, mas eu estou no Oscar\\u2019, comemora Caetano - News In Foco - Editado por Caio Pimenta\",\"headline\":\"\\u2018Tiraram meu mandato, mas eu estou no Oscar\\u2019, comemora Caetano\",\"author\":{\"@id\":\"https:\\\/\\\/newsinfoco.com.br\\\/inicio\\\/author\\\/administrador\\\/#author\"},\"publisher\":{\"@id\":\"https:\\\/\\\/newsinfoco.com.br\\\/inicio\\\/#organization\"},\"image\":{\"@type\":\"ImageObject\",\"url\":\"https:\\\/\\\/newsinfoco.com.br\\\/inicio\\\/wp-content\\\/uploads\\\/2018\\\/10\\\/caetano.jpeg\",\"width\":600,\"height\":420},\"datePublished\":\"2020-01-17T10:45:07-03:00\",\"dateModified\":\"2020-01-17T10:45:07-03:00\",\"inLanguage\":\"pt-BR\",\"mainEntityOfPage\":{\"@id\":\"https:\\\/\\\/newsinfoco.com.br\\\/inicio\\\/tiraram-meu-mandato-mas-eu-estou-no-oscar-comemora-caetano\\\/#webpage\"},\"isPartOf\":{\"@id\":\"https:\\\/\\\/newsinfoco.com.br\\\/inicio\\\/tiraram-meu-mandato-mas-eu-estou-no-oscar-comemora-caetano\\\/#webpage\"},\"articleSection\":\"Bahia\"},{\"@type\":\"BreadcrumbList\",\"@id\":\"https:\\\/\\\/newsinfoco.com.br\\\/inicio\\\/tiraram-meu-mandato-mas-eu-estou-no-oscar-comemora-caetano\\\/#breadcrumblist\",\"itemListElement\":[{\"@type\":\"ListItem\",\"@id\":\"https:\\\/\\\/newsinfoco.com.br\\\/inicio#listItem\",\"position\":1,\"name\":\"In\\u00edcio\",\"item\":\"https:\\\/\\\/newsinfoco.com.br\\\/inicio\",\"nextItem\":{\"@type\":\"ListItem\",\"@id\":\"https:\\\/\\\/newsinfoco.com.br\\\/inicio\\\/category\\\/bahia\\\/#listItem\",\"name\":\"Bahia\"}},{\"@type\":\"ListItem\",\"@id\":\"https:\\\/\\\/newsinfoco.com.br\\\/inicio\\\/category\\\/bahia\\\/#listItem\",\"position\":2,\"name\":\"Bahia\",\"item\":\"https:\\\/\\\/newsinfoco.com.br\\\/inicio\\\/category\\\/bahia\\\/\",\"nextItem\":{\"@type\":\"ListItem\",\"@id\":\"https:\\\/\\\/newsinfoco.com.br\\\/inicio\\\/tiraram-meu-mandato-mas-eu-estou-no-oscar-comemora-caetano\\\/#listItem\",\"name\":\"\\u2018Tiraram meu mandato, mas eu estou no Oscar\\u2019, comemora Caetano\"},\"previousItem\":{\"@type\":\"ListItem\",\"@id\":\"https:\\\/\\\/newsinfoco.com.br\\\/inicio#listItem\",\"name\":\"In\\u00edcio\"}},{\"@type\":\"ListItem\",\"@id\":\"https:\\\/\\\/newsinfoco.com.br\\\/inicio\\\/tiraram-meu-mandato-mas-eu-estou-no-oscar-comemora-caetano\\\/#listItem\",\"position\":3,\"name\":\"\\u2018Tiraram meu mandato, mas eu estou no Oscar\\u2019, comemora Caetano\",\"previousItem\":{\"@type\":\"ListItem\",\"@id\":\"https:\\\/\\\/newsinfoco.com.br\\\/inicio\\\/category\\\/bahia\\\/#listItem\",\"name\":\"Bahia\"}}]},{\"@type\":\"Organization\",\"@id\":\"https:\\\/\\\/newsinfoco.com.br\\\/inicio\\\/#organization\",\"name\":\"News In Foco - Editado por Caio Pimenta\",\"description\":\"O principal site de noticias de Alagoinhas e regi\\u00e3o\",\"url\":\"https:\\\/\\\/newsinfoco.com.br\\\/inicio\\\/\"},{\"@type\":\"Person\",\"@id\":\"https:\\\/\\\/newsinfoco.com.br\\\/inicio\\\/author\\\/administrador\\\/#author\",\"url\":\"https:\\\/\\\/newsinfoco.com.br\\\/inicio\\\/author\\\/administrador\\\/\",\"name\":\"administrador\",\"image\":{\"@type\":\"ImageObject\",\"@id\":\"https:\\\/\\\/newsinfoco.com.br\\\/inicio\\\/tiraram-meu-mandato-mas-eu-estou-no-oscar-comemora-caetano\\\/#authorImage\",\"url\":\"https:\\\/\\\/secure.gravatar.com\\\/avatar\\\/c17a617433de8c1dc9584bb79aab7563b46f5bb7e1728c9b17d9cc3ce6a08e49?s=96&d=mm&r=g\",\"width\":96,\"height\":96,\"caption\":\"administrador\"}},{\"@type\":\"WebPage\",\"@id\":\"https:\\\/\\\/newsinfoco.com.br\\\/inicio\\\/tiraram-meu-mandato-mas-eu-estou-no-oscar-comemora-caetano\\\/#webpage\",\"url\":\"https:\\\/\\\/newsinfoco.com.br\\\/inicio\\\/tiraram-meu-mandato-mas-eu-estou-no-oscar-comemora-caetano\\\/\",\"name\":\"\\u2018Tiraram meu mandato, mas eu estou no Oscar\\u2019, comemora Caetano - News In Foco - Editado por Caio Pimenta\",\"description\":\"Impedido de disputar as pr\\u00f3ximas elei\\u00e7\\u00f5es, o ex-deputado federal Luiz Caetano (PT) comemorou a indica\\u00e7\\u00e3o do document\\u00e1rio Democracia em Vertigem ao Oscar deste ano. Em uma transmiss\\u00e3o ao vivo nas suas redes sociais, na \\u00faltima quarta (15), Caetano, que por ser considerado Ficha Suja foi impedido tamb\\u00e9m de assumir o mandato de deputado no ano\",\"inLanguage\":\"pt-BR\",\"isPartOf\":{\"@id\":\"https:\\\/\\\/newsinfoco.com.br\\\/inicio\\\/#website\"},\"breadcrumb\":{\"@id\":\"https:\\\/\\\/newsinfoco.com.br\\\/inicio\\\/tiraram-meu-mandato-mas-eu-estou-no-oscar-comemora-caetano\\\/#breadcrumblist\"},\"author\":{\"@id\":\"https:\\\/\\\/newsinfoco.com.br\\\/inicio\\\/author\\\/administrador\\\/#author\"},\"creator\":{\"@id\":\"https:\\\/\\\/newsinfoco.com.br\\\/inicio\\\/author\\\/administrador\\\/#author\"},\"image\":{\"@type\":\"ImageObject\",\"url\":\"https:\\\/\\\/newsinfoco.com.br\\\/inicio\\\/wp-content\\\/uploads\\\/2018\\\/10\\\/caetano.jpeg\",\"@id\":\"https:\\\/\\\/newsinfoco.com.br\\\/inicio\\\/tiraram-meu-mandato-mas-eu-estou-no-oscar-comemora-caetano\\\/#mainImage\",\"width\":600,\"height\":420},\"primaryImageOfPage\":{\"@id\":\"https:\\\/\\\/newsinfoco.com.br\\\/inicio\\\/tiraram-meu-mandato-mas-eu-estou-no-oscar-comemora-caetano\\\/#mainImage\"},\"datePublished\":\"2020-01-17T10:45:07-03:00\",\"dateModified\":\"2020-01-17T10:45:07-03:00\"},{\"@type\":\"WebSite\",\"@id\":\"https:\\\/\\\/newsinfoco.com.br\\\/inicio\\\/#website\",\"url\":\"https:\\\/\\\/newsinfoco.com.br\\\/inicio\\\/\",\"name\":\"News In Foco - Editado por Caio Pimenta\",\"description\":\"O principal site de noticias de Alagoinhas e regi\\u00e3o\",\"inLanguage\":\"pt-BR\",\"publisher\":{\"@id\":\"https:\\\/\\\/newsinfoco.com.br\\\/inicio\\\/#organization\"}}]}\n\t\t<\/script>\n\t\t<!-- All in One SEO -->\n\n","aioseo_head_json":{"title":"\u2018Tiraram meu mandato, mas eu estou no Oscar\u2019, comemora Caetano - News In Foco - Editado por Caio Pimenta","description":"Impedido de disputar as pr\u00f3ximas elei\u00e7\u00f5es, o ex-deputado federal Luiz Caetano (PT) comemorou a indica\u00e7\u00e3o do document\u00e1rio Democracia em Vertigem ao Oscar deste ano. Em uma transmiss\u00e3o ao vivo nas suas redes sociais, na \u00faltima quarta (15), Caetano, que por ser considerado Ficha Suja foi impedido tamb\u00e9m de assumir o mandato de deputado no ano","canonical_url":"https:\/\/newsinfoco.com.br\/inicio\/tiraram-meu-mandato-mas-eu-estou-no-oscar-comemora-caetano\/","robots":"max-image-preview:large","keywords":"","webmasterTools":{"miscellaneous":""},"schema":{"@context":"https:\/\/schema.org","@graph":[{"@type":"BlogPosting","@id":"https:\/\/newsinfoco.com.br\/inicio\/tiraram-meu-mandato-mas-eu-estou-no-oscar-comemora-caetano\/#blogposting","name":"\u2018Tiraram meu mandato, mas eu estou no Oscar\u2019, comemora Caetano - News In Foco - Editado por Caio Pimenta","headline":"\u2018Tiraram meu mandato, mas eu estou no Oscar\u2019, comemora Caetano","author":{"@id":"https:\/\/newsinfoco.com.br\/inicio\/author\/administrador\/#author"},"publisher":{"@id":"https:\/\/newsinfoco.com.br\/inicio\/#organization"},"image":{"@type":"ImageObject","url":"https:\/\/newsinfoco.com.br\/inicio\/wp-content\/uploads\/2018\/10\/caetano.jpeg","width":600,"height":420},"datePublished":"2020-01-17T10:45:07-03:00","dateModified":"2020-01-17T10:45:07-03:00","inLanguage":"pt-BR","mainEntityOfPage":{"@id":"https:\/\/newsinfoco.com.br\/inicio\/tiraram-meu-mandato-mas-eu-estou-no-oscar-comemora-caetano\/#webpage"},"isPartOf":{"@id":"https:\/\/newsinfoco.com.br\/inicio\/tiraram-meu-mandato-mas-eu-estou-no-oscar-comemora-caetano\/#webpage"},"articleSection":"Bahia"},{"@type":"BreadcrumbList","@id":"https:\/\/newsinfoco.com.br\/inicio\/tiraram-meu-mandato-mas-eu-estou-no-oscar-comemora-caetano\/#breadcrumblist","itemListElement":[{"@type":"ListItem","@id":"https:\/\/newsinfoco.com.br\/inicio#listItem","position":1,"name":"In\u00edcio","item":"https:\/\/newsinfoco.com.br\/inicio","nextItem":{"@type":"ListItem","@id":"https:\/\/newsinfoco.com.br\/inicio\/category\/bahia\/#listItem","name":"Bahia"}},{"@type":"ListItem","@id":"https:\/\/newsinfoco.com.br\/inicio\/category\/bahia\/#listItem","position":2,"name":"Bahia","item":"https:\/\/newsinfoco.com.br\/inicio\/category\/bahia\/","nextItem":{"@type":"ListItem","@id":"https:\/\/newsinfoco.com.br\/inicio\/tiraram-meu-mandato-mas-eu-estou-no-oscar-comemora-caetano\/#listItem","name":"\u2018Tiraram meu mandato, mas eu estou no Oscar\u2019, comemora Caetano"},"previousItem":{"@type":"ListItem","@id":"https:\/\/newsinfoco.com.br\/inicio#listItem","name":"In\u00edcio"}},{"@type":"ListItem","@id":"https:\/\/newsinfoco.com.br\/inicio\/tiraram-meu-mandato-mas-eu-estou-no-oscar-comemora-caetano\/#listItem","position":3,"name":"\u2018Tiraram meu mandato, mas eu estou no Oscar\u2019, comemora Caetano","previousItem":{"@type":"ListItem","@id":"https:\/\/newsinfoco.com.br\/inicio\/category\/bahia\/#listItem","name":"Bahia"}}]},{"@type":"Organization","@id":"https:\/\/newsinfoco.com.br\/inicio\/#organization","name":"News In Foco - Editado por Caio Pimenta","description":"O principal site de noticias de Alagoinhas e regi\u00e3o","url":"https:\/\/newsinfoco.com.br\/inicio\/"},{"@type":"Person","@id":"https:\/\/newsinfoco.com.br\/inicio\/author\/administrador\/#author","url":"https:\/\/newsinfoco.com.br\/inicio\/author\/administrador\/","name":"administrador","image":{"@type":"ImageObject","@id":"https:\/\/newsinfoco.com.br\/inicio\/tiraram-meu-mandato-mas-eu-estou-no-oscar-comemora-caetano\/#authorImage","url":"https:\/\/secure.gravatar.com\/avatar\/c17a617433de8c1dc9584bb79aab7563b46f5bb7e1728c9b17d9cc3ce6a08e49?s=96&d=mm&r=g","width":96,"height":96,"caption":"administrador"}},{"@type":"WebPage","@id":"https:\/\/newsinfoco.com.br\/inicio\/tiraram-meu-mandato-mas-eu-estou-no-oscar-comemora-caetano\/#webpage","url":"https:\/\/newsinfoco.com.br\/inicio\/tiraram-meu-mandato-mas-eu-estou-no-oscar-comemora-caetano\/","name":"\u2018Tiraram meu mandato, mas eu estou no Oscar\u2019, comemora Caetano - News In Foco - Editado por Caio Pimenta","description":"Impedido de disputar as pr\u00f3ximas elei\u00e7\u00f5es, o ex-deputado federal Luiz Caetano (PT) comemorou a indica\u00e7\u00e3o do document\u00e1rio Democracia em Vertigem ao Oscar deste ano. Em uma transmiss\u00e3o ao vivo nas suas redes sociais, na \u00faltima quarta (15), Caetano, que por ser considerado Ficha Suja foi impedido tamb\u00e9m de assumir o mandato de deputado no ano","inLanguage":"pt-BR","isPartOf":{"@id":"https:\/\/newsinfoco.com.br\/inicio\/#website"},"breadcrumb":{"@id":"https:\/\/newsinfoco.com.br\/inicio\/tiraram-meu-mandato-mas-eu-estou-no-oscar-comemora-caetano\/#breadcrumblist"},"author":{"@id":"https:\/\/newsinfoco.com.br\/inicio\/author\/administrador\/#author"},"creator":{"@id":"https:\/\/newsinfoco.com.br\/inicio\/author\/administrador\/#author"},"image":{"@type":"ImageObject","url":"https:\/\/newsinfoco.com.br\/inicio\/wp-content\/uploads\/2018\/10\/caetano.jpeg","@id":"https:\/\/newsinfoco.com.br\/inicio\/tiraram-meu-mandato-mas-eu-estou-no-oscar-comemora-caetano\/#mainImage","width":600,"height":420},"primaryImageOfPage":{"@id":"https:\/\/newsinfoco.com.br\/inicio\/tiraram-meu-mandato-mas-eu-estou-no-oscar-comemora-caetano\/#mainImage"},"datePublished":"2020-01-17T10:45:07-03:00","dateModified":"2020-01-17T10:45:07-03:00"},{"@type":"WebSite","@id":"https:\/\/newsinfoco.com.br\/inicio\/#website","url":"https:\/\/newsinfoco.com.br\/inicio\/","name":"News In Foco - Editado por Caio Pimenta","description":"O principal site de noticias de Alagoinhas e regi\u00e3o","inLanguage":"pt-BR","publisher":{"@id":"https:\/\/newsinfoco.com.br\/inicio\/#organization"}}]},"og:locale":"pt_BR","og:site_name":"News In Foco - Editado por Caio Pimenta - O principal site de noticias de Alagoinhas e regi\u00e3o","og:type":"article","og:title":"\u2018Tiraram meu mandato, mas eu estou no Oscar\u2019, comemora Caetano - News In Foco - Editado por Caio Pimenta","og:description":"Impedido de disputar as pr\u00f3ximas elei\u00e7\u00f5es, o ex-deputado federal Luiz Caetano (PT) comemorou a indica\u00e7\u00e3o do document\u00e1rio Democracia em Vertigem ao Oscar deste ano. Em uma transmiss\u00e3o ao vivo nas suas redes sociais, na \u00faltima quarta (15), Caetano, que por ser considerado Ficha Suja foi impedido tamb\u00e9m de assumir o mandato de deputado no ano","og:url":"https:\/\/newsinfoco.com.br\/inicio\/tiraram-meu-mandato-mas-eu-estou-no-oscar-comemora-caetano\/","article:published_time":"2020-01-17T13:45:07+00:00","article:modified_time":"2020-01-17T13:45:07+00:00","twitter:card":"summary_large_image","twitter:title":"\u2018Tiraram meu mandato, mas eu estou no Oscar\u2019, comemora Caetano - News In Foco - Editado por Caio Pimenta","twitter:description":"Impedido de disputar as pr\u00f3ximas elei\u00e7\u00f5es, o ex-deputado federal Luiz Caetano (PT) comemorou a indica\u00e7\u00e3o do document\u00e1rio Democracia em Vertigem ao Oscar deste ano. Em uma transmiss\u00e3o ao vivo nas suas redes sociais, na \u00faltima quarta (15), Caetano, que por ser considerado Ficha Suja foi impedido tamb\u00e9m de assumir o mandato de deputado no ano"},"aioseo_meta_data":{"post_id":"19930","title":null,"description":null,"keywords":null,"keyphrases":null,"primary_term":null,"canonical_url":null,"og_title":null,"og_description":null,"og_object_type":"default","og_image_type":"default","og_image_url":null,"og_image_width":null,"og_image_height":null,"og_image_custom_url":null,"og_image_custom_fields":null,"og_video":null,"og_custom_url":null,"og_article_section":null,"og_article_tags":null,"twitter_use_og":false,"twitter_card":"default","twitter_image_type":"default","twitter_image_url":null,"twitter_image_custom_url":null,"twitter_image_custom_fields":null,"twitter_title":null,"twitter_description":null,"schema":{"blockGraphs":[],"customGraphs":[],"default":{"data":{"Article":[],"Course":[],"Dataset":[],"FAQPage":[],"Movie":[],"Person":[],"Product":[],"ProductReview":[],"Car":[],"Recipe":[],"Service":[],"SoftwareApplication":[],"WebPage":[]},"graphName":"","isEnabled":true},"graphs":[]},"schema_type":"default","schema_type_options":null,"pillar_content":false,"robots_default":true,"robots_noindex":false,"robots_noarchive":false,"robots_nosnippet":false,"robots_nofollow":false,"robots_noimageindex":false,"robots_noodp":false,"robots_notranslate":false,"robots_max_snippet":null,"robots_max_videopreview":null,"robots_max_imagepreview":"large","priority":null,"frequency":null,"local_seo":null,"breadcrumb_settings":null,"limit_modified_date":false,"ai":null,"created":"2023-06-12 15:58:49","updated":"2025-07-11 02:33:44","seo_analyzer_scan_date":null},"aioseo_breadcrumb":"<div class=\"aioseo-breadcrumbs\"><span class=\"aioseo-breadcrumb\">\n\t\t\t<a href=\"https:\/\/newsinfoco.com.br\/inicio\" title=\"In\u00edcio\">In\u00edcio<\/a>\n\t\t<\/span><span class=\"aioseo-breadcrumb-separator\">&raquo;<\/span><span class=\"aioseo-breadcrumb\">\n\t\t\t<a href=\"https:\/\/newsinfoco.com.br\/inicio\/category\/bahia\/\" title=\"Bahia\">Bahia<\/a>\n\t\t<\/span><span class=\"aioseo-breadcrumb-separator\">&raquo;<\/span><span class=\"aioseo-breadcrumb\">\n\t\t\t\u2018Tiraram meu mandato, mas eu estou no Oscar\u2019, comemora Caetano\n\t\t<\/span><\/div>","aioseo_breadcrumb_json":[{"label":"In\u00edcio","link":"https:\/\/newsinfoco.com.br\/inicio"},{"label":"Bahia","link":"https:\/\/newsinfoco.com.br\/inicio\/category\/bahia\/"},{"label":"\u2018Tiraram meu mandato, mas eu estou no Oscar\u2019, comemora Caetano","link":"https:\/\/newsinfoco.com.br\/inicio\/tiraram-meu-mandato-mas-eu-estou-no-oscar-comemora-caetano\/"}],"_links":{"self":[{"href":"https:\/\/newsinfoco.com.br\/inicio\/wp-json\/wp\/v2\/posts\/19930","targetHints":{"allow":["GET"]}}],"collection":[{"href":"https:\/\/newsinfoco.com.br\/inicio\/wp-json\/wp\/v2\/posts"}],"about":[{"href":"https:\/\/newsinfoco.com.br\/inicio\/wp-json\/wp\/v2\/types\/post"}],"author":[{"embeddable":true,"href":"https:\/\/newsinfoco.com.br\/inicio\/wp-json\/wp\/v2\/users\/1"}],"replies":[{"embeddable":true,"href":"https:\/\/newsinfoco.com.br\/inicio\/wp-json\/wp\/v2\/comments?post=19930"}],"version-history":[{"count":0,"href":"https:\/\/newsinfoco.com.br\/inicio\/wp-json\/wp\/v2\/posts\/19930\/revisions"}],"wp:featuredmedia":[{"embeddable":true,"href":"https:\/\/newsinfoco.com.br\/inicio\/wp-json\/wp\/v2\/media\/10409"}],"wp:attachment":[{"href":"https:\/\/newsinfoco.com.br\/inicio\/wp-json\/wp\/v2\/media?parent=19930"}],"wp:term":[{"taxonomy":"category","embeddable":true,"href":"https:\/\/newsinfoco.com.br\/inicio\/wp-json\/wp\/v2\/categories?post=19930"},{"taxonomy":"post_tag","embeddable":true,"href":"https:\/\/newsinfoco.com.br\/inicio\/wp-json\/wp\/v2\/tags?post=19930"}],"curies":[{"name":"wp","href":"https:\/\/api.w.org\/{rel}","templated":true}]}}