{"id":19957,"date":"2020-01-18T19:29:24","date_gmt":"2020-01-18T22:29:24","guid":{"rendered":"http:\/\/newsinfoco.com.br\/?p=19957"},"modified":"2020-01-18T19:29:25","modified_gmt":"2020-01-18T22:29:25","slug":"lula-defende-candidatura-propria-em-salvador-e-em-mais-nove-capitais","status":"publish","type":"post","link":"https:\/\/newsinfoco.com.br\/inicio\/lula-defende-candidatura-propria-em-salvador-e-em-mais-nove-capitais\/","title":{"rendered":"Lula defende candidatura pr\u00f3pria em Salvador e em mais nove capitais"},"content":{"rendered":"<p style=\"text-align: justify;\">O ex-presidente Luiz In\u00e1cio Lula da Silva disse que, diante do novo diret\u00f3rio nacional do PT, a orienta\u00e7\u00e3o \u00e9 que nas elei\u00e7\u00f5es deste ano o partido deva ter candidatos pr\u00f3prios no maior n\u00famero poss\u00edvel de cidades importantes do pa\u00eds.<\/p>\n<p style=\"text-align: justify;\">Segundo o jornal O Estado de S. Paulo, em\u00a0conversas reservadas com dirigentes do partido, Lula tem dito que se d\u00e1 por satisfeito se o PT encabe\u00e7ar as chapas em dez cidades. S\u00e3o elas: Salvador, S\u00e3o S\u00e3o Paulo, Belo Horizonte, Fortaleza, Manaus, Teresina, Aracaju, Natal e Cuiab\u00e1.<\/p>\n<p style=\"text-align: justify;\">Rio de Janeiro, onde o partido negocia com o PSOL de Marcelo Freixo, e Porto Alegre, que tem Manuela d\u2019\u00c1vila (PCdoB) como principal nome da esquerda, n\u00e3o est\u00e3o na lista do ex-presidente, de acordo com a publica\u00e7\u00e3o.<\/p>\n<p style=\"text-align: justify;\">De acordo com lideran\u00e7as petistas, o discurso de Lula sobre o maior n\u00famero poss\u00edvel de candidaturas tem como alvo a base petista e car\u00e1ter estrat\u00e9gico. O ex-presidente n\u00e3o quer que o partido entregue \u201cbarato\u201d o apoio a aliados em cidades t\u00e3o importantes quanto Rio e Porto Alegre.<\/p>\n<p style=\"text-align: justify;\">Na capital baiana, onde o governador Rui Costa (PT) ainda n\u00e3o definiu um nome para disputar a sucess\u00e3o do prefeito ACM Neto (DEM), os pr\u00e9-candidaturas petistas s\u00e3o, por ora, ex-ministro Juca Ferreira, o deputado estadual Robson Almeida, a soci\u00f3loga Vilma Reis e a secret\u00e1ria estadual de Promo\u00e7\u00e3o da Igualdade Racial, Fabya Reis.<\/p>\n<p style=\"text-align: justify;\">\n<div class='share-to-whatsapp-wrapper'><div class='share-on-whsp'>Share on: <\/div><a data-text='Lula defende candidatura pr\u00f3pria em Salvador e em mais nove capitais' data-link='https:\/\/newsinfoco.com.br\/inicio\/lula-defende-candidatura-propria-em-salvador-e-em-mais-nove-capitais\/' class='whatsapp-button whatsapp-share'>WhatsApp<\/a><div class='clear '><\/div><\/div>","protected":false},"excerpt":{"rendered":"<p>O ex-presidente Luiz In\u00e1cio Lula da Silva disse que, diante do novo diret\u00f3rio nacional do PT, a orienta\u00e7\u00e3o \u00e9 que nas elei\u00e7\u00f5es deste ano o partido deva ter candidatos pr\u00f3prios no maior n\u00famero poss\u00edvel de cidades importantes do pa\u00eds. Segundo o jornal O Estado de S. Paulo, em\u00a0conversas reservadas com dirigentes do partido, Lula tem [&hellip;]<\/p>\n","protected":false},"author":1,"featured_media":18235,"comment_status":"open","ping_status":"open","sticky":false,"template":"","format":"standard","meta":{"om_disable_all_campaigns":false,"rop_custom_images_group":[],"rop_custom_messages_group":[],"rop_publish_now":"initial","rop_publish_now_accounts":[],"rop_publish_now_history":[],"rop_publish_now_status":"pending","_exactmetrics_skip_tracking":false,"footnotes":""},"categories":[19],"tags":[],"class_list":["post-19957","post","type-post","status-publish","format-standard","has-post-thumbnail","hentry","category-bahia"],"aioseo_notices":[],"aioseo_head":"\n\t\t<!-- All in One SEO 4.9.10 - aioseo.com -->\n\t<meta name=\"description\" content=\"O ex-presidente Luiz In\u00e1cio Lula da Silva disse que, diante do novo diret\u00f3rio nacional do PT, a orienta\u00e7\u00e3o \u00e9 que nas elei\u00e7\u00f5es deste ano o partido deva ter candidatos pr\u00f3prios no maior n\u00famero poss\u00edvel de cidades importantes do pa\u00eds. Segundo o jornal O Estado de S. Paulo, em conversas reservadas com dirigentes do partido, Lula tem\" \/>\n\t<meta name=\"robots\" content=\"max-image-preview:large\" \/>\n\t<meta name=\"author\" content=\"administrador\"\/>\n\t<link rel=\"canonical\" href=\"https:\/\/newsinfoco.com.br\/inicio\/lula-defende-candidatura-propria-em-salvador-e-em-mais-nove-capitais\/\" \/>\n\t<meta name=\"generator\" content=\"All in One SEO (AIOSEO) 4.9.10\" \/>\n\t\t<meta property=\"og:locale\" content=\"pt_BR\" \/>\n\t\t<meta property=\"og:site_name\" content=\"News In Foco - Editado por Caio Pimenta - O principal site de noticias de Alagoinhas e regi\u00e3o\" \/>\n\t\t<meta property=\"og:type\" content=\"article\" \/>\n\t\t<meta property=\"og:title\" content=\"Lula defende candidatura pr\u00f3pria em Salvador e em mais nove capitais - News In Foco - Editado por Caio Pimenta\" \/>\n\t\t<meta property=\"og:description\" content=\"O ex-presidente Luiz In\u00e1cio Lula da Silva disse que, diante do novo diret\u00f3rio nacional do PT, a orienta\u00e7\u00e3o \u00e9 que nas elei\u00e7\u00f5es deste ano o partido deva ter candidatos pr\u00f3prios no maior n\u00famero poss\u00edvel de cidades importantes do pa\u00eds. Segundo o jornal O Estado de S. Paulo, em conversas reservadas com dirigentes do partido, Lula tem\" \/>\n\t\t<meta property=\"og:url\" content=\"https:\/\/newsinfoco.com.br\/inicio\/lula-defende-candidatura-propria-em-salvador-e-em-mais-nove-capitais\/\" \/>\n\t\t<meta property=\"article:published_time\" content=\"2020-01-18T22:29:24+00:00\" \/>\n\t\t<meta property=\"article:modified_time\" content=\"2020-01-18T22:29:25+00:00\" \/>\n\t\t<meta name=\"twitter:card\" content=\"summary_large_image\" \/>\n\t\t<meta name=\"twitter:title\" content=\"Lula defende candidatura pr\u00f3pria em Salvador e em mais nove capitais - News In Foco - Editado por Caio Pimenta\" \/>\n\t\t<meta name=\"twitter:description\" content=\"O ex-presidente Luiz In\u00e1cio Lula da Silva disse que, diante do novo diret\u00f3rio nacional do PT, a orienta\u00e7\u00e3o \u00e9 que nas elei\u00e7\u00f5es deste ano o partido deva ter candidatos pr\u00f3prios no maior n\u00famero poss\u00edvel de cidades importantes do pa\u00eds. Segundo o jornal O Estado de S. Paulo, em conversas reservadas com dirigentes do partido, Lula tem\" \/>\n\t\t<script type=\"application\/ld+json\" class=\"aioseo-schema\">\n\t\t\t{\"@context\":\"https:\\\/\\\/schema.org\",\"@graph\":[{\"@type\":\"BlogPosting\",\"@id\":\"https:\\\/\\\/newsinfoco.com.br\\\/inicio\\\/lula-defende-candidatura-propria-em-salvador-e-em-mais-nove-capitais\\\/#blogposting\",\"name\":\"Lula defende candidatura pr\\u00f3pria em Salvador e em mais nove capitais - News In Foco - Editado por Caio Pimenta\",\"headline\":\"Lula defende candidatura pr\\u00f3pria em Salvador e em mais nove capitais\",\"author\":{\"@id\":\"https:\\\/\\\/newsinfoco.com.br\\\/inicio\\\/author\\\/administrador\\\/#author\"},\"publisher\":{\"@id\":\"https:\\\/\\\/newsinfoco.com.br\\\/inicio\\\/#organization\"},\"image\":{\"@type\":\"ImageObject\",\"url\":\"https:\\\/\\\/newsinfoco.com.br\\\/inicio\\\/wp-content\\\/uploads\\\/2019\\\/10\\\/Luiz-Inacio-Lula-da-Silva-e-Rui-Costa-foto-mateus-pereira.jpg\",\"width\":600,\"height\":420},\"datePublished\":\"2020-01-18T19:29:24-03:00\",\"dateModified\":\"2020-01-18T19:29:25-03:00\",\"inLanguage\":\"pt-BR\",\"mainEntityOfPage\":{\"@id\":\"https:\\\/\\\/newsinfoco.com.br\\\/inicio\\\/lula-defende-candidatura-propria-em-salvador-e-em-mais-nove-capitais\\\/#webpage\"},\"isPartOf\":{\"@id\":\"https:\\\/\\\/newsinfoco.com.br\\\/inicio\\\/lula-defende-candidatura-propria-em-salvador-e-em-mais-nove-capitais\\\/#webpage\"},\"articleSection\":\"Bahia\"},{\"@type\":\"BreadcrumbList\",\"@id\":\"https:\\\/\\\/newsinfoco.com.br\\\/inicio\\\/lula-defende-candidatura-propria-em-salvador-e-em-mais-nove-capitais\\\/#breadcrumblist\",\"itemListElement\":[{\"@type\":\"ListItem\",\"@id\":\"https:\\\/\\\/newsinfoco.com.br\\\/inicio#listItem\",\"position\":1,\"name\":\"In\\u00edcio\",\"item\":\"https:\\\/\\\/newsinfoco.com.br\\\/inicio\",\"nextItem\":{\"@type\":\"ListItem\",\"@id\":\"https:\\\/\\\/newsinfoco.com.br\\\/inicio\\\/category\\\/bahia\\\/#listItem\",\"name\":\"Bahia\"}},{\"@type\":\"ListItem\",\"@id\":\"https:\\\/\\\/newsinfoco.com.br\\\/inicio\\\/category\\\/bahia\\\/#listItem\",\"position\":2,\"name\":\"Bahia\",\"item\":\"https:\\\/\\\/newsinfoco.com.br\\\/inicio\\\/category\\\/bahia\\\/\",\"nextItem\":{\"@type\":\"ListItem\",\"@id\":\"https:\\\/\\\/newsinfoco.com.br\\\/inicio\\\/lula-defende-candidatura-propria-em-salvador-e-em-mais-nove-capitais\\\/#listItem\",\"name\":\"Lula defende candidatura pr\\u00f3pria em Salvador e em mais nove capitais\"},\"previousItem\":{\"@type\":\"ListItem\",\"@id\":\"https:\\\/\\\/newsinfoco.com.br\\\/inicio#listItem\",\"name\":\"In\\u00edcio\"}},{\"@type\":\"ListItem\",\"@id\":\"https:\\\/\\\/newsinfoco.com.br\\\/inicio\\\/lula-defende-candidatura-propria-em-salvador-e-em-mais-nove-capitais\\\/#listItem\",\"position\":3,\"name\":\"Lula defende candidatura pr\\u00f3pria em Salvador e em mais nove capitais\",\"previousItem\":{\"@type\":\"ListItem\",\"@id\":\"https:\\\/\\\/newsinfoco.com.br\\\/inicio\\\/category\\\/bahia\\\/#listItem\",\"name\":\"Bahia\"}}]},{\"@type\":\"Organization\",\"@id\":\"https:\\\/\\\/newsinfoco.com.br\\\/inicio\\\/#organization\",\"name\":\"News In Foco - Editado por Caio Pimenta\",\"description\":\"O principal site de noticias de Alagoinhas e regi\\u00e3o\",\"url\":\"https:\\\/\\\/newsinfoco.com.br\\\/inicio\\\/\"},{\"@type\":\"Person\",\"@id\":\"https:\\\/\\\/newsinfoco.com.br\\\/inicio\\\/author\\\/administrador\\\/#author\",\"url\":\"https:\\\/\\\/newsinfoco.com.br\\\/inicio\\\/author\\\/administrador\\\/\",\"name\":\"administrador\",\"image\":{\"@type\":\"ImageObject\",\"@id\":\"https:\\\/\\\/newsinfoco.com.br\\\/inicio\\\/lula-defende-candidatura-propria-em-salvador-e-em-mais-nove-capitais\\\/#authorImage\",\"url\":\"https:\\\/\\\/secure.gravatar.com\\\/avatar\\\/c17a617433de8c1dc9584bb79aab7563b46f5bb7e1728c9b17d9cc3ce6a08e49?s=96&d=mm&r=g\",\"width\":96,\"height\":96,\"caption\":\"administrador\"}},{\"@type\":\"WebPage\",\"@id\":\"https:\\\/\\\/newsinfoco.com.br\\\/inicio\\\/lula-defende-candidatura-propria-em-salvador-e-em-mais-nove-capitais\\\/#webpage\",\"url\":\"https:\\\/\\\/newsinfoco.com.br\\\/inicio\\\/lula-defende-candidatura-propria-em-salvador-e-em-mais-nove-capitais\\\/\",\"name\":\"Lula defende candidatura pr\\u00f3pria em Salvador e em mais nove capitais - News In Foco - Editado por Caio Pimenta\",\"description\":\"O ex-presidente Luiz In\\u00e1cio Lula da Silva disse que, diante do novo diret\\u00f3rio nacional do PT, a orienta\\u00e7\\u00e3o \\u00e9 que nas elei\\u00e7\\u00f5es deste ano o partido deva ter candidatos pr\\u00f3prios no maior n\\u00famero poss\\u00edvel de cidades importantes do pa\\u00eds. Segundo o jornal O Estado de S. Paulo, em conversas reservadas com dirigentes do partido, Lula tem\",\"inLanguage\":\"pt-BR\",\"isPartOf\":{\"@id\":\"https:\\\/\\\/newsinfoco.com.br\\\/inicio\\\/#website\"},\"breadcrumb\":{\"@id\":\"https:\\\/\\\/newsinfoco.com.br\\\/inicio\\\/lula-defende-candidatura-propria-em-salvador-e-em-mais-nove-capitais\\\/#breadcrumblist\"},\"author\":{\"@id\":\"https:\\\/\\\/newsinfoco.com.br\\\/inicio\\\/author\\\/administrador\\\/#author\"},\"creator\":{\"@id\":\"https:\\\/\\\/newsinfoco.com.br\\\/inicio\\\/author\\\/administrador\\\/#author\"},\"image\":{\"@type\":\"ImageObject\",\"url\":\"https:\\\/\\\/newsinfoco.com.br\\\/inicio\\\/wp-content\\\/uploads\\\/2019\\\/10\\\/Luiz-Inacio-Lula-da-Silva-e-Rui-Costa-foto-mateus-pereira.jpg\",\"@id\":\"https:\\\/\\\/newsinfoco.com.br\\\/inicio\\\/lula-defende-candidatura-propria-em-salvador-e-em-mais-nove-capitais\\\/#mainImage\",\"width\":600,\"height\":420},\"primaryImageOfPage\":{\"@id\":\"https:\\\/\\\/newsinfoco.com.br\\\/inicio\\\/lula-defende-candidatura-propria-em-salvador-e-em-mais-nove-capitais\\\/#mainImage\"},\"datePublished\":\"2020-01-18T19:29:24-03:00\",\"dateModified\":\"2020-01-18T19:29:25-03:00\"},{\"@type\":\"WebSite\",\"@id\":\"https:\\\/\\\/newsinfoco.com.br\\\/inicio\\\/#website\",\"url\":\"https:\\\/\\\/newsinfoco.com.br\\\/inicio\\\/\",\"name\":\"News In Foco - Editado por Caio Pimenta\",\"description\":\"O principal site de noticias de Alagoinhas e regi\\u00e3o\",\"inLanguage\":\"pt-BR\",\"publisher\":{\"@id\":\"https:\\\/\\\/newsinfoco.com.br\\\/inicio\\\/#organization\"}}]}\n\t\t<\/script>\n\t\t<!-- All in One SEO -->\n\n","aioseo_head_json":{"title":"Lula defende candidatura pr\u00f3pria em Salvador e em mais nove capitais - News In Foco - Editado por Caio Pimenta","description":"O ex-presidente Luiz In\u00e1cio Lula da Silva disse que, diante do novo diret\u00f3rio nacional do PT, a orienta\u00e7\u00e3o \u00e9 que nas elei\u00e7\u00f5es deste ano o partido deva ter candidatos pr\u00f3prios no maior n\u00famero poss\u00edvel de cidades importantes do pa\u00eds. Segundo o jornal O Estado de S. Paulo, em conversas reservadas com dirigentes do partido, Lula tem","canonical_url":"https:\/\/newsinfoco.com.br\/inicio\/lula-defende-candidatura-propria-em-salvador-e-em-mais-nove-capitais\/","robots":"max-image-preview:large","keywords":"","webmasterTools":{"miscellaneous":""},"schema":{"@context":"https:\/\/schema.org","@graph":[{"@type":"BlogPosting","@id":"https:\/\/newsinfoco.com.br\/inicio\/lula-defende-candidatura-propria-em-salvador-e-em-mais-nove-capitais\/#blogposting","name":"Lula defende candidatura pr\u00f3pria em Salvador e em mais nove capitais - News In Foco - Editado por Caio Pimenta","headline":"Lula defende candidatura pr\u00f3pria em Salvador e em mais nove capitais","author":{"@id":"https:\/\/newsinfoco.com.br\/inicio\/author\/administrador\/#author"},"publisher":{"@id":"https:\/\/newsinfoco.com.br\/inicio\/#organization"},"image":{"@type":"ImageObject","url":"https:\/\/newsinfoco.com.br\/inicio\/wp-content\/uploads\/2019\/10\/Luiz-Inacio-Lula-da-Silva-e-Rui-Costa-foto-mateus-pereira.jpg","width":600,"height":420},"datePublished":"2020-01-18T19:29:24-03:00","dateModified":"2020-01-18T19:29:25-03:00","inLanguage":"pt-BR","mainEntityOfPage":{"@id":"https:\/\/newsinfoco.com.br\/inicio\/lula-defende-candidatura-propria-em-salvador-e-em-mais-nove-capitais\/#webpage"},"isPartOf":{"@id":"https:\/\/newsinfoco.com.br\/inicio\/lula-defende-candidatura-propria-em-salvador-e-em-mais-nove-capitais\/#webpage"},"articleSection":"Bahia"},{"@type":"BreadcrumbList","@id":"https:\/\/newsinfoco.com.br\/inicio\/lula-defende-candidatura-propria-em-salvador-e-em-mais-nove-capitais\/#breadcrumblist","itemListElement":[{"@type":"ListItem","@id":"https:\/\/newsinfoco.com.br\/inicio#listItem","position":1,"name":"In\u00edcio","item":"https:\/\/newsinfoco.com.br\/inicio","nextItem":{"@type":"ListItem","@id":"https:\/\/newsinfoco.com.br\/inicio\/category\/bahia\/#listItem","name":"Bahia"}},{"@type":"ListItem","@id":"https:\/\/newsinfoco.com.br\/inicio\/category\/bahia\/#listItem","position":2,"name":"Bahia","item":"https:\/\/newsinfoco.com.br\/inicio\/category\/bahia\/","nextItem":{"@type":"ListItem","@id":"https:\/\/newsinfoco.com.br\/inicio\/lula-defende-candidatura-propria-em-salvador-e-em-mais-nove-capitais\/#listItem","name":"Lula defende candidatura pr\u00f3pria em Salvador e em mais nove capitais"},"previousItem":{"@type":"ListItem","@id":"https:\/\/newsinfoco.com.br\/inicio#listItem","name":"In\u00edcio"}},{"@type":"ListItem","@id":"https:\/\/newsinfoco.com.br\/inicio\/lula-defende-candidatura-propria-em-salvador-e-em-mais-nove-capitais\/#listItem","position":3,"name":"Lula defende candidatura pr\u00f3pria em Salvador e em mais nove capitais","previousItem":{"@type":"ListItem","@id":"https:\/\/newsinfoco.com.br\/inicio\/category\/bahia\/#listItem","name":"Bahia"}}]},{"@type":"Organization","@id":"https:\/\/newsinfoco.com.br\/inicio\/#organization","name":"News In Foco - Editado por Caio Pimenta","description":"O principal site de noticias de Alagoinhas e regi\u00e3o","url":"https:\/\/newsinfoco.com.br\/inicio\/"},{"@type":"Person","@id":"https:\/\/newsinfoco.com.br\/inicio\/author\/administrador\/#author","url":"https:\/\/newsinfoco.com.br\/inicio\/author\/administrador\/","name":"administrador","image":{"@type":"ImageObject","@id":"https:\/\/newsinfoco.com.br\/inicio\/lula-defende-candidatura-propria-em-salvador-e-em-mais-nove-capitais\/#authorImage","url":"https:\/\/secure.gravatar.com\/avatar\/c17a617433de8c1dc9584bb79aab7563b46f5bb7e1728c9b17d9cc3ce6a08e49?s=96&d=mm&r=g","width":96,"height":96,"caption":"administrador"}},{"@type":"WebPage","@id":"https:\/\/newsinfoco.com.br\/inicio\/lula-defende-candidatura-propria-em-salvador-e-em-mais-nove-capitais\/#webpage","url":"https:\/\/newsinfoco.com.br\/inicio\/lula-defende-candidatura-propria-em-salvador-e-em-mais-nove-capitais\/","name":"Lula defende candidatura pr\u00f3pria em Salvador e em mais nove capitais - News In Foco - Editado por Caio Pimenta","description":"O ex-presidente Luiz In\u00e1cio Lula da Silva disse que, diante do novo diret\u00f3rio nacional do PT, a orienta\u00e7\u00e3o \u00e9 que nas elei\u00e7\u00f5es deste ano o partido deva ter candidatos pr\u00f3prios no maior n\u00famero poss\u00edvel de cidades importantes do pa\u00eds. Segundo o jornal O Estado de S. Paulo, em conversas reservadas com dirigentes do partido, Lula tem","inLanguage":"pt-BR","isPartOf":{"@id":"https:\/\/newsinfoco.com.br\/inicio\/#website"},"breadcrumb":{"@id":"https:\/\/newsinfoco.com.br\/inicio\/lula-defende-candidatura-propria-em-salvador-e-em-mais-nove-capitais\/#breadcrumblist"},"author":{"@id":"https:\/\/newsinfoco.com.br\/inicio\/author\/administrador\/#author"},"creator":{"@id":"https:\/\/newsinfoco.com.br\/inicio\/author\/administrador\/#author"},"image":{"@type":"ImageObject","url":"https:\/\/newsinfoco.com.br\/inicio\/wp-content\/uploads\/2019\/10\/Luiz-Inacio-Lula-da-Silva-e-Rui-Costa-foto-mateus-pereira.jpg","@id":"https:\/\/newsinfoco.com.br\/inicio\/lula-defende-candidatura-propria-em-salvador-e-em-mais-nove-capitais\/#mainImage","width":600,"height":420},"primaryImageOfPage":{"@id":"https:\/\/newsinfoco.com.br\/inicio\/lula-defende-candidatura-propria-em-salvador-e-em-mais-nove-capitais\/#mainImage"},"datePublished":"2020-01-18T19:29:24-03:00","dateModified":"2020-01-18T19:29:25-03:00"},{"@type":"WebSite","@id":"https:\/\/newsinfoco.com.br\/inicio\/#website","url":"https:\/\/newsinfoco.com.br\/inicio\/","name":"News In Foco - Editado por Caio Pimenta","description":"O principal site de noticias de Alagoinhas e regi\u00e3o","inLanguage":"pt-BR","publisher":{"@id":"https:\/\/newsinfoco.com.br\/inicio\/#organization"}}]},"og:locale":"pt_BR","og:site_name":"News In Foco - Editado por Caio Pimenta - O principal site de noticias de Alagoinhas e regi\u00e3o","og:type":"article","og:title":"Lula defende candidatura pr\u00f3pria em Salvador e em mais nove capitais - News In Foco - Editado por Caio Pimenta","og:description":"O ex-presidente Luiz In\u00e1cio Lula da Silva disse que, diante do novo diret\u00f3rio nacional do PT, a orienta\u00e7\u00e3o \u00e9 que nas elei\u00e7\u00f5es deste ano o partido deva ter candidatos pr\u00f3prios no maior n\u00famero poss\u00edvel de cidades importantes do pa\u00eds. Segundo o jornal O Estado de S. Paulo, em conversas reservadas com dirigentes do partido, Lula tem","og:url":"https:\/\/newsinfoco.com.br\/inicio\/lula-defende-candidatura-propria-em-salvador-e-em-mais-nove-capitais\/","article:published_time":"2020-01-18T22:29:24+00:00","article:modified_time":"2020-01-18T22:29:25+00:00","twitter:card":"summary_large_image","twitter:title":"Lula defende candidatura pr\u00f3pria em Salvador e em mais nove capitais - News In Foco - Editado por Caio Pimenta","twitter:description":"O ex-presidente Luiz In\u00e1cio Lula da Silva disse que, diante do novo diret\u00f3rio nacional do PT, a orienta\u00e7\u00e3o \u00e9 que nas elei\u00e7\u00f5es deste ano o partido deva ter candidatos pr\u00f3prios no maior n\u00famero poss\u00edvel de cidades importantes do pa\u00eds. Segundo o jornal O Estado de S. Paulo, em conversas reservadas com dirigentes do partido, Lula tem"},"aioseo_meta_data":{"post_id":"19957","title":null,"description":null,"keywords":null,"keyphrases":null,"primary_term":null,"canonical_url":null,"og_title":null,"og_description":null,"og_object_type":"default","og_image_type":"default","og_image_url":null,"og_image_width":null,"og_image_height":null,"og_image_custom_url":null,"og_image_custom_fields":null,"og_video":null,"og_custom_url":null,"og_article_section":null,"og_article_tags":null,"twitter_use_og":false,"twitter_card":"default","twitter_image_type":"default","twitter_image_url":null,"twitter_image_custom_url":null,"twitter_image_custom_fields":null,"twitter_title":null,"twitter_description":null,"schema":{"blockGraphs":[],"customGraphs":[],"default":{"data":{"Article":[],"Course":[],"Dataset":[],"FAQPage":[],"Movie":[],"Person":[],"Product":[],"ProductReview":[],"Car":[],"Recipe":[],"Service":[],"SoftwareApplication":[],"WebPage":[]},"graphName":"","isEnabled":true},"graphs":[]},"schema_type":"default","schema_type_options":null,"pillar_content":false,"robots_default":true,"robots_noindex":false,"robots_noarchive":false,"robots_nosnippet":false,"robots_nofollow":false,"robots_noimageindex":false,"robots_noodp":false,"robots_notranslate":false,"robots_max_snippet":null,"robots_max_videopreview":null,"robots_max_imagepreview":"large","priority":null,"frequency":null,"local_seo":null,"breadcrumb_settings":null,"limit_modified_date":false,"ai":null,"created":"2023-06-12 15:59:27","updated":"2025-07-11 02:34:52","seo_analyzer_scan_date":null},"aioseo_breadcrumb":"<div class=\"aioseo-breadcrumbs\"><span class=\"aioseo-breadcrumb\">\n\t\t\t<a href=\"https:\/\/newsinfoco.com.br\/inicio\" title=\"In\u00edcio\">In\u00edcio<\/a>\n\t\t<\/span><span class=\"aioseo-breadcrumb-separator\">&raquo;<\/span><span class=\"aioseo-breadcrumb\">\n\t\t\t<a href=\"https:\/\/newsinfoco.com.br\/inicio\/category\/bahia\/\" title=\"Bahia\">Bahia<\/a>\n\t\t<\/span><span class=\"aioseo-breadcrumb-separator\">&raquo;<\/span><span class=\"aioseo-breadcrumb\">\n\t\t\tLula defende candidatura pr\u00f3pria em Salvador e em mais nove capitais\n\t\t<\/span><\/div>","aioseo_breadcrumb_json":[{"label":"In\u00edcio","link":"https:\/\/newsinfoco.com.br\/inicio"},{"label":"Bahia","link":"https:\/\/newsinfoco.com.br\/inicio\/category\/bahia\/"},{"label":"Lula defende candidatura pr\u00f3pria em Salvador e em mais nove capitais","link":"https:\/\/newsinfoco.com.br\/inicio\/lula-defende-candidatura-propria-em-salvador-e-em-mais-nove-capitais\/"}],"_links":{"self":[{"href":"https:\/\/newsinfoco.com.br\/inicio\/wp-json\/wp\/v2\/posts\/19957","targetHints":{"allow":["GET"]}}],"collection":[{"href":"https:\/\/newsinfoco.com.br\/inicio\/wp-json\/wp\/v2\/posts"}],"about":[{"href":"https:\/\/newsinfoco.com.br\/inicio\/wp-json\/wp\/v2\/types\/post"}],"author":[{"embeddable":true,"href":"https:\/\/newsinfoco.com.br\/inicio\/wp-json\/wp\/v2\/users\/1"}],"replies":[{"embeddable":true,"href":"https:\/\/newsinfoco.com.br\/inicio\/wp-json\/wp\/v2\/comments?post=19957"}],"version-history":[{"count":0,"href":"https:\/\/newsinfoco.com.br\/inicio\/wp-json\/wp\/v2\/posts\/19957\/revisions"}],"wp:featuredmedia":[{"embeddable":true,"href":"https:\/\/newsinfoco.com.br\/inicio\/wp-json\/wp\/v2\/media\/18235"}],"wp:attachment":[{"href":"https:\/\/newsinfoco.com.br\/inicio\/wp-json\/wp\/v2\/media?parent=19957"}],"wp:term":[{"taxonomy":"category","embeddable":true,"href":"https:\/\/newsinfoco.com.br\/inicio\/wp-json\/wp\/v2\/categories?post=19957"},{"taxonomy":"post_tag","embeddable":true,"href":"https:\/\/newsinfoco.com.br\/inicio\/wp-json\/wp\/v2\/tags?post=19957"}],"curies":[{"name":"wp","href":"https:\/\/api.w.org\/{rel}","templated":true}]}}