{"id":19979,"date":"2020-01-19T18:33:22","date_gmt":"2020-01-19T21:33:22","guid":{"rendered":"http:\/\/newsinfoco.com.br\/?p=19979"},"modified":"2020-01-19T18:35:05","modified_gmt":"2020-01-19T21:35:05","slug":"por-que-roberto-alvim-praticamente-parodiou-o-mais-execravel-dos-nazistas","status":"publish","type":"post","link":"https:\/\/newsinfoco.com.br\/inicio\/por-que-roberto-alvim-praticamente-parodiou-o-mais-execravel-dos-nazistas\/","title":{"rendered":"Por que Roberto Alvim praticamente parodiou o mais execr\u00e1vel dos nazistas?"},"content":{"rendered":"<p style=\"text-align: justify;\">O caso de Roberto Alvim, secret\u00e1rio de Cultura do Governo de Jair Bolsonaro, ao parafrasear o ministro da Propaganda Nazista, Joseph Goebbels, no lan\u00e7amento do Pr\u00eamio Nacional de Cultura, \u00e9 um desses eventos que chocam e levam \u00e0 perplexidade. Pior \u00e9 que, no resto do texto, ele declara um nacionalismo exacerbado, com uma express\u00e3o facial austera e palavras ditas em tom autorit\u00e1rio. O cen\u00e1rio, o enquadramento, tudo remetia ao pronunciamento do nazista. Diante de tanta similaridade, n\u00e3o h\u00e1 como argumentar que o secret\u00e1rio tenha sido v\u00edtima de uma arma\u00e7\u00e3o para derrub\u00e1-lo do cargo. Tudo leva a crer que Alvim quis reproduzir o desastroso momento hist\u00f3rico. Bolsonaro o demitiu sumariamente. O mist\u00e9rio agora consiste em saber porqu\u00ea ele fez isso.<\/p>\n<p style=\"text-align: justify;\">Roberto Alvim era festejado, inclusive pela esquerda, como um dos maiores diretores de teatro do pa\u00eds com reconhecimento internacional. Curado de uma doen\u00e7a fatal miraculosamente, se converteu ao catolicismo e apoiou Jair Bolsonaro para presidente. Foi execrado pelo teatro brasileiro, formado em sua maioria por artistas de esquerda. No governo, se dizia boicotado por funcion\u00e1rios de carreira da pasta da cultura. Nessa semana aparece supostamente fazendo apologia ao nazismo. A esquerda j\u00e1 o taxava de louco, agora ele deu margem a desconfiarem que a pecha para assassinar sua reputa\u00e7\u00e3o por infeliz coincid\u00eancia pode ser verdade.<\/p>\n<p style=\"text-align: justify;\">A partir desse momento, ele passou a gozar da execra\u00e7\u00e3o da direita e da esquerda, praticamente est\u00e1 liquidado como artista e passar\u00e1 certamente por s\u00e9rias dificuldades. Espero que compreenda a gravidade dos seus erros e encontre pessoas misericordiosas que o ajude.<\/p>\n<p style=\"text-align: justify;\">Muito triste tudo isso, para a humanidade em si.<\/p>\n<h6 style=\"text-align: right;\">Por Paulo Dias para o News Infoco<\/h6>\n<div class='share-to-whatsapp-wrapper'><div class='share-on-whsp'>Share on: <\/div><a data-text='Por que Roberto Alvim praticamente parodiou o mais execr\u00e1vel dos nazistas?' data-link='https:\/\/newsinfoco.com.br\/inicio\/por-que-roberto-alvim-praticamente-parodiou-o-mais-execravel-dos-nazistas\/' class='whatsapp-button whatsapp-share'>WhatsApp<\/a><div class='clear '><\/div><\/div>","protected":false},"excerpt":{"rendered":"<p>O caso de Roberto Alvim, secret\u00e1rio de Cultura do Governo de Jair Bolsonaro, ao parafrasear o ministro da Propaganda Nazista, Joseph Goebbels, no lan\u00e7amento do Pr\u00eamio Nacional de Cultura, \u00e9 um desses eventos que chocam e levam \u00e0 perplexidade. Pior \u00e9 que, no resto do texto, ele declara um nacionalismo exacerbado, com uma express\u00e3o facial [&hellip;]<\/p>\n","protected":false},"author":1,"featured_media":19980,"comment_status":"open","ping_status":"open","sticky":false,"template":"","format":"standard","meta":{"om_disable_all_campaigns":false,"rop_custom_images_group":[],"rop_custom_messages_group":[],"rop_publish_now":"initial","rop_publish_now_accounts":[],"rop_publish_now_history":[],"rop_publish_now_status":"pending","_exactmetrics_skip_tracking":false,"footnotes":""},"categories":[166],"tags":[],"class_list":["post-19979","post","type-post","status-publish","format-standard","has-post-thumbnail","hentry","category-e-noticia"],"aioseo_notices":[],"aioseo_head":"\n\t\t<!-- All in One SEO 4.9.10 - aioseo.com -->\n\t<meta name=\"description\" content=\"O caso de Roberto Alvim, secret\u00e1rio de Cultura do Governo de Jair Bolsonaro, ao parafrasear o ministro da Propaganda Nazista, Joseph Goebbels, no lan\u00e7amento do Pr\u00eamio Nacional de Cultura, \u00e9 um desses eventos que chocam e levam \u00e0 perplexidade. Pior \u00e9 que, no resto do texto, ele declara um nacionalismo exacerbado, com uma express\u00e3o facial\" \/>\n\t<meta name=\"robots\" content=\"max-image-preview:large\" \/>\n\t<meta name=\"author\" content=\"administrador\"\/>\n\t<link rel=\"canonical\" href=\"https:\/\/newsinfoco.com.br\/inicio\/por-que-roberto-alvim-praticamente-parodiou-o-mais-execravel-dos-nazistas\/\" \/>\n\t<meta name=\"generator\" content=\"All in One SEO (AIOSEO) 4.9.10\" \/>\n\t\t<meta property=\"og:locale\" content=\"pt_BR\" \/>\n\t\t<meta property=\"og:site_name\" content=\"News In Foco - Editado por Caio Pimenta - O principal site de noticias de Alagoinhas e regi\u00e3o\" \/>\n\t\t<meta property=\"og:type\" content=\"article\" \/>\n\t\t<meta property=\"og:title\" content=\"Por que Roberto Alvim praticamente parodiou o mais execr\u00e1vel dos nazistas? - News In Foco - Editado por Caio Pimenta\" \/>\n\t\t<meta property=\"og:description\" content=\"O caso de Roberto Alvim, secret\u00e1rio de Cultura do Governo de Jair Bolsonaro, ao parafrasear o ministro da Propaganda Nazista, Joseph Goebbels, no lan\u00e7amento do Pr\u00eamio Nacional de Cultura, \u00e9 um desses eventos que chocam e levam \u00e0 perplexidade. Pior \u00e9 que, no resto do texto, ele declara um nacionalismo exacerbado, com uma express\u00e3o facial\" \/>\n\t\t<meta property=\"og:url\" content=\"https:\/\/newsinfoco.com.br\/inicio\/por-que-roberto-alvim-praticamente-parodiou-o-mais-execravel-dos-nazistas\/\" \/>\n\t\t<meta property=\"article:published_time\" content=\"2020-01-19T21:33:22+00:00\" \/>\n\t\t<meta property=\"article:modified_time\" content=\"2020-01-19T21:35:05+00:00\" \/>\n\t\t<meta name=\"twitter:card\" content=\"summary_large_image\" \/>\n\t\t<meta name=\"twitter:title\" content=\"Por que Roberto Alvim praticamente parodiou o mais execr\u00e1vel dos nazistas? - News In Foco - Editado por Caio Pimenta\" \/>\n\t\t<meta name=\"twitter:description\" content=\"O caso de Roberto Alvim, secret\u00e1rio de Cultura do Governo de Jair Bolsonaro, ao parafrasear o ministro da Propaganda Nazista, Joseph Goebbels, no lan\u00e7amento do Pr\u00eamio Nacional de Cultura, \u00e9 um desses eventos que chocam e levam \u00e0 perplexidade. Pior \u00e9 que, no resto do texto, ele declara um nacionalismo exacerbado, com uma express\u00e3o facial\" \/>\n\t\t<script type=\"application\/ld+json\" class=\"aioseo-schema\">\n\t\t\t{\"@context\":\"https:\\\/\\\/schema.org\",\"@graph\":[{\"@type\":\"BlogPosting\",\"@id\":\"https:\\\/\\\/newsinfoco.com.br\\\/inicio\\\/por-que-roberto-alvim-praticamente-parodiou-o-mais-execravel-dos-nazistas\\\/#blogposting\",\"name\":\"Por que Roberto Alvim praticamente parodiou o mais execr\\u00e1vel dos nazistas? - News In Foco - Editado por Caio Pimenta\",\"headline\":\"Por que Roberto Alvim praticamente parodiou o mais execr\\u00e1vel dos nazistas?\",\"author\":{\"@id\":\"https:\\\/\\\/newsinfoco.com.br\\\/inicio\\\/author\\\/administrador\\\/#author\"},\"publisher\":{\"@id\":\"https:\\\/\\\/newsinfoco.com.br\\\/inicio\\\/#organization\"},\"image\":{\"@type\":\"ImageObject\",\"url\":\"https:\\\/\\\/newsinfoco.com.br\\\/inicio\\\/wp-content\\\/uploads\\\/2020\\\/01\\\/110552497_49395100193_20f7186ab3_h.jpg\",\"width\":410,\"height\":230},\"datePublished\":\"2020-01-19T18:33:22-03:00\",\"dateModified\":\"2020-01-19T18:35:05-03:00\",\"inLanguage\":\"pt-BR\",\"mainEntityOfPage\":{\"@id\":\"https:\\\/\\\/newsinfoco.com.br\\\/inicio\\\/por-que-roberto-alvim-praticamente-parodiou-o-mais-execravel-dos-nazistas\\\/#webpage\"},\"isPartOf\":{\"@id\":\"https:\\\/\\\/newsinfoco.com.br\\\/inicio\\\/por-que-roberto-alvim-praticamente-parodiou-o-mais-execravel-dos-nazistas\\\/#webpage\"},\"articleSection\":\"\\u00c9 Noticia\"},{\"@type\":\"BreadcrumbList\",\"@id\":\"https:\\\/\\\/newsinfoco.com.br\\\/inicio\\\/por-que-roberto-alvim-praticamente-parodiou-o-mais-execravel-dos-nazistas\\\/#breadcrumblist\",\"itemListElement\":[{\"@type\":\"ListItem\",\"@id\":\"https:\\\/\\\/newsinfoco.com.br\\\/inicio#listItem\",\"position\":1,\"name\":\"In\\u00edcio\",\"item\":\"https:\\\/\\\/newsinfoco.com.br\\\/inicio\",\"nextItem\":{\"@type\":\"ListItem\",\"@id\":\"https:\\\/\\\/newsinfoco.com.br\\\/inicio\\\/category\\\/e-noticia\\\/#listItem\",\"name\":\"\\u00c9 Noticia\"}},{\"@type\":\"ListItem\",\"@id\":\"https:\\\/\\\/newsinfoco.com.br\\\/inicio\\\/category\\\/e-noticia\\\/#listItem\",\"position\":2,\"name\":\"\\u00c9 Noticia\",\"item\":\"https:\\\/\\\/newsinfoco.com.br\\\/inicio\\\/category\\\/e-noticia\\\/\",\"nextItem\":{\"@type\":\"ListItem\",\"@id\":\"https:\\\/\\\/newsinfoco.com.br\\\/inicio\\\/por-que-roberto-alvim-praticamente-parodiou-o-mais-execravel-dos-nazistas\\\/#listItem\",\"name\":\"Por que Roberto Alvim praticamente parodiou o mais execr\\u00e1vel dos nazistas?\"},\"previousItem\":{\"@type\":\"ListItem\",\"@id\":\"https:\\\/\\\/newsinfoco.com.br\\\/inicio#listItem\",\"name\":\"In\\u00edcio\"}},{\"@type\":\"ListItem\",\"@id\":\"https:\\\/\\\/newsinfoco.com.br\\\/inicio\\\/por-que-roberto-alvim-praticamente-parodiou-o-mais-execravel-dos-nazistas\\\/#listItem\",\"position\":3,\"name\":\"Por que Roberto Alvim praticamente parodiou o mais execr\\u00e1vel dos nazistas?\",\"previousItem\":{\"@type\":\"ListItem\",\"@id\":\"https:\\\/\\\/newsinfoco.com.br\\\/inicio\\\/category\\\/e-noticia\\\/#listItem\",\"name\":\"\\u00c9 Noticia\"}}]},{\"@type\":\"Organization\",\"@id\":\"https:\\\/\\\/newsinfoco.com.br\\\/inicio\\\/#organization\",\"name\":\"News In Foco - Editado por Caio Pimenta\",\"description\":\"O principal site de noticias de Alagoinhas e regi\\u00e3o\",\"url\":\"https:\\\/\\\/newsinfoco.com.br\\\/inicio\\\/\"},{\"@type\":\"Person\",\"@id\":\"https:\\\/\\\/newsinfoco.com.br\\\/inicio\\\/author\\\/administrador\\\/#author\",\"url\":\"https:\\\/\\\/newsinfoco.com.br\\\/inicio\\\/author\\\/administrador\\\/\",\"name\":\"administrador\",\"image\":{\"@type\":\"ImageObject\",\"@id\":\"https:\\\/\\\/newsinfoco.com.br\\\/inicio\\\/por-que-roberto-alvim-praticamente-parodiou-o-mais-execravel-dos-nazistas\\\/#authorImage\",\"url\":\"https:\\\/\\\/secure.gravatar.com\\\/avatar\\\/c17a617433de8c1dc9584bb79aab7563b46f5bb7e1728c9b17d9cc3ce6a08e49?s=96&d=mm&r=g\",\"width\":96,\"height\":96,\"caption\":\"administrador\"}},{\"@type\":\"WebPage\",\"@id\":\"https:\\\/\\\/newsinfoco.com.br\\\/inicio\\\/por-que-roberto-alvim-praticamente-parodiou-o-mais-execravel-dos-nazistas\\\/#webpage\",\"url\":\"https:\\\/\\\/newsinfoco.com.br\\\/inicio\\\/por-que-roberto-alvim-praticamente-parodiou-o-mais-execravel-dos-nazistas\\\/\",\"name\":\"Por que Roberto Alvim praticamente parodiou o mais execr\\u00e1vel dos nazistas? - News In Foco - Editado por Caio Pimenta\",\"description\":\"O caso de Roberto Alvim, secret\\u00e1rio de Cultura do Governo de Jair Bolsonaro, ao parafrasear o ministro da Propaganda Nazista, Joseph Goebbels, no lan\\u00e7amento do Pr\\u00eamio Nacional de Cultura, \\u00e9 um desses eventos que chocam e levam \\u00e0 perplexidade. Pior \\u00e9 que, no resto do texto, ele declara um nacionalismo exacerbado, com uma express\\u00e3o facial\",\"inLanguage\":\"pt-BR\",\"isPartOf\":{\"@id\":\"https:\\\/\\\/newsinfoco.com.br\\\/inicio\\\/#website\"},\"breadcrumb\":{\"@id\":\"https:\\\/\\\/newsinfoco.com.br\\\/inicio\\\/por-que-roberto-alvim-praticamente-parodiou-o-mais-execravel-dos-nazistas\\\/#breadcrumblist\"},\"author\":{\"@id\":\"https:\\\/\\\/newsinfoco.com.br\\\/inicio\\\/author\\\/administrador\\\/#author\"},\"creator\":{\"@id\":\"https:\\\/\\\/newsinfoco.com.br\\\/inicio\\\/author\\\/administrador\\\/#author\"},\"image\":{\"@type\":\"ImageObject\",\"url\":\"https:\\\/\\\/newsinfoco.com.br\\\/inicio\\\/wp-content\\\/uploads\\\/2020\\\/01\\\/110552497_49395100193_20f7186ab3_h.jpg\",\"@id\":\"https:\\\/\\\/newsinfoco.com.br\\\/inicio\\\/por-que-roberto-alvim-praticamente-parodiou-o-mais-execravel-dos-nazistas\\\/#mainImage\",\"width\":410,\"height\":230},\"primaryImageOfPage\":{\"@id\":\"https:\\\/\\\/newsinfoco.com.br\\\/inicio\\\/por-que-roberto-alvim-praticamente-parodiou-o-mais-execravel-dos-nazistas\\\/#mainImage\"},\"datePublished\":\"2020-01-19T18:33:22-03:00\",\"dateModified\":\"2020-01-19T18:35:05-03:00\"},{\"@type\":\"WebSite\",\"@id\":\"https:\\\/\\\/newsinfoco.com.br\\\/inicio\\\/#website\",\"url\":\"https:\\\/\\\/newsinfoco.com.br\\\/inicio\\\/\",\"name\":\"News In Foco - Editado por Caio Pimenta\",\"description\":\"O principal site de noticias de Alagoinhas e regi\\u00e3o\",\"inLanguage\":\"pt-BR\",\"publisher\":{\"@id\":\"https:\\\/\\\/newsinfoco.com.br\\\/inicio\\\/#organization\"}}]}\n\t\t<\/script>\n\t\t<!-- All in One SEO -->\n\n","aioseo_head_json":{"title":"Por que Roberto Alvim praticamente parodiou o mais execr\u00e1vel dos nazistas? - News In Foco - Editado por Caio Pimenta","description":"O caso de Roberto Alvim, secret\u00e1rio de Cultura do Governo de Jair Bolsonaro, ao parafrasear o ministro da Propaganda Nazista, Joseph Goebbels, no lan\u00e7amento do Pr\u00eamio Nacional de Cultura, \u00e9 um desses eventos que chocam e levam \u00e0 perplexidade. Pior \u00e9 que, no resto do texto, ele declara um nacionalismo exacerbado, com uma express\u00e3o facial","canonical_url":"https:\/\/newsinfoco.com.br\/inicio\/por-que-roberto-alvim-praticamente-parodiou-o-mais-execravel-dos-nazistas\/","robots":"max-image-preview:large","keywords":"","webmasterTools":{"miscellaneous":""},"schema":{"@context":"https:\/\/schema.org","@graph":[{"@type":"BlogPosting","@id":"https:\/\/newsinfoco.com.br\/inicio\/por-que-roberto-alvim-praticamente-parodiou-o-mais-execravel-dos-nazistas\/#blogposting","name":"Por que Roberto Alvim praticamente parodiou o mais execr\u00e1vel dos nazistas? - News In Foco - Editado por Caio Pimenta","headline":"Por que Roberto Alvim praticamente parodiou o mais execr\u00e1vel dos nazistas?","author":{"@id":"https:\/\/newsinfoco.com.br\/inicio\/author\/administrador\/#author"},"publisher":{"@id":"https:\/\/newsinfoco.com.br\/inicio\/#organization"},"image":{"@type":"ImageObject","url":"https:\/\/newsinfoco.com.br\/inicio\/wp-content\/uploads\/2020\/01\/110552497_49395100193_20f7186ab3_h.jpg","width":410,"height":230},"datePublished":"2020-01-19T18:33:22-03:00","dateModified":"2020-01-19T18:35:05-03:00","inLanguage":"pt-BR","mainEntityOfPage":{"@id":"https:\/\/newsinfoco.com.br\/inicio\/por-que-roberto-alvim-praticamente-parodiou-o-mais-execravel-dos-nazistas\/#webpage"},"isPartOf":{"@id":"https:\/\/newsinfoco.com.br\/inicio\/por-que-roberto-alvim-praticamente-parodiou-o-mais-execravel-dos-nazistas\/#webpage"},"articleSection":"\u00c9 Noticia"},{"@type":"BreadcrumbList","@id":"https:\/\/newsinfoco.com.br\/inicio\/por-que-roberto-alvim-praticamente-parodiou-o-mais-execravel-dos-nazistas\/#breadcrumblist","itemListElement":[{"@type":"ListItem","@id":"https:\/\/newsinfoco.com.br\/inicio#listItem","position":1,"name":"In\u00edcio","item":"https:\/\/newsinfoco.com.br\/inicio","nextItem":{"@type":"ListItem","@id":"https:\/\/newsinfoco.com.br\/inicio\/category\/e-noticia\/#listItem","name":"\u00c9 Noticia"}},{"@type":"ListItem","@id":"https:\/\/newsinfoco.com.br\/inicio\/category\/e-noticia\/#listItem","position":2,"name":"\u00c9 Noticia","item":"https:\/\/newsinfoco.com.br\/inicio\/category\/e-noticia\/","nextItem":{"@type":"ListItem","@id":"https:\/\/newsinfoco.com.br\/inicio\/por-que-roberto-alvim-praticamente-parodiou-o-mais-execravel-dos-nazistas\/#listItem","name":"Por que Roberto Alvim praticamente parodiou o mais execr\u00e1vel dos nazistas?"},"previousItem":{"@type":"ListItem","@id":"https:\/\/newsinfoco.com.br\/inicio#listItem","name":"In\u00edcio"}},{"@type":"ListItem","@id":"https:\/\/newsinfoco.com.br\/inicio\/por-que-roberto-alvim-praticamente-parodiou-o-mais-execravel-dos-nazistas\/#listItem","position":3,"name":"Por que Roberto Alvim praticamente parodiou o mais execr\u00e1vel dos nazistas?","previousItem":{"@type":"ListItem","@id":"https:\/\/newsinfoco.com.br\/inicio\/category\/e-noticia\/#listItem","name":"\u00c9 Noticia"}}]},{"@type":"Organization","@id":"https:\/\/newsinfoco.com.br\/inicio\/#organization","name":"News In Foco - Editado por Caio Pimenta","description":"O principal site de noticias de Alagoinhas e regi\u00e3o","url":"https:\/\/newsinfoco.com.br\/inicio\/"},{"@type":"Person","@id":"https:\/\/newsinfoco.com.br\/inicio\/author\/administrador\/#author","url":"https:\/\/newsinfoco.com.br\/inicio\/author\/administrador\/","name":"administrador","image":{"@type":"ImageObject","@id":"https:\/\/newsinfoco.com.br\/inicio\/por-que-roberto-alvim-praticamente-parodiou-o-mais-execravel-dos-nazistas\/#authorImage","url":"https:\/\/secure.gravatar.com\/avatar\/c17a617433de8c1dc9584bb79aab7563b46f5bb7e1728c9b17d9cc3ce6a08e49?s=96&d=mm&r=g","width":96,"height":96,"caption":"administrador"}},{"@type":"WebPage","@id":"https:\/\/newsinfoco.com.br\/inicio\/por-que-roberto-alvim-praticamente-parodiou-o-mais-execravel-dos-nazistas\/#webpage","url":"https:\/\/newsinfoco.com.br\/inicio\/por-que-roberto-alvim-praticamente-parodiou-o-mais-execravel-dos-nazistas\/","name":"Por que Roberto Alvim praticamente parodiou o mais execr\u00e1vel dos nazistas? - News In Foco - Editado por Caio Pimenta","description":"O caso de Roberto Alvim, secret\u00e1rio de Cultura do Governo de Jair Bolsonaro, ao parafrasear o ministro da Propaganda Nazista, Joseph Goebbels, no lan\u00e7amento do Pr\u00eamio Nacional de Cultura, \u00e9 um desses eventos que chocam e levam \u00e0 perplexidade. Pior \u00e9 que, no resto do texto, ele declara um nacionalismo exacerbado, com uma express\u00e3o facial","inLanguage":"pt-BR","isPartOf":{"@id":"https:\/\/newsinfoco.com.br\/inicio\/#website"},"breadcrumb":{"@id":"https:\/\/newsinfoco.com.br\/inicio\/por-que-roberto-alvim-praticamente-parodiou-o-mais-execravel-dos-nazistas\/#breadcrumblist"},"author":{"@id":"https:\/\/newsinfoco.com.br\/inicio\/author\/administrador\/#author"},"creator":{"@id":"https:\/\/newsinfoco.com.br\/inicio\/author\/administrador\/#author"},"image":{"@type":"ImageObject","url":"https:\/\/newsinfoco.com.br\/inicio\/wp-content\/uploads\/2020\/01\/110552497_49395100193_20f7186ab3_h.jpg","@id":"https:\/\/newsinfoco.com.br\/inicio\/por-que-roberto-alvim-praticamente-parodiou-o-mais-execravel-dos-nazistas\/#mainImage","width":410,"height":230},"primaryImageOfPage":{"@id":"https:\/\/newsinfoco.com.br\/inicio\/por-que-roberto-alvim-praticamente-parodiou-o-mais-execravel-dos-nazistas\/#mainImage"},"datePublished":"2020-01-19T18:33:22-03:00","dateModified":"2020-01-19T18:35:05-03:00"},{"@type":"WebSite","@id":"https:\/\/newsinfoco.com.br\/inicio\/#website","url":"https:\/\/newsinfoco.com.br\/inicio\/","name":"News In Foco - Editado por Caio Pimenta","description":"O principal site de noticias de Alagoinhas e regi\u00e3o","inLanguage":"pt-BR","publisher":{"@id":"https:\/\/newsinfoco.com.br\/inicio\/#organization"}}]},"og:locale":"pt_BR","og:site_name":"News In Foco - Editado por Caio Pimenta - O principal site de noticias de Alagoinhas e regi\u00e3o","og:type":"article","og:title":"Por que Roberto Alvim praticamente parodiou o mais execr\u00e1vel dos nazistas? - News In Foco - Editado por Caio Pimenta","og:description":"O caso de Roberto Alvim, secret\u00e1rio de Cultura do Governo de Jair Bolsonaro, ao parafrasear o ministro da Propaganda Nazista, Joseph Goebbels, no lan\u00e7amento do Pr\u00eamio Nacional de Cultura, \u00e9 um desses eventos que chocam e levam \u00e0 perplexidade. Pior \u00e9 que, no resto do texto, ele declara um nacionalismo exacerbado, com uma express\u00e3o facial","og:url":"https:\/\/newsinfoco.com.br\/inicio\/por-que-roberto-alvim-praticamente-parodiou-o-mais-execravel-dos-nazistas\/","article:published_time":"2020-01-19T21:33:22+00:00","article:modified_time":"2020-01-19T21:35:05+00:00","twitter:card":"summary_large_image","twitter:title":"Por que Roberto Alvim praticamente parodiou o mais execr\u00e1vel dos nazistas? - News In Foco - Editado por Caio Pimenta","twitter:description":"O caso de Roberto Alvim, secret\u00e1rio de Cultura do Governo de Jair Bolsonaro, ao parafrasear o ministro da Propaganda Nazista, Joseph Goebbels, no lan\u00e7amento do Pr\u00eamio Nacional de Cultura, \u00e9 um desses eventos que chocam e levam \u00e0 perplexidade. Pior \u00e9 que, no resto do texto, ele declara um nacionalismo exacerbado, com uma express\u00e3o facial"},"aioseo_meta_data":{"post_id":"19979","title":null,"description":null,"keywords":null,"keyphrases":null,"primary_term":null,"canonical_url":null,"og_title":null,"og_description":null,"og_object_type":"default","og_image_type":"default","og_image_url":null,"og_image_width":null,"og_image_height":null,"og_image_custom_url":null,"og_image_custom_fields":null,"og_video":null,"og_custom_url":null,"og_article_section":null,"og_article_tags":null,"twitter_use_og":false,"twitter_card":"default","twitter_image_type":"default","twitter_image_url":null,"twitter_image_custom_url":null,"twitter_image_custom_fields":null,"twitter_title":null,"twitter_description":null,"schema":{"blockGraphs":[],"customGraphs":[],"default":{"data":{"Article":[],"Course":[],"Dataset":[],"FAQPage":[],"Movie":[],"Person":[],"Product":[],"ProductReview":[],"Car":[],"Recipe":[],"Service":[],"SoftwareApplication":[],"WebPage":[]},"graphName":"","isEnabled":true},"graphs":[]},"schema_type":"default","schema_type_options":null,"pillar_content":false,"robots_default":true,"robots_noindex":false,"robots_noarchive":false,"robots_nosnippet":false,"robots_nofollow":false,"robots_noimageindex":false,"robots_noodp":false,"robots_notranslate":false,"robots_max_snippet":null,"robots_max_videopreview":null,"robots_max_imagepreview":"large","priority":null,"frequency":null,"local_seo":null,"breadcrumb_settings":null,"limit_modified_date":false,"ai":null,"created":"2023-06-12 16:00:23","updated":"2025-07-11 02:36:09","seo_analyzer_scan_date":null},"aioseo_breadcrumb":"<div class=\"aioseo-breadcrumbs\"><span class=\"aioseo-breadcrumb\">\n\t\t\t<a href=\"https:\/\/newsinfoco.com.br\/inicio\" title=\"In\u00edcio\">In\u00edcio<\/a>\n\t\t<\/span><span class=\"aioseo-breadcrumb-separator\">&raquo;<\/span><span class=\"aioseo-breadcrumb\">\n\t\t\t<a href=\"https:\/\/newsinfoco.com.br\/inicio\/category\/e-noticia\/\" title=\"\u00c9 Noticia\">\u00c9 Noticia<\/a>\n\t\t<\/span><span class=\"aioseo-breadcrumb-separator\">&raquo;<\/span><span class=\"aioseo-breadcrumb\">\n\t\t\tPor que Roberto Alvim praticamente parodiou o mais execr\u00e1vel dos nazistas?\n\t\t<\/span><\/div>","aioseo_breadcrumb_json":[{"label":"In\u00edcio","link":"https:\/\/newsinfoco.com.br\/inicio"},{"label":"\u00c9 Noticia","link":"https:\/\/newsinfoco.com.br\/inicio\/category\/e-noticia\/"},{"label":"Por que Roberto Alvim praticamente parodiou o mais execr\u00e1vel dos nazistas?","link":"https:\/\/newsinfoco.com.br\/inicio\/por-que-roberto-alvim-praticamente-parodiou-o-mais-execravel-dos-nazistas\/"}],"_links":{"self":[{"href":"https:\/\/newsinfoco.com.br\/inicio\/wp-json\/wp\/v2\/posts\/19979","targetHints":{"allow":["GET"]}}],"collection":[{"href":"https:\/\/newsinfoco.com.br\/inicio\/wp-json\/wp\/v2\/posts"}],"about":[{"href":"https:\/\/newsinfoco.com.br\/inicio\/wp-json\/wp\/v2\/types\/post"}],"author":[{"embeddable":true,"href":"https:\/\/newsinfoco.com.br\/inicio\/wp-json\/wp\/v2\/users\/1"}],"replies":[{"embeddable":true,"href":"https:\/\/newsinfoco.com.br\/inicio\/wp-json\/wp\/v2\/comments?post=19979"}],"version-history":[{"count":0,"href":"https:\/\/newsinfoco.com.br\/inicio\/wp-json\/wp\/v2\/posts\/19979\/revisions"}],"wp:featuredmedia":[{"embeddable":true,"href":"https:\/\/newsinfoco.com.br\/inicio\/wp-json\/wp\/v2\/media\/19980"}],"wp:attachment":[{"href":"https:\/\/newsinfoco.com.br\/inicio\/wp-json\/wp\/v2\/media?parent=19979"}],"wp:term":[{"taxonomy":"category","embeddable":true,"href":"https:\/\/newsinfoco.com.br\/inicio\/wp-json\/wp\/v2\/categories?post=19979"},{"taxonomy":"post_tag","embeddable":true,"href":"https:\/\/newsinfoco.com.br\/inicio\/wp-json\/wp\/v2\/tags?post=19979"}],"curies":[{"name":"wp","href":"https:\/\/api.w.org\/{rel}","templated":true}]}}