{"id":19994,"date":"2020-01-19T18:54:30","date_gmt":"2020-01-19T21:54:30","guid":{"rendered":"http:\/\/newsinfoco.com.br\/?p=19994"},"modified":"2020-01-19T18:54:30","modified_gmt":"2020-01-19T21:54:30","slug":"apos-lula-prometer-vice-presidencia-jaques-wagner-fica-de-fora-da-direcao-nacional-do-pt","status":"publish","type":"post","link":"https:\/\/newsinfoco.com.br\/inicio\/apos-lula-prometer-vice-presidencia-jaques-wagner-fica-de-fora-da-direcao-nacional-do-pt\/","title":{"rendered":"Ap\u00f3s Lula prometer vice-presid\u00eancia, Jaques Wagner fica de fora da dire\u00e7\u00e3o nacional do PT"},"content":{"rendered":"<p style=\"text-align: justify;\">O senador Jaques Wagner n\u00e3o ocupar\u00e1 nenhuma fun\u00e7\u00e3o na dire\u00e7\u00e3o nacional do PT, segundo a rela\u00e7\u00e3o divulgada pelo partido na \u00faltima sexta-feira (17). O baiano havia dito no m\u00eas passado que aceitara o convite de Lula para ser vice-presidente da agremia\u00e7\u00e3o. No entanto, ele teria sido preterido pela c\u00fapula da sigla e iria receber a lideran\u00e7a do PT no Senado como forma de compensa\u00e7\u00e3o, mas o posto foi dado ao senador Humberto Costa.<\/p>\n<p style=\"text-align: justify;\">O ex-deputado federal baiano Luiz Caetano ficar\u00e1 na coordena\u00e7\u00e3o regional. Al\u00e9m dele, representam o estado no diret\u00f3rio nacional Ellen Coutinho, Erisvaldo Ferreira de Jesus, Everaldo Anuncia\u00e7\u00e3o, Moema Gramacho e Vera Lucia da Cruz Barbosa.<\/p>\n<div class='share-to-whatsapp-wrapper'><div class='share-on-whsp'>Share on: <\/div><a data-text='Ap\u00f3s Lula prometer vice-presid\u00eancia, Jaques Wagner fica de fora da dire\u00e7\u00e3o nacional do PT' data-link='https:\/\/newsinfoco.com.br\/inicio\/apos-lula-prometer-vice-presidencia-jaques-wagner-fica-de-fora-da-direcao-nacional-do-pt\/' class='whatsapp-button whatsapp-share'>WhatsApp<\/a><div class='clear '><\/div><\/div>","protected":false},"excerpt":{"rendered":"<p>O senador Jaques Wagner n\u00e3o ocupar\u00e1 nenhuma fun\u00e7\u00e3o na dire\u00e7\u00e3o nacional do PT, segundo a rela\u00e7\u00e3o divulgada pelo partido na \u00faltima sexta-feira (17). O baiano havia dito no m\u00eas passado que aceitara o convite de Lula para ser vice-presidente da agremia\u00e7\u00e3o. No entanto, ele teria sido preterido pela c\u00fapula da sigla e iria receber a [&hellip;]<\/p>\n","protected":false},"author":1,"featured_media":13195,"comment_status":"open","ping_status":"open","sticky":false,"template":"","format":"standard","meta":{"om_disable_all_campaigns":false,"rop_custom_images_group":[],"rop_custom_messages_group":[],"rop_publish_now":"initial","rop_publish_now_accounts":[],"rop_publish_now_history":[],"rop_publish_now_status":"pending","_exactmetrics_skip_tracking":false,"footnotes":""},"categories":[19],"tags":[],"class_list":["post-19994","post","type-post","status-publish","format-standard","has-post-thumbnail","hentry","category-bahia"],"aioseo_notices":[],"aioseo_head":"\n\t\t<!-- All in One SEO 4.9.10 - aioseo.com -->\n\t<meta name=\"description\" content=\"O senador Jaques Wagner n\u00e3o ocupar\u00e1 nenhuma fun\u00e7\u00e3o na dire\u00e7\u00e3o nacional do PT, segundo a rela\u00e7\u00e3o divulgada pelo partido na \u00faltima sexta-feira (17). O baiano havia dito no m\u00eas passado que aceitara o convite de Lula para ser vice-presidente da agremia\u00e7\u00e3o. No entanto, ele teria sido preterido pela c\u00fapula da sigla e iria receber a\" \/>\n\t<meta name=\"robots\" content=\"max-image-preview:large\" \/>\n\t<meta name=\"author\" content=\"administrador\"\/>\n\t<link rel=\"canonical\" href=\"https:\/\/newsinfoco.com.br\/inicio\/apos-lula-prometer-vice-presidencia-jaques-wagner-fica-de-fora-da-direcao-nacional-do-pt\/\" \/>\n\t<meta name=\"generator\" content=\"All in One SEO (AIOSEO) 4.9.10\" \/>\n\t\t<meta property=\"og:locale\" content=\"pt_BR\" \/>\n\t\t<meta property=\"og:site_name\" content=\"News In Foco - Editado por Caio Pimenta - O principal site de noticias de Alagoinhas e regi\u00e3o\" \/>\n\t\t<meta property=\"og:type\" content=\"article\" \/>\n\t\t<meta property=\"og:title\" content=\"Ap\u00f3s Lula prometer vice-presid\u00eancia, Jaques Wagner fica de fora da dire\u00e7\u00e3o nacional do PT - News In Foco - Editado por Caio Pimenta\" \/>\n\t\t<meta property=\"og:description\" content=\"O senador Jaques Wagner n\u00e3o ocupar\u00e1 nenhuma fun\u00e7\u00e3o na dire\u00e7\u00e3o nacional do PT, segundo a rela\u00e7\u00e3o divulgada pelo partido na \u00faltima sexta-feira (17). O baiano havia dito no m\u00eas passado que aceitara o convite de Lula para ser vice-presidente da agremia\u00e7\u00e3o. No entanto, ele teria sido preterido pela c\u00fapula da sigla e iria receber a\" \/>\n\t\t<meta property=\"og:url\" content=\"https:\/\/newsinfoco.com.br\/inicio\/apos-lula-prometer-vice-presidencia-jaques-wagner-fica-de-fora-da-direcao-nacional-do-pt\/\" \/>\n\t\t<meta property=\"article:published_time\" content=\"2020-01-19T21:54:30+00:00\" \/>\n\t\t<meta property=\"article:modified_time\" content=\"2020-01-19T21:54:30+00:00\" \/>\n\t\t<meta name=\"twitter:card\" content=\"summary_large_image\" \/>\n\t\t<meta name=\"twitter:title\" content=\"Ap\u00f3s Lula prometer vice-presid\u00eancia, Jaques Wagner fica de fora da dire\u00e7\u00e3o nacional do PT - News In Foco - Editado por Caio Pimenta\" \/>\n\t\t<meta name=\"twitter:description\" content=\"O senador Jaques Wagner n\u00e3o ocupar\u00e1 nenhuma fun\u00e7\u00e3o na dire\u00e7\u00e3o nacional do PT, segundo a rela\u00e7\u00e3o divulgada pelo partido na \u00faltima sexta-feira (17). O baiano havia dito no m\u00eas passado que aceitara o convite de Lula para ser vice-presidente da agremia\u00e7\u00e3o. No entanto, ele teria sido preterido pela c\u00fapula da sigla e iria receber a\" \/>\n\t\t<script type=\"application\/ld+json\" class=\"aioseo-schema\">\n\t\t\t{\"@context\":\"https:\\\/\\\/schema.org\",\"@graph\":[{\"@type\":\"BlogPosting\",\"@id\":\"https:\\\/\\\/newsinfoco.com.br\\\/inicio\\\/apos-lula-prometer-vice-presidencia-jaques-wagner-fica-de-fora-da-direcao-nacional-do-pt\\\/#blogposting\",\"name\":\"Ap\\u00f3s Lula prometer vice-presid\\u00eancia, Jaques Wagner fica de fora da dire\\u00e7\\u00e3o nacional do PT - News In Foco - Editado por Caio Pimenta\",\"headline\":\"Ap\\u00f3s Lula prometer vice-presid\\u00eancia, Jaques Wagner fica de fora da dire\\u00e7\\u00e3o nacional do PT\",\"author\":{\"@id\":\"https:\\\/\\\/newsinfoco.com.br\\\/inicio\\\/author\\\/administrador\\\/#author\"},\"publisher\":{\"@id\":\"https:\\\/\\\/newsinfoco.com.br\\\/inicio\\\/#organization\"},\"image\":{\"@type\":\"ImageObject\",\"url\":\"https:\\\/\\\/newsinfoco.com.br\\\/inicio\\\/wp-content\\\/uploads\\\/2019\\\/02\\\/02022017-jaques-wagner-mesa-diretora-assembleia-legislativa-da-bahia-alba-foto-josemar-pereira-ag-haack-bahiaba.jpg\",\"width\":600,\"height\":420,\"caption\":\"Foto: Josemar Pereira\\\/ Ag. Haack\\\/ bahia.ba\"},\"datePublished\":\"2020-01-19T18:54:30-03:00\",\"dateModified\":\"2020-01-19T18:54:30-03:00\",\"inLanguage\":\"pt-BR\",\"mainEntityOfPage\":{\"@id\":\"https:\\\/\\\/newsinfoco.com.br\\\/inicio\\\/apos-lula-prometer-vice-presidencia-jaques-wagner-fica-de-fora-da-direcao-nacional-do-pt\\\/#webpage\"},\"isPartOf\":{\"@id\":\"https:\\\/\\\/newsinfoco.com.br\\\/inicio\\\/apos-lula-prometer-vice-presidencia-jaques-wagner-fica-de-fora-da-direcao-nacional-do-pt\\\/#webpage\"},\"articleSection\":\"Bahia\"},{\"@type\":\"BreadcrumbList\",\"@id\":\"https:\\\/\\\/newsinfoco.com.br\\\/inicio\\\/apos-lula-prometer-vice-presidencia-jaques-wagner-fica-de-fora-da-direcao-nacional-do-pt\\\/#breadcrumblist\",\"itemListElement\":[{\"@type\":\"ListItem\",\"@id\":\"https:\\\/\\\/newsinfoco.com.br\\\/inicio#listItem\",\"position\":1,\"name\":\"In\\u00edcio\",\"item\":\"https:\\\/\\\/newsinfoco.com.br\\\/inicio\",\"nextItem\":{\"@type\":\"ListItem\",\"@id\":\"https:\\\/\\\/newsinfoco.com.br\\\/inicio\\\/category\\\/bahia\\\/#listItem\",\"name\":\"Bahia\"}},{\"@type\":\"ListItem\",\"@id\":\"https:\\\/\\\/newsinfoco.com.br\\\/inicio\\\/category\\\/bahia\\\/#listItem\",\"position\":2,\"name\":\"Bahia\",\"item\":\"https:\\\/\\\/newsinfoco.com.br\\\/inicio\\\/category\\\/bahia\\\/\",\"nextItem\":{\"@type\":\"ListItem\",\"@id\":\"https:\\\/\\\/newsinfoco.com.br\\\/inicio\\\/apos-lula-prometer-vice-presidencia-jaques-wagner-fica-de-fora-da-direcao-nacional-do-pt\\\/#listItem\",\"name\":\"Ap\\u00f3s Lula prometer vice-presid\\u00eancia, Jaques Wagner fica de fora da dire\\u00e7\\u00e3o nacional do PT\"},\"previousItem\":{\"@type\":\"ListItem\",\"@id\":\"https:\\\/\\\/newsinfoco.com.br\\\/inicio#listItem\",\"name\":\"In\\u00edcio\"}},{\"@type\":\"ListItem\",\"@id\":\"https:\\\/\\\/newsinfoco.com.br\\\/inicio\\\/apos-lula-prometer-vice-presidencia-jaques-wagner-fica-de-fora-da-direcao-nacional-do-pt\\\/#listItem\",\"position\":3,\"name\":\"Ap\\u00f3s Lula prometer vice-presid\\u00eancia, Jaques Wagner fica de fora da dire\\u00e7\\u00e3o nacional do PT\",\"previousItem\":{\"@type\":\"ListItem\",\"@id\":\"https:\\\/\\\/newsinfoco.com.br\\\/inicio\\\/category\\\/bahia\\\/#listItem\",\"name\":\"Bahia\"}}]},{\"@type\":\"Organization\",\"@id\":\"https:\\\/\\\/newsinfoco.com.br\\\/inicio\\\/#organization\",\"name\":\"News In Foco - Editado por Caio Pimenta\",\"description\":\"O principal site de noticias de Alagoinhas e regi\\u00e3o\",\"url\":\"https:\\\/\\\/newsinfoco.com.br\\\/inicio\\\/\"},{\"@type\":\"Person\",\"@id\":\"https:\\\/\\\/newsinfoco.com.br\\\/inicio\\\/author\\\/administrador\\\/#author\",\"url\":\"https:\\\/\\\/newsinfoco.com.br\\\/inicio\\\/author\\\/administrador\\\/\",\"name\":\"administrador\",\"image\":{\"@type\":\"ImageObject\",\"@id\":\"https:\\\/\\\/newsinfoco.com.br\\\/inicio\\\/apos-lula-prometer-vice-presidencia-jaques-wagner-fica-de-fora-da-direcao-nacional-do-pt\\\/#authorImage\",\"url\":\"https:\\\/\\\/secure.gravatar.com\\\/avatar\\\/c17a617433de8c1dc9584bb79aab7563b46f5bb7e1728c9b17d9cc3ce6a08e49?s=96&d=mm&r=g\",\"width\":96,\"height\":96,\"caption\":\"administrador\"}},{\"@type\":\"WebPage\",\"@id\":\"https:\\\/\\\/newsinfoco.com.br\\\/inicio\\\/apos-lula-prometer-vice-presidencia-jaques-wagner-fica-de-fora-da-direcao-nacional-do-pt\\\/#webpage\",\"url\":\"https:\\\/\\\/newsinfoco.com.br\\\/inicio\\\/apos-lula-prometer-vice-presidencia-jaques-wagner-fica-de-fora-da-direcao-nacional-do-pt\\\/\",\"name\":\"Ap\\u00f3s Lula prometer vice-presid\\u00eancia, Jaques Wagner fica de fora da dire\\u00e7\\u00e3o nacional do PT - News In Foco - Editado por Caio Pimenta\",\"description\":\"O senador Jaques Wagner n\\u00e3o ocupar\\u00e1 nenhuma fun\\u00e7\\u00e3o na dire\\u00e7\\u00e3o nacional do PT, segundo a rela\\u00e7\\u00e3o divulgada pelo partido na \\u00faltima sexta-feira (17). O baiano havia dito no m\\u00eas passado que aceitara o convite de Lula para ser vice-presidente da agremia\\u00e7\\u00e3o. No entanto, ele teria sido preterido pela c\\u00fapula da sigla e iria receber a\",\"inLanguage\":\"pt-BR\",\"isPartOf\":{\"@id\":\"https:\\\/\\\/newsinfoco.com.br\\\/inicio\\\/#website\"},\"breadcrumb\":{\"@id\":\"https:\\\/\\\/newsinfoco.com.br\\\/inicio\\\/apos-lula-prometer-vice-presidencia-jaques-wagner-fica-de-fora-da-direcao-nacional-do-pt\\\/#breadcrumblist\"},\"author\":{\"@id\":\"https:\\\/\\\/newsinfoco.com.br\\\/inicio\\\/author\\\/administrador\\\/#author\"},\"creator\":{\"@id\":\"https:\\\/\\\/newsinfoco.com.br\\\/inicio\\\/author\\\/administrador\\\/#author\"},\"image\":{\"@type\":\"ImageObject\",\"url\":\"https:\\\/\\\/newsinfoco.com.br\\\/inicio\\\/wp-content\\\/uploads\\\/2019\\\/02\\\/02022017-jaques-wagner-mesa-diretora-assembleia-legislativa-da-bahia-alba-foto-josemar-pereira-ag-haack-bahiaba.jpg\",\"@id\":\"https:\\\/\\\/newsinfoco.com.br\\\/inicio\\\/apos-lula-prometer-vice-presidencia-jaques-wagner-fica-de-fora-da-direcao-nacional-do-pt\\\/#mainImage\",\"width\":600,\"height\":420,\"caption\":\"Foto: Josemar Pereira\\\/ Ag. Haack\\\/ bahia.ba\"},\"primaryImageOfPage\":{\"@id\":\"https:\\\/\\\/newsinfoco.com.br\\\/inicio\\\/apos-lula-prometer-vice-presidencia-jaques-wagner-fica-de-fora-da-direcao-nacional-do-pt\\\/#mainImage\"},\"datePublished\":\"2020-01-19T18:54:30-03:00\",\"dateModified\":\"2020-01-19T18:54:30-03:00\"},{\"@type\":\"WebSite\",\"@id\":\"https:\\\/\\\/newsinfoco.com.br\\\/inicio\\\/#website\",\"url\":\"https:\\\/\\\/newsinfoco.com.br\\\/inicio\\\/\",\"name\":\"News In Foco - Editado por Caio Pimenta\",\"description\":\"O principal site de noticias de Alagoinhas e regi\\u00e3o\",\"inLanguage\":\"pt-BR\",\"publisher\":{\"@id\":\"https:\\\/\\\/newsinfoco.com.br\\\/inicio\\\/#organization\"}}]}\n\t\t<\/script>\n\t\t<!-- All in One SEO -->\n\n","aioseo_head_json":{"title":"Ap\u00f3s Lula prometer vice-presid\u00eancia, Jaques Wagner fica de fora da dire\u00e7\u00e3o nacional do PT - News In Foco - Editado por Caio Pimenta","description":"O senador Jaques Wagner n\u00e3o ocupar\u00e1 nenhuma fun\u00e7\u00e3o na dire\u00e7\u00e3o nacional do PT, segundo a rela\u00e7\u00e3o divulgada pelo partido na \u00faltima sexta-feira (17). O baiano havia dito no m\u00eas passado que aceitara o convite de Lula para ser vice-presidente da agremia\u00e7\u00e3o. No entanto, ele teria sido preterido pela c\u00fapula da sigla e iria receber a","canonical_url":"https:\/\/newsinfoco.com.br\/inicio\/apos-lula-prometer-vice-presidencia-jaques-wagner-fica-de-fora-da-direcao-nacional-do-pt\/","robots":"max-image-preview:large","keywords":"","webmasterTools":{"miscellaneous":""},"schema":{"@context":"https:\/\/schema.org","@graph":[{"@type":"BlogPosting","@id":"https:\/\/newsinfoco.com.br\/inicio\/apos-lula-prometer-vice-presidencia-jaques-wagner-fica-de-fora-da-direcao-nacional-do-pt\/#blogposting","name":"Ap\u00f3s Lula prometer vice-presid\u00eancia, Jaques Wagner fica de fora da dire\u00e7\u00e3o nacional do PT - News In Foco - Editado por Caio Pimenta","headline":"Ap\u00f3s Lula prometer vice-presid\u00eancia, Jaques Wagner fica de fora da dire\u00e7\u00e3o nacional do PT","author":{"@id":"https:\/\/newsinfoco.com.br\/inicio\/author\/administrador\/#author"},"publisher":{"@id":"https:\/\/newsinfoco.com.br\/inicio\/#organization"},"image":{"@type":"ImageObject","url":"https:\/\/newsinfoco.com.br\/inicio\/wp-content\/uploads\/2019\/02\/02022017-jaques-wagner-mesa-diretora-assembleia-legislativa-da-bahia-alba-foto-josemar-pereira-ag-haack-bahiaba.jpg","width":600,"height":420,"caption":"Foto: Josemar Pereira\/ Ag. Haack\/ bahia.ba"},"datePublished":"2020-01-19T18:54:30-03:00","dateModified":"2020-01-19T18:54:30-03:00","inLanguage":"pt-BR","mainEntityOfPage":{"@id":"https:\/\/newsinfoco.com.br\/inicio\/apos-lula-prometer-vice-presidencia-jaques-wagner-fica-de-fora-da-direcao-nacional-do-pt\/#webpage"},"isPartOf":{"@id":"https:\/\/newsinfoco.com.br\/inicio\/apos-lula-prometer-vice-presidencia-jaques-wagner-fica-de-fora-da-direcao-nacional-do-pt\/#webpage"},"articleSection":"Bahia"},{"@type":"BreadcrumbList","@id":"https:\/\/newsinfoco.com.br\/inicio\/apos-lula-prometer-vice-presidencia-jaques-wagner-fica-de-fora-da-direcao-nacional-do-pt\/#breadcrumblist","itemListElement":[{"@type":"ListItem","@id":"https:\/\/newsinfoco.com.br\/inicio#listItem","position":1,"name":"In\u00edcio","item":"https:\/\/newsinfoco.com.br\/inicio","nextItem":{"@type":"ListItem","@id":"https:\/\/newsinfoco.com.br\/inicio\/category\/bahia\/#listItem","name":"Bahia"}},{"@type":"ListItem","@id":"https:\/\/newsinfoco.com.br\/inicio\/category\/bahia\/#listItem","position":2,"name":"Bahia","item":"https:\/\/newsinfoco.com.br\/inicio\/category\/bahia\/","nextItem":{"@type":"ListItem","@id":"https:\/\/newsinfoco.com.br\/inicio\/apos-lula-prometer-vice-presidencia-jaques-wagner-fica-de-fora-da-direcao-nacional-do-pt\/#listItem","name":"Ap\u00f3s Lula prometer vice-presid\u00eancia, Jaques Wagner fica de fora da dire\u00e7\u00e3o nacional do PT"},"previousItem":{"@type":"ListItem","@id":"https:\/\/newsinfoco.com.br\/inicio#listItem","name":"In\u00edcio"}},{"@type":"ListItem","@id":"https:\/\/newsinfoco.com.br\/inicio\/apos-lula-prometer-vice-presidencia-jaques-wagner-fica-de-fora-da-direcao-nacional-do-pt\/#listItem","position":3,"name":"Ap\u00f3s Lula prometer vice-presid\u00eancia, Jaques Wagner fica de fora da dire\u00e7\u00e3o nacional do PT","previousItem":{"@type":"ListItem","@id":"https:\/\/newsinfoco.com.br\/inicio\/category\/bahia\/#listItem","name":"Bahia"}}]},{"@type":"Organization","@id":"https:\/\/newsinfoco.com.br\/inicio\/#organization","name":"News In Foco - Editado por Caio Pimenta","description":"O principal site de noticias de Alagoinhas e regi\u00e3o","url":"https:\/\/newsinfoco.com.br\/inicio\/"},{"@type":"Person","@id":"https:\/\/newsinfoco.com.br\/inicio\/author\/administrador\/#author","url":"https:\/\/newsinfoco.com.br\/inicio\/author\/administrador\/","name":"administrador","image":{"@type":"ImageObject","@id":"https:\/\/newsinfoco.com.br\/inicio\/apos-lula-prometer-vice-presidencia-jaques-wagner-fica-de-fora-da-direcao-nacional-do-pt\/#authorImage","url":"https:\/\/secure.gravatar.com\/avatar\/c17a617433de8c1dc9584bb79aab7563b46f5bb7e1728c9b17d9cc3ce6a08e49?s=96&d=mm&r=g","width":96,"height":96,"caption":"administrador"}},{"@type":"WebPage","@id":"https:\/\/newsinfoco.com.br\/inicio\/apos-lula-prometer-vice-presidencia-jaques-wagner-fica-de-fora-da-direcao-nacional-do-pt\/#webpage","url":"https:\/\/newsinfoco.com.br\/inicio\/apos-lula-prometer-vice-presidencia-jaques-wagner-fica-de-fora-da-direcao-nacional-do-pt\/","name":"Ap\u00f3s Lula prometer vice-presid\u00eancia, Jaques Wagner fica de fora da dire\u00e7\u00e3o nacional do PT - News In Foco - Editado por Caio Pimenta","description":"O senador Jaques Wagner n\u00e3o ocupar\u00e1 nenhuma fun\u00e7\u00e3o na dire\u00e7\u00e3o nacional do PT, segundo a rela\u00e7\u00e3o divulgada pelo partido na \u00faltima sexta-feira (17). O baiano havia dito no m\u00eas passado que aceitara o convite de Lula para ser vice-presidente da agremia\u00e7\u00e3o. No entanto, ele teria sido preterido pela c\u00fapula da sigla e iria receber a","inLanguage":"pt-BR","isPartOf":{"@id":"https:\/\/newsinfoco.com.br\/inicio\/#website"},"breadcrumb":{"@id":"https:\/\/newsinfoco.com.br\/inicio\/apos-lula-prometer-vice-presidencia-jaques-wagner-fica-de-fora-da-direcao-nacional-do-pt\/#breadcrumblist"},"author":{"@id":"https:\/\/newsinfoco.com.br\/inicio\/author\/administrador\/#author"},"creator":{"@id":"https:\/\/newsinfoco.com.br\/inicio\/author\/administrador\/#author"},"image":{"@type":"ImageObject","url":"https:\/\/newsinfoco.com.br\/inicio\/wp-content\/uploads\/2019\/02\/02022017-jaques-wagner-mesa-diretora-assembleia-legislativa-da-bahia-alba-foto-josemar-pereira-ag-haack-bahiaba.jpg","@id":"https:\/\/newsinfoco.com.br\/inicio\/apos-lula-prometer-vice-presidencia-jaques-wagner-fica-de-fora-da-direcao-nacional-do-pt\/#mainImage","width":600,"height":420,"caption":"Foto: Josemar Pereira\/ Ag. Haack\/ bahia.ba"},"primaryImageOfPage":{"@id":"https:\/\/newsinfoco.com.br\/inicio\/apos-lula-prometer-vice-presidencia-jaques-wagner-fica-de-fora-da-direcao-nacional-do-pt\/#mainImage"},"datePublished":"2020-01-19T18:54:30-03:00","dateModified":"2020-01-19T18:54:30-03:00"},{"@type":"WebSite","@id":"https:\/\/newsinfoco.com.br\/inicio\/#website","url":"https:\/\/newsinfoco.com.br\/inicio\/","name":"News In Foco - Editado por Caio Pimenta","description":"O principal site de noticias de Alagoinhas e regi\u00e3o","inLanguage":"pt-BR","publisher":{"@id":"https:\/\/newsinfoco.com.br\/inicio\/#organization"}}]},"og:locale":"pt_BR","og:site_name":"News In Foco - Editado por Caio Pimenta - O principal site de noticias de Alagoinhas e regi\u00e3o","og:type":"article","og:title":"Ap\u00f3s Lula prometer vice-presid\u00eancia, Jaques Wagner fica de fora da dire\u00e7\u00e3o nacional do PT - News In Foco - Editado por Caio Pimenta","og:description":"O senador Jaques Wagner n\u00e3o ocupar\u00e1 nenhuma fun\u00e7\u00e3o na dire\u00e7\u00e3o nacional do PT, segundo a rela\u00e7\u00e3o divulgada pelo partido na \u00faltima sexta-feira (17). O baiano havia dito no m\u00eas passado que aceitara o convite de Lula para ser vice-presidente da agremia\u00e7\u00e3o. No entanto, ele teria sido preterido pela c\u00fapula da sigla e iria receber a","og:url":"https:\/\/newsinfoco.com.br\/inicio\/apos-lula-prometer-vice-presidencia-jaques-wagner-fica-de-fora-da-direcao-nacional-do-pt\/","article:published_time":"2020-01-19T21:54:30+00:00","article:modified_time":"2020-01-19T21:54:30+00:00","twitter:card":"summary_large_image","twitter:title":"Ap\u00f3s Lula prometer vice-presid\u00eancia, Jaques Wagner fica de fora da dire\u00e7\u00e3o nacional do PT - News In Foco - Editado por Caio Pimenta","twitter:description":"O senador Jaques Wagner n\u00e3o ocupar\u00e1 nenhuma fun\u00e7\u00e3o na dire\u00e7\u00e3o nacional do PT, segundo a rela\u00e7\u00e3o divulgada pelo partido na \u00faltima sexta-feira (17). O baiano havia dito no m\u00eas passado que aceitara o convite de Lula para ser vice-presidente da agremia\u00e7\u00e3o. No entanto, ele teria sido preterido pela c\u00fapula da sigla e iria receber a"},"aioseo_meta_data":{"post_id":"19994","title":null,"description":null,"keywords":null,"keyphrases":null,"primary_term":null,"canonical_url":null,"og_title":null,"og_description":null,"og_object_type":"default","og_image_type":"default","og_image_url":null,"og_image_width":null,"og_image_height":null,"og_image_custom_url":null,"og_image_custom_fields":null,"og_video":null,"og_custom_url":null,"og_article_section":null,"og_article_tags":null,"twitter_use_og":false,"twitter_card":"default","twitter_image_type":"default","twitter_image_url":null,"twitter_image_custom_url":null,"twitter_image_custom_fields":null,"twitter_title":null,"twitter_description":null,"schema":{"blockGraphs":[],"customGraphs":[],"default":{"data":{"Article":[],"Course":[],"Dataset":[],"FAQPage":[],"Movie":[],"Person":[],"Product":[],"ProductReview":[],"Car":[],"Recipe":[],"Service":[],"SoftwareApplication":[],"WebPage":[]},"graphName":"","isEnabled":true},"graphs":[]},"schema_type":"default","schema_type_options":null,"pillar_content":false,"robots_default":true,"robots_noindex":false,"robots_noarchive":false,"robots_nosnippet":false,"robots_nofollow":false,"robots_noimageindex":false,"robots_noodp":false,"robots_notranslate":false,"robots_max_snippet":null,"robots_max_videopreview":null,"robots_max_imagepreview":"large","priority":null,"frequency":null,"local_seo":null,"breadcrumb_settings":null,"limit_modified_date":false,"ai":null,"created":"2023-06-12 16:00:23","updated":"2025-07-11 02:36:09","seo_analyzer_scan_date":null},"aioseo_breadcrumb":"<div class=\"aioseo-breadcrumbs\"><span class=\"aioseo-breadcrumb\">\n\t\t\t<a href=\"https:\/\/newsinfoco.com.br\/inicio\" title=\"In\u00edcio\">In\u00edcio<\/a>\n\t\t<\/span><span class=\"aioseo-breadcrumb-separator\">&raquo;<\/span><span class=\"aioseo-breadcrumb\">\n\t\t\t<a href=\"https:\/\/newsinfoco.com.br\/inicio\/category\/bahia\/\" title=\"Bahia\">Bahia<\/a>\n\t\t<\/span><span class=\"aioseo-breadcrumb-separator\">&raquo;<\/span><span class=\"aioseo-breadcrumb\">\n\t\t\tAp\u00f3s Lula prometer vice-presid\u00eancia, Jaques Wagner fica de fora da dire\u00e7\u00e3o nacional do PT\n\t\t<\/span><\/div>","aioseo_breadcrumb_json":[{"label":"In\u00edcio","link":"https:\/\/newsinfoco.com.br\/inicio"},{"label":"Bahia","link":"https:\/\/newsinfoco.com.br\/inicio\/category\/bahia\/"},{"label":"Ap\u00f3s Lula prometer vice-presid\u00eancia, Jaques Wagner fica de fora da dire\u00e7\u00e3o nacional do PT","link":"https:\/\/newsinfoco.com.br\/inicio\/apos-lula-prometer-vice-presidencia-jaques-wagner-fica-de-fora-da-direcao-nacional-do-pt\/"}],"_links":{"self":[{"href":"https:\/\/newsinfoco.com.br\/inicio\/wp-json\/wp\/v2\/posts\/19994","targetHints":{"allow":["GET"]}}],"collection":[{"href":"https:\/\/newsinfoco.com.br\/inicio\/wp-json\/wp\/v2\/posts"}],"about":[{"href":"https:\/\/newsinfoco.com.br\/inicio\/wp-json\/wp\/v2\/types\/post"}],"author":[{"embeddable":true,"href":"https:\/\/newsinfoco.com.br\/inicio\/wp-json\/wp\/v2\/users\/1"}],"replies":[{"embeddable":true,"href":"https:\/\/newsinfoco.com.br\/inicio\/wp-json\/wp\/v2\/comments?post=19994"}],"version-history":[{"count":0,"href":"https:\/\/newsinfoco.com.br\/inicio\/wp-json\/wp\/v2\/posts\/19994\/revisions"}],"wp:featuredmedia":[{"embeddable":true,"href":"https:\/\/newsinfoco.com.br\/inicio\/wp-json\/wp\/v2\/media\/13195"}],"wp:attachment":[{"href":"https:\/\/newsinfoco.com.br\/inicio\/wp-json\/wp\/v2\/media?parent=19994"}],"wp:term":[{"taxonomy":"category","embeddable":true,"href":"https:\/\/newsinfoco.com.br\/inicio\/wp-json\/wp\/v2\/categories?post=19994"},{"taxonomy":"post_tag","embeddable":true,"href":"https:\/\/newsinfoco.com.br\/inicio\/wp-json\/wp\/v2\/tags?post=19994"}],"curies":[{"name":"wp","href":"https:\/\/api.w.org\/{rel}","templated":true}]}}