{"id":19996,"date":"2020-01-19T18:56:23","date_gmt":"2020-01-19T21:56:23","guid":{"rendered":"http:\/\/newsinfoco.com.br\/?p=19996"},"modified":"2020-01-19T18:56:23","modified_gmt":"2020-01-19T21:56:23","slug":"ministerio-da-economia-nao-desiste-de-proposta-para-extinguir-municipios","status":"publish","type":"post","link":"https:\/\/newsinfoco.com.br\/inicio\/ministerio-da-economia-nao-desiste-de-proposta-para-extinguir-municipios\/","title":{"rendered":"Minist\u00e9rio da Economia n\u00e3o desiste de proposta para extinguir munic\u00edpios"},"content":{"rendered":"<p style=\"text-align: justify;\">Apesar da resist\u00eancia da classe pol\u00edtica, o Minist\u00e9rio da Economia n\u00e3o desistiu de tentar emplacar a medida que prop\u00f5e a extin\u00e7\u00e3o de munic\u00edpios que dependem de repasses da Uni\u00e3o para sobreviver. O argumento \u00e9 que as despesas com as m\u00e1quinas p\u00fablicas n\u00e3o se justificam.<\/p>\n<p style=\"text-align: justify;\">Levantamento da pasta mostra que, entre os 30 menores munic\u00edpios, os gastos com prefeitos, secret\u00e1rios e vereadores \u00e9 de R$ 20 milh\u00f5es por ano. Em alguns casos, como em Grupiara (MG), com 1.388 habitantes, h\u00e1 um secret\u00e1rio municipal para 115 moradores. Em SP, a raz\u00e3o \u00e9 de um para 491.000.<\/p><div class=\"newsi-conteudo_19\" id=\"newsi-211328129\"><a href=\"https:\/\/www.instagram.com\/prefeituraalagoinhas?igsh=YzgzdDJ1bWR3aWI4\" aria-label=\"SAVE_20251006_221555\"><img loading=\"lazy\" decoding=\"async\" src=\"https:\/\/newsinfoco.com.br\/inicio\/wp-content\/uploads\/2025\/10\/SAVE_20251006_221555-rotated.jpg\" alt=\"\"  srcset=\"https:\/\/newsinfoco.com.br\/inicio\/wp-content\/uploads\/2025\/10\/SAVE_20251006_221555-rotated.jpg 1140w, https:\/\/newsinfoco.com.br\/inicio\/wp-content\/uploads\/2025\/10\/SAVE_20251006_221555-300x52.jpg 300w, https:\/\/newsinfoco.com.br\/inicio\/wp-content\/uploads\/2025\/10\/SAVE_20251006_221555-1024x177.jpg 1024w, https:\/\/newsinfoco.com.br\/inicio\/wp-content\/uploads\/2025\/10\/SAVE_20251006_221555-768x133.jpg 768w, https:\/\/newsinfoco.com.br\/inicio\/wp-content\/uploads\/2025\/10\/SAVE_20251006_221555-600x104.jpg 600w, https:\/\/newsinfoco.com.br\/inicio\/wp-content\/uploads\/2025\/10\/SAVE_20251006_221555-696x120.jpg 696w, https:\/\/newsinfoco.com.br\/inicio\/wp-content\/uploads\/2025\/10\/SAVE_20251006_221555-1068x185.jpg 1068w\" sizes=\"(max-width: 1140px) 100vw, 1140px\" width=\"1140\" height=\"197\"   \/><\/a><\/div>\n<p style=\"text-align: justify;\">O chanceler argentino, Felipe Sol\u00e1, atrasou a data da primeira visita ao Brasil para 12 de fevereiro. Antes, ir\u00e1 ao Vaticano, junto com o presidente Alberto Fern\u00e1ndez, ver o conterr\u00e2neo papa Francisco.<\/p>\n<div class='share-to-whatsapp-wrapper'><div class='share-on-whsp'>Share on: <\/div><a data-text='Minist\u00e9rio da Economia n\u00e3o desiste de proposta para extinguir munic\u00edpios' data-link='https:\/\/newsinfoco.com.br\/inicio\/ministerio-da-economia-nao-desiste-de-proposta-para-extinguir-municipios\/' class='whatsapp-button whatsapp-share'>WhatsApp<\/a><div class='clear '><\/div><\/div>","protected":false},"excerpt":{"rendered":"<p>Apesar da resist\u00eancia da classe pol\u00edtica, o Minist\u00e9rio da Economia n\u00e3o desistiu de tentar emplacar a medida que prop\u00f5e a extin\u00e7\u00e3o de munic\u00edpios que dependem de repasses da Uni\u00e3o para sobreviver. O argumento \u00e9 que as despesas com as m\u00e1quinas p\u00fablicas n\u00e3o se justificam. Levantamento da pasta mostra que, entre os 30 menores munic\u00edpios, os [&hellip;]<\/p>\n","protected":false},"author":1,"featured_media":17757,"comment_status":"open","ping_status":"open","sticky":false,"template":"","format":"standard","meta":{"om_disable_all_campaigns":false,"_exactmetrics_skip_tracking":false,"_exactmetrics_sitenote_active":false,"_exactmetrics_sitenote_note":"","_exactmetrics_sitenote_category":0,"footnotes":""},"categories":[21],"tags":[],"class_list":["post-19996","post","type-post","status-publish","format-standard","has-post-thumbnail","hentry","category-brasil"],"aioseo_notices":[],"_links":{"self":[{"href":"https:\/\/newsinfoco.com.br\/inicio\/wp-json\/wp\/v2\/posts\/19996","targetHints":{"allow":["GET"]}}],"collection":[{"href":"https:\/\/newsinfoco.com.br\/inicio\/wp-json\/wp\/v2\/posts"}],"about":[{"href":"https:\/\/newsinfoco.com.br\/inicio\/wp-json\/wp\/v2\/types\/post"}],"author":[{"embeddable":true,"href":"https:\/\/newsinfoco.com.br\/inicio\/wp-json\/wp\/v2\/users\/1"}],"replies":[{"embeddable":true,"href":"https:\/\/newsinfoco.com.br\/inicio\/wp-json\/wp\/v2\/comments?post=19996"}],"version-history":[{"count":0,"href":"https:\/\/newsinfoco.com.br\/inicio\/wp-json\/wp\/v2\/posts\/19996\/revisions"}],"wp:featuredmedia":[{"embeddable":true,"href":"https:\/\/newsinfoco.com.br\/inicio\/wp-json\/wp\/v2\/media\/17757"}],"wp:attachment":[{"href":"https:\/\/newsinfoco.com.br\/inicio\/wp-json\/wp\/v2\/media?parent=19996"}],"wp:term":[{"taxonomy":"category","embeddable":true,"href":"https:\/\/newsinfoco.com.br\/inicio\/wp-json\/wp\/v2\/categories?post=19996"},{"taxonomy":"post_tag","embeddable":true,"href":"https:\/\/newsinfoco.com.br\/inicio\/wp-json\/wp\/v2\/tags?post=19996"}],"curies":[{"name":"wp","href":"https:\/\/api.w.org\/{rel}","templated":true}]}}