{"id":20000,"date":"2020-01-19T19:01:34","date_gmt":"2020-01-19T22:01:34","guid":{"rendered":"http:\/\/newsinfoco.com.br\/?p=20000"},"modified":"2020-01-19T19:01:34","modified_gmt":"2020-01-19T22:01:34","slug":"grupos-de-renovacao-ja-contabilizam-71-pre-candidatos-em-capitais","status":"publish","type":"post","link":"https:\/\/newsinfoco.com.br\/inicio\/grupos-de-renovacao-ja-contabilizam-71-pre-candidatos-em-capitais\/","title":{"rendered":"Grupos de renova\u00e7\u00e3o j\u00e1 contabilizam 71 pr\u00e9-candidatos em capitais"},"content":{"rendered":"<p style=\"text-align: justify;\">O interesse crescente pelos grupos e movimentos de renova\u00e7\u00e3o e forma\u00e7\u00e3o pol\u00edtica no Pa\u00eds vai se refletir nas elei\u00e7\u00f5es municipais deste ano. Em 2019, com a persistente crise de representatividade dos partidos tradicionais, o n\u00famero de alunos e apoiadores destes grupos se multiplicou. O fen\u00f4meno dever\u00e1 resultar em um boom de candidaturas majorit\u00e1rias associadas a organiza\u00e7\u00f5es suprapartid\u00e1rias que formam lideran\u00e7as ou que buscam renovar a pr\u00e1tica pol\u00edtica, segundo levantamento do Estado.<\/p>\n<p style=\"text-align: justify;\">Faltando nove meses para as elei\u00e7\u00f5es municipais, ao menos 71 egressos desses movimentos civis j\u00e1 manifestaram interesse em concorrer em capitais de ao menos 21 Estados. A participa\u00e7\u00e3o em grupos de forma\u00e7\u00e3o pol\u00edtica se tornou uma credencial para candidaturas, o que leva partidos a disputarem os novatos oferecendo estrutura material e suporte.<\/p><div class=\"newsi-conteudo_19\" id=\"newsi-3872629725\"><a href=\"https:\/\/www.instagram.com\/prefeituraalagoinhas?igsh=YzgzdDJ1bWR3aWI4\" aria-label=\"SAVE_20251006_221555\"><img loading=\"lazy\" decoding=\"async\" src=\"https:\/\/newsinfoco.com.br\/inicio\/wp-content\/uploads\/2025\/10\/SAVE_20251006_221555-rotated.jpg\" alt=\"\"  srcset=\"https:\/\/newsinfoco.com.br\/inicio\/wp-content\/uploads\/2025\/10\/SAVE_20251006_221555-rotated.jpg 1140w, https:\/\/newsinfoco.com.br\/inicio\/wp-content\/uploads\/2025\/10\/SAVE_20251006_221555-300x52.jpg 300w, https:\/\/newsinfoco.com.br\/inicio\/wp-content\/uploads\/2025\/10\/SAVE_20251006_221555-1024x177.jpg 1024w, https:\/\/newsinfoco.com.br\/inicio\/wp-content\/uploads\/2025\/10\/SAVE_20251006_221555-768x133.jpg 768w, https:\/\/newsinfoco.com.br\/inicio\/wp-content\/uploads\/2025\/10\/SAVE_20251006_221555-600x104.jpg 600w, https:\/\/newsinfoco.com.br\/inicio\/wp-content\/uploads\/2025\/10\/SAVE_20251006_221555-696x120.jpg 696w, https:\/\/newsinfoco.com.br\/inicio\/wp-content\/uploads\/2025\/10\/SAVE_20251006_221555-1068x185.jpg 1068w\" sizes=\"(max-width: 1140px) 100vw, 1140px\" width=\"1140\" height=\"197\"   \/><\/a><\/div>\n<p style=\"text-align: justify;\">Em um dos poucos movimentos que j\u00e1 existia em 2016, a Rede de A\u00e7\u00e3o Pol\u00edtica pela Sustentabilidade (Raps), o n\u00famero de interessados em disputar as prefeituras das capitais at\u00e9 agora j\u00e1 \u00e9 maior do que o total de candidatos ligados ao grupo que disputaram a elei\u00e7\u00e3o de 2016, incluindo na conta as cidades menores. Segundo o grupo, 49 dos inscritos querem estar nas urnas em outubro. Em 2016, sa\u00edram da Raps 22 candidatos a prefeito, oito deles em capitais.<\/p>\n<p style=\"text-align: justify;\">Para alguns pr\u00e9-candidatos, os grupos civis s\u00e3o uma forma de driblar a falta de contatos nos partidos pol\u00edticos para se apresentar ou de recursos financeiros para tocar uma campanha. \u201cAs pessoas t\u00eam medo de ir para a pol\u00edtica\u201d, afirmou ao Estado Charbel Elias Maroun, pr\u00e9-candidato do Novo \u00e0 prefeitura do Recife. \u201cPrimeiro, porque acham que \u00e9 caro e que tem que gastar muito dinheiro \u2013 e eu n\u00e3o as culpo porque \u00e9 isso o que a gente tem visto. Segundo, porque elas acham que n\u00e3o t\u00eam o apoio de ningu\u00e9m.\u201d<\/p>\n<p style=\"text-align: justify;\">Maroun estreou nas urnas em 2018, ap\u00f3s integrar a primeira turma do RenovaBR, apoiado pelo apresentador de TV Luciano Huck \u2013 cotado como poss\u00edvel candidato \u00e0 Presid\u00eancia em 2022. Ele gastou R$ 70 mil na campanha, conquistou 22 mil votos, mas n\u00e3o garantiu a vaga de deputado federal. A candidatura de Maroun \u00e9 quase certa, j\u00e1 que o Novo fez um processo seletivo para definir seus nomes e ele \u00e9 o \u00fanico aprovado para disputar a prefeitura do Recife. Falta apenas a confirma\u00e7\u00e3o da conven\u00e7\u00e3o municipal. \u201cFui submetido a provas, a testes, a headhunters e tudo mais\u201d, destacou.<\/p>\n<p style=\"text-align: justify;\">Embate. O desconforto com antigas pr\u00e1ticas partid\u00e1rias \u00e9 outro fator que empurra jovens pol\u00edticos ou aspirantes a pol\u00edticos para os grupos de renova\u00e7\u00e3o. O m\u00e9dico Jo\u00e3o Guilherme de Moraes diz ter se frustrado em sua primeira tentativa de entrar no Executivo municipal, em 2016. Vice na chapa que foi ao segundo turno na disputa pela prefeitura de Curitiba, ele se queixa de coliga\u00e7\u00f5es que unem siglas sem afinidade program\u00e1tica em busca de tempo de TV. \u201cAtrapalha a estrutura partid\u00e1ria e essa quest\u00e3o de as agremia\u00e7\u00f5es no Brasil terem dono\u201d, afirmou.<\/p>\n<p style=\"text-align: justify;\">Moraes, ent\u00e3o no PSC, concorreu com Ney Leprevost (PSD) e foi derrotado. \u201cEu voltei \u00e0s atividades do consult\u00f3rio, mas com desejo de retornar (\u00e0 pol\u00edtica)\u201d, disse. Ap\u00f3s passar pela \u00faltima turma do RenovaBR, ele tamb\u00e9m se filiou ao Novo. Al\u00e9m de Maroun e Moraes, o grupo contabiliza outros 12 pr\u00e9-candidatos a capitais que fizeram em 2019 o curso de qualifica\u00e7\u00e3o para atuar na esfera municipal. Ao todo, 1.170 pessoas de 410 cidades se formaram na \u00faltima turma do RenovaBR, divididas em 30 dos 33 partidos que existem hoje no Brasil.<\/p>\n<p style=\"text-align: justify;\">O movimento, alegando alta procura, decidiu abrir novo processo seletivo no in\u00edcio deste ano para atender interessados em se candidatar a prefeito ou vereador nas disputas municipais. Numa pe\u00e7a publicit\u00e1ria em que anuncia os novos cursos, o RenovaBR conclama: \u201cSeja a pessoa que voc\u00ea quer eleger\u201d.<\/p>\n<p style=\"text-align: justify;\">O Livres, um movimento de vi\u00e9s liberal, j\u00e1 tem seis associados pleiteando apoio \u00e0s suas pr\u00e9-candidaturas a prefeito de capitais. Um dos concorrentes \u00e9 o deputado federal Marcelo Calero (Cidadania-RJ), que deve se lan\u00e7ar no Rio. Ap\u00f3s ganhar fama em 2016, quando denunciou a press\u00e3o de Geddel Vieira Lima, ex-ministro da Secretaria de Governo da Presid\u00eancia, para liberar uma obra em Salvador, ele se ligou a v\u00e1rios grupos de renova\u00e7\u00e3o.<\/p>\n<p style=\"text-align: justify;\">Depois de ganhar notabilidade nas mobiliza\u00e7\u00f5es de rua pelo impeachment da ex-presidente Dilma Rousseff, o Movimento Brasil Livre (MBL) tamb\u00e9m j\u00e1 tem apresentado nomes para as elei\u00e7\u00f5es municipais deste ano.<\/p>\n<p style=\"text-align: justify;\">O Estado procurou nos \u00faltimos dias outros grupos, como Acredito, Agora!, Vote Nelas e Ocupa Pol\u00edtica, que informaram n\u00e3o ter ainda uma lista pr\u00e9via de poss\u00edveis candidatos a cargos majorit\u00e1rios no Pa\u00eds.<\/p>\n<div class='share-to-whatsapp-wrapper'><div class='share-on-whsp'>Share on: <\/div><a data-text='Grupos de renova\u00e7\u00e3o j\u00e1 contabilizam 71 pr\u00e9-candidatos em capitais' data-link='https:\/\/newsinfoco.com.br\/inicio\/grupos-de-renovacao-ja-contabilizam-71-pre-candidatos-em-capitais\/' class='whatsapp-button whatsapp-share'>WhatsApp<\/a><div class='clear '><\/div><\/div>","protected":false},"excerpt":{"rendered":"<p>O interesse crescente pelos grupos e movimentos de renova\u00e7\u00e3o e forma\u00e7\u00e3o pol\u00edtica no Pa\u00eds vai se refletir nas elei\u00e7\u00f5es municipais deste ano. Em 2019, com a persistente crise de representatividade dos partidos tradicionais, o n\u00famero de alunos e apoiadores destes grupos se multiplicou. O fen\u00f4meno dever\u00e1 resultar em um boom de candidaturas majorit\u00e1rias associadas a [&hellip;]<\/p>\n","protected":false},"author":1,"featured_media":20001,"comment_status":"open","ping_status":"open","sticky":false,"template":"","format":"standard","meta":{"om_disable_all_campaigns":false,"_exactmetrics_skip_tracking":false,"_exactmetrics_sitenote_active":false,"_exactmetrics_sitenote_note":"","_exactmetrics_sitenote_category":0,"footnotes":""},"categories":[21],"tags":[],"class_list":["post-20000","post","type-post","status-publish","format-standard","has-post-thumbnail","hentry","category-brasil"],"aioseo_notices":[],"_links":{"self":[{"href":"https:\/\/newsinfoco.com.br\/inicio\/wp-json\/wp\/v2\/posts\/20000","targetHints":{"allow":["GET"]}}],"collection":[{"href":"https:\/\/newsinfoco.com.br\/inicio\/wp-json\/wp\/v2\/posts"}],"about":[{"href":"https:\/\/newsinfoco.com.br\/inicio\/wp-json\/wp\/v2\/types\/post"}],"author":[{"embeddable":true,"href":"https:\/\/newsinfoco.com.br\/inicio\/wp-json\/wp\/v2\/users\/1"}],"replies":[{"embeddable":true,"href":"https:\/\/newsinfoco.com.br\/inicio\/wp-json\/wp\/v2\/comments?post=20000"}],"version-history":[{"count":0,"href":"https:\/\/newsinfoco.com.br\/inicio\/wp-json\/wp\/v2\/posts\/20000\/revisions"}],"wp:featuredmedia":[{"embeddable":true,"href":"https:\/\/newsinfoco.com.br\/inicio\/wp-json\/wp\/v2\/media\/20001"}],"wp:attachment":[{"href":"https:\/\/newsinfoco.com.br\/inicio\/wp-json\/wp\/v2\/media?parent=20000"}],"wp:term":[{"taxonomy":"category","embeddable":true,"href":"https:\/\/newsinfoco.com.br\/inicio\/wp-json\/wp\/v2\/categories?post=20000"},{"taxonomy":"post_tag","embeddable":true,"href":"https:\/\/newsinfoco.com.br\/inicio\/wp-json\/wp\/v2\/tags?post=20000"}],"curies":[{"name":"wp","href":"https:\/\/api.w.org\/{rel}","templated":true}]}}