{"id":20003,"date":"2020-01-19T19:04:18","date_gmt":"2020-01-19T22:04:18","guid":{"rendered":"http:\/\/newsinfoco.com.br\/?p=20003"},"modified":"2020-01-19T19:04:18","modified_gmt":"2020-01-19T22:04:18","slug":"suplicy-critica-diretriz-de-gleisi-defende-previas-em-sp-e-expoe-racha-no-pt","status":"publish","type":"post","link":"https:\/\/newsinfoco.com.br\/inicio\/suplicy-critica-diretriz-de-gleisi-defende-previas-em-sp-e-expoe-racha-no-pt\/","title":{"rendered":"Suplicy critica diretriz de Gleisi, defende pr\u00e9vias em SP e exp\u00f5e racha no PT"},"content":{"rendered":"<p style=\"text-align: justify;\">O vereador e ex-senador Eduardo Suplicy, um dos seis pr\u00e9-candidatos do PT \u00e0 Prefeitura de S\u00e3o Paulo, exp\u00f4s neste domingo (19) a divis\u00e3o no processo de escolha do partido para a disputa municipal de 2020.<\/p>\n<p style=\"text-align: justify;\">Em uma publica\u00e7\u00e3o em rede social,\u00a0Suplicy criticou a orienta\u00e7\u00e3o da\u00a0presidente do PT,\u00a0Gleisi\u00a0Hoffmann, para que sejam\u00a0evitadas pr\u00e9vias para a defini\u00e7\u00e3o do candidato a prefeito em S\u00e3o Paulo.<\/p><div class=\"newsi-conteudo_19\" id=\"newsi-2708103726\"><a href=\"https:\/\/www.instagram.com\/prefeituraalagoinhas?igsh=YzgzdDJ1bWR3aWI4\" aria-label=\"SAVE_20251006_221555\"><img loading=\"lazy\" decoding=\"async\" src=\"https:\/\/newsinfoco.com.br\/inicio\/wp-content\/uploads\/2025\/10\/SAVE_20251006_221555-rotated.jpg\" alt=\"\"  srcset=\"https:\/\/newsinfoco.com.br\/inicio\/wp-content\/uploads\/2025\/10\/SAVE_20251006_221555-rotated.jpg 1140w, https:\/\/newsinfoco.com.br\/inicio\/wp-content\/uploads\/2025\/10\/SAVE_20251006_221555-300x52.jpg 300w, https:\/\/newsinfoco.com.br\/inicio\/wp-content\/uploads\/2025\/10\/SAVE_20251006_221555-1024x177.jpg 1024w, https:\/\/newsinfoco.com.br\/inicio\/wp-content\/uploads\/2025\/10\/SAVE_20251006_221555-768x133.jpg 768w, https:\/\/newsinfoco.com.br\/inicio\/wp-content\/uploads\/2025\/10\/SAVE_20251006_221555-600x104.jpg 600w, https:\/\/newsinfoco.com.br\/inicio\/wp-content\/uploads\/2025\/10\/SAVE_20251006_221555-696x120.jpg 696w, https:\/\/newsinfoco.com.br\/inicio\/wp-content\/uploads\/2025\/10\/SAVE_20251006_221555-1068x185.jpg 1068w\" sizes=\"(max-width: 1140px) 100vw, 1140px\" width=\"1140\" height=\"197\"   \/><\/a><\/div>\n<p style=\"text-align: justify;\">Com aval de\u00a0Lula, Gleisi\u00a0manifestou a inten\u00e7\u00e3o ap\u00f3s reuni\u00e3o com dirigentes petistas na sexta-feira (17).<\/p>\n<p style=\"text-align: justify;\">\u201cEmbora presente \u00e0 reuni\u00e3o de diret\u00f3rio nacional, e sendo um dos pr\u00e9-candidatos, nenhum dirigente do partido me orientou sobre esta nova diretriz\u201d, afirmou Suplicy.<\/p>\n<p style=\"text-align: justify;\">\u201cNos 40 anos de vida no PT, a experi\u00eancia me mostrou que o intenso debate de ideias no processo democr\u00e1tico das pr\u00e9vias, previsto em nosso regimento, al\u00e9m de saud\u00e1vel, contribuiu para o fortalecimento do partido e nos levou a in\u00fameras vit\u00f3rias\u201d, completou,\u00a0em carta dirigida e\u00a0Gleisi\u00a0e publicada em seu\u00a0perfil no\u00a0Instagram.<\/p>\n<p style=\"text-align: justify;\">\u00c0\u00a0Folha\u00a0o pr\u00e9-candidato disse que a ideia \u00e9 fortalecer a candidatura que ser\u00e1 escolhida no dia 15 de mar\u00e7o.<\/p>\n<p style=\"text-align: justify;\">A exposi\u00e7\u00e3o p\u00fablica das diverg\u00eancias ocorre na v\u00e9spera de nova reuni\u00e3o do diret\u00f3rio, prevista para esta segunda-feira (20) para discutir regras de poss\u00edvel pr\u00e9via da candidatura do PT \u00e0 prefeitura da capital paulista.<\/p>\n<p style=\"text-align: justify;\">Gleisi\u00a0tomou posse para mais\u00a0um mandato como presidente nacional do partido.\u00a0\u201cO nosso esfor\u00e7o \u00e9 para demover o diret\u00f3rio municipal de fazer pr\u00e9vias, e os pr\u00e9-candidatos tamb\u00e9m. N\u00f3s queremos chegar a um n\u00edvel de unidade\u201d, disse ela na sexta.<\/p>\n<p style=\"text-align: justify;\">O PT tem, al\u00e9m de Eduardo\u00a0Suplicy, os deputados federais Carlos\u00a0Zarattini, Paulo Teixeira e Alexandre Padilha, o ex-deputado\u00a0Jilmar\u00a0Tatto\u00a0e o ex-vereador\u00a0Nabil\u00a0Bonduki\u00a0como pr\u00e9-candidatos.<\/p>\n<p style=\"text-align: justify;\">Suplicy\u00a0cita\u00a0a realiza\u00e7\u00e3o de pr\u00e9vias nas\u00a0elei\u00e7\u00f5es municipais\u00a0de 1985 e 1986, e na campanha presidencial de presidencial de 2002, em que disputou a vaga com Lula.<\/p>\n<p style=\"text-align: justify;\">Como informou o Painel,\u00a0Lula est\u00e1 diretamente envolvido\u00a0na defini\u00e7\u00e3o do quadro em S\u00e3o Paulo e est\u00e1 atuando para que o candidato seja escolhido nas pr\u00f3ximas\u00a0semanas.<\/p>\n<p style=\"text-align: justify;\">Em reuni\u00e3o na\u00a0sexta, a sigla refor\u00e7ou\u00a0a orienta\u00e7\u00e3o de lan\u00e7ar o maior n\u00famero\u00a0de candidaturas pr\u00f3prias nas municipais deste ano e trabalhar para evitar pr\u00e9vias e impedir rachas.<\/p>\n<p style=\"text-align: justify;\">Segundo\u00a0Gleisi, o ex-presidente reiterou a tese de que o partido tenha protagonismo nos pleitos municipais e intensifique a oposi\u00e7\u00e3o ao\u00a0governo Jair\u00a0Bolsonaro\u00a0(sem partido).<\/p>\n<p style=\"text-align: justify;\">Nas elei\u00e7\u00f5es municipais de 2016, o PT\u00a0perdeu mais de metade das cidades que administrava. Naquele ano, o partido foi o que mais encolheu, indo de para 630 prefeituras para 256.<\/p>\n<div class='share-to-whatsapp-wrapper'><div class='share-on-whsp'>Share on: <\/div><a data-text='Suplicy critica diretriz de Gleisi, defende pr\u00e9vias em SP e exp\u00f5e racha no PT' data-link='https:\/\/newsinfoco.com.br\/inicio\/suplicy-critica-diretriz-de-gleisi-defende-previas-em-sp-e-expoe-racha-no-pt\/' class='whatsapp-button whatsapp-share'>WhatsApp<\/a><div class='clear '><\/div><\/div>","protected":false},"excerpt":{"rendered":"<p>O vereador e ex-senador Eduardo Suplicy, um dos seis pr\u00e9-candidatos do PT \u00e0 Prefeitura de S\u00e3o Paulo, exp\u00f4s neste domingo (19) a divis\u00e3o no processo de escolha do partido para a disputa municipal de 2020. Em uma publica\u00e7\u00e3o em rede social,\u00a0Suplicy criticou a orienta\u00e7\u00e3o da\u00a0presidente do PT,\u00a0Gleisi\u00a0Hoffmann, para que sejam\u00a0evitadas pr\u00e9vias para a defini\u00e7\u00e3o do [&hellip;]<\/p>\n","protected":false},"author":1,"featured_media":20004,"comment_status":"open","ping_status":"open","sticky":false,"template":"","format":"standard","meta":{"om_disable_all_campaigns":false,"_exactmetrics_skip_tracking":false,"_exactmetrics_sitenote_active":false,"_exactmetrics_sitenote_note":"","_exactmetrics_sitenote_category":0,"footnotes":""},"categories":[21],"tags":[],"class_list":["post-20003","post","type-post","status-publish","format-standard","has-post-thumbnail","hentry","category-brasil"],"aioseo_notices":[],"_links":{"self":[{"href":"https:\/\/newsinfoco.com.br\/inicio\/wp-json\/wp\/v2\/posts\/20003","targetHints":{"allow":["GET"]}}],"collection":[{"href":"https:\/\/newsinfoco.com.br\/inicio\/wp-json\/wp\/v2\/posts"}],"about":[{"href":"https:\/\/newsinfoco.com.br\/inicio\/wp-json\/wp\/v2\/types\/post"}],"author":[{"embeddable":true,"href":"https:\/\/newsinfoco.com.br\/inicio\/wp-json\/wp\/v2\/users\/1"}],"replies":[{"embeddable":true,"href":"https:\/\/newsinfoco.com.br\/inicio\/wp-json\/wp\/v2\/comments?post=20003"}],"version-history":[{"count":0,"href":"https:\/\/newsinfoco.com.br\/inicio\/wp-json\/wp\/v2\/posts\/20003\/revisions"}],"wp:featuredmedia":[{"embeddable":true,"href":"https:\/\/newsinfoco.com.br\/inicio\/wp-json\/wp\/v2\/media\/20004"}],"wp:attachment":[{"href":"https:\/\/newsinfoco.com.br\/inicio\/wp-json\/wp\/v2\/media?parent=20003"}],"wp:term":[{"taxonomy":"category","embeddable":true,"href":"https:\/\/newsinfoco.com.br\/inicio\/wp-json\/wp\/v2\/categories?post=20003"},{"taxonomy":"post_tag","embeddable":true,"href":"https:\/\/newsinfoco.com.br\/inicio\/wp-json\/wp\/v2\/tags?post=20003"}],"curies":[{"name":"wp","href":"https:\/\/api.w.org\/{rel}","templated":true}]}}