{"id":20011,"date":"2020-01-20T19:09:38","date_gmt":"2020-01-20T22:09:38","guid":{"rendered":"http:\/\/newsinfoco.com.br\/?p=20011"},"modified":"2020-01-20T19:09:38","modified_gmt":"2020-01-20T22:09:38","slug":"candidatos-realizam-provas-para-os-cargos-de-nivel-medio-e-tecnico-do-concurso-da-prefeitura-de-alagoinhas-gabaritos-preliminares-ja-estao-disponiveis","status":"publish","type":"post","link":"https:\/\/newsinfoco.com.br\/inicio\/candidatos-realizam-provas-para-os-cargos-de-nivel-medio-e-tecnico-do-concurso-da-prefeitura-de-alagoinhas-gabaritos-preliminares-ja-estao-disponiveis\/","title":{"rendered":"Candidatos realizam provas para os cargos de n\u00edvel m\u00e9dio e t\u00e9cnico do Concurso da Prefeitura de Alagoinhas; gabaritos preliminares j\u00e1 est\u00e3o dispon\u00edveis"},"content":{"rendered":"<p style=\"text-align: justify;\">Com uma movimenta\u00e7\u00e3o tranquila e sem intercorr\u00eancias, em torno de 11.800 candidatos realizaram, neste domingo (19), a segunda etapa de provas do Concurso P\u00fablico da Prefeitura de Alagoinhas, edital 02\/2019. Aplicado em 10 locais, o concurso aconteceu em dois momentos: pela manh\u00e3, para interessados em cargos de n\u00edveis m\u00e9dio, e no per\u00edodo da tarde, para candidatos de n\u00edveis t\u00e9cnico.<\/p>\n<p style=\"text-align: justify;\">De acordo com informa\u00e7\u00f5es da equipe da Associa\u00e7\u00e3o Instituto CONSULTEC \u2013 AIETEC, banca organizadora do certame, foram convocados para realizar a prova pela manh\u00e3 , um total de 6976 candidatos e a absten\u00e7\u00e3o foi de 45,56% . J\u00e1 para o per\u00edodo da tarde, estavam regularmente inscritos 4.800 candidatos e o \u00edndice de absten\u00e7\u00e3o foi 34,58%.<\/p><div class=\"newsi-conteudo_19\" id=\"newsi-3286999829\"><a href=\"https:\/\/www.instagram.com\/prefeituraalagoinhas?igsh=YzgzdDJ1bWR3aWI4\" aria-label=\"SAVE_20251006_221555\"><img loading=\"lazy\" decoding=\"async\" src=\"https:\/\/newsinfoco.com.br\/inicio\/wp-content\/uploads\/2025\/10\/SAVE_20251006_221555-rotated.jpg\" alt=\"\"  srcset=\"https:\/\/newsinfoco.com.br\/inicio\/wp-content\/uploads\/2025\/10\/SAVE_20251006_221555-rotated.jpg 1140w, https:\/\/newsinfoco.com.br\/inicio\/wp-content\/uploads\/2025\/10\/SAVE_20251006_221555-300x52.jpg 300w, https:\/\/newsinfoco.com.br\/inicio\/wp-content\/uploads\/2025\/10\/SAVE_20251006_221555-1024x177.jpg 1024w, https:\/\/newsinfoco.com.br\/inicio\/wp-content\/uploads\/2025\/10\/SAVE_20251006_221555-768x133.jpg 768w, https:\/\/newsinfoco.com.br\/inicio\/wp-content\/uploads\/2025\/10\/SAVE_20251006_221555-600x104.jpg 600w, https:\/\/newsinfoco.com.br\/inicio\/wp-content\/uploads\/2025\/10\/SAVE_20251006_221555-696x120.jpg 696w, https:\/\/newsinfoco.com.br\/inicio\/wp-content\/uploads\/2025\/10\/SAVE_20251006_221555-1068x185.jpg 1068w\" sizes=\"(max-width: 1140px) 100vw, 1140px\" width=\"1140\" height=\"197\"   \/><\/a><\/div>\n<p style=\"text-align: justify;\">A estrutura mobilizada para realiza\u00e7\u00e3o das provas contou com 800 pessoas entre aplicadores, equipe de seguran\u00e7a, monitores, fiscais de corredores e profissionais de log\u00edstica, que trabalharam em conjunto com 24 servidores da Comiss\u00e3o de Apoio disponibilizados pela Prefeitura, dois da Comiss\u00e3o Especial, al\u00e9m de quatro procuradores jur\u00eddicos.<\/p>\n<p style=\"text-align: justify;\">A aplica\u00e7\u00e3o da etapa de provas contou, ainda, com apoio da Pol\u00edcia Militar, da Guarda Municipal e da Secretaria de Sa\u00fade, que disponibilizaram equipes de plant\u00e3o nas portarias das unidades de ensino.<\/p>\n<p style=\"text-align: justify;\">Mirella Agle se inscreveu para as provas de n\u00edvel m\u00e9dio. Segundo ela, a organiza\u00e7\u00e3o foi um dos pontos positivos do certame. \u201cAs equipes estavam bem treinadas e tivemos sempre as informa\u00e7\u00f5es necess\u00e1rias com anteced\u00eancia, o que facilita no processo de prepara\u00e7\u00e3o de todos os candidatos\u201d, disse.<\/p>\n<p style=\"text-align: justify;\">Os gabaritos preliminares j\u00e1 est\u00e3o dispon\u00edveis para consulta no site da AIETEC\u00a0 www.aietec.com.br. Nesta segunda etapa est\u00e3o sendo selecionados servidores para o =s cargos\u00a0\u00a0Assistente\u00a0Administrativo, Motorista, Auxiliar de Classe, Profissional de Apoio de Alunos com Defici\u00eancia, Operador\u00a0de M\u00e1quinas e Equipamentos, Tradutor e Int\u00e9rprete da Linguagem Brasileira de Sinais, T\u00e9cnico em Contabilidade e T\u00e9cnico de Seguran\u00e7a do Trabalho.<\/p>\n<p style=\"text-align: justify;\">A pr\u00f3xima e \u00faltima etapa de aplica\u00e7\u00e3o de provas objetivas ser\u00e1 destinada aos cargos de n\u00edvel superior e tem data marcada para o dia 26 de janeiro, no turno matutino.<\/p>\n<p style=\"text-align: right;\">Secom Alagoinhas<\/p>\n<div class='share-to-whatsapp-wrapper'><div class='share-on-whsp'>Share on: <\/div><a data-text='Candidatos realizam provas para os cargos de n\u00edvel m\u00e9dio e t\u00e9cnico do Concurso da Prefeitura de Alagoinhas; gabaritos preliminares j\u00e1 est\u00e3o dispon\u00edveis' data-link='https:\/\/newsinfoco.com.br\/inicio\/candidatos-realizam-provas-para-os-cargos-de-nivel-medio-e-tecnico-do-concurso-da-prefeitura-de-alagoinhas-gabaritos-preliminares-ja-estao-disponiveis\/' class='whatsapp-button whatsapp-share'>WhatsApp<\/a><div class='clear '><\/div><\/div>","protected":false},"excerpt":{"rendered":"<p>Com uma movimenta\u00e7\u00e3o tranquila e sem intercorr\u00eancias, em torno de 11.800 candidatos realizaram, neste domingo (19), a segunda etapa de provas do Concurso P\u00fablico da Prefeitura de Alagoinhas, edital 02\/2019. Aplicado em 10 locais, o concurso aconteceu em dois momentos: pela manh\u00e3, para interessados em cargos de n\u00edveis m\u00e9dio, e no per\u00edodo da tarde, para [&hellip;]<\/p>\n","protected":false},"author":1,"featured_media":20012,"comment_status":"open","ping_status":"open","sticky":false,"template":"","format":"standard","meta":{"om_disable_all_campaigns":false,"_exactmetrics_skip_tracking":false,"_exactmetrics_sitenote_active":false,"_exactmetrics_sitenote_note":"","_exactmetrics_sitenote_category":0,"footnotes":""},"categories":[38],"tags":[],"class_list":["post-20011","post","type-post","status-publish","format-standard","has-post-thumbnail","hentry","category-alagoinhas-e-regiao"],"aioseo_notices":[],"_links":{"self":[{"href":"https:\/\/newsinfoco.com.br\/inicio\/wp-json\/wp\/v2\/posts\/20011","targetHints":{"allow":["GET"]}}],"collection":[{"href":"https:\/\/newsinfoco.com.br\/inicio\/wp-json\/wp\/v2\/posts"}],"about":[{"href":"https:\/\/newsinfoco.com.br\/inicio\/wp-json\/wp\/v2\/types\/post"}],"author":[{"embeddable":true,"href":"https:\/\/newsinfoco.com.br\/inicio\/wp-json\/wp\/v2\/users\/1"}],"replies":[{"embeddable":true,"href":"https:\/\/newsinfoco.com.br\/inicio\/wp-json\/wp\/v2\/comments?post=20011"}],"version-history":[{"count":0,"href":"https:\/\/newsinfoco.com.br\/inicio\/wp-json\/wp\/v2\/posts\/20011\/revisions"}],"wp:featuredmedia":[{"embeddable":true,"href":"https:\/\/newsinfoco.com.br\/inicio\/wp-json\/wp\/v2\/media\/20012"}],"wp:attachment":[{"href":"https:\/\/newsinfoco.com.br\/inicio\/wp-json\/wp\/v2\/media?parent=20011"}],"wp:term":[{"taxonomy":"category","embeddable":true,"href":"https:\/\/newsinfoco.com.br\/inicio\/wp-json\/wp\/v2\/categories?post=20011"},{"taxonomy":"post_tag","embeddable":true,"href":"https:\/\/newsinfoco.com.br\/inicio\/wp-json\/wp\/v2\/tags?post=20011"}],"curies":[{"name":"wp","href":"https:\/\/api.w.org\/{rel}","templated":true}]}}