{"id":20020,"date":"2020-01-20T21:50:12","date_gmt":"2020-01-21T00:50:12","guid":{"rendered":"http:\/\/newsinfoco.com.br\/?p=20020"},"modified":"2020-01-20T21:50:12","modified_gmt":"2020-01-21T00:50:12","slug":"regina-duarte-aceita-convite-de-bolsonaro-para-secretaria-de-cultura-diz-blog","status":"publish","type":"post","link":"https:\/\/newsinfoco.com.br\/inicio\/regina-duarte-aceita-convite-de-bolsonaro-para-secretaria-de-cultura-diz-blog\/","title":{"rendered":"Regina Duarte aceita convite de Bolsonaro para Secretaria de Cultura, diz blog"},"content":{"rendered":"<p style=\"text-align: justify;\">A atriz Regina Duarte aceitou o convite feito pelo presidente Jair Bolsonaro para a Secretaria de Cultura do governo federal, segundo o blog da jornalista Cristiana L\u00f4bo, no portal G1. De acordo com a publica\u00e7\u00e3o, a decis\u00e3o foi confirmada ao blog por membros da classe art\u00edstica. Regina Duarte e Bolsonaro se reuniram nesta segunda-feira (20), no Rio de Janeiro.<\/p>\n<p style=\"text-align: justify;\">Ap\u00f3s a reuni\u00e3o, o Pal\u00e1cio do Planalto confirmou que Regina ir\u00e1 a Bras\u00edlia na quarta (22) para conhecer a estrutura da Secretaria Especial de Cultura \u2013mas n\u00e3o cravou que ela assumir\u00e1 o cargo.<\/p><div class=\"newsi-conteudo_19\" id=\"newsi-516711508\"><a href=\"https:\/\/www.instagram.com\/prefeituraalagoinhas?igsh=YzgzdDJ1bWR3aWI4\" aria-label=\"SAVE_20251006_221555\"><img loading=\"lazy\" decoding=\"async\" src=\"https:\/\/newsinfoco.com.br\/inicio\/wp-content\/uploads\/2025\/10\/SAVE_20251006_221555-rotated.jpg\" alt=\"\"  srcset=\"https:\/\/newsinfoco.com.br\/inicio\/wp-content\/uploads\/2025\/10\/SAVE_20251006_221555-rotated.jpg 1140w, https:\/\/newsinfoco.com.br\/inicio\/wp-content\/uploads\/2025\/10\/SAVE_20251006_221555-300x52.jpg 300w, https:\/\/newsinfoco.com.br\/inicio\/wp-content\/uploads\/2025\/10\/SAVE_20251006_221555-1024x177.jpg 1024w, https:\/\/newsinfoco.com.br\/inicio\/wp-content\/uploads\/2025\/10\/SAVE_20251006_221555-768x133.jpg 768w, https:\/\/newsinfoco.com.br\/inicio\/wp-content\/uploads\/2025\/10\/SAVE_20251006_221555-600x104.jpg 600w, https:\/\/newsinfoco.com.br\/inicio\/wp-content\/uploads\/2025\/10\/SAVE_20251006_221555-696x120.jpg 696w, https:\/\/newsinfoco.com.br\/inicio\/wp-content\/uploads\/2025\/10\/SAVE_20251006_221555-1068x185.jpg 1068w\" sizes=\"(max-width: 1140px) 100vw, 1140px\" width=\"1140\" height=\"197\"   \/><\/a><\/div>\n<p style=\"text-align: justify;\">O comunicado do Planalto diz: \u201cAp\u00f3s conversa produtiva com o presidente Jair Bolsonaro, Regina Duarte estar\u00e1 em Bras\u00edlia na pr\u00f3xima quarta-feira, 22, para conhecer a Secretaria Especial de Cultura do governo federal. \u2018Estamos noivando\u2019, disse a artista ap\u00f3s o encontro ocorrido nesta tarde no Rio de Janeiro.\u201d<br \/>\nPela manh\u00e3, Regina publicou em rede social que teria uma conversa \u201colho no olho\u201d com o presidente da Rep\u00fablica. \u201cOlha s\u00f3 , querido seguidor, que dia importante para ter sido chamada ao Rio para uma conversa \u2018olho no olho\u2019 do nosso Presidente da Rep\u00fablica\u201d, dizia a postagem.<\/p>\n<p style=\"text-align: justify;\">\u201cDe tudo quero tirar uma li\u00e7\u00e3o , um aprendizado . E vambora ! Com muito amor no cora\u00e7\u00e3o\u201d, concluiu a atriz.<\/p>\n<p style=\"text-align: justify;\">A Rede Globo afirmou, por sua vez, que, caso Regina Duarte aceite o convite, seu contrato ser\u00e1 rompido: \u201cA atriz Regina Duarte tem contrato vigente com a Globo e sabe que, se optar por assumir cargo p\u00fablico, deve pedir a suspens\u00e3o de seu v\u00ednculo com a empresa como imp\u00f5e a nossa pol\u00edtica interna de conhecimento de todos os seus colaboradores\u201d.<\/p>\n<div class='share-to-whatsapp-wrapper'><div class='share-on-whsp'>Share on: <\/div><a data-text='Regina Duarte aceita convite de Bolsonaro para Secretaria de Cultura, diz blog' data-link='https:\/\/newsinfoco.com.br\/inicio\/regina-duarte-aceita-convite-de-bolsonaro-para-secretaria-de-cultura-diz-blog\/' class='whatsapp-button whatsapp-share'>WhatsApp<\/a><div class='clear '><\/div><\/div>","protected":false},"excerpt":{"rendered":"<p>A atriz Regina Duarte aceitou o convite feito pelo presidente Jair Bolsonaro para a Secretaria de Cultura do governo federal, segundo o blog da jornalista Cristiana L\u00f4bo, no portal G1. De acordo com a publica\u00e7\u00e3o, a decis\u00e3o foi confirmada ao blog por membros da classe art\u00edstica. Regina Duarte e Bolsonaro se reuniram nesta segunda-feira (20), [&hellip;]<\/p>\n","protected":false},"author":1,"featured_media":20021,"comment_status":"open","ping_status":"open","sticky":false,"template":"","format":"standard","meta":{"om_disable_all_campaigns":false,"_exactmetrics_skip_tracking":false,"_exactmetrics_sitenote_active":false,"_exactmetrics_sitenote_note":"","_exactmetrics_sitenote_category":0,"footnotes":""},"categories":[21],"tags":[],"class_list":["post-20020","post","type-post","status-publish","format-standard","has-post-thumbnail","hentry","category-brasil"],"aioseo_notices":[],"_links":{"self":[{"href":"https:\/\/newsinfoco.com.br\/inicio\/wp-json\/wp\/v2\/posts\/20020","targetHints":{"allow":["GET"]}}],"collection":[{"href":"https:\/\/newsinfoco.com.br\/inicio\/wp-json\/wp\/v2\/posts"}],"about":[{"href":"https:\/\/newsinfoco.com.br\/inicio\/wp-json\/wp\/v2\/types\/post"}],"author":[{"embeddable":true,"href":"https:\/\/newsinfoco.com.br\/inicio\/wp-json\/wp\/v2\/users\/1"}],"replies":[{"embeddable":true,"href":"https:\/\/newsinfoco.com.br\/inicio\/wp-json\/wp\/v2\/comments?post=20020"}],"version-history":[{"count":0,"href":"https:\/\/newsinfoco.com.br\/inicio\/wp-json\/wp\/v2\/posts\/20020\/revisions"}],"wp:featuredmedia":[{"embeddable":true,"href":"https:\/\/newsinfoco.com.br\/inicio\/wp-json\/wp\/v2\/media\/20021"}],"wp:attachment":[{"href":"https:\/\/newsinfoco.com.br\/inicio\/wp-json\/wp\/v2\/media?parent=20020"}],"wp:term":[{"taxonomy":"category","embeddable":true,"href":"https:\/\/newsinfoco.com.br\/inicio\/wp-json\/wp\/v2\/categories?post=20020"},{"taxonomy":"post_tag","embeddable":true,"href":"https:\/\/newsinfoco.com.br\/inicio\/wp-json\/wp\/v2\/tags?post=20020"}],"curies":[{"name":"wp","href":"https:\/\/api.w.org\/{rel}","templated":true}]}}