{"id":20025,"date":"2020-01-20T21:58:36","date_gmt":"2020-01-21T00:58:36","guid":{"rendered":"http:\/\/newsinfoco.com.br\/?p=20025"},"modified":"2020-01-20T21:58:36","modified_gmt":"2020-01-21T00:58:36","slug":"proposta-de-novo-codigo-comercial-pode-ser-votada-ate-final-de-2020","status":"publish","type":"post","link":"https:\/\/newsinfoco.com.br\/inicio\/proposta-de-novo-codigo-comercial-pode-ser-votada-ate-final-de-2020\/","title":{"rendered":"Proposta de Novo C\u00f3digo Comercial pode ser votada at\u00e9 final de 2020"},"content":{"rendered":"<p style=\"text-align: justify;\">O Novo C\u00f3digo Comercial pode ser votado at\u00e9 o final deste ano. A proposta de atualiza\u00e7\u00e3o tem como objetivo aprimorar o arcabou\u00e7o jur\u00eddico empresarial, modernizando as diretrizes que regulam o mercado atualmente. O Projeto de Lei do Senado 487\/2013 \u00e9 relatado pela senadora Soraya Thronicke (PSL-MS), que estabeleceu o prazo de seis meses para aprova\u00e7\u00e3o do texto na Comiss\u00e3o Tempor\u00e1ria para a Reforma do C\u00f3digo Comercial (CTRCC).<\/p>\n<p style=\"text-align: justify;\">O advogado especializado em direito empresarial e membro da equipe de juristas da comiss\u00e3o, Diego Montenegro, explicou que o tempo de aprova\u00e7\u00e3o pode ser mais extenso. Segundo ele, a relatora deve apresentar o texto a ser apreciado pela comiss\u00e3o, mas a constru\u00e7\u00e3o depende de audi\u00eancias p\u00fablicas.<\/p><div class=\"newsi-conteudo_19\" id=\"newsi-1951976637\"><a href=\"https:\/\/www.instagram.com\/prefeituraalagoinhas?igsh=YzgzdDJ1bWR3aWI4\" aria-label=\"SAVE_20251006_221555\"><img loading=\"lazy\" decoding=\"async\" src=\"https:\/\/newsinfoco.com.br\/inicio\/wp-content\/uploads\/2025\/10\/SAVE_20251006_221555-rotated.jpg\" alt=\"\"  srcset=\"https:\/\/newsinfoco.com.br\/inicio\/wp-content\/uploads\/2025\/10\/SAVE_20251006_221555-rotated.jpg 1140w, https:\/\/newsinfoco.com.br\/inicio\/wp-content\/uploads\/2025\/10\/SAVE_20251006_221555-300x52.jpg 300w, https:\/\/newsinfoco.com.br\/inicio\/wp-content\/uploads\/2025\/10\/SAVE_20251006_221555-1024x177.jpg 1024w, https:\/\/newsinfoco.com.br\/inicio\/wp-content\/uploads\/2025\/10\/SAVE_20251006_221555-768x133.jpg 768w, https:\/\/newsinfoco.com.br\/inicio\/wp-content\/uploads\/2025\/10\/SAVE_20251006_221555-600x104.jpg 600w, https:\/\/newsinfoco.com.br\/inicio\/wp-content\/uploads\/2025\/10\/SAVE_20251006_221555-696x120.jpg 696w, https:\/\/newsinfoco.com.br\/inicio\/wp-content\/uploads\/2025\/10\/SAVE_20251006_221555-1068x185.jpg 1068w\" sizes=\"(max-width: 1140px) 100vw, 1140px\" width=\"1140\" height=\"197\"   \/><\/a><\/div>\n<p style=\"text-align: justify;\">\u201cA gente est\u00e1 discutindo agora o plano de trabalho, que prev\u00ea pelo menos um ano de trabalho at\u00e9 o fechamento do texto. A ideia \u00e9 que h\u00e1 a necessidade de se ouvir as entidades representativas de classe. A comiss\u00e3o quer entender quais as necessidades do mercado, do ponto de vista do aprimoramento da lei. Isso leva um tempo, precisa convidar entidades de classe, marcar audi\u00eancia p\u00fablica, pra depois trabalhar na reda\u00e7\u00e3o do artigo\u201d, detalhou.<\/p>\n<p style=\"text-align: justify;\">O requisito de ouvir profissionais do setor \u00e9 ponto inegoci\u00e1vel da comiss\u00e3o, presidida pelo senador \u00c2ngelo Coronel (PSD-BA), em raz\u00e3o das diverg\u00eancias entre te\u00f3ricos. Parte deles acha que n\u00e3o \u00e9 necess\u00e1rio um Novo C\u00f3digo Comercial, porque a rec\u00e9m-editada Lei de Liberdade Econ\u00f4mica j\u00e1 contempla as demandas; parte entende que essa legisla\u00e7\u00e3o espec\u00edfica \u00e9 necess\u00e1ria.<\/p>\n<p style=\"text-align: justify;\">A uma reportagem da Ag\u00eancia Senado, o presidente da comiss\u00e3o tempor\u00e1ria defendeu a cria\u00e7\u00e3o do Novo C\u00f3digo Comercial para dar seguran\u00e7a jur\u00eddica ao com\u00e9rcio brasileiro.<\/p>\n<p style=\"text-align: justify;\">\u201cQuando voc\u00ea atende o com\u00e9rcio, voc\u00ea atende tamb\u00e9m o povo, a sociedade como um todo. N\u00e3o temos pressa. Temos que estudar. N\u00e3o queremos fazer um c\u00f3digo s\u00f3 regido por acad\u00eamicos, mas um c\u00f3digo tamb\u00e9m onde os empres\u00e1rios falem. Porque os empres\u00e1rios s\u00e3o os atores principais. S\u00e3o os empres\u00e1rios que geram emprego, que geram renda, que levam comida para o povo brasileiro\u201d, disse.<\/p>\n<p style=\"text-align: justify;\">Segundo Montenegro, as principais demandas do empresariado para o c\u00f3digo giram em torno da autonomia patrimonial da pessoa jur\u00eddica, burocracia estatal no desenvolvimento da atividade e excesso de interven\u00e7\u00e3o do Estado para determinar o que o empres\u00e1rio pode ou n\u00e3o fazer.<\/p>\n<div class='share-to-whatsapp-wrapper'><div class='share-on-whsp'>Share on: <\/div><a data-text='Proposta de Novo C\u00f3digo Comercial pode ser votada at\u00e9 final de 2020' data-link='https:\/\/newsinfoco.com.br\/inicio\/proposta-de-novo-codigo-comercial-pode-ser-votada-ate-final-de-2020\/' class='whatsapp-button whatsapp-share'>WhatsApp<\/a><div class='clear '><\/div><\/div>","protected":false},"excerpt":{"rendered":"<p>O Novo C\u00f3digo Comercial pode ser votado at\u00e9 o final deste ano. A proposta de atualiza\u00e7\u00e3o tem como objetivo aprimorar o arcabou\u00e7o jur\u00eddico empresarial, modernizando as diretrizes que regulam o mercado atualmente. O Projeto de Lei do Senado 487\/2013 \u00e9 relatado pela senadora Soraya Thronicke (PSL-MS), que estabeleceu o prazo de seis meses para aprova\u00e7\u00e3o [&hellip;]<\/p>\n","protected":false},"author":1,"featured_media":20026,"comment_status":"open","ping_status":"open","sticky":false,"template":"","format":"standard","meta":{"om_disable_all_campaigns":false,"_exactmetrics_skip_tracking":false,"_exactmetrics_sitenote_active":false,"_exactmetrics_sitenote_note":"","_exactmetrics_sitenote_category":0,"footnotes":""},"categories":[21],"tags":[],"class_list":["post-20025","post","type-post","status-publish","format-standard","has-post-thumbnail","hentry","category-brasil"],"aioseo_notices":[],"_links":{"self":[{"href":"https:\/\/newsinfoco.com.br\/inicio\/wp-json\/wp\/v2\/posts\/20025","targetHints":{"allow":["GET"]}}],"collection":[{"href":"https:\/\/newsinfoco.com.br\/inicio\/wp-json\/wp\/v2\/posts"}],"about":[{"href":"https:\/\/newsinfoco.com.br\/inicio\/wp-json\/wp\/v2\/types\/post"}],"author":[{"embeddable":true,"href":"https:\/\/newsinfoco.com.br\/inicio\/wp-json\/wp\/v2\/users\/1"}],"replies":[{"embeddable":true,"href":"https:\/\/newsinfoco.com.br\/inicio\/wp-json\/wp\/v2\/comments?post=20025"}],"version-history":[{"count":0,"href":"https:\/\/newsinfoco.com.br\/inicio\/wp-json\/wp\/v2\/posts\/20025\/revisions"}],"wp:featuredmedia":[{"embeddable":true,"href":"https:\/\/newsinfoco.com.br\/inicio\/wp-json\/wp\/v2\/media\/20026"}],"wp:attachment":[{"href":"https:\/\/newsinfoco.com.br\/inicio\/wp-json\/wp\/v2\/media?parent=20025"}],"wp:term":[{"taxonomy":"category","embeddable":true,"href":"https:\/\/newsinfoco.com.br\/inicio\/wp-json\/wp\/v2\/categories?post=20025"},{"taxonomy":"post_tag","embeddable":true,"href":"https:\/\/newsinfoco.com.br\/inicio\/wp-json\/wp\/v2\/tags?post=20025"}],"curies":[{"name":"wp","href":"https:\/\/api.w.org\/{rel}","templated":true}]}}