{"id":20028,"date":"2020-01-20T22:03:43","date_gmt":"2020-01-21T01:03:43","guid":{"rendered":"http:\/\/newsinfoco.com.br\/?p=20028"},"modified":"2020-01-20T22:03:43","modified_gmt":"2020-01-21T01:03:43","slug":"elmar-confirma-saida-da-lideranca-do-dem-e-admite-que-pode-assumir-comissao-do-orcamento","status":"publish","type":"post","link":"https:\/\/newsinfoco.com.br\/inicio\/elmar-confirma-saida-da-lideranca-do-dem-e-admite-que-pode-assumir-comissao-do-orcamento\/","title":{"rendered":"Elmar confirma sa\u00edda da lideran\u00e7a do DEM e admite que pode assumir Comiss\u00e3o do Or\u00e7amento"},"content":{"rendered":"<p style=\"text-align: justify;\">Em entrevista ao site O Antogonista, o deputado federal baiano Elmar Nascimento confirmou sua sa\u00edda da lideran\u00e7a do DEM na C\u00e2mara. Ele tamb\u00e9m admitiu que poder\u00e1\u00a0assumir\u00a0a t\u00e3o cobi\u00e7ada Comiss\u00e3o Mista de Or\u00e7amento (CMO), principalmente, nesta \u00e9poca de elei\u00e7\u00e3o.<\/p>\n<p style=\"text-align: justify;\">\u201cEstamos conversando. Vamos tratar disso na volta do recesso. Tenho boa rela\u00e7\u00e3o com todos os l\u00edderes. Se me confiarem essa miss\u00e3o, vou agradecer e trabalhar para corresponder\u201d, disse o parlamentar que \u00e9 considerado aliado de primeira hora do presidente da C\u00e2mara, deputado Rodrigo Maia (DEM-RJ).<\/p><div class=\"newsi-conteudo_19\" id=\"newsi-3465396123\"><a href=\"https:\/\/www.instagram.com\/prefeituraalagoinhas?igsh=YzgzdDJ1bWR3aWI4\" aria-label=\"SAVE_20251006_221555\"><img loading=\"lazy\" decoding=\"async\" src=\"https:\/\/newsinfoco.com.br\/inicio\/wp-content\/uploads\/2025\/10\/SAVE_20251006_221555-rotated.jpg\" alt=\"\"  srcset=\"https:\/\/newsinfoco.com.br\/inicio\/wp-content\/uploads\/2025\/10\/SAVE_20251006_221555-rotated.jpg 1140w, https:\/\/newsinfoco.com.br\/inicio\/wp-content\/uploads\/2025\/10\/SAVE_20251006_221555-300x52.jpg 300w, https:\/\/newsinfoco.com.br\/inicio\/wp-content\/uploads\/2025\/10\/SAVE_20251006_221555-1024x177.jpg 1024w, https:\/\/newsinfoco.com.br\/inicio\/wp-content\/uploads\/2025\/10\/SAVE_20251006_221555-768x133.jpg 768w, https:\/\/newsinfoco.com.br\/inicio\/wp-content\/uploads\/2025\/10\/SAVE_20251006_221555-600x104.jpg 600w, https:\/\/newsinfoco.com.br\/inicio\/wp-content\/uploads\/2025\/10\/SAVE_20251006_221555-696x120.jpg 696w, https:\/\/newsinfoco.com.br\/inicio\/wp-content\/uploads\/2025\/10\/SAVE_20251006_221555-1068x185.jpg 1068w\" sizes=\"(max-width: 1140px) 100vw, 1140px\" width=\"1140\" height=\"197\"   \/><\/a><\/div>\n<p style=\"text-align: justify;\">A avalia\u00e7\u00e3o \u00e9 de que os postos-chave do colegiado t\u00eam tido muita influ\u00eancia no direcionamento de recursos para os munic\u00edpios ao deliberar sobre projetos de cr\u00e9dito or\u00e7ament\u00e1rio e sobre o pr\u00f3prio Or\u00e7amento da Uni\u00e3o.<\/p>\n<p style=\"text-align: justify;\">A corrida pelo cargo se intensificou ainda no fim do ano passado, logo ap\u00f3s a vota\u00e7\u00e3o da proposta or\u00e7ament\u00e1ria para este ano. De olho n\u00e3o s\u00f3 nas elei\u00e7\u00f5es de outubro, mas tamb\u00e9m em 2022, a cobi\u00e7a seria pela influ\u00eancia no direcionamento de recursos para os munic\u00edpios com projetos de cr\u00e9dito or\u00e7ament\u00e1rio e do pr\u00f3prio Or\u00e7amento da Uni\u00e3o. \u00c9 v\u00e1lido lembrar que o atual presidente nacional do DEM e prefeito de Salvador, ACM Neto, deve concorrer em 2022 o governo da Bahia, onde o PT j\u00e1 administra h\u00e1 13 anos.<\/p>\n<p style=\"text-align: justify;\">No entanto, Elmar minimizou o poder da presid\u00eancia da CMO. \u201cL\u00e1 [na comiss\u00e3o] \u00e9 tudo colegiado. O presidente s\u00f3 coordena os trabalhos. E tem que ter capacidade de criar consensos. Se houver obstru\u00e7\u00e3o, a coisa n\u00e3o anda\u201d.<\/p>\n<div class='share-to-whatsapp-wrapper'><div class='share-on-whsp'>Share on: <\/div><a data-text='Elmar confirma sa\u00edda da lideran\u00e7a do DEM e admite que pode assumir Comiss\u00e3o do Or\u00e7amento' data-link='https:\/\/newsinfoco.com.br\/inicio\/elmar-confirma-saida-da-lideranca-do-dem-e-admite-que-pode-assumir-comissao-do-orcamento\/' class='whatsapp-button whatsapp-share'>WhatsApp<\/a><div class='clear '><\/div><\/div>","protected":false},"excerpt":{"rendered":"<p>Em entrevista ao site O Antogonista, o deputado federal baiano Elmar Nascimento confirmou sua sa\u00edda da lideran\u00e7a do DEM na C\u00e2mara. Ele tamb\u00e9m admitiu que poder\u00e1\u00a0assumir\u00a0a t\u00e3o cobi\u00e7ada Comiss\u00e3o Mista de Or\u00e7amento (CMO), principalmente, nesta \u00e9poca de elei\u00e7\u00e3o. \u201cEstamos conversando. Vamos tratar disso na volta do recesso. Tenho boa rela\u00e7\u00e3o com todos os l\u00edderes. Se [&hellip;]<\/p>\n","protected":false},"author":1,"featured_media":12633,"comment_status":"open","ping_status":"open","sticky":false,"template":"","format":"standard","meta":{"om_disable_all_campaigns":false,"_exactmetrics_skip_tracking":false,"_exactmetrics_sitenote_active":false,"_exactmetrics_sitenote_note":"","_exactmetrics_sitenote_category":0,"footnotes":""},"categories":[19],"tags":[],"class_list":["post-20028","post","type-post","status-publish","format-standard","has-post-thumbnail","hentry","category-bahia"],"aioseo_notices":[],"_links":{"self":[{"href":"https:\/\/newsinfoco.com.br\/inicio\/wp-json\/wp\/v2\/posts\/20028","targetHints":{"allow":["GET"]}}],"collection":[{"href":"https:\/\/newsinfoco.com.br\/inicio\/wp-json\/wp\/v2\/posts"}],"about":[{"href":"https:\/\/newsinfoco.com.br\/inicio\/wp-json\/wp\/v2\/types\/post"}],"author":[{"embeddable":true,"href":"https:\/\/newsinfoco.com.br\/inicio\/wp-json\/wp\/v2\/users\/1"}],"replies":[{"embeddable":true,"href":"https:\/\/newsinfoco.com.br\/inicio\/wp-json\/wp\/v2\/comments?post=20028"}],"version-history":[{"count":0,"href":"https:\/\/newsinfoco.com.br\/inicio\/wp-json\/wp\/v2\/posts\/20028\/revisions"}],"wp:featuredmedia":[{"embeddable":true,"href":"https:\/\/newsinfoco.com.br\/inicio\/wp-json\/wp\/v2\/media\/12633"}],"wp:attachment":[{"href":"https:\/\/newsinfoco.com.br\/inicio\/wp-json\/wp\/v2\/media?parent=20028"}],"wp:term":[{"taxonomy":"category","embeddable":true,"href":"https:\/\/newsinfoco.com.br\/inicio\/wp-json\/wp\/v2\/categories?post=20028"},{"taxonomy":"post_tag","embeddable":true,"href":"https:\/\/newsinfoco.com.br\/inicio\/wp-json\/wp\/v2\/tags?post=20028"}],"curies":[{"name":"wp","href":"https:\/\/api.w.org\/{rel}","templated":true}]}}