{"id":20030,"date":"2020-01-20T22:06:15","date_gmt":"2020-01-21T01:06:15","guid":{"rendered":"http:\/\/newsinfoco.com.br\/?p=20030"},"modified":"2020-01-20T22:06:15","modified_gmt":"2020-01-21T01:06:15","slug":"bellintani-nao-descarta-ser-candidato-a-governador-em-2022-depende","status":"publish","type":"post","link":"https:\/\/newsinfoco.com.br\/inicio\/bellintani-nao-descarta-ser-candidato-a-governador-em-2022-depende\/","title":{"rendered":"Bellintani n\u00e3o descarta ser candidato a governador em 2022: \u2018Depende\u2019"},"content":{"rendered":"<p style=\"text-align: justify;\">Em entrevista ao jornal Tribuna da Bahia, o ex-presidente do Bahia, Guilherme Bellintani, n\u00e3o descartou disputar o cargo de governador na elei\u00e7\u00e3o de 2022.<\/p>\n<p style=\"text-align: justify;\">\u201c\u00c9 longe demais. Se eu n\u00e3o sei nada de 2020, imagina de 2022. Tudo depende de como as coisas v\u00e3o acontecer. At\u00e9 l\u00e1, eu tenho um trabalho para finalizar no Bahia\u201d, disse.<\/p><div class=\"newsi-conteudo_19\" id=\"newsi-3299885004\"><a href=\"https:\/\/www.instagram.com\/prefeituraalagoinhas?igsh=YzgzdDJ1bWR3aWI4\" aria-label=\"SAVE_20251006_221555\"><img loading=\"lazy\" decoding=\"async\" src=\"https:\/\/newsinfoco.com.br\/inicio\/wp-content\/uploads\/2025\/10\/SAVE_20251006_221555-rotated.jpg\" alt=\"\"  srcset=\"https:\/\/newsinfoco.com.br\/inicio\/wp-content\/uploads\/2025\/10\/SAVE_20251006_221555-rotated.jpg 1140w, https:\/\/newsinfoco.com.br\/inicio\/wp-content\/uploads\/2025\/10\/SAVE_20251006_221555-300x52.jpg 300w, https:\/\/newsinfoco.com.br\/inicio\/wp-content\/uploads\/2025\/10\/SAVE_20251006_221555-1024x177.jpg 1024w, https:\/\/newsinfoco.com.br\/inicio\/wp-content\/uploads\/2025\/10\/SAVE_20251006_221555-768x133.jpg 768w, https:\/\/newsinfoco.com.br\/inicio\/wp-content\/uploads\/2025\/10\/SAVE_20251006_221555-600x104.jpg 600w, https:\/\/newsinfoco.com.br\/inicio\/wp-content\/uploads\/2025\/10\/SAVE_20251006_221555-696x120.jpg 696w, https:\/\/newsinfoco.com.br\/inicio\/wp-content\/uploads\/2025\/10\/SAVE_20251006_221555-1068x185.jpg 1068w\" sizes=\"(max-width: 1140px) 100vw, 1140px\" width=\"1140\" height=\"197\"   \/><\/a><\/div>\n<p style=\"text-align: justify;\">Recentemente Bellintani se recusou a deixar o Bahia para se candidatar a prefeito de Salvador. Ele foi cortejado por partidos do grupo pol\u00edtico do governador Rui Costa, incluindo o pr\u00f3prio PT, mas decidiu permanecer no time do qual \u00e9 presidente.<\/p>\n<div class='share-to-whatsapp-wrapper'><div class='share-on-whsp'>Share on: <\/div><a data-text='Bellintani n\u00e3o descarta ser candidato a governador em 2022: \u2018Depende\u2019' data-link='https:\/\/newsinfoco.com.br\/inicio\/bellintani-nao-descarta-ser-candidato-a-governador-em-2022-depende\/' class='whatsapp-button whatsapp-share'>WhatsApp<\/a><div class='clear '><\/div><\/div>","protected":false},"excerpt":{"rendered":"<p>Em entrevista ao jornal Tribuna da Bahia, o ex-presidente do Bahia, Guilherme Bellintani, n\u00e3o descartou disputar o cargo de governador na elei\u00e7\u00e3o de 2022. \u201c\u00c9 longe demais. Se eu n\u00e3o sei nada de 2020, imagina de 2022. Tudo depende de como as coisas v\u00e3o acontecer. At\u00e9 l\u00e1, eu tenho um trabalho para finalizar no Bahia\u201d, [&hellip;]<\/p>\n","protected":false},"author":1,"featured_media":14293,"comment_status":"open","ping_status":"open","sticky":false,"template":"","format":"standard","meta":{"om_disable_all_campaigns":false,"_exactmetrics_skip_tracking":false,"_exactmetrics_sitenote_active":false,"_exactmetrics_sitenote_note":"","_exactmetrics_sitenote_category":0,"footnotes":""},"categories":[19],"tags":[],"class_list":["post-20030","post","type-post","status-publish","format-standard","has-post-thumbnail","hentry","category-bahia"],"aioseo_notices":[],"_links":{"self":[{"href":"https:\/\/newsinfoco.com.br\/inicio\/wp-json\/wp\/v2\/posts\/20030","targetHints":{"allow":["GET"]}}],"collection":[{"href":"https:\/\/newsinfoco.com.br\/inicio\/wp-json\/wp\/v2\/posts"}],"about":[{"href":"https:\/\/newsinfoco.com.br\/inicio\/wp-json\/wp\/v2\/types\/post"}],"author":[{"embeddable":true,"href":"https:\/\/newsinfoco.com.br\/inicio\/wp-json\/wp\/v2\/users\/1"}],"replies":[{"embeddable":true,"href":"https:\/\/newsinfoco.com.br\/inicio\/wp-json\/wp\/v2\/comments?post=20030"}],"version-history":[{"count":0,"href":"https:\/\/newsinfoco.com.br\/inicio\/wp-json\/wp\/v2\/posts\/20030\/revisions"}],"wp:featuredmedia":[{"embeddable":true,"href":"https:\/\/newsinfoco.com.br\/inicio\/wp-json\/wp\/v2\/media\/14293"}],"wp:attachment":[{"href":"https:\/\/newsinfoco.com.br\/inicio\/wp-json\/wp\/v2\/media?parent=20030"}],"wp:term":[{"taxonomy":"category","embeddable":true,"href":"https:\/\/newsinfoco.com.br\/inicio\/wp-json\/wp\/v2\/categories?post=20030"},{"taxonomy":"post_tag","embeddable":true,"href":"https:\/\/newsinfoco.com.br\/inicio\/wp-json\/wp\/v2\/tags?post=20030"}],"curies":[{"name":"wp","href":"https:\/\/api.w.org\/{rel}","templated":true}]}}