{"id":20034,"date":"2020-01-21T17:16:49","date_gmt":"2020-01-21T20:16:49","guid":{"rendered":"http:\/\/newsinfoco.com.br\/?p=20034"},"modified":"2020-01-21T17:34:16","modified_gmt":"2020-01-21T20:34:16","slug":"em-entrevista-ao-programa-primeira-mao-albino-leite-promete-campanha-vitoriosa-nos-50-anos-do-alagoinhas-atletico-clube","status":"publish","type":"post","link":"https:\/\/newsinfoco.com.br\/inicio\/em-entrevista-ao-programa-primeira-mao-albino-leite-promete-campanha-vitoriosa-nos-50-anos-do-alagoinhas-atletico-clube\/","title":{"rendered":"Em entrevista ao Programa Primeira M\u00e3o, Albino Leite promete campanha vitoriosa nos 50 anos do Alagoinhas Atl\u00e9tico Clube"},"content":{"rendered":"<p style=\"text-align: justify;\">Presidente do Alagoinhas Atl\u00e9tico Clube pela segunda vez, Albino Leite, esteve no programa Primeira M\u00e3o, na v\u00e9spera da estreia no Campeonato Baiano, que ocorre nesta quarta-feira(22), contra o Fluminense de Feira de Santana, no Est\u00e1dio Antonio Carneiro, para falar do time e conclamar a torcida, mas tamb\u00e9m com o objetivo de mostrar os planos de sua gest\u00e3o fora das quatro linhas do campo. Ele foi sabatinado pela bancada do programa, na oportunidade formada por Caio Pimenta, Luciano Reis e Jos\u00e9 Gomes.<\/p>\n<p style=\"text-align: justify;\">Na \u00e1rea administrativa, a grande jogada atleticana para esse ano, quando comemora meio s\u00e9culo, ser\u00e1 a negocia\u00e7\u00e3o do terreno destinado \u00e0 sua sede, pr\u00f3ximo a rodovi\u00e1ria, para a aquisi\u00e7\u00e3o de uma \u00e1rea maior e de recursos a serem destinados \u00e0 constru\u00e7\u00e3o do seu centro de treinamento. Para Albino Leite, essa ser\u00e1 a forma de recuperar os tempos de gl\u00f3ria, quando o Carcar\u00e1, rec\u00e9m criado, se tornou a terceira for\u00e7a do futebol baiano. S\u00f3 com essa estrutura, o trabalho de base que existia voltar\u00e1 a ser realizado.<\/p><div class=\"newsi-conteudo_19\" id=\"newsi-3955454330\"><a href=\"https:\/\/www.instagram.com\/prefeituraalagoinhas?igsh=YzgzdDJ1bWR3aWI4\" aria-label=\"SAVE_20251006_221555\"><img loading=\"lazy\" decoding=\"async\" src=\"https:\/\/newsinfoco.com.br\/inicio\/wp-content\/uploads\/2025\/10\/SAVE_20251006_221555-rotated.jpg\" alt=\"\"  srcset=\"https:\/\/newsinfoco.com.br\/inicio\/wp-content\/uploads\/2025\/10\/SAVE_20251006_221555-rotated.jpg 1140w, https:\/\/newsinfoco.com.br\/inicio\/wp-content\/uploads\/2025\/10\/SAVE_20251006_221555-300x52.jpg 300w, https:\/\/newsinfoco.com.br\/inicio\/wp-content\/uploads\/2025\/10\/SAVE_20251006_221555-1024x177.jpg 1024w, https:\/\/newsinfoco.com.br\/inicio\/wp-content\/uploads\/2025\/10\/SAVE_20251006_221555-768x133.jpg 768w, https:\/\/newsinfoco.com.br\/inicio\/wp-content\/uploads\/2025\/10\/SAVE_20251006_221555-600x104.jpg 600w, https:\/\/newsinfoco.com.br\/inicio\/wp-content\/uploads\/2025\/10\/SAVE_20251006_221555-696x120.jpg 696w, https:\/\/newsinfoco.com.br\/inicio\/wp-content\/uploads\/2025\/10\/SAVE_20251006_221555-1068x185.jpg 1068w\" sizes=\"(max-width: 1140px) 100vw, 1140px\" width=\"1140\" height=\"197\"   \/><\/a><\/div>\n<p style=\"text-align: justify;\">Para o jogo de amanh\u00e3, o Atl\u00e9tico entra em campo, comandado pelo treinador Paulo Sales, com uma filosofia de jogo que faz parte da tradi\u00e7\u00e3o do clube, apostando na agressividade t\u00e1tica e na criatividade, uma determina\u00e7\u00e3o do pr\u00f3prio Albino. O presidente atleticano tamb\u00e9m informou que a rede Globo j\u00e1 est\u00e1 na cidade, produzindo mat\u00e9ria sobre o clube e sobre o seu principal jogador, o veterano Magno Alves. Al\u00e9m de jogadores de fora, este ano o Atl\u00e9tico correu atr\u00e1s dos destaques do intermunicipal, Dondon, Reninha e Reinaldo, que est\u00e3o \u00e0 disposi\u00e7\u00e3o do treinador Paulo Sales.<\/p>\n<p style=\"text-align: justify;\">Para Albino, o time ainda est\u00e1 em forma\u00e7\u00e3o, negocia\u00e7\u00f5es est\u00e3o abertas e tem j\u00e1 a necessidade de contratar um goleiro e um meia. Os torcedores j\u00e1 est\u00e3o se mobilizando, e Albino, que se refere a eles como a camisa humana, agradeceu ao comparecimento da torcida. Para se ter uma ideia, um p\u00fablico de 800 pessoas foram nos dois primeiros amistosos e no \u00faltimo, contra o Vit\u00f3ria, estiveram presentes no Carneir\u00e3o, mais de 2 mil pessoas.<\/p>\n<p style=\"text-align: justify;\">O Atl\u00e9tico j\u00e1 sofreu muito com o resgate judicial de arrecada\u00e7\u00e3o dos jogos por conta de quest\u00f5es trabalhistas, mas esse ano esse problema j\u00e1 foi sanado. Houve um jogo, lembra Albino, que a renda de R$181 mil, foram sequestrados pelo oficial de justi\u00e7a. Mas um acordo feito na Justi\u00e7a do trabalho com credores do clube p\u00f4s fim a esses sequestros.<\/p>\n<p style=\"text-align: justify;\">As despesas do Atl\u00e9tico para esse ano est\u00e3o estimadas a R$200 mil\/m\u00eas. Os patrocinadores foram captados e a conta j\u00e1 est\u00e1 praticamente fechada. A torcida tamb\u00e9m tem participa\u00e7\u00e3o importante nesse aspecto, casa cheia, jogadores em dia, essa \u00e9 a f\u00f3rmula para um bom futebol.<\/p>\n<p style=\"text-align: justify;\">Albino Leite mostra-se um gestor com ideias promissoras que dar\u00e1 ao clube sustentabilidade com o trabalho forte na revela\u00e7\u00e3o de novos craques. O passado mostra que tudo isso \u00e9 poss\u00edvel.<\/p>\n<p style=\"text-align: justify;\">Nos 50 anos de clube, Albino quer dar de presente para a torcida a disputa do final do Campeonato Baiano, o acesso \u00e0 s\u00e9rie C do Brasileir\u00e3o e chegar \u00e0 3<sup>a <\/sup>fase, pelo menos, da Copa do Brasil. &#8220;Esta \u00e9 a meta&#8221;, afirmou o presidente atleticano.<\/p>\n<p style=\"text-align: justify;\">Na parte festiva em comemora\u00e7\u00e3o aos 50 anos do clube, haver\u00e1 um amistoso com uma grande equipe nacional, um caf\u00e9 da manh\u00e3 para a torcida, um show de m\u00fasica gospel e outro de m\u00fasica popular e uma noite especial para homenagear antigos jogadores, dirigentes e torcedores que marcaram a hist\u00f3ria do clube, muitos dos eventos acontecendo em abril. Outras ideias est\u00e3o sendo estudadas para enfatizar a data e aproveitar para alavancar a receita da agremia\u00e7\u00e3o. Magno Alves, que \u00e9 pastor evang\u00e9lico, tamb\u00e9m atuar\u00e1 fortalecendo a vida espiritual da cidade.<\/p>\n<p>Veja a entrevista completa concedida por Albino Leite ao Programa Primeira M\u00e3o:<\/p>\n<p><iframe loading=\"lazy\" title=\"Presidente do Alagoinhas Atl\u00e9tico Clube, responde aos questionamentos do Primeira M\u00e3o parte 1\" width=\"696\" height=\"392\" src=\"https:\/\/www.youtube.com\/embed\/jxpv14Ugznw?start=113&#038;feature=oembed\" frameborder=\"0\" allow=\"accelerometer; autoplay; encrypted-media; gyroscope; picture-in-picture\" allowfullscreen><\/iframe><\/p>\n<p><iframe loading=\"lazy\" title=\"Presidente do Alagoinhas Atl\u00e9tico Clube, responde aos questionamentos do Primeira M\u00e3o parte 2\" width=\"696\" height=\"392\" src=\"https:\/\/www.youtube.com\/embed\/010P5PCVhBY?start=42&#038;feature=oembed\" frameborder=\"0\" allow=\"accelerometer; autoplay; encrypted-media; gyroscope; picture-in-picture\" allowfullscreen><\/iframe><\/p>\n<h6 style=\"text-align: right;\">Por Paulo Dias para o News Infoco<\/h6>\n<div class='share-to-whatsapp-wrapper'><div class='share-on-whsp'>Share on: <\/div><a data-text='Em entrevista ao Programa Primeira M\u00e3o, Albino Leite promete campanha vitoriosa nos 50 anos do Alagoinhas Atl\u00e9tico Clube' data-link='https:\/\/newsinfoco.com.br\/inicio\/em-entrevista-ao-programa-primeira-mao-albino-leite-promete-campanha-vitoriosa-nos-50-anos-do-alagoinhas-atletico-clube\/' class='whatsapp-button whatsapp-share'>WhatsApp<\/a><div class='clear '><\/div><\/div>","protected":false},"excerpt":{"rendered":"<p>Presidente do Alagoinhas Atl\u00e9tico Clube pela segunda vez, Albino Leite, esteve no programa Primeira M\u00e3o, na v\u00e9spera da estreia no Campeonato Baiano, que ocorre nesta quarta-feira(22), contra o Fluminense de Feira de Santana, no Est\u00e1dio Antonio Carneiro, para falar do time e conclamar a torcida, mas tamb\u00e9m com o objetivo de mostrar os planos de [&hellip;]<\/p>\n","protected":false},"author":1,"featured_media":20035,"comment_status":"open","ping_status":"open","sticky":false,"template":"","format":"standard","meta":{"om_disable_all_campaigns":false,"_exactmetrics_skip_tracking":false,"_exactmetrics_sitenote_active":false,"_exactmetrics_sitenote_note":"","_exactmetrics_sitenote_category":0,"footnotes":""},"categories":[38],"tags":[],"class_list":["post-20034","post","type-post","status-publish","format-standard","has-post-thumbnail","hentry","category-alagoinhas-e-regiao"],"aioseo_notices":[],"_links":{"self":[{"href":"https:\/\/newsinfoco.com.br\/inicio\/wp-json\/wp\/v2\/posts\/20034","targetHints":{"allow":["GET"]}}],"collection":[{"href":"https:\/\/newsinfoco.com.br\/inicio\/wp-json\/wp\/v2\/posts"}],"about":[{"href":"https:\/\/newsinfoco.com.br\/inicio\/wp-json\/wp\/v2\/types\/post"}],"author":[{"embeddable":true,"href":"https:\/\/newsinfoco.com.br\/inicio\/wp-json\/wp\/v2\/users\/1"}],"replies":[{"embeddable":true,"href":"https:\/\/newsinfoco.com.br\/inicio\/wp-json\/wp\/v2\/comments?post=20034"}],"version-history":[{"count":0,"href":"https:\/\/newsinfoco.com.br\/inicio\/wp-json\/wp\/v2\/posts\/20034\/revisions"}],"wp:featuredmedia":[{"embeddable":true,"href":"https:\/\/newsinfoco.com.br\/inicio\/wp-json\/wp\/v2\/media\/20035"}],"wp:attachment":[{"href":"https:\/\/newsinfoco.com.br\/inicio\/wp-json\/wp\/v2\/media?parent=20034"}],"wp:term":[{"taxonomy":"category","embeddable":true,"href":"https:\/\/newsinfoco.com.br\/inicio\/wp-json\/wp\/v2\/categories?post=20034"},{"taxonomy":"post_tag","embeddable":true,"href":"https:\/\/newsinfoco.com.br\/inicio\/wp-json\/wp\/v2\/tags?post=20034"}],"curies":[{"name":"wp","href":"https:\/\/api.w.org\/{rel}","templated":true}]}}