{"id":20037,"date":"2020-01-21T17:31:28","date_gmt":"2020-01-21T20:31:28","guid":{"rendered":"http:\/\/newsinfoco.com.br\/?p=20037"},"modified":"2020-01-21T17:31:28","modified_gmt":"2020-01-21T20:31:28","slug":"concurso-publico-de-alagoinhas-candidatos-aos-cargos-de-nivel-superior-ja-podem-conferir-locais-das-provas","status":"publish","type":"post","link":"https:\/\/newsinfoco.com.br\/inicio\/concurso-publico-de-alagoinhas-candidatos-aos-cargos-de-nivel-superior-ja-podem-conferir-locais-das-provas\/","title":{"rendered":"Concurso P\u00fablico de Alagoinhas: Candidatos aos cargos de n\u00edvel superior j\u00e1 podem conferir locais das provas"},"content":{"rendered":"<p style=\"text-align: justify;\">A Prefeitura de Alagoinhas divulgou o\u00a0<a href=\"file:\/\/\/C:\/Users\/Jairo\/Downloads\/CONCURSO_PUBLICO_PREF_ALAGOINHAS_EDITAL_DE_CONVOCACAO_CARGOS_NIVEL_SUPERIOR.PDF\">EDITAL DE CONVOCA\u00c7\u00c3O<\/a>\u00a0para as provas de n\u00edvel superior do Concurso P\u00fablico 02\/2019, que ser\u00e3o realizadas no pr\u00f3ximo domingo, dia 26 de janeiro de 2020.<\/p>\n<p style=\"text-align: justify;\">Para a realiza\u00e7\u00e3o das provas, o candidato dever\u00e1 consultar o local, a sala e o hor\u00e1rio indicados no cart\u00e3o de convoca\u00e7\u00e3o, dispon\u00edvel para consulta individual no site da banca organizadora\u00a0<a href=\"http:\/\/www.aietec.com.br\/\">www.aietec.com.br<\/a>.<\/p><div class=\"newsi-conteudo_19\" id=\"newsi-1777890826\"><a href=\"https:\/\/www.instagram.com\/prefeituraalagoinhas?igsh=YzgzdDJ1bWR3aWI4\" aria-label=\"SAVE_20251006_221555\"><img loading=\"lazy\" decoding=\"async\" src=\"https:\/\/newsinfoco.com.br\/inicio\/wp-content\/uploads\/2025\/10\/SAVE_20251006_221555-rotated.jpg\" alt=\"\"  srcset=\"https:\/\/newsinfoco.com.br\/inicio\/wp-content\/uploads\/2025\/10\/SAVE_20251006_221555-rotated.jpg 1140w, https:\/\/newsinfoco.com.br\/inicio\/wp-content\/uploads\/2025\/10\/SAVE_20251006_221555-300x52.jpg 300w, https:\/\/newsinfoco.com.br\/inicio\/wp-content\/uploads\/2025\/10\/SAVE_20251006_221555-1024x177.jpg 1024w, https:\/\/newsinfoco.com.br\/inicio\/wp-content\/uploads\/2025\/10\/SAVE_20251006_221555-768x133.jpg 768w, https:\/\/newsinfoco.com.br\/inicio\/wp-content\/uploads\/2025\/10\/SAVE_20251006_221555-600x104.jpg 600w, https:\/\/newsinfoco.com.br\/inicio\/wp-content\/uploads\/2025\/10\/SAVE_20251006_221555-696x120.jpg 696w, https:\/\/newsinfoco.com.br\/inicio\/wp-content\/uploads\/2025\/10\/SAVE_20251006_221555-1068x185.jpg 1068w\" sizes=\"(max-width: 1140px) 100vw, 1140px\" width=\"1140\" height=\"197\"   \/><\/a><\/div>\n<p style=\"text-align: justify;\">As provas para n\u00edvel superior ser\u00e3o realizadas no turno matutino e os port\u00f5es estar\u00e3o abertos a partir das 8h10, com fechamento \u00e0s 8h50. A avalia\u00e7\u00e3o ser\u00e1 composta por 60 quest\u00f5es objetivas, entre conhecimentos b\u00e1sicos e espec\u00edficos, que poder\u00e3o ser respondidas em um prazo m\u00e1ximo de 4 horas.<\/p>\n<p style=\"text-align: justify;\">Nesta etapa do Concurso P\u00fablico s\u00e3o ofertadas vagas para Arquiteto, Administrador, Contador, Analista de Sistemas Informatizados, Bibliotec\u00e1rio, Coordenador Pedag\u00f3gico, Tradutor e Int\u00e9rprete da Linguagem Brasileira de Sinais (libras) \u2013 N\u00edvel II, Psic\u00f3logo e Engenheiro Sanitarista.<\/p>\n<p style=\"text-align: justify;\">Aten\u00e7\u00e3o: Apenas poder\u00e3o fazer a prova objetiva os candidatos inscritos que apresentarem o documento de identifica\u00e7\u00e3o original e oficial (o mesmo utilizado para fazer a inscri\u00e7\u00e3o).<\/p>\n<h6 style=\"text-align: right;\">Secom Alagoinhas<\/h6>\n<div class='share-to-whatsapp-wrapper'><div class='share-on-whsp'>Share on: <\/div><a data-text='Concurso P\u00fablico de Alagoinhas: Candidatos aos cargos de n\u00edvel superior j\u00e1 podem conferir locais das provas' data-link='https:\/\/newsinfoco.com.br\/inicio\/concurso-publico-de-alagoinhas-candidatos-aos-cargos-de-nivel-superior-ja-podem-conferir-locais-das-provas\/' class='whatsapp-button whatsapp-share'>WhatsApp<\/a><div class='clear '><\/div><\/div>","protected":false},"excerpt":{"rendered":"<p>A Prefeitura de Alagoinhas divulgou o\u00a0EDITAL DE CONVOCA\u00c7\u00c3O\u00a0para as provas de n\u00edvel superior do Concurso P\u00fablico 02\/2019, que ser\u00e3o realizadas no pr\u00f3ximo domingo, dia 26 de janeiro de 2020. Para a realiza\u00e7\u00e3o das provas, o candidato dever\u00e1 consultar o local, a sala e o hor\u00e1rio indicados no cart\u00e3o de convoca\u00e7\u00e3o, dispon\u00edvel para consulta individual no [&hellip;]<\/p>\n","protected":false},"author":1,"featured_media":15986,"comment_status":"open","ping_status":"open","sticky":false,"template":"","format":"standard","meta":{"om_disable_all_campaigns":false,"_exactmetrics_skip_tracking":false,"_exactmetrics_sitenote_active":false,"_exactmetrics_sitenote_note":"","_exactmetrics_sitenote_category":0,"footnotes":""},"categories":[38],"tags":[],"class_list":["post-20037","post","type-post","status-publish","format-standard","has-post-thumbnail","hentry","category-alagoinhas-e-regiao"],"aioseo_notices":[],"_links":{"self":[{"href":"https:\/\/newsinfoco.com.br\/inicio\/wp-json\/wp\/v2\/posts\/20037","targetHints":{"allow":["GET"]}}],"collection":[{"href":"https:\/\/newsinfoco.com.br\/inicio\/wp-json\/wp\/v2\/posts"}],"about":[{"href":"https:\/\/newsinfoco.com.br\/inicio\/wp-json\/wp\/v2\/types\/post"}],"author":[{"embeddable":true,"href":"https:\/\/newsinfoco.com.br\/inicio\/wp-json\/wp\/v2\/users\/1"}],"replies":[{"embeddable":true,"href":"https:\/\/newsinfoco.com.br\/inicio\/wp-json\/wp\/v2\/comments?post=20037"}],"version-history":[{"count":0,"href":"https:\/\/newsinfoco.com.br\/inicio\/wp-json\/wp\/v2\/posts\/20037\/revisions"}],"wp:featuredmedia":[{"embeddable":true,"href":"https:\/\/newsinfoco.com.br\/inicio\/wp-json\/wp\/v2\/media\/15986"}],"wp:attachment":[{"href":"https:\/\/newsinfoco.com.br\/inicio\/wp-json\/wp\/v2\/media?parent=20037"}],"wp:term":[{"taxonomy":"category","embeddable":true,"href":"https:\/\/newsinfoco.com.br\/inicio\/wp-json\/wp\/v2\/categories?post=20037"},{"taxonomy":"post_tag","embeddable":true,"href":"https:\/\/newsinfoco.com.br\/inicio\/wp-json\/wp\/v2\/tags?post=20037"}],"curies":[{"name":"wp","href":"https:\/\/api.w.org\/{rel}","templated":true}]}}