{"id":20041,"date":"2020-01-21T20:07:01","date_gmt":"2020-01-21T23:07:01","guid":{"rendered":"http:\/\/newsinfoco.com.br\/?p=20041"},"modified":"2020-01-21T20:07:01","modified_gmt":"2020-01-21T23:07:01","slug":"janeiro-branco-acoes-que-alertam-sobre-saude-mental-e-emocional-seguem-ate-esta-quarta-feira-22-em-alagoinhas","status":"publish","type":"post","link":"https:\/\/newsinfoco.com.br\/inicio\/janeiro-branco-acoes-que-alertam-sobre-saude-mental-e-emocional-seguem-ate-esta-quarta-feira-22-em-alagoinhas\/","title":{"rendered":"Janeiro Branco: A\u00e7\u00f5es que alertam sobre sa\u00fade mental e emocional seguem at\u00e9 esta quarta-feira (22) em Alagoinhas"},"content":{"rendered":"<p style=\"text-align: justify;\">A Prefeitura de Alagoinhas se faz presente na campanha nacional Janeiro Branco, m\u00eas dedicado \u00e0 mobiliza\u00e7\u00e3o da sociedade sobre a import\u00e2ncia do cuidado com a sa\u00fade mental e emocional.Com o prop\u00f3sito de convidar a popula\u00e7\u00e3o a discutir a import\u00e2ncia da busca por mais \u00a0qualidade de vida, debater tabus e incentivar a cria\u00e7\u00e3o de estrat\u00e9gias para saber lidar com as diversas situa\u00e7\u00f5es da vida, a Secretaria de Sa\u00fade (SESAU), promove, at\u00e9 esta quarta-feira (22), uma s\u00e9rie de a\u00e7\u00f5es gratuitas no Centro de Aten\u00e7\u00e3o Integral ao Diab\u00e9tico e Hipertenso (CAIDH).<\/p>\n<p style=\"text-align: justify;\">Realizadas das 8h \u00e0s 12h, as atividades tiveram in\u00edcio nesta segunda-feira (21) e contam com palestras, atendimentos individualizados, em grupo e din\u00e2micas. \u201cA proposta \u00e9 chamar a aten\u00e7\u00e3o sobre a import\u00e2ncia da preven\u00e7\u00e3o ao adoecimento emocional, uma quest\u00e3o t\u00e3o importante para a qualidade de vida quanto cuidar da sa\u00fade f\u00edsica. Outro ponto \u00e9 o esclarecimento das d\u00favidas para acabar com o preconceito que ainda envolve o tema\u201d, explica a secret\u00e1ria de Sa\u00fade, Ros\u00e2nia Rabelo.<\/p><div class=\"newsi-conteudo_19\" id=\"newsi-1962003250\"><a href=\"https:\/\/www.instagram.com\/prefeituraalagoinhas?igsh=YzgzdDJ1bWR3aWI4\" aria-label=\"SAVE_20251006_221555\"><img loading=\"lazy\" decoding=\"async\" src=\"https:\/\/newsinfoco.com.br\/inicio\/wp-content\/uploads\/2025\/10\/SAVE_20251006_221555-rotated.jpg\" alt=\"\"  srcset=\"https:\/\/newsinfoco.com.br\/inicio\/wp-content\/uploads\/2025\/10\/SAVE_20251006_221555-rotated.jpg 1140w, https:\/\/newsinfoco.com.br\/inicio\/wp-content\/uploads\/2025\/10\/SAVE_20251006_221555-300x52.jpg 300w, https:\/\/newsinfoco.com.br\/inicio\/wp-content\/uploads\/2025\/10\/SAVE_20251006_221555-1024x177.jpg 1024w, https:\/\/newsinfoco.com.br\/inicio\/wp-content\/uploads\/2025\/10\/SAVE_20251006_221555-768x133.jpg 768w, https:\/\/newsinfoco.com.br\/inicio\/wp-content\/uploads\/2025\/10\/SAVE_20251006_221555-600x104.jpg 600w, https:\/\/newsinfoco.com.br\/inicio\/wp-content\/uploads\/2025\/10\/SAVE_20251006_221555-696x120.jpg 696w, https:\/\/newsinfoco.com.br\/inicio\/wp-content\/uploads\/2025\/10\/SAVE_20251006_221555-1068x185.jpg 1068w\" sizes=\"(max-width: 1140px) 100vw, 1140px\" width=\"1140\" height=\"197\"   \/><\/a><\/div>\n<p style=\"text-align: justify;\">\u201cA Organiza\u00e7\u00e3o Mundial da Sa\u00fade tem um ranking onde o Brasil est\u00e1 em 5\u00ba lugar nos quesitos ansiedade e depress\u00e3o. Ent\u00e3o essa campanha vem para informar, para mostrar sobre como o indiv\u00edduo pode cuidar da sua sa\u00fade mental. E n\u00e3o s\u00e3o apenas psic\u00f3logos envolvidos nessa a\u00e7\u00e3o, assistentes s\u00f3cias e psiquiatras tamb\u00e9m est\u00e3o falando e abordando esse tema aqui at\u00e9 a quarta-feira\u201d, afirmou uma das psic\u00f3logas volunt\u00e1rias, Andr\u00e9ia Carla da Silva.<\/p>\n<p style=\"text-align: justify;\">Roseane Gomes Costa, 32 anos, foi uma das participante das a\u00e7\u00e3o. Ela conta que come\u00e7ou a se preocupar com sua sa\u00fade mental, ap\u00f3s a perda de duas pessoas da fam\u00edlia num curto espa\u00e7o de tempo. \u201cPassei por um per\u00edodo muito depressiva e senti a necessidade de procurar ajuda. A terapia fez com que eu voltasse \u00e0 minha rotina normal, eliminou os pensamentos ruins e acredito que a\u00e7\u00f5es como estas da campanha s\u00e3o muito importantes para incentivar as pessoas a cuidarem melhor da mente\u201d,\u00a0 disse Roseane.<\/p>\n<p style=\"text-align: right;\">Secom Alagoinhas<\/p>\n<div class='share-to-whatsapp-wrapper'><div class='share-on-whsp'>Share on: <\/div><a data-text='Janeiro Branco: A\u00e7\u00f5es que alertam sobre sa\u00fade mental e emocional seguem at\u00e9 esta quarta-feira (22) em Alagoinhas' data-link='https:\/\/newsinfoco.com.br\/inicio\/janeiro-branco-acoes-que-alertam-sobre-saude-mental-e-emocional-seguem-ate-esta-quarta-feira-22-em-alagoinhas\/' class='whatsapp-button whatsapp-share'>WhatsApp<\/a><div class='clear '><\/div><\/div>","protected":false},"excerpt":{"rendered":"<p>A Prefeitura de Alagoinhas se faz presente na campanha nacional Janeiro Branco, m\u00eas dedicado \u00e0 mobiliza\u00e7\u00e3o da sociedade sobre a import\u00e2ncia do cuidado com a sa\u00fade mental e emocional.Com o prop\u00f3sito de convidar a popula\u00e7\u00e3o a discutir a import\u00e2ncia da busca por mais \u00a0qualidade de vida, debater tabus e incentivar a cria\u00e7\u00e3o de estrat\u00e9gias para [&hellip;]<\/p>\n","protected":false},"author":1,"featured_media":20042,"comment_status":"open","ping_status":"open","sticky":false,"template":"","format":"standard","meta":{"om_disable_all_campaigns":false,"_exactmetrics_skip_tracking":false,"_exactmetrics_sitenote_active":false,"_exactmetrics_sitenote_note":"","_exactmetrics_sitenote_category":0,"footnotes":""},"categories":[38],"tags":[],"class_list":["post-20041","post","type-post","status-publish","format-standard","has-post-thumbnail","hentry","category-alagoinhas-e-regiao"],"aioseo_notices":[],"_links":{"self":[{"href":"https:\/\/newsinfoco.com.br\/inicio\/wp-json\/wp\/v2\/posts\/20041","targetHints":{"allow":["GET"]}}],"collection":[{"href":"https:\/\/newsinfoco.com.br\/inicio\/wp-json\/wp\/v2\/posts"}],"about":[{"href":"https:\/\/newsinfoco.com.br\/inicio\/wp-json\/wp\/v2\/types\/post"}],"author":[{"embeddable":true,"href":"https:\/\/newsinfoco.com.br\/inicio\/wp-json\/wp\/v2\/users\/1"}],"replies":[{"embeddable":true,"href":"https:\/\/newsinfoco.com.br\/inicio\/wp-json\/wp\/v2\/comments?post=20041"}],"version-history":[{"count":0,"href":"https:\/\/newsinfoco.com.br\/inicio\/wp-json\/wp\/v2\/posts\/20041\/revisions"}],"wp:featuredmedia":[{"embeddable":true,"href":"https:\/\/newsinfoco.com.br\/inicio\/wp-json\/wp\/v2\/media\/20042"}],"wp:attachment":[{"href":"https:\/\/newsinfoco.com.br\/inicio\/wp-json\/wp\/v2\/media?parent=20041"}],"wp:term":[{"taxonomy":"category","embeddable":true,"href":"https:\/\/newsinfoco.com.br\/inicio\/wp-json\/wp\/v2\/categories?post=20041"},{"taxonomy":"post_tag","embeddable":true,"href":"https:\/\/newsinfoco.com.br\/inicio\/wp-json\/wp\/v2\/tags?post=20041"}],"curies":[{"name":"wp","href":"https:\/\/api.w.org\/{rel}","templated":true}]}}