{"id":20044,"date":"2020-01-21T20:35:10","date_gmt":"2020-01-21T23:35:10","guid":{"rendered":"http:\/\/newsinfoco.com.br\/?p=20044"},"modified":"2020-01-21T20:45:16","modified_gmt":"2020-01-21T23:45:16","slug":"comentarista-esportivo-jose-gomes-reforca-bancada-do-primeira-mao-e-estreia-falando-da-expectativa-do-embate-atletico-de-alagoinhas-x-fluminense-de-feira","status":"publish","type":"post","link":"https:\/\/newsinfoco.com.br\/inicio\/comentarista-esportivo-jose-gomes-reforca-bancada-do-primeira-mao-e-estreia-falando-da-expectativa-do-embate-atletico-de-alagoinhas-x-fluminense-de-feira\/","title":{"rendered":"Comentarista esportivo, Jos\u00e9 Gomes, refor\u00e7a bancada do Primeira M\u00e3o e estreia falando da expectativa do embate Atl\u00e9tico de Alagoinhas x Fluminense de Feira"},"content":{"rendered":"<p style=\"text-align: justify;\">O programa Primeira M\u00e3o, transmitido todas as manh\u00e3s de segunda a sexta-feira nas r\u00e1dios Ouro Negro 100,5 FM e r\u00e1dio web 2 de Julho, refor\u00e7ou sua equipe para cobrir o ano do Alagoinhas Atl\u00e9tico Clube, que disputar\u00e1 o Campeonato Baiano, o Brasileiro s\u00e9rie D e a Copa do Brasil; ser\u00e1 um per\u00edodo de plena atividade. O comentarista esportivo Jos\u00e9 Gomes, ex-goleiro do Carcar\u00e1 nos anos de gl\u00f3ria do clube, far\u00e1 participa\u00e7\u00f5es di\u00e1rias com an\u00e1lises das partidas e trazendo as novidades das equipes que disputar\u00e3o estas competi\u00e7\u00f5es, com aten\u00e7\u00e3o especial ao time de cora\u00e7\u00e3o da cidade de Alagoinhas.<\/p>\n<p style=\"text-align: justify;\">Jos\u00e9 Gomes fez sua estreia hoje, 21, no programa, quando entrevistou junto com seus companheiros de bancada, Caio Pimenta e Luciano Reis, o presidente do Alagoinhas Atl\u00e9tico Clube, Albino Leite.<\/p><div class=\"newsi-conteudo_19\" id=\"newsi-3082734555\"><a href=\"https:\/\/www.instagram.com\/prefeituraalagoinhas?igsh=YzgzdDJ1bWR3aWI4\" aria-label=\"SAVE_20251006_221555\"><img loading=\"lazy\" decoding=\"async\" src=\"https:\/\/newsinfoco.com.br\/inicio\/wp-content\/uploads\/2025\/10\/SAVE_20251006_221555-rotated.jpg\" alt=\"\"  srcset=\"https:\/\/newsinfoco.com.br\/inicio\/wp-content\/uploads\/2025\/10\/SAVE_20251006_221555-rotated.jpg 1140w, https:\/\/newsinfoco.com.br\/inicio\/wp-content\/uploads\/2025\/10\/SAVE_20251006_221555-300x52.jpg 300w, https:\/\/newsinfoco.com.br\/inicio\/wp-content\/uploads\/2025\/10\/SAVE_20251006_221555-1024x177.jpg 1024w, https:\/\/newsinfoco.com.br\/inicio\/wp-content\/uploads\/2025\/10\/SAVE_20251006_221555-768x133.jpg 768w, https:\/\/newsinfoco.com.br\/inicio\/wp-content\/uploads\/2025\/10\/SAVE_20251006_221555-600x104.jpg 600w, https:\/\/newsinfoco.com.br\/inicio\/wp-content\/uploads\/2025\/10\/SAVE_20251006_221555-696x120.jpg 696w, https:\/\/newsinfoco.com.br\/inicio\/wp-content\/uploads\/2025\/10\/SAVE_20251006_221555-1068x185.jpg 1068w\" sizes=\"(max-width: 1140px) 100vw, 1140px\" width=\"1140\" height=\"197\"   \/><\/a><\/div>\n<p style=\"text-align: justify;\">Ap\u00f3s a entrevista, Gomes falou de sua expectativa para o primeiro jogo da equipe pelo Baiano, quando o representante alagoinhense enfrenta o Fluminense de Feira de Santana, amanh\u00e3, 22, no est\u00e1dio Antonio Carneiro, \u00e0s 20:30h. O novo membro da bancada avaliou que o Atl\u00e9tico tem time para fazer uma boa temporada. Considera que, nos 60 dias de prepara\u00e7\u00e3o, o elenco foi muito bem treinado pelo t\u00e9cnico Paulo Sales e conta com pe\u00e7as importantes como Magno Alves, que deve surpreender quem acha que a idade lhe ser\u00e1 um grande peso.<\/p>\n<p style=\"text-align: justify;\">De acordo com Gomes, o Atl\u00e9tico deve entrar em campo com: F\u00e1bio Lima, Paulinho, Emerson, Filipinho, William, Kaefer, Dedeco, Russo, Vitinho, Magno Alves e Naian.<\/p>\n<p style=\"text-align: justify;\">Gomes comentou os jogadores do plantel \u00e0 disposi\u00e7\u00e3o do t\u00e9cnico Paulo Sales. Ele considerou que F\u00e1bio Lima(goleiro) fez um bom retorno e que a zaga demonstra seguran\u00e7a, embora os laterais ainda n\u00e3o foram exigidos o suficiente para que se tenha uma avalia\u00e7\u00e3o precisa sobre suas qualidades. Para Jos\u00e9 Gomes, o meio de campo preocupa, seria o caso de contratar com certa urg\u00eancia um homem de cria\u00e7\u00e3o para o setor. Percebe que o Atl\u00e9tico, pelos p\u00e9s de Emerson, surpreender\u00e1 com as cobran\u00e7as de falta. O experiente Magno Alves tamb\u00e9m o impressionou por sua movimenta\u00e7\u00e3o, seu toque de bola diferenciado e pelo esp\u00edrito de lideran\u00e7a. Um jogador que gosta de jogar com o grupo, preferindo o passe mesmo em condi\u00e7\u00f5es de avan\u00e7ar quando tem a bola dominada e espa\u00e7o, faz a bola correr. Ele falou que o time vai crescer durante a competi\u00e7\u00e3o, est\u00e1 no mesmo barco dos demais, apresentando as defici\u00eancias do pouco tempo de prepara\u00e7\u00e3o.<\/p>\n<p style=\"text-align: justify;\">Gomes avalia que o clube vai ganhar tamb\u00e9m muito em marketing. A rede Globo esteve na cidade para fazer mat\u00e9ria sobre o Atl\u00e9tico justamente pela contrata\u00e7\u00e3o do goleador Magno Alves. Ele vai levar o torcedor ao est\u00e1dio, mas tamb\u00e9m dar\u00e1 resultado em campo, analisa Gomes.<\/p>\n<p style=\"text-align: justify;\">Sobre o empr\u00e9stimo de Maicossuel junto ao S\u00e3o Paulo, segundo o rep\u00f3rter Luciano Reis, a novela ainda n\u00e3o acabou. Falou de uma conversa de whatsapp entre o jogador e algu\u00e9m ligado ao clube, onde ele mostra que ainda est\u00e1 avaliando a proposta. O S\u00e3o Paulo abriu a possibilidade de emprestar outros jogadores. Gomes foi taxativo, para ele qualquer jogador que n\u00e3o esteja na equipe principal de um time grande de S\u00e3o Paulo, \u00e9 ainda excelente para o n\u00edvel do futebol baiano.<\/p>\n<p>Veja a participa\u00e7\u00e3o de Jos\u00e9 Gomes durante o programa Primeira M\u00e3o desta ter\u00e7a-feira, 21:<\/p>\n<p><iframe loading=\"lazy\" title=\"Jos\u00e9 Gomes analisa o Alagoinhas Atletico Clube para a temporada 2020\" width=\"696\" height=\"392\" src=\"https:\/\/www.youtube.com\/embed\/_1uJzYQpXYw?start=116&#038;feature=oembed\" frameborder=\"0\" allow=\"accelerometer; autoplay; encrypted-media; gyroscope; picture-in-picture\" allowfullscreen><\/iframe><\/p>\n<p>Por Paulo Dias para o News Infoco<\/p>\n<div class='share-to-whatsapp-wrapper'><div class='share-on-whsp'>Share on: <\/div><a data-text='Comentarista esportivo, Jos\u00e9 Gomes, refor\u00e7a bancada do Primeira M\u00e3o e estreia falando da expectativa do embate Atl\u00e9tico de Alagoinhas x Fluminense de Feira' data-link='https:\/\/newsinfoco.com.br\/inicio\/comentarista-esportivo-jose-gomes-reforca-bancada-do-primeira-mao-e-estreia-falando-da-expectativa-do-embate-atletico-de-alagoinhas-x-fluminense-de-feira\/' class='whatsapp-button whatsapp-share'>WhatsApp<\/a><div class='clear '><\/div><\/div>","protected":false},"excerpt":{"rendered":"<p>O programa Primeira M\u00e3o, transmitido todas as manh\u00e3s de segunda a sexta-feira nas r\u00e1dios Ouro Negro 100,5 FM e r\u00e1dio web 2 de Julho, refor\u00e7ou sua equipe para cobrir o ano do Alagoinhas Atl\u00e9tico Clube, que disputar\u00e1 o Campeonato Baiano, o Brasileiro s\u00e9rie D e a Copa do Brasil; ser\u00e1 um per\u00edodo de plena atividade. [&hellip;]<\/p>\n","protected":false},"author":1,"featured_media":20046,"comment_status":"open","ping_status":"open","sticky":false,"template":"","format":"standard","meta":{"om_disable_all_campaigns":false,"_exactmetrics_skip_tracking":false,"_exactmetrics_sitenote_active":false,"_exactmetrics_sitenote_note":"","_exactmetrics_sitenote_category":0,"footnotes":""},"categories":[38],"tags":[],"class_list":["post-20044","post","type-post","status-publish","format-standard","has-post-thumbnail","hentry","category-alagoinhas-e-regiao"],"aioseo_notices":[],"_links":{"self":[{"href":"https:\/\/newsinfoco.com.br\/inicio\/wp-json\/wp\/v2\/posts\/20044","targetHints":{"allow":["GET"]}}],"collection":[{"href":"https:\/\/newsinfoco.com.br\/inicio\/wp-json\/wp\/v2\/posts"}],"about":[{"href":"https:\/\/newsinfoco.com.br\/inicio\/wp-json\/wp\/v2\/types\/post"}],"author":[{"embeddable":true,"href":"https:\/\/newsinfoco.com.br\/inicio\/wp-json\/wp\/v2\/users\/1"}],"replies":[{"embeddable":true,"href":"https:\/\/newsinfoco.com.br\/inicio\/wp-json\/wp\/v2\/comments?post=20044"}],"version-history":[{"count":0,"href":"https:\/\/newsinfoco.com.br\/inicio\/wp-json\/wp\/v2\/posts\/20044\/revisions"}],"wp:featuredmedia":[{"embeddable":true,"href":"https:\/\/newsinfoco.com.br\/inicio\/wp-json\/wp\/v2\/media\/20046"}],"wp:attachment":[{"href":"https:\/\/newsinfoco.com.br\/inicio\/wp-json\/wp\/v2\/media?parent=20044"}],"wp:term":[{"taxonomy":"category","embeddable":true,"href":"https:\/\/newsinfoco.com.br\/inicio\/wp-json\/wp\/v2\/categories?post=20044"},{"taxonomy":"post_tag","embeddable":true,"href":"https:\/\/newsinfoco.com.br\/inicio\/wp-json\/wp\/v2\/tags?post=20044"}],"curies":[{"name":"wp","href":"https:\/\/api.w.org\/{rel}","templated":true}]}}