{"id":20050,"date":"2020-01-22T15:49:10","date_gmt":"2020-01-22T18:49:10","guid":{"rendered":"http:\/\/newsinfoco.com.br\/?p=20050"},"modified":"2020-01-22T16:20:56","modified_gmt":"2020-01-22T19:20:56","slug":"desgaste-das-forcas-politicas-tradicionais-e-grande-numero-de-eleitores-indecisos-traz-cenario-ainda-indefinido-para-as-eleicoes-em-alagoinhas","status":"publish","type":"post","link":"https:\/\/newsinfoco.com.br\/inicio\/desgaste-das-forcas-politicas-tradicionais-e-grande-numero-de-eleitores-indecisos-traz-cenario-ainda-indefinido-para-as-eleicoes-em-alagoinhas\/","title":{"rendered":"Desgaste das for\u00e7as politicas tradicionais e grande n\u00famero de eleitores indecisos traz cen\u00e1rio ainda indefinido para as elei\u00e7\u00f5es em Alagoinhas"},"content":{"rendered":"<p style=\"text-align: justify;\">Se for escolher o nome de destaque da pol\u00edtica alagoinhense nesse m\u00eas de janeiro, o de Roberto Torres(o vice dos sonhos dos candidatos \u00e0 direita) com certeza deve ser lembrado. Pr\u00e9-candidato a prefeito pelo PRB, tem tr\u00e2nsito em praticamente todos os partidos, fruto da maneira cordial e imparcial que sempre guiou suas a\u00e7\u00f5es como vereador e como presidente da Casa. A cada encontro de Roberto Torres com um outro pr\u00e9-candidato, logo levanta-se a possibilidade de uma uni\u00e3o, seja com o prefeito Joaquim Neto, que busca reelei\u00e7\u00e3o, seja com o ex-prefeito Paulo Cezar, que quer retornar.<\/p>\n<p style=\"text-align: justify;\">Por\u00e9m, acompanhando-o em expectativa e repercuss\u00e3o das a\u00e7\u00f5es e falas, \u00e9 coerente citar Jusc\u00e9lio Carmo. Ele voltou a ser noticia com as conversas em torno de uma futura aproxima\u00e7\u00e3o sua com o DEM. Considerando a tradi\u00e7\u00e3o, os \u201cCarmos\u201d sempre estiveram distantes do carlismo, mas de uns anos pra c\u00e1, v\u00eam se aproximando dessa vertente mais a direita, que sempre comandou o DEM, antigo PFL.<\/p><div class=\"newsi-conteudo_19\" id=\"newsi-1536690081\"><a href=\"https:\/\/www.instagram.com\/prefeituraalagoinhas?igsh=YzgzdDJ1bWR3aWI4\" aria-label=\"SAVE_20251006_221555\"><img loading=\"lazy\" decoding=\"async\" src=\"https:\/\/newsinfoco.com.br\/inicio\/wp-content\/uploads\/2025\/10\/SAVE_20251006_221555-rotated.jpg\" alt=\"\"  srcset=\"https:\/\/newsinfoco.com.br\/inicio\/wp-content\/uploads\/2025\/10\/SAVE_20251006_221555-rotated.jpg 1140w, https:\/\/newsinfoco.com.br\/inicio\/wp-content\/uploads\/2025\/10\/SAVE_20251006_221555-300x52.jpg 300w, https:\/\/newsinfoco.com.br\/inicio\/wp-content\/uploads\/2025\/10\/SAVE_20251006_221555-1024x177.jpg 1024w, https:\/\/newsinfoco.com.br\/inicio\/wp-content\/uploads\/2025\/10\/SAVE_20251006_221555-768x133.jpg 768w, https:\/\/newsinfoco.com.br\/inicio\/wp-content\/uploads\/2025\/10\/SAVE_20251006_221555-600x104.jpg 600w, https:\/\/newsinfoco.com.br\/inicio\/wp-content\/uploads\/2025\/10\/SAVE_20251006_221555-696x120.jpg 696w, https:\/\/newsinfoco.com.br\/inicio\/wp-content\/uploads\/2025\/10\/SAVE_20251006_221555-1068x185.jpg 1068w\" sizes=\"(max-width: 1140px) 100vw, 1140px\" width=\"1140\" height=\"197\"   \/><\/a><\/div>\n<p style=\"text-align: justify;\">Jusc\u00e9lio \u00e9 um nome que tem lisura, coragem e ideias. Roberto Torres tem lisura e bom senso. Jusc\u00e9lio mostra familiaridade com os microfones e uma vis\u00e3o de administra\u00e7\u00e3o, em termos de infraestrutura, bem definida. Ele tamb\u00e9m sustenta, devido a sua postura de independ\u00eancia, a tese de que vencer\u00e1 a pr\u00f3xima elei\u00e7\u00e3o um azar\u00e3o, algu\u00e9m que n\u00e3o est\u00e1 no momento em evid\u00eancia nas pesquisas.<\/p>\n<p style=\"text-align: justify;\">Essa tese de Jusc\u00e9lio come\u00e7a a fazer sentido, segundo Caio Pimenta, comentarista do Programa Primeira M\u00e3o, quando se observa o desgaste politico das lideran\u00e7as e for\u00e7as politicas tradicionais. Ele cita como fatores de desgaste o envolvimento de Jacques Wagner na Lava Jato e os casos de corrup\u00e7\u00e3o envolvendo o PT, fazendo sombra sobre Luciano S\u00e9rgio, o processo criminal a que Paulo Cezar responde e a impopularidade do gestor Joaquim Neto, que anuncia solu\u00e7\u00f5es para problemas como se estivesse no primeiro ano de governo, sem considerar que seus tr\u00eas primeiros anos n\u00e3o agradaram boa parte da popula\u00e7\u00e3o e mereceu fortes cr\u00edticas dos vereadores e de parte da imprensa local. Jusc\u00e9lio fala que ganhar\u00e1 um quarto nome, isso abre ent\u00e3o uma disputa paralela praticamente entre Fabr\u00edcio Faro, Tonho Rato, Jo\u00e3o Henrique e o pr\u00f3prio Jusc\u00e9lio.<\/p>\n<p style=\"text-align: justify;\">Outros nomes podem ser inclu\u00eddos, Raimundo Barreto do PSOL, se abandonar a postura de sat\u00e9lite do PT que caracteriza seu partido nacionalmente. O Dr. Antonio Gomes, caso mostre que suas propostas inovadoras s\u00e3o exequ\u00edveis. Adri\u00e3o Barbosa, na condi\u00e7\u00e3o de convencer que seus v\u00e1rios anos de sindicato melhoraram a vida dos comerci\u00e1rios e das comerci\u00e1rias e se mostrar de forma transparente como foi administrada a entidade classista.<\/p>\n<p style=\"text-align: justify;\">Caio Pimenta lembrou durante o programa Primeira M\u00e3o desta quarta-feira(22) que Paulo Cezar lidera as pesquisas em um contingente de 50% de eleitores que manifestaram alguma prefer\u00eancia eleitoral. Os outros 50% n\u00e3o t\u00eam candidato, n\u00e3o se empolgam ou n\u00e3o conhecem, pelo menos, parte dos nomes apresentados. Para Caio, p\u00f3s-carnaval, o quadro come\u00e7ar\u00e1 a ganhar contornos. A esquerda definir\u00e1 se o PT vai ser cabe\u00e7a de chapa ou se os outros partidos v\u00e3o em bloco reivindicar com sucesso o protagonismo, pela primeira vez, em quatro d\u00e9cadas. A direita decidir\u00e1 tamb\u00e9m se vai sair de roupa nova ou de roupa velha.<\/p>\n<p style=\"text-align: right;\">Por Paulo Dias para o News Infoco<\/p>\n<div class='share-to-whatsapp-wrapper'><div class='share-on-whsp'>Share on: <\/div><a data-text='Desgaste das for\u00e7as politicas tradicionais e grande n\u00famero de eleitores indecisos traz cen\u00e1rio ainda indefinido para as elei\u00e7\u00f5es em Alagoinhas' data-link='https:\/\/newsinfoco.com.br\/inicio\/desgaste-das-forcas-politicas-tradicionais-e-grande-numero-de-eleitores-indecisos-traz-cenario-ainda-indefinido-para-as-eleicoes-em-alagoinhas\/' class='whatsapp-button whatsapp-share'>WhatsApp<\/a><div class='clear '><\/div><\/div>","protected":false},"excerpt":{"rendered":"<p>Se for escolher o nome de destaque da pol\u00edtica alagoinhense nesse m\u00eas de janeiro, o de Roberto Torres(o vice dos sonhos dos candidatos \u00e0 direita) com certeza deve ser lembrado. Pr\u00e9-candidato a prefeito pelo PRB, tem tr\u00e2nsito em praticamente todos os partidos, fruto da maneira cordial e imparcial que sempre guiou suas a\u00e7\u00f5es como vereador [&hellip;]<\/p>\n","protected":false},"author":1,"featured_media":10249,"comment_status":"open","ping_status":"open","sticky":false,"template":"","format":"standard","meta":{"om_disable_all_campaigns":false,"_exactmetrics_skip_tracking":false,"_exactmetrics_sitenote_active":false,"_exactmetrics_sitenote_note":"","_exactmetrics_sitenote_category":0,"footnotes":""},"categories":[38],"tags":[],"class_list":["post-20050","post","type-post","status-publish","format-standard","has-post-thumbnail","hentry","category-alagoinhas-e-regiao"],"aioseo_notices":[],"_links":{"self":[{"href":"https:\/\/newsinfoco.com.br\/inicio\/wp-json\/wp\/v2\/posts\/20050","targetHints":{"allow":["GET"]}}],"collection":[{"href":"https:\/\/newsinfoco.com.br\/inicio\/wp-json\/wp\/v2\/posts"}],"about":[{"href":"https:\/\/newsinfoco.com.br\/inicio\/wp-json\/wp\/v2\/types\/post"}],"author":[{"embeddable":true,"href":"https:\/\/newsinfoco.com.br\/inicio\/wp-json\/wp\/v2\/users\/1"}],"replies":[{"embeddable":true,"href":"https:\/\/newsinfoco.com.br\/inicio\/wp-json\/wp\/v2\/comments?post=20050"}],"version-history":[{"count":0,"href":"https:\/\/newsinfoco.com.br\/inicio\/wp-json\/wp\/v2\/posts\/20050\/revisions"}],"wp:featuredmedia":[{"embeddable":true,"href":"https:\/\/newsinfoco.com.br\/inicio\/wp-json\/wp\/v2\/media\/10249"}],"wp:attachment":[{"href":"https:\/\/newsinfoco.com.br\/inicio\/wp-json\/wp\/v2\/media?parent=20050"}],"wp:term":[{"taxonomy":"category","embeddable":true,"href":"https:\/\/newsinfoco.com.br\/inicio\/wp-json\/wp\/v2\/categories?post=20050"},{"taxonomy":"post_tag","embeddable":true,"href":"https:\/\/newsinfoco.com.br\/inicio\/wp-json\/wp\/v2\/tags?post=20050"}],"curies":[{"name":"wp","href":"https:\/\/api.w.org\/{rel}","templated":true}]}}