{"id":20052,"date":"2020-01-22T16:30:11","date_gmt":"2020-01-22T19:30:11","guid":{"rendered":"http:\/\/newsinfoco.com.br\/?p=20052"},"modified":"2020-01-22T16:42:34","modified_gmt":"2020-01-22T19:42:34","slug":"noite-de-estreia-do-baianao-tem-jogo-atletico-de-alagoinhas-x-fluminense-de-feira-e-rodada-completa","status":"publish","type":"post","link":"https:\/\/newsinfoco.com.br\/inicio\/noite-de-estreia-do-baianao-tem-jogo-atletico-de-alagoinhas-x-fluminense-de-feira-e-rodada-completa\/","title":{"rendered":"Noite de estreia do Baian\u00e3o tem jogo Atl\u00e9tico de Alagoinhas x Fluminense de Feira e rodada completa"},"content":{"rendered":"<p style=\"text-align: justify;\">O Atl\u00e9tico de Alagoinhas estar\u00e1 em campo, hoje(22), \u00e0s 20:30, no Carneir\u00e3o, em jogo de abertura do Campeonato Baiano, junto com as demais nove equipes que v\u00e3o brigar pelo t\u00edtulo de campe\u00e3o, com partidas em v\u00e1rias regi\u00f5es do estado e na capital. Segundo Jos\u00e9 Gomes, comentarista esportivo do programa Primeira Mao, a rodada inicial ter\u00e1, portanto, cinco jogos, dentre eles, Atl\u00e9tico de Alagoinhas X Fluminense de Feira de Santana, um cl\u00e1ssico interiorano. Os demais jogos s\u00e3o: Vit\u00f3ria x Jacobina, Bahia de Feira X Doce Mel, Vit\u00f3ria da Conquista X Jacuipense e Juazeiro X Bahia, transmitido pela televis\u00e3o.<\/p>\n<p style=\"text-align: justify;\">Sendo uma rodada completa, hoje, se ter\u00e1 uma no\u00e7\u00e3o m\u00ednima do que se pode esperar de que cada equipe na competi\u00e7\u00e3o e analisar aspectos positivos e negativos de cada uma delas. Quem tiver olheiro para observar os jogos, poder\u00e1 ter um diferencial estrat\u00e9gico nesse momento. Claro que a evolu\u00e7\u00e3o de cada equipe, at\u00e9 pr\u00f3ximo do final do campeonato, \u00e9 que vai dar uma no\u00e7\u00e3o de favoritismo. Se bem que alguns talentos j\u00e1 podem despontar nessa noite. Em entrevista a Luciano Reis, o t\u00e9cnico Paulo Sales percebe que o time progrediu nos 40 dias de treinamento e ganhou confian\u00e7a, na mesma medida que inspira. Magno Alves ser\u00e1 certamente o centro das aten\u00e7\u00f5es, inclusive com as lentes do Esporte Espetacular o acompanhando para saber como est\u00e1 o craque que brilhou nos gramados cariocas e do Brasil com o Fluminense do Rio de Janeiro.<\/p><div class=\"newsi-conteudo_19\" id=\"newsi-2600046698\"><a href=\"https:\/\/www.instagram.com\/prefeituraalagoinhas?igsh=YzgzdDJ1bWR3aWI4\" aria-label=\"SAVE_20251006_221555\"><img loading=\"lazy\" decoding=\"async\" src=\"https:\/\/newsinfoco.com.br\/inicio\/wp-content\/uploads\/2025\/10\/SAVE_20251006_221555-rotated.jpg\" alt=\"\"  srcset=\"https:\/\/newsinfoco.com.br\/inicio\/wp-content\/uploads\/2025\/10\/SAVE_20251006_221555-rotated.jpg 1140w, https:\/\/newsinfoco.com.br\/inicio\/wp-content\/uploads\/2025\/10\/SAVE_20251006_221555-300x52.jpg 300w, https:\/\/newsinfoco.com.br\/inicio\/wp-content\/uploads\/2025\/10\/SAVE_20251006_221555-1024x177.jpg 1024w, https:\/\/newsinfoco.com.br\/inicio\/wp-content\/uploads\/2025\/10\/SAVE_20251006_221555-768x133.jpg 768w, https:\/\/newsinfoco.com.br\/inicio\/wp-content\/uploads\/2025\/10\/SAVE_20251006_221555-600x104.jpg 600w, https:\/\/newsinfoco.com.br\/inicio\/wp-content\/uploads\/2025\/10\/SAVE_20251006_221555-696x120.jpg 696w, https:\/\/newsinfoco.com.br\/inicio\/wp-content\/uploads\/2025\/10\/SAVE_20251006_221555-1068x185.jpg 1068w\" sizes=\"(max-width: 1140px) 100vw, 1140px\" width=\"1140\" height=\"197\"   \/><\/a><\/div>\n<p style=\"text-align: justify;\">O comentarista esportivo Jos\u00e9 Gomes nota que o time do Atl\u00e9tico foi bem preparado por um t\u00e9cnico de qualidade como Paulo Sales e que tem um grupo t\u00e9cnico focado em tirar o m\u00e1ximo do potencial de cada atleta. Foram convocados para concentra\u00e7\u00e3o do Atl\u00e9tico 21 jogadores. Devem come\u00e7ar jogando F\u00e1bio Lima, Paulinho, Emerson, Filipinho, William, Kaefer, Dedeco, Russo, Vitinho, Magno Alves, Naian. Foi integrado ao grupo o lateral esquerdo Vicente, voltando de uma les\u00e3o, que pode ser uma alternativa entrando no lugar de Fernando. Carlinhos tamb\u00e9m \u00e9 uma op\u00e7\u00e3o para mudar o estilo de jogo caso venha substituir Russo. O time deixaria o 4-4-2 passando para o 4-3-3. Gomes acha que o Atl\u00e9tico pode vencer at\u00e9 com uma margem folgada de dois gols. O Fluminense de Feira de Santana escalou para sua estreia contra o Carcar\u00e1: Rodolfo, Neto, Caique, Angelo, Val, Shande, Brener, Mois\u00e9s, Welton, Guto e Diego.<\/p>\n<p style=\"text-align: right;\">Por Paulo Dias para o News Infoco<\/p>\n<div class='share-to-whatsapp-wrapper'><div class='share-on-whsp'>Share on: <\/div><a data-text='Noite de estreia do Baian\u00e3o tem jogo Atl\u00e9tico de Alagoinhas x Fluminense de Feira e rodada completa' data-link='https:\/\/newsinfoco.com.br\/inicio\/noite-de-estreia-do-baianao-tem-jogo-atletico-de-alagoinhas-x-fluminense-de-feira-e-rodada-completa\/' class='whatsapp-button whatsapp-share'>WhatsApp<\/a><div class='clear '><\/div><\/div>","protected":false},"excerpt":{"rendered":"<p>O Atl\u00e9tico de Alagoinhas estar\u00e1 em campo, hoje(22), \u00e0s 20:30, no Carneir\u00e3o, em jogo de abertura do Campeonato Baiano, junto com as demais nove equipes que v\u00e3o brigar pelo t\u00edtulo de campe\u00e3o, com partidas em v\u00e1rias regi\u00f5es do estado e na capital. Segundo Jos\u00e9 Gomes, comentarista esportivo do programa Primeira Mao, a rodada inicial ter\u00e1, [&hellip;]<\/p>\n","protected":false},"author":1,"featured_media":4167,"comment_status":"open","ping_status":"open","sticky":false,"template":"","format":"standard","meta":{"om_disable_all_campaigns":false,"_exactmetrics_skip_tracking":false,"_exactmetrics_sitenote_active":false,"_exactmetrics_sitenote_note":"","_exactmetrics_sitenote_category":0,"footnotes":""},"categories":[38],"tags":[],"class_list":["post-20052","post","type-post","status-publish","format-standard","has-post-thumbnail","hentry","category-alagoinhas-e-regiao"],"aioseo_notices":[],"_links":{"self":[{"href":"https:\/\/newsinfoco.com.br\/inicio\/wp-json\/wp\/v2\/posts\/20052","targetHints":{"allow":["GET"]}}],"collection":[{"href":"https:\/\/newsinfoco.com.br\/inicio\/wp-json\/wp\/v2\/posts"}],"about":[{"href":"https:\/\/newsinfoco.com.br\/inicio\/wp-json\/wp\/v2\/types\/post"}],"author":[{"embeddable":true,"href":"https:\/\/newsinfoco.com.br\/inicio\/wp-json\/wp\/v2\/users\/1"}],"replies":[{"embeddable":true,"href":"https:\/\/newsinfoco.com.br\/inicio\/wp-json\/wp\/v2\/comments?post=20052"}],"version-history":[{"count":0,"href":"https:\/\/newsinfoco.com.br\/inicio\/wp-json\/wp\/v2\/posts\/20052\/revisions"}],"wp:featuredmedia":[{"embeddable":true,"href":"https:\/\/newsinfoco.com.br\/inicio\/wp-json\/wp\/v2\/media\/4167"}],"wp:attachment":[{"href":"https:\/\/newsinfoco.com.br\/inicio\/wp-json\/wp\/v2\/media?parent=20052"}],"wp:term":[{"taxonomy":"category","embeddable":true,"href":"https:\/\/newsinfoco.com.br\/inicio\/wp-json\/wp\/v2\/categories?post=20052"},{"taxonomy":"post_tag","embeddable":true,"href":"https:\/\/newsinfoco.com.br\/inicio\/wp-json\/wp\/v2\/tags?post=20052"}],"curies":[{"name":"wp","href":"https:\/\/api.w.org\/{rel}","templated":true}]}}