{"id":20059,"date":"2020-01-24T20:20:24","date_gmt":"2020-01-24T23:20:24","guid":{"rendered":"http:\/\/newsinfoco.com.br\/?p=20059"},"modified":"2020-01-29T15:26:06","modified_gmt":"2020-01-29T18:26:06","slug":"para-jose-gomes-atletico-de-alagoinhas-tem-grandes-chances-de-conquistar-sua-primeira-vitoria-diante-do-doce-mel-no-proximo-domingo26","status":"publish","type":"post","link":"https:\/\/newsinfoco.com.br\/inicio\/para-jose-gomes-atletico-de-alagoinhas-tem-grandes-chances-de-conquistar-sua-primeira-vitoria-diante-do-doce-mel-no-proximo-domingo26\/","title":{"rendered":"Para Jos\u00e9 Gomes, Atl\u00e9tico de Alagoinhas tem grandes chances de conquistar sua primeira vit\u00f3ria diante do Doce Mel no pr\u00f3ximo domingo(26)"},"content":{"rendered":"<p style=\"text-align: justify;\">O Atl\u00e9tico de Alagoinhas, que teve folga no dia de ontem(23), fez um treino com os reservas. O treino hoje pela manh\u00e3 definiu o grupo que viajou \u00e0 tarde para Vit\u00f3ria da Conquista, sem expectativa de altera\u00e7\u00e3o. Amanh\u00e3 realiza atividades preparativas j\u00e1 no est\u00e1dio Lomanto Junior, onde enfrenta o Doce Mel, time goleado na \u00faltima quarta pelo Bahia de Feira. Durante sua participa\u00e7\u00e3o no momento esportivo do programa Primeira M\u00e3o, o comentarista esportivo Jos\u00e9 Gomes disse que a novidade aguardada \u00e9 a entrada de Carlinhos como titular no lugar de Naian, pois mudou a din\u00e2mica do jogo contra do Fluminense, na \u00faltima quarta-feira. Jos\u00e9 Gomes, que estar\u00e1 comentando o jogo pela r\u00e1dio Digital FM, espera uma vit\u00f3ria atleticana sobre a equipe que ele considera com grandes chances de rebaixamento. Na resenha de segunda-feira, o comentarista ter\u00e1 algo mais concreto a dizer sobre as duas equipes.<\/p>\n<p style=\"text-align: justify;\">Gomes tamb\u00e9m trouxe uma informa\u00e7\u00e3o que mostra o empenho da torcida atleticana. O Atl\u00e9tico foi o campe\u00e3o de p\u00fablico da rodada, repetindo o que aconteceu no ano passado. Teve o mesmo n\u00famero de expectadores que o registrado nos outros quatro jogos somados. Compareceram ao Carneir\u00e3o 4041 torcedores, gerando uma renda de mais de R$40 mil. A bilheteria poderia ser ainda maior, pois, por problemas de organiza\u00e7\u00e3o da Federa\u00e7\u00e3o Baiana de Futebol, muita gente desistiu de assistir ao jogo devido \u00e0 grande fila que se formou para a compra de ingressos. Teve gente que entrou j\u00e1 no final do primeiro tempo, n\u00e3o presenciando tr\u00eas dos quatro gols da partida.<\/p><div class=\"newsi-conteudo_19\" id=\"newsi-2443899062\"><a href=\"https:\/\/www.instagram.com\/prefeituraalagoinhas?igsh=YzgzdDJ1bWR3aWI4\" aria-label=\"SAVE_20251006_221555\"><img loading=\"lazy\" decoding=\"async\" src=\"https:\/\/newsinfoco.com.br\/inicio\/wp-content\/uploads\/2025\/10\/SAVE_20251006_221555-rotated.jpg\" alt=\"\"  srcset=\"https:\/\/newsinfoco.com.br\/inicio\/wp-content\/uploads\/2025\/10\/SAVE_20251006_221555-rotated.jpg 1140w, https:\/\/newsinfoco.com.br\/inicio\/wp-content\/uploads\/2025\/10\/SAVE_20251006_221555-300x52.jpg 300w, https:\/\/newsinfoco.com.br\/inicio\/wp-content\/uploads\/2025\/10\/SAVE_20251006_221555-1024x177.jpg 1024w, https:\/\/newsinfoco.com.br\/inicio\/wp-content\/uploads\/2025\/10\/SAVE_20251006_221555-768x133.jpg 768w, https:\/\/newsinfoco.com.br\/inicio\/wp-content\/uploads\/2025\/10\/SAVE_20251006_221555-600x104.jpg 600w, https:\/\/newsinfoco.com.br\/inicio\/wp-content\/uploads\/2025\/10\/SAVE_20251006_221555-696x120.jpg 696w, https:\/\/newsinfoco.com.br\/inicio\/wp-content\/uploads\/2025\/10\/SAVE_20251006_221555-1068x185.jpg 1068w\" sizes=\"(max-width: 1140px) 100vw, 1140px\" width=\"1140\" height=\"197\"   \/><\/a><\/div>\n<p style=\"text-align: justify;\"><strong>Copa do Nordeste<\/strong><\/p>\n<p style=\"text-align: justify;\">Gomes tamb\u00e9m falou sobe a Copa Nordeste, o Vit\u00f3ria enfrenta o Fortaleza em casa, com o favoritismo da equipe cearense, que vem sendo bem conduzida pelo t\u00e9cnico Rog\u00e9rio Ceni, ex-goleiro e \u00eddolo do S\u00e3o Paulo. O rubro negro vive a expectativa da contrata\u00e7\u00e3o de Jean vindo do Corinthians, Levi do Fluminense de Feira e Bernardo do Jacuipense, mas ainda sofre com as consequ\u00eancias dos seus problemas de gest\u00e3o. Um empate ser\u00e1 um grande resultado para a equipe baiana. J\u00e1 o Bahia vem de uma boa campanha no campeonato nacional e n\u00e3o ser\u00e1 surpresa se vencer a equipe do Santa Cruz, mesmo em Recife, embora trate-se de um cl\u00e1ssico do futebol nordestino. Dois jogos j\u00e1 ocorreram na Copa do Nordeste: Imperatriz 3 X 1 CRB e N\u00e1utico 1 X 1 River(PI).<\/p>\n<p style=\"text-align: justify;\">Acompanhe a participa\u00e7\u00e3o do comentarista esportivo Jos\u00e9 Gomes no programa Primeira M\u00e3o desta sexta-feira(24):<\/p>\n<p><iframe loading=\"lazy\" title=\"Jos\u00e9 Gomes fala de Baian\u00e3o, Copa do Nordeste e Estaduais no Brasil\" width=\"696\" height=\"392\" src=\"https:\/\/www.youtube.com\/embed\/DvDJ8LDri_I?start=44&#038;feature=oembed\" frameborder=\"0\" allow=\"accelerometer; autoplay; encrypted-media; gyroscope; picture-in-picture\" allowfullscreen><\/iframe><\/p>\n<p style=\"text-align: right;\">Por Paulo Dias para o News Infoco<\/p>\n<div class='share-to-whatsapp-wrapper'><div class='share-on-whsp'>Share on: <\/div><a data-text='Para Jos\u00e9 Gomes, Atl\u00e9tico de Alagoinhas tem grandes chances de conquistar sua primeira vit\u00f3ria diante do Doce Mel no pr\u00f3ximo domingo(26)' data-link='https:\/\/newsinfoco.com.br\/inicio\/para-jose-gomes-atletico-de-alagoinhas-tem-grandes-chances-de-conquistar-sua-primeira-vitoria-diante-do-doce-mel-no-proximo-domingo26\/' class='whatsapp-button whatsapp-share'>WhatsApp<\/a><div class='clear '><\/div><\/div>","protected":false},"excerpt":{"rendered":"<p>O Atl\u00e9tico de Alagoinhas, que teve folga no dia de ontem(23), fez um treino com os reservas. O treino hoje pela manh\u00e3 definiu o grupo que viajou \u00e0 tarde para Vit\u00f3ria da Conquista, sem expectativa de altera\u00e7\u00e3o. Amanh\u00e3 realiza atividades preparativas j\u00e1 no est\u00e1dio Lomanto Junior, onde enfrenta o Doce Mel, time goleado na \u00faltima [&hellip;]<\/p>\n","protected":false},"author":1,"featured_media":20060,"comment_status":"open","ping_status":"open","sticky":false,"template":"","format":"standard","meta":{"om_disable_all_campaigns":false,"_exactmetrics_skip_tracking":false,"_exactmetrics_sitenote_active":false,"_exactmetrics_sitenote_note":"","_exactmetrics_sitenote_category":0,"footnotes":""},"categories":[167],"tags":[],"class_list":["post-20059","post","type-post","status-publish","format-standard","has-post-thumbnail","hentry","category-exclusivas"],"aioseo_notices":[],"_links":{"self":[{"href":"https:\/\/newsinfoco.com.br\/inicio\/wp-json\/wp\/v2\/posts\/20059","targetHints":{"allow":["GET"]}}],"collection":[{"href":"https:\/\/newsinfoco.com.br\/inicio\/wp-json\/wp\/v2\/posts"}],"about":[{"href":"https:\/\/newsinfoco.com.br\/inicio\/wp-json\/wp\/v2\/types\/post"}],"author":[{"embeddable":true,"href":"https:\/\/newsinfoco.com.br\/inicio\/wp-json\/wp\/v2\/users\/1"}],"replies":[{"embeddable":true,"href":"https:\/\/newsinfoco.com.br\/inicio\/wp-json\/wp\/v2\/comments?post=20059"}],"version-history":[{"count":0,"href":"https:\/\/newsinfoco.com.br\/inicio\/wp-json\/wp\/v2\/posts\/20059\/revisions"}],"wp:featuredmedia":[{"embeddable":true,"href":"https:\/\/newsinfoco.com.br\/inicio\/wp-json\/wp\/v2\/media\/20060"}],"wp:attachment":[{"href":"https:\/\/newsinfoco.com.br\/inicio\/wp-json\/wp\/v2\/media?parent=20059"}],"wp:term":[{"taxonomy":"category","embeddable":true,"href":"https:\/\/newsinfoco.com.br\/inicio\/wp-json\/wp\/v2\/categories?post=20059"},{"taxonomy":"post_tag","embeddable":true,"href":"https:\/\/newsinfoco.com.br\/inicio\/wp-json\/wp\/v2\/tags?post=20059"}],"curies":[{"name":"wp","href":"https:\/\/api.w.org\/{rel}","templated":true}]}}