{"id":20080,"date":"2020-01-24T22:30:51","date_gmt":"2020-01-25T01:30:51","guid":{"rendered":"http:\/\/newsinfoco.com.br\/?p=20080"},"modified":"2020-01-24T22:30:51","modified_gmt":"2020-01-25T01:30:51","slug":"justica-impede-divulgacao-de-resultado-do-sisu-e-manda-mec-comprovar-correcoes","status":"publish","type":"post","link":"https:\/\/newsinfoco.com.br\/inicio\/justica-impede-divulgacao-de-resultado-do-sisu-e-manda-mec-comprovar-correcoes\/","title":{"rendered":"Justi\u00e7a impede divulga\u00e7\u00e3o de resultado do Sisu e manda MEC comprovar corre\u00e7\u00f5es"},"content":{"rendered":"<p style=\"text-align: justify;\">A Justi\u00e7a Federal em S\u00e3o Paulo determinou, em decis\u00e3o liminar, que o resultado do processo do Sistema de Sele\u00e7\u00e3o Unificada (Sisu) n\u00e3o seja divulgado ap\u00f3s o fim das inscri\u00e7\u00f5es at\u00e9 que o governo federal comprove que o erro na corre\u00e7\u00e3o das provas do Exame Nacional do Ensino M\u00e9dio (Enem) foi totalmente solucionado.<\/p>\n<p style=\"text-align: justify;\">A decis\u00e3o foi obtida por uma a\u00e7\u00e3o movida pela Defensoria P\u00fablica da Uni\u00e3o, em pedido de tutela cautelar, para que o Minist\u00e9rio da Educa\u00e7\u00e3o e o Instituto Nacional de Estudos e Pesquisas Educacionais (Inep) comprovem \u201cdocumentalmente\u201d que a revis\u00e3o das notas nas quais foram identificadas falhas foram consideradas para readequa\u00e7\u00e3o das notas de todos os 4 milh\u00f5es de candidatos.<\/p>\n<p style=\"text-align: justify;\">\u201cN\u00e3o cabe qualquer digress\u00e3o quanto \u00e0 exist\u00eancia de falhas no ENEM, seja na aplica\u00e7\u00e3o, em raz\u00e3o da equivocada impress\u00e3o da prova e das folhas de gabarito, seja na corre\u00e7\u00e3o, como consequ\u00eancia das falhas na aplica\u00e7\u00e3o, ao considerar que o candidato teria respondido a um tipo de prova diferente daquele que efetivamente lhe foi disponibilizado\u201d, diz a representa\u00e7\u00e3o da DPU.<\/p>\n<p style=\"text-align: justify;\">Tamb\u00e9m determina que seja divulgado se todos os candidatos que pediram a revis\u00e3o da prova foram atendidos ainda que a nota n\u00e3o tenha sido alterada e \u201cse foram adequadamente informados de tal decis\u00e3o\u201d. Ap\u00f3s a intima\u00e7\u00e3o, MEC e Inep t\u00eam cinco dias para cumprir a decis\u00e3o sob pena de multa di\u00e1ria de R$ 10 mil.<\/p>\n<p style=\"text-align: justify;\">A\u00e7\u00f5es<br \/>\nNesta sexta-feira, o Minist\u00e9rio P\u00fablico Federal (MPF) tamb\u00e9m entrou com a\u00e7\u00e3o na Justi\u00e7a Federal em Minas Gerais pedindo que seja determinada a suspens\u00e3o das inscri\u00e7\u00f5es e a consequente altera\u00e7\u00e3o dos calend\u00e1rios 2020 do Sistema de Sele\u00e7\u00e3o Unificada (Sisu), do Fundo de Financiamento Estudantil (Fies) e do Programa Universidade para Todos (Prouni).<\/p>\n<p style=\"text-align: justify;\">Caso sejam descumpridas as medidas, o MPF requere que seja aplicada uma multa di\u00e1ria no valor de R$ 10 milh\u00f5es. Em nota, o Minist\u00e9rio da Educa\u00e7\u00e3o (MEC) disse j\u00e1 ter prestado os esclarecimentos solicitados pelo \u00f3rg\u00e3o. Em nota, a A Advocacia Geral da Uni\u00e3o (AGU) diz que, assim como em outras a\u00e7\u00f5es que questionam as notas do Enem, est\u00e1 prestando todos os esclarecimentos necess\u00e1rios sobre as medidas adotadas para manter a regularidade dos processos e evitar o preju\u00edzo que eventual altera\u00e7\u00e3o de cronograma relacionado ao Sisu pode acarretar tamb\u00e9m para outras pol\u00edticas na \u00e1rea de educa\u00e7\u00e3o, como ProUni e Fies.<\/p>\n<p style=\"text-align: right;\">Estadao<\/p>\n<div class='share-to-whatsapp-wrapper'><div class='share-on-whsp'>Share on: <\/div><a data-text='Justi\u00e7a impede divulga\u00e7\u00e3o de resultado do Sisu e manda MEC comprovar corre\u00e7\u00f5es' data-link='https:\/\/newsinfoco.com.br\/inicio\/justica-impede-divulgacao-de-resultado-do-sisu-e-manda-mec-comprovar-correcoes\/' class='whatsapp-button whatsapp-share'>WhatsApp<\/a><div class='clear '><\/div><\/div>","protected":false},"excerpt":{"rendered":"<p>A Justi\u00e7a Federal em S\u00e3o Paulo determinou, em decis\u00e3o liminar, que o resultado do processo do Sistema de Sele\u00e7\u00e3o Unificada (Sisu) n\u00e3o seja divulgado ap\u00f3s o fim das inscri\u00e7\u00f5es at\u00e9 que o governo federal comprove que o erro na corre\u00e7\u00e3o das provas do Exame Nacional do Ensino M\u00e9dio (Enem) foi totalmente solucionado. A decis\u00e3o foi [&hellip;]<\/p>\n","protected":false},"author":1,"featured_media":4857,"comment_status":"open","ping_status":"open","sticky":false,"template":"","format":"standard","meta":{"om_disable_all_campaigns":false,"rop_custom_images_group":[],"rop_custom_messages_group":[],"rop_publish_now":"initial","rop_publish_now_accounts":[],"rop_publish_now_history":[],"rop_publish_now_status":"pending","_exactmetrics_skip_tracking":false,"footnotes":""},"categories":[21],"tags":[],"class_list":["post-20080","post","type-post","status-publish","format-standard","has-post-thumbnail","hentry","category-brasil"],"aioseo_notices":[],"aioseo_head":"\n\t\t<!-- All in One SEO 4.9.10 - aioseo.com -->\n\t<meta name=\"description\" content=\"A Justi\u00e7a Federal em S\u00e3o Paulo determinou, em decis\u00e3o liminar, que o resultado do processo do Sistema de Sele\u00e7\u00e3o Unificada (Sisu) n\u00e3o seja divulgado ap\u00f3s o fim das inscri\u00e7\u00f5es at\u00e9 que o governo federal comprove que o erro na corre\u00e7\u00e3o das provas do Exame Nacional do Ensino M\u00e9dio (Enem) foi totalmente solucionado. A decis\u00e3o foi\" \/>\n\t<meta name=\"robots\" content=\"max-image-preview:large\" \/>\n\t<meta name=\"author\" content=\"administrador\"\/>\n\t<link rel=\"canonical\" href=\"https:\/\/newsinfoco.com.br\/inicio\/justica-impede-divulgacao-de-resultado-do-sisu-e-manda-mec-comprovar-correcoes\/\" \/>\n\t<meta name=\"generator\" content=\"All in One SEO (AIOSEO) 4.9.10\" \/>\n\t\t<meta property=\"og:locale\" content=\"pt_BR\" \/>\n\t\t<meta property=\"og:site_name\" content=\"News In Foco - Editado por Caio Pimenta - O principal site de noticias de Alagoinhas e regi\u00e3o\" \/>\n\t\t<meta property=\"og:type\" content=\"article\" \/>\n\t\t<meta property=\"og:title\" content=\"Justi\u00e7a impede divulga\u00e7\u00e3o de resultado do Sisu e manda MEC comprovar corre\u00e7\u00f5es - News In Foco - Editado por Caio Pimenta\" \/>\n\t\t<meta property=\"og:description\" content=\"A Justi\u00e7a Federal em S\u00e3o Paulo determinou, em decis\u00e3o liminar, que o resultado do processo do Sistema de Sele\u00e7\u00e3o Unificada (Sisu) n\u00e3o seja divulgado ap\u00f3s o fim das inscri\u00e7\u00f5es at\u00e9 que o governo federal comprove que o erro na corre\u00e7\u00e3o das provas do Exame Nacional do Ensino M\u00e9dio (Enem) foi totalmente solucionado. A decis\u00e3o foi\" \/>\n\t\t<meta property=\"og:url\" content=\"https:\/\/newsinfoco.com.br\/inicio\/justica-impede-divulgacao-de-resultado-do-sisu-e-manda-mec-comprovar-correcoes\/\" \/>\n\t\t<meta property=\"article:published_time\" content=\"2020-01-25T01:30:51+00:00\" \/>\n\t\t<meta property=\"article:modified_time\" content=\"2020-01-25T01:30:51+00:00\" \/>\n\t\t<meta name=\"twitter:card\" content=\"summary_large_image\" \/>\n\t\t<meta name=\"twitter:title\" content=\"Justi\u00e7a impede divulga\u00e7\u00e3o de resultado do Sisu e manda MEC comprovar corre\u00e7\u00f5es - News In Foco - Editado por Caio Pimenta\" \/>\n\t\t<meta name=\"twitter:description\" content=\"A Justi\u00e7a Federal em S\u00e3o Paulo determinou, em decis\u00e3o liminar, que o resultado do processo do Sistema de Sele\u00e7\u00e3o Unificada (Sisu) n\u00e3o seja divulgado ap\u00f3s o fim das inscri\u00e7\u00f5es at\u00e9 que o governo federal comprove que o erro na corre\u00e7\u00e3o das provas do Exame Nacional do Ensino M\u00e9dio (Enem) foi totalmente solucionado. A decis\u00e3o foi\" \/>\n\t\t<script type=\"application\/ld+json\" class=\"aioseo-schema\">\n\t\t\t{\"@context\":\"https:\\\/\\\/schema.org\",\"@graph\":[{\"@type\":\"BlogPosting\",\"@id\":\"https:\\\/\\\/newsinfoco.com.br\\\/inicio\\\/justica-impede-divulgacao-de-resultado-do-sisu-e-manda-mec-comprovar-correcoes\\\/#blogposting\",\"name\":\"Justi\\u00e7a impede divulga\\u00e7\\u00e3o de resultado do Sisu e manda MEC comprovar corre\\u00e7\\u00f5es - News In Foco - Editado por Caio Pimenta\",\"headline\":\"Justi\\u00e7a impede divulga\\u00e7\\u00e3o de resultado do Sisu e manda MEC comprovar corre\\u00e7\\u00f5es\",\"author\":{\"@id\":\"https:\\\/\\\/newsinfoco.com.br\\\/inicio\\\/author\\\/administrador\\\/#author\"},\"publisher\":{\"@id\":\"https:\\\/\\\/newsinfoco.com.br\\\/inicio\\\/#organization\"},\"image\":{\"@type\":\"ImageObject\",\"url\":\"https:\\\/\\\/newsinfoco.com.br\\\/inicio\\\/wp-content\\\/uploads\\\/2018\\\/06\\\/595f74a3340be_estudante-fies.jpg\",\"width\":640,\"height\":426},\"datePublished\":\"2020-01-24T22:30:51-03:00\",\"dateModified\":\"2020-01-24T22:30:51-03:00\",\"inLanguage\":\"pt-BR\",\"mainEntityOfPage\":{\"@id\":\"https:\\\/\\\/newsinfoco.com.br\\\/inicio\\\/justica-impede-divulgacao-de-resultado-do-sisu-e-manda-mec-comprovar-correcoes\\\/#webpage\"},\"isPartOf\":{\"@id\":\"https:\\\/\\\/newsinfoco.com.br\\\/inicio\\\/justica-impede-divulgacao-de-resultado-do-sisu-e-manda-mec-comprovar-correcoes\\\/#webpage\"},\"articleSection\":\"Brasil\"},{\"@type\":\"BreadcrumbList\",\"@id\":\"https:\\\/\\\/newsinfoco.com.br\\\/inicio\\\/justica-impede-divulgacao-de-resultado-do-sisu-e-manda-mec-comprovar-correcoes\\\/#breadcrumblist\",\"itemListElement\":[{\"@type\":\"ListItem\",\"@id\":\"https:\\\/\\\/newsinfoco.com.br\\\/inicio#listItem\",\"position\":1,\"name\":\"In\\u00edcio\",\"item\":\"https:\\\/\\\/newsinfoco.com.br\\\/inicio\",\"nextItem\":{\"@type\":\"ListItem\",\"@id\":\"https:\\\/\\\/newsinfoco.com.br\\\/inicio\\\/category\\\/brasil\\\/#listItem\",\"name\":\"Brasil\"}},{\"@type\":\"ListItem\",\"@id\":\"https:\\\/\\\/newsinfoco.com.br\\\/inicio\\\/category\\\/brasil\\\/#listItem\",\"position\":2,\"name\":\"Brasil\",\"item\":\"https:\\\/\\\/newsinfoco.com.br\\\/inicio\\\/category\\\/brasil\\\/\",\"nextItem\":{\"@type\":\"ListItem\",\"@id\":\"https:\\\/\\\/newsinfoco.com.br\\\/inicio\\\/justica-impede-divulgacao-de-resultado-do-sisu-e-manda-mec-comprovar-correcoes\\\/#listItem\",\"name\":\"Justi\\u00e7a impede divulga\\u00e7\\u00e3o de resultado do Sisu e manda MEC comprovar corre\\u00e7\\u00f5es\"},\"previousItem\":{\"@type\":\"ListItem\",\"@id\":\"https:\\\/\\\/newsinfoco.com.br\\\/inicio#listItem\",\"name\":\"In\\u00edcio\"}},{\"@type\":\"ListItem\",\"@id\":\"https:\\\/\\\/newsinfoco.com.br\\\/inicio\\\/justica-impede-divulgacao-de-resultado-do-sisu-e-manda-mec-comprovar-correcoes\\\/#listItem\",\"position\":3,\"name\":\"Justi\\u00e7a impede divulga\\u00e7\\u00e3o de resultado do Sisu e manda MEC comprovar corre\\u00e7\\u00f5es\",\"previousItem\":{\"@type\":\"ListItem\",\"@id\":\"https:\\\/\\\/newsinfoco.com.br\\\/inicio\\\/category\\\/brasil\\\/#listItem\",\"name\":\"Brasil\"}}]},{\"@type\":\"Organization\",\"@id\":\"https:\\\/\\\/newsinfoco.com.br\\\/inicio\\\/#organization\",\"name\":\"News In Foco - Editado por Caio Pimenta\",\"description\":\"O principal site de noticias de Alagoinhas e regi\\u00e3o\",\"url\":\"https:\\\/\\\/newsinfoco.com.br\\\/inicio\\\/\"},{\"@type\":\"Person\",\"@id\":\"https:\\\/\\\/newsinfoco.com.br\\\/inicio\\\/author\\\/administrador\\\/#author\",\"url\":\"https:\\\/\\\/newsinfoco.com.br\\\/inicio\\\/author\\\/administrador\\\/\",\"name\":\"administrador\",\"image\":{\"@type\":\"ImageObject\",\"@id\":\"https:\\\/\\\/newsinfoco.com.br\\\/inicio\\\/justica-impede-divulgacao-de-resultado-do-sisu-e-manda-mec-comprovar-correcoes\\\/#authorImage\",\"url\":\"https:\\\/\\\/secure.gravatar.com\\\/avatar\\\/c17a617433de8c1dc9584bb79aab7563b46f5bb7e1728c9b17d9cc3ce6a08e49?s=96&d=mm&r=g\",\"width\":96,\"height\":96,\"caption\":\"administrador\"}},{\"@type\":\"WebPage\",\"@id\":\"https:\\\/\\\/newsinfoco.com.br\\\/inicio\\\/justica-impede-divulgacao-de-resultado-do-sisu-e-manda-mec-comprovar-correcoes\\\/#webpage\",\"url\":\"https:\\\/\\\/newsinfoco.com.br\\\/inicio\\\/justica-impede-divulgacao-de-resultado-do-sisu-e-manda-mec-comprovar-correcoes\\\/\",\"name\":\"Justi\\u00e7a impede divulga\\u00e7\\u00e3o de resultado do Sisu e manda MEC comprovar corre\\u00e7\\u00f5es - News In Foco - Editado por Caio Pimenta\",\"description\":\"A Justi\\u00e7a Federal em S\\u00e3o Paulo determinou, em decis\\u00e3o liminar, que o resultado do processo do Sistema de Sele\\u00e7\\u00e3o Unificada (Sisu) n\\u00e3o seja divulgado ap\\u00f3s o fim das inscri\\u00e7\\u00f5es at\\u00e9 que o governo federal comprove que o erro na corre\\u00e7\\u00e3o das provas do Exame Nacional do Ensino M\\u00e9dio (Enem) foi totalmente solucionado. A decis\\u00e3o foi\",\"inLanguage\":\"pt-BR\",\"isPartOf\":{\"@id\":\"https:\\\/\\\/newsinfoco.com.br\\\/inicio\\\/#website\"},\"breadcrumb\":{\"@id\":\"https:\\\/\\\/newsinfoco.com.br\\\/inicio\\\/justica-impede-divulgacao-de-resultado-do-sisu-e-manda-mec-comprovar-correcoes\\\/#breadcrumblist\"},\"author\":{\"@id\":\"https:\\\/\\\/newsinfoco.com.br\\\/inicio\\\/author\\\/administrador\\\/#author\"},\"creator\":{\"@id\":\"https:\\\/\\\/newsinfoco.com.br\\\/inicio\\\/author\\\/administrador\\\/#author\"},\"image\":{\"@type\":\"ImageObject\",\"url\":\"https:\\\/\\\/newsinfoco.com.br\\\/inicio\\\/wp-content\\\/uploads\\\/2018\\\/06\\\/595f74a3340be_estudante-fies.jpg\",\"@id\":\"https:\\\/\\\/newsinfoco.com.br\\\/inicio\\\/justica-impede-divulgacao-de-resultado-do-sisu-e-manda-mec-comprovar-correcoes\\\/#mainImage\",\"width\":640,\"height\":426},\"primaryImageOfPage\":{\"@id\":\"https:\\\/\\\/newsinfoco.com.br\\\/inicio\\\/justica-impede-divulgacao-de-resultado-do-sisu-e-manda-mec-comprovar-correcoes\\\/#mainImage\"},\"datePublished\":\"2020-01-24T22:30:51-03:00\",\"dateModified\":\"2020-01-24T22:30:51-03:00\"},{\"@type\":\"WebSite\",\"@id\":\"https:\\\/\\\/newsinfoco.com.br\\\/inicio\\\/#website\",\"url\":\"https:\\\/\\\/newsinfoco.com.br\\\/inicio\\\/\",\"name\":\"News In Foco - Editado por Caio Pimenta\",\"description\":\"O principal site de noticias de Alagoinhas e regi\\u00e3o\",\"inLanguage\":\"pt-BR\",\"publisher\":{\"@id\":\"https:\\\/\\\/newsinfoco.com.br\\\/inicio\\\/#organization\"}}]}\n\t\t<\/script>\n\t\t<!-- All in One SEO -->\n\n","aioseo_head_json":{"title":"Justi\u00e7a impede divulga\u00e7\u00e3o de resultado do Sisu e manda MEC comprovar corre\u00e7\u00f5es - News In Foco - Editado por Caio Pimenta","description":"A Justi\u00e7a Federal em S\u00e3o Paulo determinou, em decis\u00e3o liminar, que o resultado do processo do Sistema de Sele\u00e7\u00e3o Unificada (Sisu) n\u00e3o seja divulgado ap\u00f3s o fim das inscri\u00e7\u00f5es at\u00e9 que o governo federal comprove que o erro na corre\u00e7\u00e3o das provas do Exame Nacional do Ensino M\u00e9dio (Enem) foi totalmente solucionado. A decis\u00e3o foi","canonical_url":"https:\/\/newsinfoco.com.br\/inicio\/justica-impede-divulgacao-de-resultado-do-sisu-e-manda-mec-comprovar-correcoes\/","robots":"max-image-preview:large","keywords":"","webmasterTools":{"miscellaneous":""},"schema":{"@context":"https:\/\/schema.org","@graph":[{"@type":"BlogPosting","@id":"https:\/\/newsinfoco.com.br\/inicio\/justica-impede-divulgacao-de-resultado-do-sisu-e-manda-mec-comprovar-correcoes\/#blogposting","name":"Justi\u00e7a impede divulga\u00e7\u00e3o de resultado do Sisu e manda MEC comprovar corre\u00e7\u00f5es - News In Foco - Editado por Caio Pimenta","headline":"Justi\u00e7a impede divulga\u00e7\u00e3o de resultado do Sisu e manda MEC comprovar corre\u00e7\u00f5es","author":{"@id":"https:\/\/newsinfoco.com.br\/inicio\/author\/administrador\/#author"},"publisher":{"@id":"https:\/\/newsinfoco.com.br\/inicio\/#organization"},"image":{"@type":"ImageObject","url":"https:\/\/newsinfoco.com.br\/inicio\/wp-content\/uploads\/2018\/06\/595f74a3340be_estudante-fies.jpg","width":640,"height":426},"datePublished":"2020-01-24T22:30:51-03:00","dateModified":"2020-01-24T22:30:51-03:00","inLanguage":"pt-BR","mainEntityOfPage":{"@id":"https:\/\/newsinfoco.com.br\/inicio\/justica-impede-divulgacao-de-resultado-do-sisu-e-manda-mec-comprovar-correcoes\/#webpage"},"isPartOf":{"@id":"https:\/\/newsinfoco.com.br\/inicio\/justica-impede-divulgacao-de-resultado-do-sisu-e-manda-mec-comprovar-correcoes\/#webpage"},"articleSection":"Brasil"},{"@type":"BreadcrumbList","@id":"https:\/\/newsinfoco.com.br\/inicio\/justica-impede-divulgacao-de-resultado-do-sisu-e-manda-mec-comprovar-correcoes\/#breadcrumblist","itemListElement":[{"@type":"ListItem","@id":"https:\/\/newsinfoco.com.br\/inicio#listItem","position":1,"name":"In\u00edcio","item":"https:\/\/newsinfoco.com.br\/inicio","nextItem":{"@type":"ListItem","@id":"https:\/\/newsinfoco.com.br\/inicio\/category\/brasil\/#listItem","name":"Brasil"}},{"@type":"ListItem","@id":"https:\/\/newsinfoco.com.br\/inicio\/category\/brasil\/#listItem","position":2,"name":"Brasil","item":"https:\/\/newsinfoco.com.br\/inicio\/category\/brasil\/","nextItem":{"@type":"ListItem","@id":"https:\/\/newsinfoco.com.br\/inicio\/justica-impede-divulgacao-de-resultado-do-sisu-e-manda-mec-comprovar-correcoes\/#listItem","name":"Justi\u00e7a impede divulga\u00e7\u00e3o de resultado do Sisu e manda MEC comprovar corre\u00e7\u00f5es"},"previousItem":{"@type":"ListItem","@id":"https:\/\/newsinfoco.com.br\/inicio#listItem","name":"In\u00edcio"}},{"@type":"ListItem","@id":"https:\/\/newsinfoco.com.br\/inicio\/justica-impede-divulgacao-de-resultado-do-sisu-e-manda-mec-comprovar-correcoes\/#listItem","position":3,"name":"Justi\u00e7a impede divulga\u00e7\u00e3o de resultado do Sisu e manda MEC comprovar corre\u00e7\u00f5es","previousItem":{"@type":"ListItem","@id":"https:\/\/newsinfoco.com.br\/inicio\/category\/brasil\/#listItem","name":"Brasil"}}]},{"@type":"Organization","@id":"https:\/\/newsinfoco.com.br\/inicio\/#organization","name":"News In Foco - Editado por Caio Pimenta","description":"O principal site de noticias de Alagoinhas e regi\u00e3o","url":"https:\/\/newsinfoco.com.br\/inicio\/"},{"@type":"Person","@id":"https:\/\/newsinfoco.com.br\/inicio\/author\/administrador\/#author","url":"https:\/\/newsinfoco.com.br\/inicio\/author\/administrador\/","name":"administrador","image":{"@type":"ImageObject","@id":"https:\/\/newsinfoco.com.br\/inicio\/justica-impede-divulgacao-de-resultado-do-sisu-e-manda-mec-comprovar-correcoes\/#authorImage","url":"https:\/\/secure.gravatar.com\/avatar\/c17a617433de8c1dc9584bb79aab7563b46f5bb7e1728c9b17d9cc3ce6a08e49?s=96&d=mm&r=g","width":96,"height":96,"caption":"administrador"}},{"@type":"WebPage","@id":"https:\/\/newsinfoco.com.br\/inicio\/justica-impede-divulgacao-de-resultado-do-sisu-e-manda-mec-comprovar-correcoes\/#webpage","url":"https:\/\/newsinfoco.com.br\/inicio\/justica-impede-divulgacao-de-resultado-do-sisu-e-manda-mec-comprovar-correcoes\/","name":"Justi\u00e7a impede divulga\u00e7\u00e3o de resultado do Sisu e manda MEC comprovar corre\u00e7\u00f5es - News In Foco - Editado por Caio Pimenta","description":"A Justi\u00e7a Federal em S\u00e3o Paulo determinou, em decis\u00e3o liminar, que o resultado do processo do Sistema de Sele\u00e7\u00e3o Unificada (Sisu) n\u00e3o seja divulgado ap\u00f3s o fim das inscri\u00e7\u00f5es at\u00e9 que o governo federal comprove que o erro na corre\u00e7\u00e3o das provas do Exame Nacional do Ensino M\u00e9dio (Enem) foi totalmente solucionado. A decis\u00e3o foi","inLanguage":"pt-BR","isPartOf":{"@id":"https:\/\/newsinfoco.com.br\/inicio\/#website"},"breadcrumb":{"@id":"https:\/\/newsinfoco.com.br\/inicio\/justica-impede-divulgacao-de-resultado-do-sisu-e-manda-mec-comprovar-correcoes\/#breadcrumblist"},"author":{"@id":"https:\/\/newsinfoco.com.br\/inicio\/author\/administrador\/#author"},"creator":{"@id":"https:\/\/newsinfoco.com.br\/inicio\/author\/administrador\/#author"},"image":{"@type":"ImageObject","url":"https:\/\/newsinfoco.com.br\/inicio\/wp-content\/uploads\/2018\/06\/595f74a3340be_estudante-fies.jpg","@id":"https:\/\/newsinfoco.com.br\/inicio\/justica-impede-divulgacao-de-resultado-do-sisu-e-manda-mec-comprovar-correcoes\/#mainImage","width":640,"height":426},"primaryImageOfPage":{"@id":"https:\/\/newsinfoco.com.br\/inicio\/justica-impede-divulgacao-de-resultado-do-sisu-e-manda-mec-comprovar-correcoes\/#mainImage"},"datePublished":"2020-01-24T22:30:51-03:00","dateModified":"2020-01-24T22:30:51-03:00"},{"@type":"WebSite","@id":"https:\/\/newsinfoco.com.br\/inicio\/#website","url":"https:\/\/newsinfoco.com.br\/inicio\/","name":"News In Foco - Editado por Caio Pimenta","description":"O principal site de noticias de Alagoinhas e regi\u00e3o","inLanguage":"pt-BR","publisher":{"@id":"https:\/\/newsinfoco.com.br\/inicio\/#organization"}}]},"og:locale":"pt_BR","og:site_name":"News In Foco - Editado por Caio Pimenta - O principal site de noticias de Alagoinhas e regi\u00e3o","og:type":"article","og:title":"Justi\u00e7a impede divulga\u00e7\u00e3o de resultado do Sisu e manda MEC comprovar corre\u00e7\u00f5es - News In Foco - Editado por Caio Pimenta","og:description":"A Justi\u00e7a Federal em S\u00e3o Paulo determinou, em decis\u00e3o liminar, que o resultado do processo do Sistema de Sele\u00e7\u00e3o Unificada (Sisu) n\u00e3o seja divulgado ap\u00f3s o fim das inscri\u00e7\u00f5es at\u00e9 que o governo federal comprove que o erro na corre\u00e7\u00e3o das provas do Exame Nacional do Ensino M\u00e9dio (Enem) foi totalmente solucionado. A decis\u00e3o foi","og:url":"https:\/\/newsinfoco.com.br\/inicio\/justica-impede-divulgacao-de-resultado-do-sisu-e-manda-mec-comprovar-correcoes\/","article:published_time":"2020-01-25T01:30:51+00:00","article:modified_time":"2020-01-25T01:30:51+00:00","twitter:card":"summary_large_image","twitter:title":"Justi\u00e7a impede divulga\u00e7\u00e3o de resultado do Sisu e manda MEC comprovar corre\u00e7\u00f5es - News In Foco - Editado por Caio Pimenta","twitter:description":"A Justi\u00e7a Federal em S\u00e3o Paulo determinou, em decis\u00e3o liminar, que o resultado do processo do Sistema de Sele\u00e7\u00e3o Unificada (Sisu) n\u00e3o seja divulgado ap\u00f3s o fim das inscri\u00e7\u00f5es at\u00e9 que o governo federal comprove que o erro na corre\u00e7\u00e3o das provas do Exame Nacional do Ensino M\u00e9dio (Enem) foi totalmente solucionado. A decis\u00e3o foi"},"aioseo_meta_data":{"post_id":"20080","title":null,"description":null,"keywords":null,"keyphrases":null,"primary_term":null,"canonical_url":null,"og_title":null,"og_description":null,"og_object_type":"default","og_image_type":"default","og_image_url":null,"og_image_width":null,"og_image_height":null,"og_image_custom_url":null,"og_image_custom_fields":null,"og_video":null,"og_custom_url":null,"og_article_section":null,"og_article_tags":null,"twitter_use_og":false,"twitter_card":"default","twitter_image_type":"default","twitter_image_url":null,"twitter_image_custom_url":null,"twitter_image_custom_fields":null,"twitter_title":null,"twitter_description":null,"schema":{"blockGraphs":[],"customGraphs":[],"default":{"data":{"Article":[],"Course":[],"Dataset":[],"FAQPage":[],"Movie":[],"Person":[],"Product":[],"ProductReview":[],"Car":[],"Recipe":[],"Service":[],"SoftwareApplication":[],"WebPage":[]},"graphName":"","isEnabled":true},"graphs":[]},"schema_type":"default","schema_type_options":null,"pillar_content":false,"robots_default":true,"robots_noindex":false,"robots_noarchive":false,"robots_nosnippet":false,"robots_nofollow":false,"robots_noimageindex":false,"robots_noodp":false,"robots_notranslate":false,"robots_max_snippet":null,"robots_max_videopreview":null,"robots_max_imagepreview":"large","priority":null,"frequency":null,"local_seo":null,"breadcrumb_settings":null,"limit_modified_date":false,"ai":null,"created":"2023-06-12 16:03:48","updated":"2025-07-11 02:39:01","seo_analyzer_scan_date":null},"aioseo_breadcrumb":"<div class=\"aioseo-breadcrumbs\"><span class=\"aioseo-breadcrumb\">\n\t\t\t<a href=\"https:\/\/newsinfoco.com.br\/inicio\" title=\"In\u00edcio\">In\u00edcio<\/a>\n\t\t<\/span><span class=\"aioseo-breadcrumb-separator\">&raquo;<\/span><span class=\"aioseo-breadcrumb\">\n\t\t\t<a href=\"https:\/\/newsinfoco.com.br\/inicio\/category\/brasil\/\" title=\"Brasil\">Brasil<\/a>\n\t\t<\/span><span class=\"aioseo-breadcrumb-separator\">&raquo;<\/span><span class=\"aioseo-breadcrumb\">\n\t\t\tJusti\u00e7a impede divulga\u00e7\u00e3o de resultado do Sisu e manda MEC comprovar corre\u00e7\u00f5es\n\t\t<\/span><\/div>","aioseo_breadcrumb_json":[{"label":"In\u00edcio","link":"https:\/\/newsinfoco.com.br\/inicio"},{"label":"Brasil","link":"https:\/\/newsinfoco.com.br\/inicio\/category\/brasil\/"},{"label":"Justi\u00e7a impede divulga\u00e7\u00e3o de resultado do Sisu e manda MEC comprovar corre\u00e7\u00f5es","link":"https:\/\/newsinfoco.com.br\/inicio\/justica-impede-divulgacao-de-resultado-do-sisu-e-manda-mec-comprovar-correcoes\/"}],"_links":{"self":[{"href":"https:\/\/newsinfoco.com.br\/inicio\/wp-json\/wp\/v2\/posts\/20080","targetHints":{"allow":["GET"]}}],"collection":[{"href":"https:\/\/newsinfoco.com.br\/inicio\/wp-json\/wp\/v2\/posts"}],"about":[{"href":"https:\/\/newsinfoco.com.br\/inicio\/wp-json\/wp\/v2\/types\/post"}],"author":[{"embeddable":true,"href":"https:\/\/newsinfoco.com.br\/inicio\/wp-json\/wp\/v2\/users\/1"}],"replies":[{"embeddable":true,"href":"https:\/\/newsinfoco.com.br\/inicio\/wp-json\/wp\/v2\/comments?post=20080"}],"version-history":[{"count":0,"href":"https:\/\/newsinfoco.com.br\/inicio\/wp-json\/wp\/v2\/posts\/20080\/revisions"}],"wp:featuredmedia":[{"embeddable":true,"href":"https:\/\/newsinfoco.com.br\/inicio\/wp-json\/wp\/v2\/media\/4857"}],"wp:attachment":[{"href":"https:\/\/newsinfoco.com.br\/inicio\/wp-json\/wp\/v2\/media?parent=20080"}],"wp:term":[{"taxonomy":"category","embeddable":true,"href":"https:\/\/newsinfoco.com.br\/inicio\/wp-json\/wp\/v2\/categories?post=20080"},{"taxonomy":"post_tag","embeddable":true,"href":"https:\/\/newsinfoco.com.br\/inicio\/wp-json\/wp\/v2\/tags?post=20080"}],"curies":[{"name":"wp","href":"https:\/\/api.w.org\/{rel}","templated":true}]}}