{"id":20087,"date":"2020-01-26T19:04:18","date_gmt":"2020-01-26T22:04:18","guid":{"rendered":"http:\/\/newsinfoco.com.br\/?p=20087"},"modified":"2020-01-26T19:04:18","modified_gmt":"2020-01-26T22:04:18","slug":"prefeito-joaquim-neto-assina-contrato-que-preve-a-modernizacao-e-reestruturacao-de-toda-a-iluminacao-publica-de-alagoinhas","status":"publish","type":"post","link":"https:\/\/newsinfoco.com.br\/inicio\/prefeito-joaquim-neto-assina-contrato-que-preve-a-modernizacao-e-reestruturacao-de-toda-a-iluminacao-publica-de-alagoinhas\/","title":{"rendered":"Prefeito Joaquim Neto assina contrato que prev\u00ea a moderniza\u00e7\u00e3o e reestrutura\u00e7\u00e3o de toda a ilumina\u00e7\u00e3o p\u00fablica de Alagoinhas"},"content":{"rendered":"<p style=\"text-align: justify;\">O prefeito Joaquim Neto assinou, nesta sexta-feira (24), um contrato que reflete em avan\u00e7os significativos para a ilumina\u00e7\u00e3o p\u00fablica do munic\u00edpio. O instrumento firmado com a Caixa Econ\u00f4mica autoriza a contrata\u00e7\u00e3o de servi\u00e7os t\u00e9cnicos especializados que devem estruturar o projeto de parceria p\u00fablico-privada para moderniza\u00e7\u00e3o e reestrutura\u00e7\u00e3o de todo o parque de ilumina\u00e7\u00e3o p\u00fablica da cidade, tanto da zona urbana quanto da zona rural.<\/p>\n<p style=\"text-align: justify;\">\u201cNa pr\u00e1tica, significa que vamos reduzir os custos e substituir toda a ilumina\u00e7\u00e3o da cidade por l\u00e2mpadas de LED, mais sustent\u00e1veis, de maior vida \u00fatil e 80% mais econ\u00f4micas que as l\u00e2mpadas incandescentes\u201d, afirmou Joaquim Neto.<\/p>\n<p style=\"text-align: justify;\">Segundo o chefe do Executivo Municipal, para que fosse contemplada, Alagoinhas participou de um chamamento p\u00fablico. Selecionada, entre munic\u00edpios de todo o pa\u00eds, a cidade foi convocada em 2020 e ser\u00e1 agora um dos poucos munic\u00edpios do Nordeste que contam com esse tipo de sistema de ilumina\u00e7\u00e3o p\u00fablica. A partir de agora, a Caixa Econ\u00f4mica vai trabalhar na formata\u00e7\u00e3o do processo para a licita\u00e7\u00e3o.<\/p>\n<p style=\"text-align: right;\">Secom Alagoinhas<\/p>\n<p>&nbsp;<\/p>\n<div class='share-to-whatsapp-wrapper'><div class='share-on-whsp'>Share on: <\/div><a data-text='Prefeito Joaquim Neto assina contrato que prev\u00ea a moderniza\u00e7\u00e3o e reestrutura\u00e7\u00e3o de toda a ilumina\u00e7\u00e3o p\u00fablica de Alagoinhas' data-link='https:\/\/newsinfoco.com.br\/inicio\/prefeito-joaquim-neto-assina-contrato-que-preve-a-modernizacao-e-reestruturacao-de-toda-a-iluminacao-publica-de-alagoinhas\/' class='whatsapp-button whatsapp-share'>WhatsApp<\/a><div class='clear '><\/div><\/div>","protected":false},"excerpt":{"rendered":"<p>O prefeito Joaquim Neto assinou, nesta sexta-feira (24), um contrato que reflete em avan\u00e7os significativos para a ilumina\u00e7\u00e3o p\u00fablica do munic\u00edpio. O instrumento firmado com a Caixa Econ\u00f4mica autoriza a contrata\u00e7\u00e3o de servi\u00e7os t\u00e9cnicos especializados que devem estruturar o projeto de parceria p\u00fablico-privada para moderniza\u00e7\u00e3o e reestrutura\u00e7\u00e3o de todo o parque de ilumina\u00e7\u00e3o p\u00fablica da [&hellip;]<\/p>\n","protected":false},"author":1,"featured_media":20088,"comment_status":"open","ping_status":"open","sticky":false,"template":"","format":"standard","meta":{"om_disable_all_campaigns":false,"rop_custom_images_group":[],"rop_custom_messages_group":[],"rop_publish_now":"initial","rop_publish_now_accounts":[],"rop_publish_now_history":[],"rop_publish_now_status":"pending","_exactmetrics_skip_tracking":false,"footnotes":""},"categories":[38],"tags":[],"class_list":["post-20087","post","type-post","status-publish","format-standard","has-post-thumbnail","hentry","category-alagoinhas-e-regiao"],"aioseo_notices":[],"aioseo_head":"\n\t\t<!-- All in One SEO 4.9.10 - aioseo.com -->\n\t<meta name=\"description\" content=\"O prefeito Joaquim Neto assinou, nesta sexta-feira (24), um contrato que reflete em avan\u00e7os significativos para a ilumina\u00e7\u00e3o p\u00fablica do munic\u00edpio. O instrumento firmado com a Caixa Econ\u00f4mica autoriza a contrata\u00e7\u00e3o de servi\u00e7os t\u00e9cnicos especializados que devem estruturar o projeto de parceria p\u00fablico-privada para moderniza\u00e7\u00e3o e reestrutura\u00e7\u00e3o de todo o parque de ilumina\u00e7\u00e3o p\u00fablica da\" \/>\n\t<meta name=\"robots\" content=\"max-image-preview:large\" \/>\n\t<meta name=\"author\" content=\"administrador\"\/>\n\t<link rel=\"canonical\" href=\"https:\/\/newsinfoco.com.br\/inicio\/prefeito-joaquim-neto-assina-contrato-que-preve-a-modernizacao-e-reestruturacao-de-toda-a-iluminacao-publica-de-alagoinhas\/\" \/>\n\t<meta name=\"generator\" content=\"All in One SEO (AIOSEO) 4.9.10\" \/>\n\t\t<meta property=\"og:locale\" content=\"pt_BR\" \/>\n\t\t<meta property=\"og:site_name\" content=\"News In Foco - Editado por Caio Pimenta - O principal site de noticias de Alagoinhas e regi\u00e3o\" \/>\n\t\t<meta property=\"og:type\" content=\"article\" \/>\n\t\t<meta property=\"og:title\" content=\"Prefeito Joaquim Neto assina contrato que prev\u00ea a moderniza\u00e7\u00e3o e reestrutura\u00e7\u00e3o de toda a ilumina\u00e7\u00e3o p\u00fablica de Alagoinhas - News In Foco - Editado por Caio Pimenta\" \/>\n\t\t<meta property=\"og:description\" content=\"O prefeito Joaquim Neto assinou, nesta sexta-feira (24), um contrato que reflete em avan\u00e7os significativos para a ilumina\u00e7\u00e3o p\u00fablica do munic\u00edpio. O instrumento firmado com a Caixa Econ\u00f4mica autoriza a contrata\u00e7\u00e3o de servi\u00e7os t\u00e9cnicos especializados que devem estruturar o projeto de parceria p\u00fablico-privada para moderniza\u00e7\u00e3o e reestrutura\u00e7\u00e3o de todo o parque de ilumina\u00e7\u00e3o p\u00fablica da\" \/>\n\t\t<meta property=\"og:url\" content=\"https:\/\/newsinfoco.com.br\/inicio\/prefeito-joaquim-neto-assina-contrato-que-preve-a-modernizacao-e-reestruturacao-de-toda-a-iluminacao-publica-de-alagoinhas\/\" \/>\n\t\t<meta property=\"article:published_time\" content=\"2020-01-26T22:04:18+00:00\" \/>\n\t\t<meta property=\"article:modified_time\" content=\"2020-01-26T22:04:18+00:00\" \/>\n\t\t<meta name=\"twitter:card\" content=\"summary_large_image\" \/>\n\t\t<meta name=\"twitter:title\" content=\"Prefeito Joaquim Neto assina contrato que prev\u00ea a moderniza\u00e7\u00e3o e reestrutura\u00e7\u00e3o de toda a ilumina\u00e7\u00e3o p\u00fablica de Alagoinhas - News In Foco - Editado por Caio Pimenta\" \/>\n\t\t<meta name=\"twitter:description\" content=\"O prefeito Joaquim Neto assinou, nesta sexta-feira (24), um contrato que reflete em avan\u00e7os significativos para a ilumina\u00e7\u00e3o p\u00fablica do munic\u00edpio. O instrumento firmado com a Caixa Econ\u00f4mica autoriza a contrata\u00e7\u00e3o de servi\u00e7os t\u00e9cnicos especializados que devem estruturar o projeto de parceria p\u00fablico-privada para moderniza\u00e7\u00e3o e reestrutura\u00e7\u00e3o de todo o parque de ilumina\u00e7\u00e3o p\u00fablica da\" \/>\n\t\t<script type=\"application\/ld+json\" class=\"aioseo-schema\">\n\t\t\t{\"@context\":\"https:\\\/\\\/schema.org\",\"@graph\":[{\"@type\":\"BlogPosting\",\"@id\":\"https:\\\/\\\/newsinfoco.com.br\\\/inicio\\\/prefeito-joaquim-neto-assina-contrato-que-preve-a-modernizacao-e-reestruturacao-de-toda-a-iluminacao-publica-de-alagoinhas\\\/#blogposting\",\"name\":\"Prefeito Joaquim Neto assina contrato que prev\\u00ea a moderniza\\u00e7\\u00e3o e reestrutura\\u00e7\\u00e3o de toda a ilumina\\u00e7\\u00e3o p\\u00fablica de Alagoinhas - News In Foco - Editado por Caio Pimenta\",\"headline\":\"Prefeito Joaquim Neto assina contrato que prev\\u00ea a moderniza\\u00e7\\u00e3o e reestrutura\\u00e7\\u00e3o de toda a ilumina\\u00e7\\u00e3o p\\u00fablica de Alagoinhas\",\"author\":{\"@id\":\"https:\\\/\\\/newsinfoco.com.br\\\/inicio\\\/author\\\/administrador\\\/#author\"},\"publisher\":{\"@id\":\"https:\\\/\\\/newsinfoco.com.br\\\/inicio\\\/#organization\"},\"image\":{\"@type\":\"ImageObject\",\"url\":\"https:\\\/\\\/newsinfoco.com.br\\\/inicio\\\/wp-content\\\/uploads\\\/2020\\\/01\\\/1655CA4A-916C-4908-AF82-06E06837D891-768x508-1.jpeg\",\"width\":768,\"height\":508},\"datePublished\":\"2020-01-26T19:04:18-03:00\",\"dateModified\":\"2020-01-26T19:04:18-03:00\",\"inLanguage\":\"pt-BR\",\"mainEntityOfPage\":{\"@id\":\"https:\\\/\\\/newsinfoco.com.br\\\/inicio\\\/prefeito-joaquim-neto-assina-contrato-que-preve-a-modernizacao-e-reestruturacao-de-toda-a-iluminacao-publica-de-alagoinhas\\\/#webpage\"},\"isPartOf\":{\"@id\":\"https:\\\/\\\/newsinfoco.com.br\\\/inicio\\\/prefeito-joaquim-neto-assina-contrato-que-preve-a-modernizacao-e-reestruturacao-de-toda-a-iluminacao-publica-de-alagoinhas\\\/#webpage\"},\"articleSection\":\"Alagoinhas e Regi\\u00e3o\"},{\"@type\":\"BreadcrumbList\",\"@id\":\"https:\\\/\\\/newsinfoco.com.br\\\/inicio\\\/prefeito-joaquim-neto-assina-contrato-que-preve-a-modernizacao-e-reestruturacao-de-toda-a-iluminacao-publica-de-alagoinhas\\\/#breadcrumblist\",\"itemListElement\":[{\"@type\":\"ListItem\",\"@id\":\"https:\\\/\\\/newsinfoco.com.br\\\/inicio#listItem\",\"position\":1,\"name\":\"In\\u00edcio\",\"item\":\"https:\\\/\\\/newsinfoco.com.br\\\/inicio\",\"nextItem\":{\"@type\":\"ListItem\",\"@id\":\"https:\\\/\\\/newsinfoco.com.br\\\/inicio\\\/category\\\/alagoinhas-e-regiao\\\/#listItem\",\"name\":\"Alagoinhas e Regi\\u00e3o\"}},{\"@type\":\"ListItem\",\"@id\":\"https:\\\/\\\/newsinfoco.com.br\\\/inicio\\\/category\\\/alagoinhas-e-regiao\\\/#listItem\",\"position\":2,\"name\":\"Alagoinhas e Regi\\u00e3o\",\"item\":\"https:\\\/\\\/newsinfoco.com.br\\\/inicio\\\/category\\\/alagoinhas-e-regiao\\\/\",\"nextItem\":{\"@type\":\"ListItem\",\"@id\":\"https:\\\/\\\/newsinfoco.com.br\\\/inicio\\\/prefeito-joaquim-neto-assina-contrato-que-preve-a-modernizacao-e-reestruturacao-de-toda-a-iluminacao-publica-de-alagoinhas\\\/#listItem\",\"name\":\"Prefeito Joaquim Neto assina contrato que prev\\u00ea a moderniza\\u00e7\\u00e3o e reestrutura\\u00e7\\u00e3o de toda a ilumina\\u00e7\\u00e3o p\\u00fablica de Alagoinhas\"},\"previousItem\":{\"@type\":\"ListItem\",\"@id\":\"https:\\\/\\\/newsinfoco.com.br\\\/inicio#listItem\",\"name\":\"In\\u00edcio\"}},{\"@type\":\"ListItem\",\"@id\":\"https:\\\/\\\/newsinfoco.com.br\\\/inicio\\\/prefeito-joaquim-neto-assina-contrato-que-preve-a-modernizacao-e-reestruturacao-de-toda-a-iluminacao-publica-de-alagoinhas\\\/#listItem\",\"position\":3,\"name\":\"Prefeito Joaquim Neto assina contrato que prev\\u00ea a moderniza\\u00e7\\u00e3o e reestrutura\\u00e7\\u00e3o de toda a ilumina\\u00e7\\u00e3o p\\u00fablica de Alagoinhas\",\"previousItem\":{\"@type\":\"ListItem\",\"@id\":\"https:\\\/\\\/newsinfoco.com.br\\\/inicio\\\/category\\\/alagoinhas-e-regiao\\\/#listItem\",\"name\":\"Alagoinhas e Regi\\u00e3o\"}}]},{\"@type\":\"Organization\",\"@id\":\"https:\\\/\\\/newsinfoco.com.br\\\/inicio\\\/#organization\",\"name\":\"News In Foco - Editado por Caio Pimenta\",\"description\":\"O principal site de noticias de Alagoinhas e regi\\u00e3o\",\"url\":\"https:\\\/\\\/newsinfoco.com.br\\\/inicio\\\/\"},{\"@type\":\"Person\",\"@id\":\"https:\\\/\\\/newsinfoco.com.br\\\/inicio\\\/author\\\/administrador\\\/#author\",\"url\":\"https:\\\/\\\/newsinfoco.com.br\\\/inicio\\\/author\\\/administrador\\\/\",\"name\":\"administrador\",\"image\":{\"@type\":\"ImageObject\",\"@id\":\"https:\\\/\\\/newsinfoco.com.br\\\/inicio\\\/prefeito-joaquim-neto-assina-contrato-que-preve-a-modernizacao-e-reestruturacao-de-toda-a-iluminacao-publica-de-alagoinhas\\\/#authorImage\",\"url\":\"https:\\\/\\\/secure.gravatar.com\\\/avatar\\\/c17a617433de8c1dc9584bb79aab7563b46f5bb7e1728c9b17d9cc3ce6a08e49?s=96&d=mm&r=g\",\"width\":96,\"height\":96,\"caption\":\"administrador\"}},{\"@type\":\"WebPage\",\"@id\":\"https:\\\/\\\/newsinfoco.com.br\\\/inicio\\\/prefeito-joaquim-neto-assina-contrato-que-preve-a-modernizacao-e-reestruturacao-de-toda-a-iluminacao-publica-de-alagoinhas\\\/#webpage\",\"url\":\"https:\\\/\\\/newsinfoco.com.br\\\/inicio\\\/prefeito-joaquim-neto-assina-contrato-que-preve-a-modernizacao-e-reestruturacao-de-toda-a-iluminacao-publica-de-alagoinhas\\\/\",\"name\":\"Prefeito Joaquim Neto assina contrato que prev\\u00ea a moderniza\\u00e7\\u00e3o e reestrutura\\u00e7\\u00e3o de toda a ilumina\\u00e7\\u00e3o p\\u00fablica de Alagoinhas - News In Foco - Editado por Caio Pimenta\",\"description\":\"O prefeito Joaquim Neto assinou, nesta sexta-feira (24), um contrato que reflete em avan\\u00e7os significativos para a ilumina\\u00e7\\u00e3o p\\u00fablica do munic\\u00edpio. O instrumento firmado com a Caixa Econ\\u00f4mica autoriza a contrata\\u00e7\\u00e3o de servi\\u00e7os t\\u00e9cnicos especializados que devem estruturar o projeto de parceria p\\u00fablico-privada para moderniza\\u00e7\\u00e3o e reestrutura\\u00e7\\u00e3o de todo o parque de ilumina\\u00e7\\u00e3o p\\u00fablica da\",\"inLanguage\":\"pt-BR\",\"isPartOf\":{\"@id\":\"https:\\\/\\\/newsinfoco.com.br\\\/inicio\\\/#website\"},\"breadcrumb\":{\"@id\":\"https:\\\/\\\/newsinfoco.com.br\\\/inicio\\\/prefeito-joaquim-neto-assina-contrato-que-preve-a-modernizacao-e-reestruturacao-de-toda-a-iluminacao-publica-de-alagoinhas\\\/#breadcrumblist\"},\"author\":{\"@id\":\"https:\\\/\\\/newsinfoco.com.br\\\/inicio\\\/author\\\/administrador\\\/#author\"},\"creator\":{\"@id\":\"https:\\\/\\\/newsinfoco.com.br\\\/inicio\\\/author\\\/administrador\\\/#author\"},\"image\":{\"@type\":\"ImageObject\",\"url\":\"https:\\\/\\\/newsinfoco.com.br\\\/inicio\\\/wp-content\\\/uploads\\\/2020\\\/01\\\/1655CA4A-916C-4908-AF82-06E06837D891-768x508-1.jpeg\",\"@id\":\"https:\\\/\\\/newsinfoco.com.br\\\/inicio\\\/prefeito-joaquim-neto-assina-contrato-que-preve-a-modernizacao-e-reestruturacao-de-toda-a-iluminacao-publica-de-alagoinhas\\\/#mainImage\",\"width\":768,\"height\":508},\"primaryImageOfPage\":{\"@id\":\"https:\\\/\\\/newsinfoco.com.br\\\/inicio\\\/prefeito-joaquim-neto-assina-contrato-que-preve-a-modernizacao-e-reestruturacao-de-toda-a-iluminacao-publica-de-alagoinhas\\\/#mainImage\"},\"datePublished\":\"2020-01-26T19:04:18-03:00\",\"dateModified\":\"2020-01-26T19:04:18-03:00\"},{\"@type\":\"WebSite\",\"@id\":\"https:\\\/\\\/newsinfoco.com.br\\\/inicio\\\/#website\",\"url\":\"https:\\\/\\\/newsinfoco.com.br\\\/inicio\\\/\",\"name\":\"News In Foco - Editado por Caio Pimenta\",\"description\":\"O principal site de noticias de Alagoinhas e regi\\u00e3o\",\"inLanguage\":\"pt-BR\",\"publisher\":{\"@id\":\"https:\\\/\\\/newsinfoco.com.br\\\/inicio\\\/#organization\"}}]}\n\t\t<\/script>\n\t\t<!-- All in One SEO -->\n\n","aioseo_head_json":{"title":"Prefeito Joaquim Neto assina contrato que prev\u00ea a moderniza\u00e7\u00e3o e reestrutura\u00e7\u00e3o de toda a ilumina\u00e7\u00e3o p\u00fablica de Alagoinhas - News In Foco - Editado por Caio Pimenta","description":"O prefeito Joaquim Neto assinou, nesta sexta-feira (24), um contrato que reflete em avan\u00e7os significativos para a ilumina\u00e7\u00e3o p\u00fablica do munic\u00edpio. O instrumento firmado com a Caixa Econ\u00f4mica autoriza a contrata\u00e7\u00e3o de servi\u00e7os t\u00e9cnicos especializados que devem estruturar o projeto de parceria p\u00fablico-privada para moderniza\u00e7\u00e3o e reestrutura\u00e7\u00e3o de todo o parque de ilumina\u00e7\u00e3o p\u00fablica da","canonical_url":"https:\/\/newsinfoco.com.br\/inicio\/prefeito-joaquim-neto-assina-contrato-que-preve-a-modernizacao-e-reestruturacao-de-toda-a-iluminacao-publica-de-alagoinhas\/","robots":"max-image-preview:large","keywords":"","webmasterTools":{"miscellaneous":""},"schema":{"@context":"https:\/\/schema.org","@graph":[{"@type":"BlogPosting","@id":"https:\/\/newsinfoco.com.br\/inicio\/prefeito-joaquim-neto-assina-contrato-que-preve-a-modernizacao-e-reestruturacao-de-toda-a-iluminacao-publica-de-alagoinhas\/#blogposting","name":"Prefeito Joaquim Neto assina contrato que prev\u00ea a moderniza\u00e7\u00e3o e reestrutura\u00e7\u00e3o de toda a ilumina\u00e7\u00e3o p\u00fablica de Alagoinhas - News In Foco - Editado por Caio Pimenta","headline":"Prefeito Joaquim Neto assina contrato que prev\u00ea a moderniza\u00e7\u00e3o e reestrutura\u00e7\u00e3o de toda a ilumina\u00e7\u00e3o p\u00fablica de Alagoinhas","author":{"@id":"https:\/\/newsinfoco.com.br\/inicio\/author\/administrador\/#author"},"publisher":{"@id":"https:\/\/newsinfoco.com.br\/inicio\/#organization"},"image":{"@type":"ImageObject","url":"https:\/\/newsinfoco.com.br\/inicio\/wp-content\/uploads\/2020\/01\/1655CA4A-916C-4908-AF82-06E06837D891-768x508-1.jpeg","width":768,"height":508},"datePublished":"2020-01-26T19:04:18-03:00","dateModified":"2020-01-26T19:04:18-03:00","inLanguage":"pt-BR","mainEntityOfPage":{"@id":"https:\/\/newsinfoco.com.br\/inicio\/prefeito-joaquim-neto-assina-contrato-que-preve-a-modernizacao-e-reestruturacao-de-toda-a-iluminacao-publica-de-alagoinhas\/#webpage"},"isPartOf":{"@id":"https:\/\/newsinfoco.com.br\/inicio\/prefeito-joaquim-neto-assina-contrato-que-preve-a-modernizacao-e-reestruturacao-de-toda-a-iluminacao-publica-de-alagoinhas\/#webpage"},"articleSection":"Alagoinhas e Regi\u00e3o"},{"@type":"BreadcrumbList","@id":"https:\/\/newsinfoco.com.br\/inicio\/prefeito-joaquim-neto-assina-contrato-que-preve-a-modernizacao-e-reestruturacao-de-toda-a-iluminacao-publica-de-alagoinhas\/#breadcrumblist","itemListElement":[{"@type":"ListItem","@id":"https:\/\/newsinfoco.com.br\/inicio#listItem","position":1,"name":"In\u00edcio","item":"https:\/\/newsinfoco.com.br\/inicio","nextItem":{"@type":"ListItem","@id":"https:\/\/newsinfoco.com.br\/inicio\/category\/alagoinhas-e-regiao\/#listItem","name":"Alagoinhas e Regi\u00e3o"}},{"@type":"ListItem","@id":"https:\/\/newsinfoco.com.br\/inicio\/category\/alagoinhas-e-regiao\/#listItem","position":2,"name":"Alagoinhas e Regi\u00e3o","item":"https:\/\/newsinfoco.com.br\/inicio\/category\/alagoinhas-e-regiao\/","nextItem":{"@type":"ListItem","@id":"https:\/\/newsinfoco.com.br\/inicio\/prefeito-joaquim-neto-assina-contrato-que-preve-a-modernizacao-e-reestruturacao-de-toda-a-iluminacao-publica-de-alagoinhas\/#listItem","name":"Prefeito Joaquim Neto assina contrato que prev\u00ea a moderniza\u00e7\u00e3o e reestrutura\u00e7\u00e3o de toda a ilumina\u00e7\u00e3o p\u00fablica de Alagoinhas"},"previousItem":{"@type":"ListItem","@id":"https:\/\/newsinfoco.com.br\/inicio#listItem","name":"In\u00edcio"}},{"@type":"ListItem","@id":"https:\/\/newsinfoco.com.br\/inicio\/prefeito-joaquim-neto-assina-contrato-que-preve-a-modernizacao-e-reestruturacao-de-toda-a-iluminacao-publica-de-alagoinhas\/#listItem","position":3,"name":"Prefeito Joaquim Neto assina contrato que prev\u00ea a moderniza\u00e7\u00e3o e reestrutura\u00e7\u00e3o de toda a ilumina\u00e7\u00e3o p\u00fablica de Alagoinhas","previousItem":{"@type":"ListItem","@id":"https:\/\/newsinfoco.com.br\/inicio\/category\/alagoinhas-e-regiao\/#listItem","name":"Alagoinhas e Regi\u00e3o"}}]},{"@type":"Organization","@id":"https:\/\/newsinfoco.com.br\/inicio\/#organization","name":"News In Foco - Editado por Caio Pimenta","description":"O principal site de noticias de Alagoinhas e regi\u00e3o","url":"https:\/\/newsinfoco.com.br\/inicio\/"},{"@type":"Person","@id":"https:\/\/newsinfoco.com.br\/inicio\/author\/administrador\/#author","url":"https:\/\/newsinfoco.com.br\/inicio\/author\/administrador\/","name":"administrador","image":{"@type":"ImageObject","@id":"https:\/\/newsinfoco.com.br\/inicio\/prefeito-joaquim-neto-assina-contrato-que-preve-a-modernizacao-e-reestruturacao-de-toda-a-iluminacao-publica-de-alagoinhas\/#authorImage","url":"https:\/\/secure.gravatar.com\/avatar\/c17a617433de8c1dc9584bb79aab7563b46f5bb7e1728c9b17d9cc3ce6a08e49?s=96&d=mm&r=g","width":96,"height":96,"caption":"administrador"}},{"@type":"WebPage","@id":"https:\/\/newsinfoco.com.br\/inicio\/prefeito-joaquim-neto-assina-contrato-que-preve-a-modernizacao-e-reestruturacao-de-toda-a-iluminacao-publica-de-alagoinhas\/#webpage","url":"https:\/\/newsinfoco.com.br\/inicio\/prefeito-joaquim-neto-assina-contrato-que-preve-a-modernizacao-e-reestruturacao-de-toda-a-iluminacao-publica-de-alagoinhas\/","name":"Prefeito Joaquim Neto assina contrato que prev\u00ea a moderniza\u00e7\u00e3o e reestrutura\u00e7\u00e3o de toda a ilumina\u00e7\u00e3o p\u00fablica de Alagoinhas - News In Foco - Editado por Caio Pimenta","description":"O prefeito Joaquim Neto assinou, nesta sexta-feira (24), um contrato que reflete em avan\u00e7os significativos para a ilumina\u00e7\u00e3o p\u00fablica do munic\u00edpio. O instrumento firmado com a Caixa Econ\u00f4mica autoriza a contrata\u00e7\u00e3o de servi\u00e7os t\u00e9cnicos especializados que devem estruturar o projeto de parceria p\u00fablico-privada para moderniza\u00e7\u00e3o e reestrutura\u00e7\u00e3o de todo o parque de ilumina\u00e7\u00e3o p\u00fablica da","inLanguage":"pt-BR","isPartOf":{"@id":"https:\/\/newsinfoco.com.br\/inicio\/#website"},"breadcrumb":{"@id":"https:\/\/newsinfoco.com.br\/inicio\/prefeito-joaquim-neto-assina-contrato-que-preve-a-modernizacao-e-reestruturacao-de-toda-a-iluminacao-publica-de-alagoinhas\/#breadcrumblist"},"author":{"@id":"https:\/\/newsinfoco.com.br\/inicio\/author\/administrador\/#author"},"creator":{"@id":"https:\/\/newsinfoco.com.br\/inicio\/author\/administrador\/#author"},"image":{"@type":"ImageObject","url":"https:\/\/newsinfoco.com.br\/inicio\/wp-content\/uploads\/2020\/01\/1655CA4A-916C-4908-AF82-06E06837D891-768x508-1.jpeg","@id":"https:\/\/newsinfoco.com.br\/inicio\/prefeito-joaquim-neto-assina-contrato-que-preve-a-modernizacao-e-reestruturacao-de-toda-a-iluminacao-publica-de-alagoinhas\/#mainImage","width":768,"height":508},"primaryImageOfPage":{"@id":"https:\/\/newsinfoco.com.br\/inicio\/prefeito-joaquim-neto-assina-contrato-que-preve-a-modernizacao-e-reestruturacao-de-toda-a-iluminacao-publica-de-alagoinhas\/#mainImage"},"datePublished":"2020-01-26T19:04:18-03:00","dateModified":"2020-01-26T19:04:18-03:00"},{"@type":"WebSite","@id":"https:\/\/newsinfoco.com.br\/inicio\/#website","url":"https:\/\/newsinfoco.com.br\/inicio\/","name":"News In Foco - Editado por Caio Pimenta","description":"O principal site de noticias de Alagoinhas e regi\u00e3o","inLanguage":"pt-BR","publisher":{"@id":"https:\/\/newsinfoco.com.br\/inicio\/#organization"}}]},"og:locale":"pt_BR","og:site_name":"News In Foco - Editado por Caio Pimenta - O principal site de noticias de Alagoinhas e regi\u00e3o","og:type":"article","og:title":"Prefeito Joaquim Neto assina contrato que prev\u00ea a moderniza\u00e7\u00e3o e reestrutura\u00e7\u00e3o de toda a ilumina\u00e7\u00e3o p\u00fablica de Alagoinhas - News In Foco - Editado por Caio Pimenta","og:description":"O prefeito Joaquim Neto assinou, nesta sexta-feira (24), um contrato que reflete em avan\u00e7os significativos para a ilumina\u00e7\u00e3o p\u00fablica do munic\u00edpio. O instrumento firmado com a Caixa Econ\u00f4mica autoriza a contrata\u00e7\u00e3o de servi\u00e7os t\u00e9cnicos especializados que devem estruturar o projeto de parceria p\u00fablico-privada para moderniza\u00e7\u00e3o e reestrutura\u00e7\u00e3o de todo o parque de ilumina\u00e7\u00e3o p\u00fablica da","og:url":"https:\/\/newsinfoco.com.br\/inicio\/prefeito-joaquim-neto-assina-contrato-que-preve-a-modernizacao-e-reestruturacao-de-toda-a-iluminacao-publica-de-alagoinhas\/","article:published_time":"2020-01-26T22:04:18+00:00","article:modified_time":"2020-01-26T22:04:18+00:00","twitter:card":"summary_large_image","twitter:title":"Prefeito Joaquim Neto assina contrato que prev\u00ea a moderniza\u00e7\u00e3o e reestrutura\u00e7\u00e3o de toda a ilumina\u00e7\u00e3o p\u00fablica de Alagoinhas - News In Foco - Editado por Caio Pimenta","twitter:description":"O prefeito Joaquim Neto assinou, nesta sexta-feira (24), um contrato que reflete em avan\u00e7os significativos para a ilumina\u00e7\u00e3o p\u00fablica do munic\u00edpio. O instrumento firmado com a Caixa Econ\u00f4mica autoriza a contrata\u00e7\u00e3o de servi\u00e7os t\u00e9cnicos especializados que devem estruturar o projeto de parceria p\u00fablico-privada para moderniza\u00e7\u00e3o e reestrutura\u00e7\u00e3o de todo o parque de ilumina\u00e7\u00e3o p\u00fablica da"},"aioseo_meta_data":{"post_id":"20087","title":null,"description":null,"keywords":null,"keyphrases":null,"primary_term":null,"canonical_url":null,"og_title":null,"og_description":null,"og_object_type":"default","og_image_type":"default","og_image_url":null,"og_image_width":null,"og_image_height":null,"og_image_custom_url":null,"og_image_custom_fields":null,"og_video":null,"og_custom_url":null,"og_article_section":null,"og_article_tags":null,"twitter_use_og":false,"twitter_card":"default","twitter_image_type":"default","twitter_image_url":null,"twitter_image_custom_url":null,"twitter_image_custom_fields":null,"twitter_title":null,"twitter_description":null,"schema":{"blockGraphs":[],"customGraphs":[],"default":{"data":{"Article":[],"Course":[],"Dataset":[],"FAQPage":[],"Movie":[],"Person":[],"Product":[],"ProductReview":[],"Car":[],"Recipe":[],"Service":[],"SoftwareApplication":[],"WebPage":[]},"graphName":"","isEnabled":true},"graphs":[]},"schema_type":"default","schema_type_options":null,"pillar_content":false,"robots_default":true,"robots_noindex":false,"robots_noarchive":false,"robots_nosnippet":false,"robots_nofollow":false,"robots_noimageindex":false,"robots_noodp":false,"robots_notranslate":false,"robots_max_snippet":null,"robots_max_videopreview":null,"robots_max_imagepreview":"large","priority":null,"frequency":null,"local_seo":null,"breadcrumb_settings":null,"limit_modified_date":false,"ai":null,"created":"2023-06-12 16:03:48","updated":"2025-07-11 02:39:01","seo_analyzer_scan_date":null},"aioseo_breadcrumb":"<div class=\"aioseo-breadcrumbs\"><span class=\"aioseo-breadcrumb\">\n\t\t\t<a href=\"https:\/\/newsinfoco.com.br\/inicio\" title=\"In\u00edcio\">In\u00edcio<\/a>\n\t\t<\/span><span class=\"aioseo-breadcrumb-separator\">&raquo;<\/span><span class=\"aioseo-breadcrumb\">\n\t\t\t<a href=\"https:\/\/newsinfoco.com.br\/inicio\/category\/alagoinhas-e-regiao\/\" title=\"Alagoinhas e Regi\u00e3o\">Alagoinhas e Regi\u00e3o<\/a>\n\t\t<\/span><span class=\"aioseo-breadcrumb-separator\">&raquo;<\/span><span class=\"aioseo-breadcrumb\">\n\t\t\tPrefeito Joaquim Neto assina contrato que prev\u00ea a moderniza\u00e7\u00e3o e reestrutura\u00e7\u00e3o de toda a ilumina\u00e7\u00e3o p\u00fablica de Alagoinhas\n\t\t<\/span><\/div>","aioseo_breadcrumb_json":[{"label":"In\u00edcio","link":"https:\/\/newsinfoco.com.br\/inicio"},{"label":"Alagoinhas e Regi\u00e3o","link":"https:\/\/newsinfoco.com.br\/inicio\/category\/alagoinhas-e-regiao\/"},{"label":"Prefeito Joaquim Neto assina contrato que prev\u00ea a moderniza\u00e7\u00e3o e reestrutura\u00e7\u00e3o de toda a ilumina\u00e7\u00e3o p\u00fablica de Alagoinhas","link":"https:\/\/newsinfoco.com.br\/inicio\/prefeito-joaquim-neto-assina-contrato-que-preve-a-modernizacao-e-reestruturacao-de-toda-a-iluminacao-publica-de-alagoinhas\/"}],"_links":{"self":[{"href":"https:\/\/newsinfoco.com.br\/inicio\/wp-json\/wp\/v2\/posts\/20087","targetHints":{"allow":["GET"]}}],"collection":[{"href":"https:\/\/newsinfoco.com.br\/inicio\/wp-json\/wp\/v2\/posts"}],"about":[{"href":"https:\/\/newsinfoco.com.br\/inicio\/wp-json\/wp\/v2\/types\/post"}],"author":[{"embeddable":true,"href":"https:\/\/newsinfoco.com.br\/inicio\/wp-json\/wp\/v2\/users\/1"}],"replies":[{"embeddable":true,"href":"https:\/\/newsinfoco.com.br\/inicio\/wp-json\/wp\/v2\/comments?post=20087"}],"version-history":[{"count":0,"href":"https:\/\/newsinfoco.com.br\/inicio\/wp-json\/wp\/v2\/posts\/20087\/revisions"}],"wp:featuredmedia":[{"embeddable":true,"href":"https:\/\/newsinfoco.com.br\/inicio\/wp-json\/wp\/v2\/media\/20088"}],"wp:attachment":[{"href":"https:\/\/newsinfoco.com.br\/inicio\/wp-json\/wp\/v2\/media?parent=20087"}],"wp:term":[{"taxonomy":"category","embeddable":true,"href":"https:\/\/newsinfoco.com.br\/inicio\/wp-json\/wp\/v2\/categories?post=20087"},{"taxonomy":"post_tag","embeddable":true,"href":"https:\/\/newsinfoco.com.br\/inicio\/wp-json\/wp\/v2\/tags?post=20087"}],"curies":[{"name":"wp","href":"https:\/\/api.w.org\/{rel}","templated":true}]}}