{"id":20090,"date":"2020-01-26T20:36:07","date_gmt":"2020-01-26T23:36:07","guid":{"rendered":"http:\/\/newsinfoco.com.br\/?p=20090"},"modified":"2020-01-27T17:08:49","modified_gmt":"2020-01-27T20:08:49","slug":"a-polarizacao-politica-a-brasileira-bolsonaro-o-despreparado-x-lula-o-corrupto","status":"publish","type":"post","link":"https:\/\/newsinfoco.com.br\/inicio\/a-polarizacao-politica-a-brasileira-bolsonaro-o-despreparado-x-lula-o-corrupto\/","title":{"rendered":"A polariza\u00e7\u00e3o pol\u00edtica \u00e0 brasileira: Bolsonaro, o despreparado x Lula, o corrupto"},"content":{"rendered":"<p style=\"text-align: justify;\">Os dois p\u00f3los antag\u00f4nicos da politica brasileira se merecem. Bolsonaro decididamente \u00e9 um incompetente e, tudo indica, ligado, mesmo que indiretamente, a pequenos trambiques. Se alia a Toffolli para salvar o filho, acusado de estar envolvido em esquema de rachadinha. Para saber que Bolsonaro \u00e9 incompetente, basta imaginar seu governo sem Paulo Guedes e S\u00e9rgio Moro, o que sobraria? Qual a ideia do governo Bolsonaro que tenha sa\u00eddo da cabe\u00e7a do Bolsonaro? Bolsonaro \u00e9 incompetente e despreparado, vive do m\u00e9rito dos seus ministros. Al\u00e9m disso, est\u00e1 cada vez mais claro o seu pacto com Toffolli. Bolsonaro tamb\u00e9m se mostra cada vez mais brando no relacionamento com os corruptos da velha politica.<\/p>\n<p style=\"text-align: justify;\">O presidente agora quer enfraquecer e desgastar o Moro. O ministro que \u00e9 mais popular que o pr\u00f3prio presidente. A separa\u00e7\u00e3o do minist\u00e9rio da justi\u00e7a e da seguran\u00e7a nacional, a men\u00e7\u00e3o de que iria discutir o assunto e depois uma negativa d\u00e9bil, acenando que no futuro quem sabe&#8230; tudo isso mostra que Bolsonaro nasceu para ser um deputado do baixo claro. Agora ele ser\u00e1 mais um med\u00edocre dono de partido. Quando Guedes e Moro seguirem suas vidas, Bolsonaro voltar\u00e1 ao nada de onde saiu.<\/p>\n<p style=\"text-align: justify;\"><strong><b>Bom e Lula? Lula \u00e9 excresc\u00eancia em pessoa. \u00c9 a jun\u00e7\u00e3o do que de pior existe nos sindicatos, na m\u00eddia e nas universidades<\/b><\/strong>.<\/p>\n<p style=\"text-align: justify;\">Lula \u00e9 o representante da jun\u00e7\u00e3o do zecarioquismo com Macuna\u00edma, regida pela lei do Gerson, muita brejeirice e por uma ode \u00e0 deprava\u00e7\u00e3o baseada em um Nietzsche terrivelmente mal lido e mal interpretado. Simboliza a deteriora\u00e7\u00e3o da classe intelectual brasileira, formada hoje, salvo raras exce\u00e7\u00f5es, por vagabundos e alienados. Antes o intelectual era algu\u00e9m inteligente e dedicado, uma pessoa talentosa e digna. Junto com as drogas, o sexualismo e a barganha sexual, acabaram de destruir a intelectualidade do pa\u00eds.<\/p>\n<p style=\"text-align: justify;\">Se voc\u00ea deseja ser um intelectual no Brasil, seja um autodidata e procure os poucos professores decentes que restaram nas universidades. Infelizmente, na atualidade, as faculdades s\u00f3 est\u00e3o servindo para o aluno pegar o diploma para o mercado de trabalho, nada ali \u00e9 s\u00e9rio (salvo raras exce\u00e7\u00f5es). Um dia, eu vi, em uma palestra, Jo\u00e3o Carlos Teixeira(joca), dono do Jornal da Bahia, perseguido por ACM, chamar certa ala da imprensa de jornalismo canalha, eu chamo certa ala da universidade de pseudo-acad\u00eamicos canalhas, destruidores do conhecimento. Junte-se a isso as f\u00e1bricas de diploma, patrocinadas pelo PT, do setor privado de ensino (salvo raras exce\u00e7\u00f5es). At\u00e9 Gil, Caetano e Chico emburreceram, tudo virou uma grande porta dos fundos.<\/p>\n<p style=\"text-align: justify;\">Estamos em um beco sem sa\u00edda. N\u00e3o temos candidatos dignos em nenhuma esfera, muito dessa situa\u00e7\u00e3o deve-se agradecer \u00e0 m\u00eddia vendida que n\u00e3o promove os bons nomes e eleva o nome daqueles(corruptos) que a enriquece. A percep\u00e7\u00e3o de que estamos em um beco sem sa\u00edda \u00e9 a \u00fanica chance que temos de sairmos dele. Ou esta ficar\u00e1 conhecida como a gera\u00e7\u00e3o porta dos fundos, que virou a porta de entrada para o beco sem sa\u00edda.<\/p>\n<p style=\"text-align: right;\">Por Paulo Dias para o News Infoco<\/p>\n<div class='share-to-whatsapp-wrapper'><div class='share-on-whsp'>Share on: <\/div><a data-text='A polariza\u00e7\u00e3o pol\u00edtica \u00e0 brasileira: Bolsonaro, o despreparado x Lula, o corrupto' data-link='https:\/\/newsinfoco.com.br\/inicio\/a-polarizacao-politica-a-brasileira-bolsonaro-o-despreparado-x-lula-o-corrupto\/' class='whatsapp-button whatsapp-share'>WhatsApp<\/a><div class='clear '><\/div><\/div>","protected":false},"excerpt":{"rendered":"<p>Os dois p\u00f3los antag\u00f4nicos da politica brasileira se merecem. Bolsonaro decididamente \u00e9 um incompetente e, tudo indica, ligado, mesmo que indiretamente, a pequenos trambiques. Se alia a Toffolli para salvar o filho, acusado de estar envolvido em esquema de rachadinha. Para saber que Bolsonaro \u00e9 incompetente, basta imaginar seu governo sem Paulo Guedes e S\u00e9rgio [&hellip;]<\/p>\n","protected":false},"author":1,"featured_media":20091,"comment_status":"open","ping_status":"open","sticky":false,"template":"","format":"standard","meta":{"om_disable_all_campaigns":false,"rop_custom_images_group":[],"rop_custom_messages_group":[],"rop_publish_now":"initial","rop_publish_now_accounts":[],"rop_publish_now_history":[],"rop_publish_now_status":"pending","_exactmetrics_skip_tracking":false,"footnotes":""},"categories":[166],"tags":[],"class_list":["post-20090","post","type-post","status-publish","format-standard","has-post-thumbnail","hentry","category-e-noticia"],"aioseo_notices":[],"aioseo_head":"\n\t\t<!-- All in One SEO 4.9.10 - aioseo.com -->\n\t<meta name=\"description\" content=\"Os dois p\u00f3los antag\u00f4nicos da politica brasileira se merecem. Bolsonaro decididamente \u00e9 um incompetente e, tudo indica, ligado, mesmo que indiretamente, a pequenos trambiques. Se alia a Toffolli para salvar o filho, acusado de estar envolvido em esquema de rachadinha. Para saber que Bolsonaro \u00e9 incompetente, basta imaginar seu governo sem Paulo Guedes e S\u00e9rgio\" \/>\n\t<meta name=\"robots\" content=\"max-image-preview:large\" \/>\n\t<meta name=\"author\" content=\"administrador\"\/>\n\t<link rel=\"canonical\" href=\"https:\/\/newsinfoco.com.br\/inicio\/a-polarizacao-politica-a-brasileira-bolsonaro-o-despreparado-x-lula-o-corrupto\/\" \/>\n\t<meta name=\"generator\" content=\"All in One SEO (AIOSEO) 4.9.10\" \/>\n\t\t<meta property=\"og:locale\" content=\"pt_BR\" \/>\n\t\t<meta property=\"og:site_name\" content=\"News In Foco - Editado por Caio Pimenta - O principal site de noticias de Alagoinhas e regi\u00e3o\" \/>\n\t\t<meta property=\"og:type\" content=\"article\" \/>\n\t\t<meta property=\"og:title\" content=\"A polariza\u00e7\u00e3o pol\u00edtica \u00e0 brasileira: Bolsonaro, o despreparado x Lula, o corrupto - News In Foco - Editado por Caio Pimenta\" \/>\n\t\t<meta property=\"og:description\" content=\"Os dois p\u00f3los antag\u00f4nicos da politica brasileira se merecem. Bolsonaro decididamente \u00e9 um incompetente e, tudo indica, ligado, mesmo que indiretamente, a pequenos trambiques. Se alia a Toffolli para salvar o filho, acusado de estar envolvido em esquema de rachadinha. Para saber que Bolsonaro \u00e9 incompetente, basta imaginar seu governo sem Paulo Guedes e S\u00e9rgio\" \/>\n\t\t<meta property=\"og:url\" content=\"https:\/\/newsinfoco.com.br\/inicio\/a-polarizacao-politica-a-brasileira-bolsonaro-o-despreparado-x-lula-o-corrupto\/\" \/>\n\t\t<meta property=\"article:published_time\" content=\"2020-01-26T23:36:07+00:00\" \/>\n\t\t<meta property=\"article:modified_time\" content=\"2020-01-27T20:08:49+00:00\" \/>\n\t\t<meta name=\"twitter:card\" content=\"summary_large_image\" \/>\n\t\t<meta name=\"twitter:title\" content=\"A polariza\u00e7\u00e3o pol\u00edtica \u00e0 brasileira: Bolsonaro, o despreparado x Lula, o corrupto - News In Foco - Editado por Caio Pimenta\" \/>\n\t\t<meta name=\"twitter:description\" content=\"Os dois p\u00f3los antag\u00f4nicos da politica brasileira se merecem. Bolsonaro decididamente \u00e9 um incompetente e, tudo indica, ligado, mesmo que indiretamente, a pequenos trambiques. Se alia a Toffolli para salvar o filho, acusado de estar envolvido em esquema de rachadinha. Para saber que Bolsonaro \u00e9 incompetente, basta imaginar seu governo sem Paulo Guedes e S\u00e9rgio\" \/>\n\t\t<script type=\"application\/ld+json\" class=\"aioseo-schema\">\n\t\t\t{\"@context\":\"https:\\\/\\\/schema.org\",\"@graph\":[{\"@type\":\"BlogPosting\",\"@id\":\"https:\\\/\\\/newsinfoco.com.br\\\/inicio\\\/a-polarizacao-politica-a-brasileira-bolsonaro-o-despreparado-x-lula-o-corrupto\\\/#blogposting\",\"name\":\"A polariza\\u00e7\\u00e3o pol\\u00edtica \\u00e0 brasileira: Bolsonaro, o despreparado x Lula, o corrupto - News In Foco - Editado por Caio Pimenta\",\"headline\":\"A polariza\\u00e7\\u00e3o pol\\u00edtica \\u00e0 brasileira: Bolsonaro, o despreparado x Lula, o corrupto\",\"author\":{\"@id\":\"https:\\\/\\\/newsinfoco.com.br\\\/inicio\\\/author\\\/administrador\\\/#author\"},\"publisher\":{\"@id\":\"https:\\\/\\\/newsinfoco.com.br\\\/inicio\\\/#organization\"},\"image\":{\"@type\":\"ImageObject\",\"url\":\"https:\\\/\\\/newsinfoco.com.br\\\/inicio\\\/wp-content\\\/uploads\\\/2020\\\/01\\\/Bolsonaro-e-Lula-2-868x644-1.jpg\",\"width\":868,\"height\":644},\"datePublished\":\"2020-01-26T20:36:07-03:00\",\"dateModified\":\"2020-01-27T17:08:49-03:00\",\"inLanguage\":\"pt-BR\",\"mainEntityOfPage\":{\"@id\":\"https:\\\/\\\/newsinfoco.com.br\\\/inicio\\\/a-polarizacao-politica-a-brasileira-bolsonaro-o-despreparado-x-lula-o-corrupto\\\/#webpage\"},\"isPartOf\":{\"@id\":\"https:\\\/\\\/newsinfoco.com.br\\\/inicio\\\/a-polarizacao-politica-a-brasileira-bolsonaro-o-despreparado-x-lula-o-corrupto\\\/#webpage\"},\"articleSection\":\"\\u00c9 Noticia\"},{\"@type\":\"BreadcrumbList\",\"@id\":\"https:\\\/\\\/newsinfoco.com.br\\\/inicio\\\/a-polarizacao-politica-a-brasileira-bolsonaro-o-despreparado-x-lula-o-corrupto\\\/#breadcrumblist\",\"itemListElement\":[{\"@type\":\"ListItem\",\"@id\":\"https:\\\/\\\/newsinfoco.com.br\\\/inicio#listItem\",\"position\":1,\"name\":\"In\\u00edcio\",\"item\":\"https:\\\/\\\/newsinfoco.com.br\\\/inicio\",\"nextItem\":{\"@type\":\"ListItem\",\"@id\":\"https:\\\/\\\/newsinfoco.com.br\\\/inicio\\\/category\\\/e-noticia\\\/#listItem\",\"name\":\"\\u00c9 Noticia\"}},{\"@type\":\"ListItem\",\"@id\":\"https:\\\/\\\/newsinfoco.com.br\\\/inicio\\\/category\\\/e-noticia\\\/#listItem\",\"position\":2,\"name\":\"\\u00c9 Noticia\",\"item\":\"https:\\\/\\\/newsinfoco.com.br\\\/inicio\\\/category\\\/e-noticia\\\/\",\"nextItem\":{\"@type\":\"ListItem\",\"@id\":\"https:\\\/\\\/newsinfoco.com.br\\\/inicio\\\/a-polarizacao-politica-a-brasileira-bolsonaro-o-despreparado-x-lula-o-corrupto\\\/#listItem\",\"name\":\"A polariza\\u00e7\\u00e3o pol\\u00edtica \\u00e0 brasileira: Bolsonaro, o despreparado x Lula, o corrupto\"},\"previousItem\":{\"@type\":\"ListItem\",\"@id\":\"https:\\\/\\\/newsinfoco.com.br\\\/inicio#listItem\",\"name\":\"In\\u00edcio\"}},{\"@type\":\"ListItem\",\"@id\":\"https:\\\/\\\/newsinfoco.com.br\\\/inicio\\\/a-polarizacao-politica-a-brasileira-bolsonaro-o-despreparado-x-lula-o-corrupto\\\/#listItem\",\"position\":3,\"name\":\"A polariza\\u00e7\\u00e3o pol\\u00edtica \\u00e0 brasileira: Bolsonaro, o despreparado x Lula, o corrupto\",\"previousItem\":{\"@type\":\"ListItem\",\"@id\":\"https:\\\/\\\/newsinfoco.com.br\\\/inicio\\\/category\\\/e-noticia\\\/#listItem\",\"name\":\"\\u00c9 Noticia\"}}]},{\"@type\":\"Organization\",\"@id\":\"https:\\\/\\\/newsinfoco.com.br\\\/inicio\\\/#organization\",\"name\":\"News In Foco - Editado por Caio Pimenta\",\"description\":\"O principal site de noticias de Alagoinhas e regi\\u00e3o\",\"url\":\"https:\\\/\\\/newsinfoco.com.br\\\/inicio\\\/\"},{\"@type\":\"Person\",\"@id\":\"https:\\\/\\\/newsinfoco.com.br\\\/inicio\\\/author\\\/administrador\\\/#author\",\"url\":\"https:\\\/\\\/newsinfoco.com.br\\\/inicio\\\/author\\\/administrador\\\/\",\"name\":\"administrador\",\"image\":{\"@type\":\"ImageObject\",\"@id\":\"https:\\\/\\\/newsinfoco.com.br\\\/inicio\\\/a-polarizacao-politica-a-brasileira-bolsonaro-o-despreparado-x-lula-o-corrupto\\\/#authorImage\",\"url\":\"https:\\\/\\\/secure.gravatar.com\\\/avatar\\\/c17a617433de8c1dc9584bb79aab7563b46f5bb7e1728c9b17d9cc3ce6a08e49?s=96&d=mm&r=g\",\"width\":96,\"height\":96,\"caption\":\"administrador\"}},{\"@type\":\"WebPage\",\"@id\":\"https:\\\/\\\/newsinfoco.com.br\\\/inicio\\\/a-polarizacao-politica-a-brasileira-bolsonaro-o-despreparado-x-lula-o-corrupto\\\/#webpage\",\"url\":\"https:\\\/\\\/newsinfoco.com.br\\\/inicio\\\/a-polarizacao-politica-a-brasileira-bolsonaro-o-despreparado-x-lula-o-corrupto\\\/\",\"name\":\"A polariza\\u00e7\\u00e3o pol\\u00edtica \\u00e0 brasileira: Bolsonaro, o despreparado x Lula, o corrupto - News In Foco - Editado por Caio Pimenta\",\"description\":\"Os dois p\\u00f3los antag\\u00f4nicos da politica brasileira se merecem. Bolsonaro decididamente \\u00e9 um incompetente e, tudo indica, ligado, mesmo que indiretamente, a pequenos trambiques. Se alia a Toffolli para salvar o filho, acusado de estar envolvido em esquema de rachadinha. Para saber que Bolsonaro \\u00e9 incompetente, basta imaginar seu governo sem Paulo Guedes e S\\u00e9rgio\",\"inLanguage\":\"pt-BR\",\"isPartOf\":{\"@id\":\"https:\\\/\\\/newsinfoco.com.br\\\/inicio\\\/#website\"},\"breadcrumb\":{\"@id\":\"https:\\\/\\\/newsinfoco.com.br\\\/inicio\\\/a-polarizacao-politica-a-brasileira-bolsonaro-o-despreparado-x-lula-o-corrupto\\\/#breadcrumblist\"},\"author\":{\"@id\":\"https:\\\/\\\/newsinfoco.com.br\\\/inicio\\\/author\\\/administrador\\\/#author\"},\"creator\":{\"@id\":\"https:\\\/\\\/newsinfoco.com.br\\\/inicio\\\/author\\\/administrador\\\/#author\"},\"image\":{\"@type\":\"ImageObject\",\"url\":\"https:\\\/\\\/newsinfoco.com.br\\\/inicio\\\/wp-content\\\/uploads\\\/2020\\\/01\\\/Bolsonaro-e-Lula-2-868x644-1.jpg\",\"@id\":\"https:\\\/\\\/newsinfoco.com.br\\\/inicio\\\/a-polarizacao-politica-a-brasileira-bolsonaro-o-despreparado-x-lula-o-corrupto\\\/#mainImage\",\"width\":868,\"height\":644},\"primaryImageOfPage\":{\"@id\":\"https:\\\/\\\/newsinfoco.com.br\\\/inicio\\\/a-polarizacao-politica-a-brasileira-bolsonaro-o-despreparado-x-lula-o-corrupto\\\/#mainImage\"},\"datePublished\":\"2020-01-26T20:36:07-03:00\",\"dateModified\":\"2020-01-27T17:08:49-03:00\"},{\"@type\":\"WebSite\",\"@id\":\"https:\\\/\\\/newsinfoco.com.br\\\/inicio\\\/#website\",\"url\":\"https:\\\/\\\/newsinfoco.com.br\\\/inicio\\\/\",\"name\":\"News In Foco - Editado por Caio Pimenta\",\"description\":\"O principal site de noticias de Alagoinhas e regi\\u00e3o\",\"inLanguage\":\"pt-BR\",\"publisher\":{\"@id\":\"https:\\\/\\\/newsinfoco.com.br\\\/inicio\\\/#organization\"}}]}\n\t\t<\/script>\n\t\t<!-- All in One SEO -->\n\n","aioseo_head_json":{"title":"A polariza\u00e7\u00e3o pol\u00edtica \u00e0 brasileira: Bolsonaro, o despreparado x Lula, o corrupto - News In Foco - Editado por Caio Pimenta","description":"Os dois p\u00f3los antag\u00f4nicos da politica brasileira se merecem. Bolsonaro decididamente \u00e9 um incompetente e, tudo indica, ligado, mesmo que indiretamente, a pequenos trambiques. Se alia a Toffolli para salvar o filho, acusado de estar envolvido em esquema de rachadinha. Para saber que Bolsonaro \u00e9 incompetente, basta imaginar seu governo sem Paulo Guedes e S\u00e9rgio","canonical_url":"https:\/\/newsinfoco.com.br\/inicio\/a-polarizacao-politica-a-brasileira-bolsonaro-o-despreparado-x-lula-o-corrupto\/","robots":"max-image-preview:large","keywords":"","webmasterTools":{"miscellaneous":""},"schema":{"@context":"https:\/\/schema.org","@graph":[{"@type":"BlogPosting","@id":"https:\/\/newsinfoco.com.br\/inicio\/a-polarizacao-politica-a-brasileira-bolsonaro-o-despreparado-x-lula-o-corrupto\/#blogposting","name":"A polariza\u00e7\u00e3o pol\u00edtica \u00e0 brasileira: Bolsonaro, o despreparado x Lula, o corrupto - News In Foco - Editado por Caio Pimenta","headline":"A polariza\u00e7\u00e3o pol\u00edtica \u00e0 brasileira: Bolsonaro, o despreparado x Lula, o corrupto","author":{"@id":"https:\/\/newsinfoco.com.br\/inicio\/author\/administrador\/#author"},"publisher":{"@id":"https:\/\/newsinfoco.com.br\/inicio\/#organization"},"image":{"@type":"ImageObject","url":"https:\/\/newsinfoco.com.br\/inicio\/wp-content\/uploads\/2020\/01\/Bolsonaro-e-Lula-2-868x644-1.jpg","width":868,"height":644},"datePublished":"2020-01-26T20:36:07-03:00","dateModified":"2020-01-27T17:08:49-03:00","inLanguage":"pt-BR","mainEntityOfPage":{"@id":"https:\/\/newsinfoco.com.br\/inicio\/a-polarizacao-politica-a-brasileira-bolsonaro-o-despreparado-x-lula-o-corrupto\/#webpage"},"isPartOf":{"@id":"https:\/\/newsinfoco.com.br\/inicio\/a-polarizacao-politica-a-brasileira-bolsonaro-o-despreparado-x-lula-o-corrupto\/#webpage"},"articleSection":"\u00c9 Noticia"},{"@type":"BreadcrumbList","@id":"https:\/\/newsinfoco.com.br\/inicio\/a-polarizacao-politica-a-brasileira-bolsonaro-o-despreparado-x-lula-o-corrupto\/#breadcrumblist","itemListElement":[{"@type":"ListItem","@id":"https:\/\/newsinfoco.com.br\/inicio#listItem","position":1,"name":"In\u00edcio","item":"https:\/\/newsinfoco.com.br\/inicio","nextItem":{"@type":"ListItem","@id":"https:\/\/newsinfoco.com.br\/inicio\/category\/e-noticia\/#listItem","name":"\u00c9 Noticia"}},{"@type":"ListItem","@id":"https:\/\/newsinfoco.com.br\/inicio\/category\/e-noticia\/#listItem","position":2,"name":"\u00c9 Noticia","item":"https:\/\/newsinfoco.com.br\/inicio\/category\/e-noticia\/","nextItem":{"@type":"ListItem","@id":"https:\/\/newsinfoco.com.br\/inicio\/a-polarizacao-politica-a-brasileira-bolsonaro-o-despreparado-x-lula-o-corrupto\/#listItem","name":"A polariza\u00e7\u00e3o pol\u00edtica \u00e0 brasileira: Bolsonaro, o despreparado x Lula, o corrupto"},"previousItem":{"@type":"ListItem","@id":"https:\/\/newsinfoco.com.br\/inicio#listItem","name":"In\u00edcio"}},{"@type":"ListItem","@id":"https:\/\/newsinfoco.com.br\/inicio\/a-polarizacao-politica-a-brasileira-bolsonaro-o-despreparado-x-lula-o-corrupto\/#listItem","position":3,"name":"A polariza\u00e7\u00e3o pol\u00edtica \u00e0 brasileira: Bolsonaro, o despreparado x Lula, o corrupto","previousItem":{"@type":"ListItem","@id":"https:\/\/newsinfoco.com.br\/inicio\/category\/e-noticia\/#listItem","name":"\u00c9 Noticia"}}]},{"@type":"Organization","@id":"https:\/\/newsinfoco.com.br\/inicio\/#organization","name":"News In Foco - Editado por Caio Pimenta","description":"O principal site de noticias de Alagoinhas e regi\u00e3o","url":"https:\/\/newsinfoco.com.br\/inicio\/"},{"@type":"Person","@id":"https:\/\/newsinfoco.com.br\/inicio\/author\/administrador\/#author","url":"https:\/\/newsinfoco.com.br\/inicio\/author\/administrador\/","name":"administrador","image":{"@type":"ImageObject","@id":"https:\/\/newsinfoco.com.br\/inicio\/a-polarizacao-politica-a-brasileira-bolsonaro-o-despreparado-x-lula-o-corrupto\/#authorImage","url":"https:\/\/secure.gravatar.com\/avatar\/c17a617433de8c1dc9584bb79aab7563b46f5bb7e1728c9b17d9cc3ce6a08e49?s=96&d=mm&r=g","width":96,"height":96,"caption":"administrador"}},{"@type":"WebPage","@id":"https:\/\/newsinfoco.com.br\/inicio\/a-polarizacao-politica-a-brasileira-bolsonaro-o-despreparado-x-lula-o-corrupto\/#webpage","url":"https:\/\/newsinfoco.com.br\/inicio\/a-polarizacao-politica-a-brasileira-bolsonaro-o-despreparado-x-lula-o-corrupto\/","name":"A polariza\u00e7\u00e3o pol\u00edtica \u00e0 brasileira: Bolsonaro, o despreparado x Lula, o corrupto - News In Foco - Editado por Caio Pimenta","description":"Os dois p\u00f3los antag\u00f4nicos da politica brasileira se merecem. Bolsonaro decididamente \u00e9 um incompetente e, tudo indica, ligado, mesmo que indiretamente, a pequenos trambiques. Se alia a Toffolli para salvar o filho, acusado de estar envolvido em esquema de rachadinha. Para saber que Bolsonaro \u00e9 incompetente, basta imaginar seu governo sem Paulo Guedes e S\u00e9rgio","inLanguage":"pt-BR","isPartOf":{"@id":"https:\/\/newsinfoco.com.br\/inicio\/#website"},"breadcrumb":{"@id":"https:\/\/newsinfoco.com.br\/inicio\/a-polarizacao-politica-a-brasileira-bolsonaro-o-despreparado-x-lula-o-corrupto\/#breadcrumblist"},"author":{"@id":"https:\/\/newsinfoco.com.br\/inicio\/author\/administrador\/#author"},"creator":{"@id":"https:\/\/newsinfoco.com.br\/inicio\/author\/administrador\/#author"},"image":{"@type":"ImageObject","url":"https:\/\/newsinfoco.com.br\/inicio\/wp-content\/uploads\/2020\/01\/Bolsonaro-e-Lula-2-868x644-1.jpg","@id":"https:\/\/newsinfoco.com.br\/inicio\/a-polarizacao-politica-a-brasileira-bolsonaro-o-despreparado-x-lula-o-corrupto\/#mainImage","width":868,"height":644},"primaryImageOfPage":{"@id":"https:\/\/newsinfoco.com.br\/inicio\/a-polarizacao-politica-a-brasileira-bolsonaro-o-despreparado-x-lula-o-corrupto\/#mainImage"},"datePublished":"2020-01-26T20:36:07-03:00","dateModified":"2020-01-27T17:08:49-03:00"},{"@type":"WebSite","@id":"https:\/\/newsinfoco.com.br\/inicio\/#website","url":"https:\/\/newsinfoco.com.br\/inicio\/","name":"News In Foco - Editado por Caio Pimenta","description":"O principal site de noticias de Alagoinhas e regi\u00e3o","inLanguage":"pt-BR","publisher":{"@id":"https:\/\/newsinfoco.com.br\/inicio\/#organization"}}]},"og:locale":"pt_BR","og:site_name":"News In Foco - Editado por Caio Pimenta - O principal site de noticias de Alagoinhas e regi\u00e3o","og:type":"article","og:title":"A polariza\u00e7\u00e3o pol\u00edtica \u00e0 brasileira: Bolsonaro, o despreparado x Lula, o corrupto - News In Foco - Editado por Caio Pimenta","og:description":"Os dois p\u00f3los antag\u00f4nicos da politica brasileira se merecem. Bolsonaro decididamente \u00e9 um incompetente e, tudo indica, ligado, mesmo que indiretamente, a pequenos trambiques. Se alia a Toffolli para salvar o filho, acusado de estar envolvido em esquema de rachadinha. Para saber que Bolsonaro \u00e9 incompetente, basta imaginar seu governo sem Paulo Guedes e S\u00e9rgio","og:url":"https:\/\/newsinfoco.com.br\/inicio\/a-polarizacao-politica-a-brasileira-bolsonaro-o-despreparado-x-lula-o-corrupto\/","article:published_time":"2020-01-26T23:36:07+00:00","article:modified_time":"2020-01-27T20:08:49+00:00","twitter:card":"summary_large_image","twitter:title":"A polariza\u00e7\u00e3o pol\u00edtica \u00e0 brasileira: Bolsonaro, o despreparado x Lula, o corrupto - News In Foco - Editado por Caio Pimenta","twitter:description":"Os dois p\u00f3los antag\u00f4nicos da politica brasileira se merecem. Bolsonaro decididamente \u00e9 um incompetente e, tudo indica, ligado, mesmo que indiretamente, a pequenos trambiques. Se alia a Toffolli para salvar o filho, acusado de estar envolvido em esquema de rachadinha. Para saber que Bolsonaro \u00e9 incompetente, basta imaginar seu governo sem Paulo Guedes e S\u00e9rgio"},"aioseo_meta_data":{"post_id":"20090","title":null,"description":null,"keywords":null,"keyphrases":null,"primary_term":null,"canonical_url":null,"og_title":null,"og_description":null,"og_object_type":"default","og_image_type":"default","og_image_url":null,"og_image_width":null,"og_image_height":null,"og_image_custom_url":null,"og_image_custom_fields":null,"og_video":null,"og_custom_url":null,"og_article_section":null,"og_article_tags":null,"twitter_use_og":false,"twitter_card":"default","twitter_image_type":"default","twitter_image_url":null,"twitter_image_custom_url":null,"twitter_image_custom_fields":null,"twitter_title":null,"twitter_description":null,"schema":{"blockGraphs":[],"customGraphs":[],"default":{"data":{"Article":[],"Course":[],"Dataset":[],"FAQPage":[],"Movie":[],"Person":[],"Product":[],"ProductReview":[],"Car":[],"Recipe":[],"Service":[],"SoftwareApplication":[],"WebPage":[]},"graphName":"","isEnabled":true},"graphs":[]},"schema_type":"default","schema_type_options":null,"pillar_content":false,"robots_default":true,"robots_noindex":false,"robots_noarchive":false,"robots_nosnippet":false,"robots_nofollow":false,"robots_noimageindex":false,"robots_noodp":false,"robots_notranslate":false,"robots_max_snippet":null,"robots_max_videopreview":null,"robots_max_imagepreview":"large","priority":null,"frequency":null,"local_seo":null,"breadcrumb_settings":null,"limit_modified_date":false,"ai":null,"created":"2023-06-12 16:03:48","updated":"2025-07-11 02:39:01","seo_analyzer_scan_date":null},"aioseo_breadcrumb":"<div class=\"aioseo-breadcrumbs\"><span class=\"aioseo-breadcrumb\">\n\t\t\t<a href=\"https:\/\/newsinfoco.com.br\/inicio\" title=\"In\u00edcio\">In\u00edcio<\/a>\n\t\t<\/span><span class=\"aioseo-breadcrumb-separator\">&raquo;<\/span><span class=\"aioseo-breadcrumb\">\n\t\t\t<a href=\"https:\/\/newsinfoco.com.br\/inicio\/category\/e-noticia\/\" title=\"\u00c9 Noticia\">\u00c9 Noticia<\/a>\n\t\t<\/span><span class=\"aioseo-breadcrumb-separator\">&raquo;<\/span><span class=\"aioseo-breadcrumb\">\n\t\t\tA polariza\u00e7\u00e3o pol\u00edtica \u00e0 brasileira: Bolsonaro, o despreparado x Lula, o corrupto\n\t\t<\/span><\/div>","aioseo_breadcrumb_json":[{"label":"In\u00edcio","link":"https:\/\/newsinfoco.com.br\/inicio"},{"label":"\u00c9 Noticia","link":"https:\/\/newsinfoco.com.br\/inicio\/category\/e-noticia\/"},{"label":"A polariza\u00e7\u00e3o pol\u00edtica \u00e0 brasileira: Bolsonaro, o despreparado x Lula, o corrupto","link":"https:\/\/newsinfoco.com.br\/inicio\/a-polarizacao-politica-a-brasileira-bolsonaro-o-despreparado-x-lula-o-corrupto\/"}],"_links":{"self":[{"href":"https:\/\/newsinfoco.com.br\/inicio\/wp-json\/wp\/v2\/posts\/20090","targetHints":{"allow":["GET"]}}],"collection":[{"href":"https:\/\/newsinfoco.com.br\/inicio\/wp-json\/wp\/v2\/posts"}],"about":[{"href":"https:\/\/newsinfoco.com.br\/inicio\/wp-json\/wp\/v2\/types\/post"}],"author":[{"embeddable":true,"href":"https:\/\/newsinfoco.com.br\/inicio\/wp-json\/wp\/v2\/users\/1"}],"replies":[{"embeddable":true,"href":"https:\/\/newsinfoco.com.br\/inicio\/wp-json\/wp\/v2\/comments?post=20090"}],"version-history":[{"count":0,"href":"https:\/\/newsinfoco.com.br\/inicio\/wp-json\/wp\/v2\/posts\/20090\/revisions"}],"wp:featuredmedia":[{"embeddable":true,"href":"https:\/\/newsinfoco.com.br\/inicio\/wp-json\/wp\/v2\/media\/20091"}],"wp:attachment":[{"href":"https:\/\/newsinfoco.com.br\/inicio\/wp-json\/wp\/v2\/media?parent=20090"}],"wp:term":[{"taxonomy":"category","embeddable":true,"href":"https:\/\/newsinfoco.com.br\/inicio\/wp-json\/wp\/v2\/categories?post=20090"},{"taxonomy":"post_tag","embeddable":true,"href":"https:\/\/newsinfoco.com.br\/inicio\/wp-json\/wp\/v2\/tags?post=20090"}],"curies":[{"name":"wp","href":"https:\/\/api.w.org\/{rel}","templated":true}]}}