{"id":20109,"date":"2020-01-27T18:17:42","date_gmt":"2020-01-27T21:17:42","guid":{"rendered":"http:\/\/newsinfoco.com.br\/?p=20109"},"modified":"2020-01-29T15:04:07","modified_gmt":"2020-01-29T18:04:07","slug":"secretario-de-governo-gustavo-carmo-culpa-expansao-urbana-e-falta-de-investimento-em-drenagem-de-gestoes-anteriores-pelos-alagamentos-em-alagoinhas","status":"publish","type":"post","link":"https:\/\/newsinfoco.com.br\/inicio\/secretario-de-governo-gustavo-carmo-culpa-expansao-urbana-e-falta-de-investimento-em-drenagem-de-gestoes-anteriores-pelos-alagamentos-em-alagoinhas\/","title":{"rendered":"Secret\u00e1rio de Governo, Gustavo Carmo, culpa expans\u00e3o urbana e falta de investimento em drenagem de gest\u00f5es anteriores pelos alagamentos em Alagoinhas"},"content":{"rendered":"<p style=\"text-align: justify;\">O secret\u00e1rio de Governo e de Comunica\u00e7\u00e3o da prefeitura de Alagoinhas, Gustavo Carmo, justificou o aumento dos pontos de alagamento na cidade, afirmando serem causados pelo intenso ritmo de expans\u00e3o urbana na cidade e ao baixo n\u00edvel de investimento em drenagem por gest\u00f5es anteriores. Ele deu como exemplo os conjuntos habitacionais implantados em Alagoinhas Velha e os referentes ao programa do Governo Federal Minha Casa, Mina Vida. Gustavo considerou que a situa\u00e7\u00e3o estaria pior, n\u00e3o fossem as obras de macrodrenagem que est\u00e3o sendo realizadas e ao trabalho de preven\u00e7\u00e3o, como a limpeza do Rio Catu, realizadas pela atual administra\u00e7\u00e3o municipal. A declara\u00e7\u00e3o foi dada durante entrevista concedida ao programa Primeira M\u00e3o na manh\u00e3 desta segunda-feira, 27.<\/p>\n<p style=\"text-align: justify;\">O secret\u00e1rio tamb\u00e9m esclareceu o trabalho realizado pelo Gabinete de Enfrentamento dos problemas gerados pelas chuvas, formado por diversos secret\u00e1rios e chefiado pelo pr\u00f3prio prefeito. Ele explicou que o alagamento da Av. Rio Branco s\u00f3 ser\u00e1 definitivamente resolvido com a macrodrenagem da Cavada em andamento. A \u00e1rea, segundo Gustavo, ficava inundada por dias, hoje, gra\u00e7as ao trabalho de macrodrenagem j\u00e1 executado na nova avenida, em quest\u00e3o de horas as \u00e1guas s\u00e3o escoadas. A declara\u00e7\u00e3o refuta o que disse o empres\u00e1rio e radialista Jusc\u00e9lio Carmo, tio de Gustavo, na \u00faltima sexta-feira, 24, ao mesmo programa Primeira M\u00e3o.\u00a0 Na ocasi\u00e3o, Jusc\u00e9lio afirmou que o empossamento na Av. Rio Branco deve-se a erro de projeto da obra da prefeitura que n\u00e3o seguiu a trajet\u00f3ria natural das \u00e1guas de chuva, gerando gastos desnecess\u00e1rios e desperdi\u00e7ando milh\u00f5es de reais em recursos p\u00fablicos.<\/p><div class=\"newsi-conteudo_19\" id=\"newsi-167728027\"><a href=\"https:\/\/www.instagram.com\/prefeituraalagoinhas?igsh=YzgzdDJ1bWR3aWI4\" aria-label=\"SAVE_20251006_221555\"><img loading=\"lazy\" decoding=\"async\" src=\"https:\/\/newsinfoco.com.br\/inicio\/wp-content\/uploads\/2025\/10\/SAVE_20251006_221555-rotated.jpg\" alt=\"\"  srcset=\"https:\/\/newsinfoco.com.br\/inicio\/wp-content\/uploads\/2025\/10\/SAVE_20251006_221555-rotated.jpg 1140w, https:\/\/newsinfoco.com.br\/inicio\/wp-content\/uploads\/2025\/10\/SAVE_20251006_221555-300x52.jpg 300w, https:\/\/newsinfoco.com.br\/inicio\/wp-content\/uploads\/2025\/10\/SAVE_20251006_221555-1024x177.jpg 1024w, https:\/\/newsinfoco.com.br\/inicio\/wp-content\/uploads\/2025\/10\/SAVE_20251006_221555-768x133.jpg 768w, https:\/\/newsinfoco.com.br\/inicio\/wp-content\/uploads\/2025\/10\/SAVE_20251006_221555-600x104.jpg 600w, https:\/\/newsinfoco.com.br\/inicio\/wp-content\/uploads\/2025\/10\/SAVE_20251006_221555-696x120.jpg 696w, https:\/\/newsinfoco.com.br\/inicio\/wp-content\/uploads\/2025\/10\/SAVE_20251006_221555-1068x185.jpg 1068w\" sizes=\"(max-width: 1140px) 100vw, 1140px\" width=\"1140\" height=\"197\"   \/><\/a><\/div>\n<p style=\"text-align: justify;\">Gustavo Carmo coloca que o prefeito Joaquim Neto teve a coragem de enfrentar antigos problemas como a drenagem, a m\u00e1 qualidade do transporte p\u00fablico e a quest\u00e3o da Upa de Santa Terezinha. Comemorou tamb\u00e9m as verbas recentemente adquiridas atrav\u00e9s do senador Otto Alencar para a constru\u00e7\u00e3o da maternidade municipal, um montante de 10 milh\u00f5es de reais, e o contrato assinado na \u00faltima sexta-feira, entre a prefeitura de Alagoinhas e a CAIXA para moderniza\u00e7\u00e3o e reestrutura\u00e7\u00e3o de todo o parque de ilumina\u00e7\u00e3o p\u00fablica da cidade.<\/p>\n<p style=\"text-align: justify;\">Gustavo informou que Joaquim Neto se comprometeu com a solu\u00e7\u00e3o do alagamento cr\u00f4nico do Silva Jardim por meio da conclus\u00e3o do segundo trecho da macrodrenagem da localidade. A primeira parte foi iniciada pelo governo petista do ent\u00e3o prefeito Joseildo Ramos com grandes erros t\u00e9cnicos. Existe uma etapa mais abaixo para a qual ainda precisa ser feito projeto e or\u00e7amento. Outro problema discutido foi a Defesa Civil, criada pelo munic\u00edpio, mas funcionando com apenas 1 nomeado.<\/p>\n<p style=\"text-align: justify;\">Com rela\u00e7\u00e3o \u00e0 licita\u00e7\u00e3o do transporte urbano da cidade, alvo cr\u00edticas por parte do pr\u00e9-candidato a prefeito Tonho Rato(PDT), ela foi comemorada por Gustavo como uma vit\u00f3ria do prefeito e como mais um problema antigo que ele teve a coragem de enfrentar. Houve problemas de documenta\u00e7\u00e3o na primeira sess\u00e3o, ocorrida dia 23 desse m\u00eas. A pr\u00f3xima etapa ser\u00e1 realizada em 6 de fevereiro. Se o processo terminar em mar\u00e7o, com os seis meses de adapta\u00e7\u00e3o, a cidade s\u00f3 ter\u00e1 \u00f4nibus novos em setembro.<\/p>\n<p style=\"text-align: justify;\">Veja a entrevista concedida por Gustavo Carmo ao programa Primeira M\u00e3o:<\/p>\n<p><iframe loading=\"lazy\" title=\"Gustavo Carmo fala das a\u00e7\u00f5es da Prefeitura de Alagoinhas de combate aos alagamentos\" width=\"696\" height=\"392\" src=\"https:\/\/www.youtube.com\/embed\/cozEMt-FhbE?start=31&#038;feature=oembed\" frameborder=\"0\" allow=\"accelerometer; autoplay; encrypted-media; gyroscope; picture-in-picture\" allowfullscreen><\/iframe><\/p>\n<p style=\"text-align: right;\">Por Paulo Dias para o News Infoco<\/p>\n<p>&nbsp;<\/p>\n<div class='share-to-whatsapp-wrapper'><div class='share-on-whsp'>Share on: <\/div><a data-text='Secret\u00e1rio de Governo, Gustavo Carmo, culpa expans\u00e3o urbana e falta de investimento em drenagem de gest\u00f5es anteriores pelos alagamentos em Alagoinhas' data-link='https:\/\/newsinfoco.com.br\/inicio\/secretario-de-governo-gustavo-carmo-culpa-expansao-urbana-e-falta-de-investimento-em-drenagem-de-gestoes-anteriores-pelos-alagamentos-em-alagoinhas\/' class='whatsapp-button whatsapp-share'>WhatsApp<\/a><div class='clear '><\/div><\/div>","protected":false},"excerpt":{"rendered":"<p>O secret\u00e1rio de Governo e de Comunica\u00e7\u00e3o da prefeitura de Alagoinhas, Gustavo Carmo, justificou o aumento dos pontos de alagamento na cidade, afirmando serem causados pelo intenso ritmo de expans\u00e3o urbana na cidade e ao baixo n\u00edvel de investimento em drenagem por gest\u00f5es anteriores. Ele deu como exemplo os conjuntos habitacionais implantados em Alagoinhas Velha [&hellip;]<\/p>\n","protected":false},"author":1,"featured_media":15466,"comment_status":"open","ping_status":"open","sticky":false,"template":"","format":"standard","meta":{"om_disable_all_campaigns":false,"_exactmetrics_skip_tracking":false,"_exactmetrics_sitenote_active":false,"_exactmetrics_sitenote_note":"","_exactmetrics_sitenote_category":0,"footnotes":""},"categories":[167],"tags":[],"class_list":["post-20109","post","type-post","status-publish","format-standard","has-post-thumbnail","hentry","category-exclusivas"],"aioseo_notices":[],"_links":{"self":[{"href":"https:\/\/newsinfoco.com.br\/inicio\/wp-json\/wp\/v2\/posts\/20109","targetHints":{"allow":["GET"]}}],"collection":[{"href":"https:\/\/newsinfoco.com.br\/inicio\/wp-json\/wp\/v2\/posts"}],"about":[{"href":"https:\/\/newsinfoco.com.br\/inicio\/wp-json\/wp\/v2\/types\/post"}],"author":[{"embeddable":true,"href":"https:\/\/newsinfoco.com.br\/inicio\/wp-json\/wp\/v2\/users\/1"}],"replies":[{"embeddable":true,"href":"https:\/\/newsinfoco.com.br\/inicio\/wp-json\/wp\/v2\/comments?post=20109"}],"version-history":[{"count":0,"href":"https:\/\/newsinfoco.com.br\/inicio\/wp-json\/wp\/v2\/posts\/20109\/revisions"}],"wp:featuredmedia":[{"embeddable":true,"href":"https:\/\/newsinfoco.com.br\/inicio\/wp-json\/wp\/v2\/media\/15466"}],"wp:attachment":[{"href":"https:\/\/newsinfoco.com.br\/inicio\/wp-json\/wp\/v2\/media?parent=20109"}],"wp:term":[{"taxonomy":"category","embeddable":true,"href":"https:\/\/newsinfoco.com.br\/inicio\/wp-json\/wp\/v2\/categories?post=20109"},{"taxonomy":"post_tag","embeddable":true,"href":"https:\/\/newsinfoco.com.br\/inicio\/wp-json\/wp\/v2\/tags?post=20109"}],"curies":[{"name":"wp","href":"https:\/\/api.w.org\/{rel}","templated":true}]}}