{"id":20112,"date":"2020-01-27T18:31:29","date_gmt":"2020-01-27T21:31:29","guid":{"rendered":"http:\/\/newsinfoco.com.br\/?p=20112"},"modified":"2020-01-27T18:31:29","modified_gmt":"2020-01-27T21:31:29","slug":"associacao-de-estudantes-critica-fala-de-rui-sobre-venda-do-odorico-insensivel","status":"publish","type":"post","link":"https:\/\/newsinfoco.com.br\/inicio\/associacao-de-estudantes-critica-fala-de-rui-sobre-venda-do-odorico-insensivel\/","title":{"rendered":"Associa\u00e7\u00e3o de estudantes critica fala de Rui sobre venda do Odorico: \u201cInsens\u00edvel\u201d"},"content":{"rendered":"<p style=\"text-align: justify;\">A Associa\u00e7\u00e3o de Gr\u00eamios e Estudantes de Salvador (Ages) criticou a fala do governador Rui Costa (PT), que na manh\u00e3 desta segunda-feira (27) voltou a defender a venda do Col\u00e9gio Estadual Odorico Tavares, em entrevista \u00e0 r\u00e1dio Metr\u00f3pole. Para os estudantes, o petista se tornou \u201cinsens\u00edvel\u201d.<\/p>\n<p style=\"text-align: justify;\">\u201cO investimento na educa\u00e7\u00e3o, ilustr\u00edssimo governador, nunca deveria ser considerado preju\u00edzo ou gasto. Quem fecha escola abre pres\u00eddios\u201d, diz o texto.<\/p><div class=\"newsi-conteudo_19\" id=\"newsi-2497074621\"><a href=\"https:\/\/www.instagram.com\/prefeituraalagoinhas?igsh=YzgzdDJ1bWR3aWI4\" aria-label=\"SAVE_20251006_221555\"><img loading=\"lazy\" decoding=\"async\" src=\"https:\/\/newsinfoco.com.br\/inicio\/wp-content\/uploads\/2025\/10\/SAVE_20251006_221555-rotated.jpg\" alt=\"\"  srcset=\"https:\/\/newsinfoco.com.br\/inicio\/wp-content\/uploads\/2025\/10\/SAVE_20251006_221555-rotated.jpg 1140w, https:\/\/newsinfoco.com.br\/inicio\/wp-content\/uploads\/2025\/10\/SAVE_20251006_221555-300x52.jpg 300w, https:\/\/newsinfoco.com.br\/inicio\/wp-content\/uploads\/2025\/10\/SAVE_20251006_221555-1024x177.jpg 1024w, https:\/\/newsinfoco.com.br\/inicio\/wp-content\/uploads\/2025\/10\/SAVE_20251006_221555-768x133.jpg 768w, https:\/\/newsinfoco.com.br\/inicio\/wp-content\/uploads\/2025\/10\/SAVE_20251006_221555-600x104.jpg 600w, https:\/\/newsinfoco.com.br\/inicio\/wp-content\/uploads\/2025\/10\/SAVE_20251006_221555-696x120.jpg 696w, https:\/\/newsinfoco.com.br\/inicio\/wp-content\/uploads\/2025\/10\/SAVE_20251006_221555-1068x185.jpg 1068w\" sizes=\"(max-width: 1140px) 100vw, 1140px\" width=\"1140\" height=\"197\"   \/><\/a><\/div>\n<p style=\"text-align: justify;\">Confira a nota na \u00edntegra:<\/p>\n<p style=\"text-align: justify;\"><em>Insens\u00edvel se tornou o senhor Governador Rui Costa, ex-sindicalista de largo hist\u00f3rico de defesa das causas sociais e dos trabalhadores, vir se prestar o servi\u00e7o de tentar desqualificar a luta organizada dos estudantes contra suas medidas arbitr\u00e1rias, sem di\u00e1logo. Uma refer\u00eancia contr\u00e1ria \u00e0 de quem se elegeu sobre o mote de fazer uma gest\u00e3o participativa e democr\u00e1tica.<\/em><\/p>\n<p style=\"text-align: justify;\"><em>O investimento na educa\u00e7\u00e3o, ilustr\u00edssimo governador, nunca deveria ser considerado preju\u00edzo ou gasto. Quem fecha escola abre pres\u00eddios. A forma de di\u00e1logo de seu governo se tornou extremamente equivocada, n\u00e3o obstante, o pronunciamento do seu Secret\u00e1rio da Educa\u00e7\u00e3o, que recentemente ordenou a pol\u00edcia para \u201cdialogar presencialmente\u201d com os estudantes ocupantes, e 43 foram estes e n\u00e3o 20 como o senhor tenta diminuir, estudantes da institui\u00e7\u00e3o, militantes das entidades estudantis, pais e professores.<\/em><\/p>\n<p style=\"text-align: justify;\"><em>Governador, o Col. Est. Odorico Tavares fechou por interven\u00e7\u00e3o sistem\u00e1tica de seu governo. Basta fazer o mapeamento dos col\u00e9gios da redondeza. O que aparenta, para n\u00f3s, \u00e9 que foi adotada a mesma t\u00e1tica da prefeitura de Salvador quando tirou as linhas de \u00f4nibus de bairros perif\u00e9ricos para impedir que a popula\u00e7\u00e3o mais carente n\u00e3o pudesse curtir a praia ou os espa\u00e7os culturas em bairros nobres e assim o senhor faz com o discurso fisiol\u00f3gico cerceando o livre direito da juventude de estudar e circular nestes mesmo bairros. N\u00e3o d\u00e1 para acreditar no seu discurso de tentativa de justificar o fechamento da escola para economizar recursos e investir em outras localidades. A exemplo disso, a Escola Parque e seu conjunto de institui\u00e7\u00f5es agregadas os \u201cClasses\u201d abandonados sem nenhum tipo de investimento ou infraestrutura para garantir as condi\u00e7\u00f5es necess\u00e1rias de funcionamento. Assim se encontram diversas outras institui\u00e7\u00f5es, por exemplo, o Col\u00e9gio Duque de Caxias todos localizados na liberdade. Como o senhor quer falar em \u201csensibilidade\u201d dos estudantes do Odorico Tavares, que nem tiveram a oportunidade de debater a sua imposi\u00e7\u00e3o, se o seu governo mesmo n\u00e3o \u00e9 sens\u00edvel, nem com as institui\u00e7\u00f5es de ensino do bairro que o Sr. cresceu, a Liberdade<\/em><\/p>\n<p style=\"text-align: justify;\"><em>Governador, achamos just\u00edssimo o investimento na educa\u00e7\u00e3o para que os estudantes possa ter aulas de nata\u00e7\u00e3o, esportes em quadra e laborat\u00f3rios, por\u00e9m a nossa realidade da escola p\u00fablica \u00e9 outra, afinal n\u00f3s j\u00e1 temos experi\u00eancias nesse quesito, basta uma chuva forte e os estudantes saem nadando de suas salas de aula de tanta goteiras e cachoeiras, basta querer praticar esportes que notamos a falta de materiais esportivos, o desest\u00edmulo que passam os professores de educa\u00e7\u00e3o f\u00edsica por n\u00e3o terem as condi\u00e7\u00f5es m\u00ednimas, seja pela falta de material ou por que as quadras (quando existem) est\u00e3o cheias de buracos, sem marca\u00e7\u00e3o ou sem os equipamentos necess\u00e1rios de cada modalidade. Falar dos laborat\u00f3rios, muito servem apenas de dep\u00f3sito para tra\u00e7as, tranqueiras velhas, bibliotecas funcionam pelo fato, muitas \u00e9 verdade, da caridade e doa\u00e7\u00e3o de campanhas organizadas pelos estudantes para ter livros, quando estes mesmo n\u00e3o assumem a responsabilidade de abri-las para garantir que seus colegas consigam ter acesso, por que o seu governo n\u00e3o contrata funcion\u00e1rios o suficiente para cobrir nem a metade da demanda.<br \/>\n<\/em><br \/>\n<em>Governador, todos os bairros que o senhor citou tem escolas da rede estadual e todas tem problemas inclusive piores que os do col\u00e9gio estadual Odorico Tavares e de todos os tipos poss\u00edveis.<\/em><\/p>\n<p style=\"text-align: justify;\"><em>Governador, falar de educa\u00e7\u00e3o \u00e9 sens\u00edvel e independente de onde os estudantes estudem, o movimento Estudantil est\u00e1 organizado para isso, por que lutar pela educa\u00e7\u00e3o p\u00fablica de qualidade n\u00e3o \u00e9 crime!<\/em><\/p>\n<p style=\"text-align: justify;\"><em>Crime \u00e9 n\u00e3o dialogar, mandar a pol\u00edcia pra reprimir, usar das velhas t\u00e1ticas pol\u00edticas que j\u00e1 foram derrotadas para tentar impedir que a cr\u00edtica seja apresentada.<br \/>\n<\/em><br \/>\n<em>Com esta atitude e declara\u00e7\u00e3o, \u201cinsens\u00edvel\u201d se mostra o senhor e seu governo, incapaz de cumprir com suas obriga\u00e7\u00f5es e prioridades.<br \/>\n<\/em><br \/>\n<em>Governador, as aulas est\u00e3o retornando, e o nosso compromisso \u00e9 de reivindicar as melhorias necess\u00e1rias para assegurar uma educa\u00e7\u00e3o de qualidade, de respeito e dignidade, para os estudantes, professores, funcion\u00e1rios e a sociedade como um todo. Se seu governo passou a usar \u201cTapa olhos\u201d para os problemas do dia a dia da escola p\u00fablica, no pr\u00f3ximo per\u00edodo o senhor precisar\u00e1 mais que a pol\u00edcia para conter a onda de manifesta\u00e7\u00f5es e OCUPA\u00c7\u00d5ES em toda a rede denunciando para toda a sociedade como governos autorit\u00e1rios, como o infelizmente o seu se tornou, tratam o futuro do dos estudantes.<\/em><\/p>\n<p style=\"text-align: justify;\"><em>Sauda\u00e7\u00f5es Estudantis,<\/em><br \/>\n<em>AGES<\/em><\/p>\n<div class='share-to-whatsapp-wrapper'><div class='share-on-whsp'>Share on: <\/div><a data-text='Associa\u00e7\u00e3o de estudantes critica fala de Rui sobre venda do Odorico: \u201cInsens\u00edvel\u201d' data-link='https:\/\/newsinfoco.com.br\/inicio\/associacao-de-estudantes-critica-fala-de-rui-sobre-venda-do-odorico-insensivel\/' class='whatsapp-button whatsapp-share'>WhatsApp<\/a><div class='clear '><\/div><\/div>","protected":false},"excerpt":{"rendered":"<p>A Associa\u00e7\u00e3o de Gr\u00eamios e Estudantes de Salvador (Ages) criticou a fala do governador Rui Costa (PT), que na manh\u00e3 desta segunda-feira (27) voltou a defender a venda do Col\u00e9gio Estadual Odorico Tavares, em entrevista \u00e0 r\u00e1dio Metr\u00f3pole. Para os estudantes, o petista se tornou \u201cinsens\u00edvel\u201d. \u201cO investimento na educa\u00e7\u00e3o, ilustr\u00edssimo governador, nunca deveria ser [&hellip;]<\/p>\n","protected":false},"author":1,"featured_media":14781,"comment_status":"open","ping_status":"open","sticky":false,"template":"","format":"standard","meta":{"om_disable_all_campaigns":false,"_exactmetrics_skip_tracking":false,"_exactmetrics_sitenote_active":false,"_exactmetrics_sitenote_note":"","_exactmetrics_sitenote_category":0,"footnotes":""},"categories":[19],"tags":[],"class_list":["post-20112","post","type-post","status-publish","format-standard","has-post-thumbnail","hentry","category-bahia"],"aioseo_notices":[],"_links":{"self":[{"href":"https:\/\/newsinfoco.com.br\/inicio\/wp-json\/wp\/v2\/posts\/20112","targetHints":{"allow":["GET"]}}],"collection":[{"href":"https:\/\/newsinfoco.com.br\/inicio\/wp-json\/wp\/v2\/posts"}],"about":[{"href":"https:\/\/newsinfoco.com.br\/inicio\/wp-json\/wp\/v2\/types\/post"}],"author":[{"embeddable":true,"href":"https:\/\/newsinfoco.com.br\/inicio\/wp-json\/wp\/v2\/users\/1"}],"replies":[{"embeddable":true,"href":"https:\/\/newsinfoco.com.br\/inicio\/wp-json\/wp\/v2\/comments?post=20112"}],"version-history":[{"count":0,"href":"https:\/\/newsinfoco.com.br\/inicio\/wp-json\/wp\/v2\/posts\/20112\/revisions"}],"wp:featuredmedia":[{"embeddable":true,"href":"https:\/\/newsinfoco.com.br\/inicio\/wp-json\/wp\/v2\/media\/14781"}],"wp:attachment":[{"href":"https:\/\/newsinfoco.com.br\/inicio\/wp-json\/wp\/v2\/media?parent=20112"}],"wp:term":[{"taxonomy":"category","embeddable":true,"href":"https:\/\/newsinfoco.com.br\/inicio\/wp-json\/wp\/v2\/categories?post=20112"},{"taxonomy":"post_tag","embeddable":true,"href":"https:\/\/newsinfoco.com.br\/inicio\/wp-json\/wp\/v2\/tags?post=20112"}],"curies":[{"name":"wp","href":"https:\/\/api.w.org\/{rel}","templated":true}]}}