{"id":20114,"date":"2020-01-27T18:43:19","date_gmt":"2020-01-27T21:43:19","guid":{"rendered":"http:\/\/newsinfoco.com.br\/?p=20114"},"modified":"2020-01-27T18:43:19","modified_gmt":"2020-01-27T21:43:19","slug":"rui-corre-para-barrar-repercussao-negativa-da-venda-do-colegio-odorico-tavares","status":"publish","type":"post","link":"https:\/\/newsinfoco.com.br\/inicio\/rui-corre-para-barrar-repercussao-negativa-da-venda-do-colegio-odorico-tavares\/","title":{"rendered":"Rui \u201ccorre\u201d para barrar repercuss\u00e3o negativa da venda do Col\u00e9gio Odorico Tavares"},"content":{"rendered":"<p style=\"text-align: justify;\">O governador Rui Costa (PT) intensificou, na manh\u00e3 desta segunda-feira (27), a tentativa de conter a repercuss\u00e3o negativa causada pela venda do Col\u00e9gio Estadual Odorico Tavares, localizado no Corredor da Vit\u00f3ria, um dos metros quadrados mais caros do Nordeste. O caso ganhou dimens\u00f5es nacionais e gerou cr\u00edticas de aliados, incluindo petistas.<\/p>\n<p style=\"text-align: justify;\">Em entrevista \u00e0 r\u00e1dio Metr\u00f3pole, tamb\u00e9m transmitida em v\u00eddeo, o petista admitiu que a pol\u00eamica tem sido maior do que esperava, refor\u00e7ou as vantagens de os alunos da periferia estudarem perto de casa e mostrou uma s\u00e9rie de fotografias de escolas em bairros perif\u00e9ricos da capital baiana.<\/p><div class=\"newsi-conteudo_19\" id=\"newsi-285745993\"><a href=\"https:\/\/www.instagram.com\/prefeituraalagoinhas?igsh=YzgzdDJ1bWR3aWI4\" aria-label=\"SAVE_20251006_221555\"><img loading=\"lazy\" decoding=\"async\" src=\"https:\/\/newsinfoco.com.br\/inicio\/wp-content\/uploads\/2025\/10\/SAVE_20251006_221555-rotated.jpg\" alt=\"\"  srcset=\"https:\/\/newsinfoco.com.br\/inicio\/wp-content\/uploads\/2025\/10\/SAVE_20251006_221555-rotated.jpg 1140w, https:\/\/newsinfoco.com.br\/inicio\/wp-content\/uploads\/2025\/10\/SAVE_20251006_221555-300x52.jpg 300w, https:\/\/newsinfoco.com.br\/inicio\/wp-content\/uploads\/2025\/10\/SAVE_20251006_221555-1024x177.jpg 1024w, https:\/\/newsinfoco.com.br\/inicio\/wp-content\/uploads\/2025\/10\/SAVE_20251006_221555-768x133.jpg 768w, https:\/\/newsinfoco.com.br\/inicio\/wp-content\/uploads\/2025\/10\/SAVE_20251006_221555-600x104.jpg 600w, https:\/\/newsinfoco.com.br\/inicio\/wp-content\/uploads\/2025\/10\/SAVE_20251006_221555-696x120.jpg 696w, https:\/\/newsinfoco.com.br\/inicio\/wp-content\/uploads\/2025\/10\/SAVE_20251006_221555-1068x185.jpg 1068w\" sizes=\"(max-width: 1140px) 100vw, 1140px\" width=\"1140\" height=\"197\"   \/><\/a><\/div>\n<p style=\"text-align: justify;\">Em seguida, foi ao Twitter fazer uma s\u00e9rie de coment\u00e1rios sobre o assunto. \u201cO bairro pobre tem que ter escola de qualidade, com piscina, biblioteca, quadra coberta e audit\u00f3rio. Discordo de quem acha que equipamento bom s\u00f3 pode ficar em bairro de rico\u201d, disse Rui. \u201cSalvador praticamente n\u00e3o tem \u00e1rea de conv\u00edvio social nas \u00e1reas perif\u00e9ricas e uma boa escola \u00e9 refer\u00eancia pra toda comunidade usar. Ela tem que estar aberta com aula de nata\u00e7\u00e3o, teatro, m\u00fasica, dan\u00e7a\u2026\u201d, acrescentou.<\/p>\n<p style=\"text-align: justify;\">O petista tamb\u00e9m disse que sua \u201cm\u00e3e n\u00e3o dizia pra gente estudar em lugar chique, ela queria escola boa e perto de casa, que n\u00e3o gastasse tanto em transporte\u201d. Rui sempre recorre aos supostos ensinamentos maternos quando quer dar um apelo mais emocional a certas falas e discursos. Outra caracter\u00edstica discursiva \u00e9 relembrar sua inf\u00e2ncia pobre no bairro da Liberdade.<\/p>\n<p style=\"text-align: justify;\">Em dezembro, o jornal Folha de S.Paulo, ao noticiar o fato, lembrou que o terreno da escola \u00e9 alvo de forte press\u00e3o imobili\u00e1ria por conta de sua localiza\u00e7\u00e3o privilegiada. Opositores \u00e0 venda acusam o governo de ceder aos interesses do setor.<\/p>\n<p style=\"text-align: justify;\"><strong>Ocupa\u00e7\u00e3o<\/strong><\/p>\n<p style=\"text-align: justify;\">Na semana passada, estudantes ocuparam o col\u00e9gio, mas foram obrigados a sair ap\u00f3s um cerco da Pol\u00edcia Militar, o que fez o governador enfrentar novas cr\u00edticas e acusa\u00e7\u00f5es, desta fez de agir de forma autorit\u00e1ria.\u00a0De acordo com relatos dos ocupantes, policiais impediram a entrada de pessoas e, tamb\u00e9m, cortaram a energia, a \u00e1gua e a entrada de alimentos para os manifestantes.<\/p>\n<p style=\"text-align: justify;\">No \u00faltimo dia 21, a Assembleia Legislativa da Bahia aprovou o requerimento de urg\u00eancia para acelerar a tramita\u00e7\u00e3o do projeto de Lei n\u00b0 23.724\/2020 que trata da venda do col\u00e9gio. A bancada de oposi\u00e7\u00e3o estava presente, mas, aparentemente, n\u00e3o percebeu que o requerimento havia sido aprovado. Na sess\u00e3o, criticaram a a\u00e7\u00e3o da PM, mas a insatisfa\u00e7\u00e3o demonstrada por seus respectivos discursos n\u00e3o tem se traduzido em a\u00e7\u00f5es contra a mat\u00e9ria.<\/p>\n<p style=\"text-align: justify;\">Em recesso, os parlamentares retornaram em car\u00e1ter de urg\u00eancia apenas para votar projetos de interesse do Executivo, incluindo o que trata da venda do terreno do Odorico. Cada parlamentar recebeu R$ 50 mil de \u201cajuda de custo\u201d. Apenas Hilton Coelho (PSOL) anunciou que devolveria o recurso.<\/p>\n<div class='share-to-whatsapp-wrapper'><div class='share-on-whsp'>Share on: <\/div><a data-text='Rui \u201ccorre\u201d para barrar repercuss\u00e3o negativa da venda do Col\u00e9gio Odorico Tavares' data-link='https:\/\/newsinfoco.com.br\/inicio\/rui-corre-para-barrar-repercussao-negativa-da-venda-do-colegio-odorico-tavares\/' class='whatsapp-button whatsapp-share'>WhatsApp<\/a><div class='clear '><\/div><\/div>","protected":false},"excerpt":{"rendered":"<p>O governador Rui Costa (PT) intensificou, na manh\u00e3 desta segunda-feira (27), a tentativa de conter a repercuss\u00e3o negativa causada pela venda do Col\u00e9gio Estadual Odorico Tavares, localizado no Corredor da Vit\u00f3ria, um dos metros quadrados mais caros do Nordeste. O caso ganhou dimens\u00f5es nacionais e gerou cr\u00edticas de aliados, incluindo petistas. Em entrevista \u00e0 r\u00e1dio [&hellip;]<\/p>\n","protected":false},"author":1,"featured_media":11481,"comment_status":"open","ping_status":"open","sticky":false,"template":"","format":"standard","meta":{"om_disable_all_campaigns":false,"_exactmetrics_skip_tracking":false,"_exactmetrics_sitenote_active":false,"_exactmetrics_sitenote_note":"","_exactmetrics_sitenote_category":0,"footnotes":""},"categories":[19],"tags":[],"class_list":["post-20114","post","type-post","status-publish","format-standard","has-post-thumbnail","hentry","category-bahia"],"aioseo_notices":[],"_links":{"self":[{"href":"https:\/\/newsinfoco.com.br\/inicio\/wp-json\/wp\/v2\/posts\/20114","targetHints":{"allow":["GET"]}}],"collection":[{"href":"https:\/\/newsinfoco.com.br\/inicio\/wp-json\/wp\/v2\/posts"}],"about":[{"href":"https:\/\/newsinfoco.com.br\/inicio\/wp-json\/wp\/v2\/types\/post"}],"author":[{"embeddable":true,"href":"https:\/\/newsinfoco.com.br\/inicio\/wp-json\/wp\/v2\/users\/1"}],"replies":[{"embeddable":true,"href":"https:\/\/newsinfoco.com.br\/inicio\/wp-json\/wp\/v2\/comments?post=20114"}],"version-history":[{"count":0,"href":"https:\/\/newsinfoco.com.br\/inicio\/wp-json\/wp\/v2\/posts\/20114\/revisions"}],"wp:featuredmedia":[{"embeddable":true,"href":"https:\/\/newsinfoco.com.br\/inicio\/wp-json\/wp\/v2\/media\/11481"}],"wp:attachment":[{"href":"https:\/\/newsinfoco.com.br\/inicio\/wp-json\/wp\/v2\/media?parent=20114"}],"wp:term":[{"taxonomy":"category","embeddable":true,"href":"https:\/\/newsinfoco.com.br\/inicio\/wp-json\/wp\/v2\/categories?post=20114"},{"taxonomy":"post_tag","embeddable":true,"href":"https:\/\/newsinfoco.com.br\/inicio\/wp-json\/wp\/v2\/tags?post=20114"}],"curies":[{"name":"wp","href":"https:\/\/api.w.org\/{rel}","templated":true}]}}