{"id":20126,"date":"2020-01-29T15:44:57","date_gmt":"2020-01-29T18:44:57","guid":{"rendered":"http:\/\/newsinfoco.com.br\/?p=20126"},"modified":"2020-01-29T16:38:19","modified_gmt":"2020-01-29T19:38:19","slug":"empolgado-e-com-boas-expectativas-atletico-de-alagoinhas-entra-em-campo-logo-mais-focado-em-vencer-o-vitoria-do-conquista","status":"publish","type":"post","link":"https:\/\/newsinfoco.com.br\/inicio\/empolgado-e-com-boas-expectativas-atletico-de-alagoinhas-entra-em-campo-logo-mais-focado-em-vencer-o-vitoria-do-conquista\/","title":{"rendered":"Empolgado e com boas expectativas, Atl\u00e9tico de Alagoinhas entra em campo logo mais focado em vencer o Vit\u00f3ria do Conquista"},"content":{"rendered":"<p style=\"text-align: justify;\">O Atl\u00e9tico de Alagoinhas vive um momento especial, esperando o retorno de Magno Alves do departamento m\u00e9dico, a estreia do volante Makelel\u00ea e o jogo pela Copa do Brasil contra do Botafogo da Para\u00edba. No entanto tem que focar no jogo de hoje, 29, que ocorrer\u00e1 as 20:30, contra do Vit\u00f3ria da Conquista, no est\u00e1dio Carneir\u00e3o.<\/p>\n<p style=\"text-align: justify;\">De acordo com o comentarista esportivo do Programa Primeira M\u00e3o, Jos\u00e9 Gomes, o prov\u00e1vel time do Carcar\u00e1 que enfrentar\u00e1 o Vit\u00f3ria da Conquista ser\u00e1: F\u00e1bio Lima; Paulinho, Em\u00edlio, Emerson, Filipinho; Guga no lugar de William Kaefe que foi expulso no \u00faltimo jogo, Dedeco, Vitinho; para o ataque o t\u00e9cnico Paulo Sales tem Russo como titular e tr\u00eas nomes para fechar o setor, Naian, Jonathas e Jackson. Carlinhos, que teve boa atua\u00e7\u00e3o contra o Doce Mel, vem se firmando na posi\u00e7\u00e3o e se apresentando como um dos destaques do Atl\u00e9tico.<\/p><div class=\"newsi-conteudo_19\" id=\"newsi-147136946\"><a href=\"https:\/\/www.instagram.com\/prefeituraalagoinhas?igsh=YzgzdDJ1bWR3aWI4\" aria-label=\"SAVE_20251006_221555\"><img loading=\"lazy\" decoding=\"async\" src=\"https:\/\/newsinfoco.com.br\/inicio\/wp-content\/uploads\/2025\/10\/SAVE_20251006_221555-rotated.jpg\" alt=\"\"  srcset=\"https:\/\/newsinfoco.com.br\/inicio\/wp-content\/uploads\/2025\/10\/SAVE_20251006_221555-rotated.jpg 1140w, https:\/\/newsinfoco.com.br\/inicio\/wp-content\/uploads\/2025\/10\/SAVE_20251006_221555-300x52.jpg 300w, https:\/\/newsinfoco.com.br\/inicio\/wp-content\/uploads\/2025\/10\/SAVE_20251006_221555-1024x177.jpg 1024w, https:\/\/newsinfoco.com.br\/inicio\/wp-content\/uploads\/2025\/10\/SAVE_20251006_221555-768x133.jpg 768w, https:\/\/newsinfoco.com.br\/inicio\/wp-content\/uploads\/2025\/10\/SAVE_20251006_221555-600x104.jpg 600w, https:\/\/newsinfoco.com.br\/inicio\/wp-content\/uploads\/2025\/10\/SAVE_20251006_221555-696x120.jpg 696w, https:\/\/newsinfoco.com.br\/inicio\/wp-content\/uploads\/2025\/10\/SAVE_20251006_221555-1068x185.jpg 1068w\" sizes=\"(max-width: 1140px) 100vw, 1140px\" width=\"1140\" height=\"197\"   \/><\/a><\/div>\n<p style=\"text-align: justify;\">Em entrevista ao rep\u00f3rter Luciano Reis, o t\u00e9cnico Paulo Sales mostrou-se satisfeito com o desempenho da equipe, considerando que a evolu\u00e7\u00e3o tem sido gradual como se esperava. Em sua cabe\u00e7a, no momento, s\u00f3 existem os jogos contra o Vit\u00f3ria da Conquista e contra o Jacobina, no pr\u00f3ximo domingo. Depois \u00e9 que voltar\u00e1 o foco para o Botafogo da Para\u00edba, embora j\u00e1 venha estudando o advers\u00e1rio da Copa do Brasil.<\/p>\n<p style=\"text-align: justify;\">Jos\u00e9 Gomes e seu companheiro de bancada, Caio Pimenta, esperam recorde de p\u00fablico para essa noite, fator importante para animar o time para buscar mais uma vit\u00f3ria. A sequ\u00eancia de resultados positivos tamb\u00e9m \u00e9 fundamental para o psicol\u00f3gico da equipe que tem grandes desafios esse ano com a participa\u00e7\u00e3o na Copa do Brasil e no Campeonato Brasileiro s\u00e9rie D.<\/p>\n<p style=\"text-align: justify;\">A dire\u00e7\u00e3o do Atl\u00e9tico disponibilizou o mapa das entradas do Carneir\u00e3o e outras medidas est\u00e3o sendo tomadas junto \u00e0 Federa\u00e7\u00e3o Baiana de Futebol visando n\u00e3o repetir a terr\u00edvel fila que se formou no jogo de estreia. Hoje a noite todas as entradas do est\u00e1dio estar\u00e3o abertas para facilitar a entrada dos torcedores.<\/p>\n<p style=\"text-align: justify;\">Magno Alves n\u00e3o participa da partida, ele se recupera de uma contus\u00e3o e pode voltar pr\u00f3ximo \u00e0 estreia na Copa do Brasil, possivelmente jogando ao lado volante Makelel\u00ea, a mais nova contrata\u00e7\u00e3o do clube. O ex-jogador do Palmeiras, Gr\u00eamio, Corinthians e Atl\u00e9tico de Madri est\u00e1 ansioso para vestir a camisa do Atl\u00e9tico de Alagoinhas, ele que \u00e9 baiano, filho de Salvador. Ele revelou, em entrevista a Luciano Reis, que est\u00e1 contente, pois pela primeira vez ter\u00e1 sua fam\u00edlia na torcida. Makelel\u00ea espera contribuir com sua experi\u00eancia de grandes clubes, de conquista de t\u00edtulo e de participa\u00e7\u00e3o na Champions Ligue para levar o Carcar\u00e1 ao t\u00edtulo baiano.<\/p>\n<p style=\"text-align: justify;\">Apita a partida entre Atl\u00e9tico de Alagoinhas e Vit\u00f3ria da Conquista o \u00e1rbitro Mois\u00e9s Ferreira Sim\u00e3o, com os auxiliares Elicarlo Franco de Oliveira e Jo\u00e3o Paulo de Souza Reis, com a presen\u00e7a do quarto \u00e1rbitro, Rafael Guimar\u00e3es dos Reis.<\/p>\n<p style=\"text-align: right;\">Por Paulo Dias para o News Infoco<\/p>\n<p>&nbsp;<\/p>\n<div class='share-to-whatsapp-wrapper'><div class='share-on-whsp'>Share on: <\/div><a data-text='Empolgado e com boas expectativas, Atl\u00e9tico de Alagoinhas entra em campo logo mais focado em vencer o Vit\u00f3ria do Conquista' data-link='https:\/\/newsinfoco.com.br\/inicio\/empolgado-e-com-boas-expectativas-atletico-de-alagoinhas-entra-em-campo-logo-mais-focado-em-vencer-o-vitoria-do-conquista\/' class='whatsapp-button whatsapp-share'>WhatsApp<\/a><div class='clear '><\/div><\/div>","protected":false},"excerpt":{"rendered":"<p>O Atl\u00e9tico de Alagoinhas vive um momento especial, esperando o retorno de Magno Alves do departamento m\u00e9dico, a estreia do volante Makelel\u00ea e o jogo pela Copa do Brasil contra do Botafogo da Para\u00edba. No entanto tem que focar no jogo de hoje, 29, que ocorrer\u00e1 as 20:30, contra do Vit\u00f3ria da Conquista, no est\u00e1dio [&hellip;]<\/p>\n","protected":false},"author":1,"featured_media":20127,"comment_status":"open","ping_status":"open","sticky":false,"template":"","format":"standard","meta":{"om_disable_all_campaigns":false,"_exactmetrics_skip_tracking":false,"_exactmetrics_sitenote_active":false,"_exactmetrics_sitenote_note":"","_exactmetrics_sitenote_category":0,"footnotes":""},"categories":[167],"tags":[],"class_list":["post-20126","post","type-post","status-publish","format-standard","has-post-thumbnail","hentry","category-exclusivas"],"aioseo_notices":[],"_links":{"self":[{"href":"https:\/\/newsinfoco.com.br\/inicio\/wp-json\/wp\/v2\/posts\/20126","targetHints":{"allow":["GET"]}}],"collection":[{"href":"https:\/\/newsinfoco.com.br\/inicio\/wp-json\/wp\/v2\/posts"}],"about":[{"href":"https:\/\/newsinfoco.com.br\/inicio\/wp-json\/wp\/v2\/types\/post"}],"author":[{"embeddable":true,"href":"https:\/\/newsinfoco.com.br\/inicio\/wp-json\/wp\/v2\/users\/1"}],"replies":[{"embeddable":true,"href":"https:\/\/newsinfoco.com.br\/inicio\/wp-json\/wp\/v2\/comments?post=20126"}],"version-history":[{"count":0,"href":"https:\/\/newsinfoco.com.br\/inicio\/wp-json\/wp\/v2\/posts\/20126\/revisions"}],"wp:featuredmedia":[{"embeddable":true,"href":"https:\/\/newsinfoco.com.br\/inicio\/wp-json\/wp\/v2\/media\/20127"}],"wp:attachment":[{"href":"https:\/\/newsinfoco.com.br\/inicio\/wp-json\/wp\/v2\/media?parent=20126"}],"wp:term":[{"taxonomy":"category","embeddable":true,"href":"https:\/\/newsinfoco.com.br\/inicio\/wp-json\/wp\/v2\/categories?post=20126"},{"taxonomy":"post_tag","embeddable":true,"href":"https:\/\/newsinfoco.com.br\/inicio\/wp-json\/wp\/v2\/tags?post=20126"}],"curies":[{"name":"wp","href":"https:\/\/api.w.org\/{rel}","templated":true}]}}