{"id":20130,"date":"2020-01-29T16:06:38","date_gmt":"2020-01-29T19:06:38","guid":{"rendered":"http:\/\/newsinfoco.com.br\/?p=20130"},"modified":"2020-01-29T16:06:38","modified_gmt":"2020-01-29T19:06:38","slug":"cetep-de-alagoinhas-matriculara-mais-de-3-mil-estudantes-em-cursos-profissionalizantes","status":"publish","type":"post","link":"https:\/\/newsinfoco.com.br\/inicio\/cetep-de-alagoinhas-matriculara-mais-de-3-mil-estudantes-em-cursos-profissionalizantes\/","title":{"rendered":"Cetep de Alagoinhas matricular\u00e1 mais de 3 mil estudantes em cursos profissionalizantes"},"content":{"rendered":"<p style=\"text-align: justify;\">Iniciada no dia 20 deste m\u00eas, a matr\u00edcula dos cursos do Centro Territorial de Educa\u00e7\u00e3o Profissional do Litoral Norte e Agreste Baiano \u2013 Cetep \u2013 est\u00e1 preenchendo as \u00faltimas vagas at\u00e9 o dia 3 de fevereiro, informou o diretor da unidade estadual de ensino, Sidnei Silva por meio do programa Primeira M\u00e3o, nesta ter\u00e7a-feira, 28. Cerca de 1.100 alunos j\u00e1 foram matriculados no turno matutino, com suas vagas quase que totalmente preenchidas. Restam algumas vagas para o turno vespertino e para o noturno. Ser\u00e3o matriculados mais de 3 mil alunos. O Cetep de Alagoinhas \u00e9 o maior da Bahia e oferece vagas do ensino m\u00e9dio com cursos diurnos de an\u00e1lises cl\u00ednicas, edifica\u00e7\u00f5es, inform\u00e1tica, meio ambiente, nutri\u00e7\u00e3o e diet\u00e9tica. No noturno, s\u00e3o inseridos administra\u00e7\u00e3o, log\u00edstica e seguran\u00e7a do trabalho, destinados aos alunos do EJA \u2013 Educa\u00e7\u00e3o de Jovens e Adultos. Esse ano haver\u00e1 cursos para adultos de seguran\u00e7a do trabalho e an\u00e1lise cl\u00ednica tamb\u00e9m a tarde.<\/p>\n<p style=\"text-align: justify;\">O ensino t\u00e9cnico se torna mais atrativo para os jovens, pois tem um car\u00e1ter pr\u00e1tico, n\u00e3o s\u00f3 abstrato, e possibilita o ingresso mais cedo ao mercado de trabalho, contribuindo com o sustento de fam\u00edlias mais vulner\u00e1veis socialmente. Os cursos do centro de ensino foram definidos por pesquisas no Dieese, embora n\u00e3o se diferencie do que era ofertado pelo Centro Integrado Lu\u00eds Navarro de Brito(estadual) h\u00e1 40 anos. A novidade est\u00e1 na inclus\u00e3o de an\u00e1lises cl\u00ednicas, nutri\u00e7\u00e3o e, logicamente, de inform\u00e1tica. Existe conv\u00eanio para est\u00e1gio com mais de 300 empresas.<\/p><div class=\"newsi-conteudo_19\" id=\"newsi-1604938606\"><a href=\"https:\/\/www.instagram.com\/prefeituraalagoinhas?igsh=YzgzdDJ1bWR3aWI4\" aria-label=\"SAVE_20251006_221555\"><img loading=\"lazy\" decoding=\"async\" src=\"https:\/\/newsinfoco.com.br\/inicio\/wp-content\/uploads\/2025\/10\/SAVE_20251006_221555-rotated.jpg\" alt=\"\"  srcset=\"https:\/\/newsinfoco.com.br\/inicio\/wp-content\/uploads\/2025\/10\/SAVE_20251006_221555-rotated.jpg 1140w, https:\/\/newsinfoco.com.br\/inicio\/wp-content\/uploads\/2025\/10\/SAVE_20251006_221555-300x52.jpg 300w, https:\/\/newsinfoco.com.br\/inicio\/wp-content\/uploads\/2025\/10\/SAVE_20251006_221555-1024x177.jpg 1024w, https:\/\/newsinfoco.com.br\/inicio\/wp-content\/uploads\/2025\/10\/SAVE_20251006_221555-768x133.jpg 768w, https:\/\/newsinfoco.com.br\/inicio\/wp-content\/uploads\/2025\/10\/SAVE_20251006_221555-600x104.jpg 600w, https:\/\/newsinfoco.com.br\/inicio\/wp-content\/uploads\/2025\/10\/SAVE_20251006_221555-696x120.jpg 696w, https:\/\/newsinfoco.com.br\/inicio\/wp-content\/uploads\/2025\/10\/SAVE_20251006_221555-1068x185.jpg 1068w\" sizes=\"(max-width: 1140px) 100vw, 1140px\" width=\"1140\" height=\"197\"   \/><\/a><\/div>\n<p style=\"text-align: justify;\">O n\u00edvel de empregabilidade pode ser question\u00e1vel, pois muitos dos formandos procuram buscar a gradua\u00e7\u00e3o superior em \u00e1reas afins, o que levanta a velha discuss\u00e3o sobre os cursos t\u00e9cnicos. Uma vantagem do Cetep \u00e9 que formam turmas com 35 estudantes, enquanto que, no restante do sistema de ensino, se ultrapassa o limite de 50 vagas. Outro ponto question\u00e1vel refere-se \u00e0 forma de ingresso, n\u00e3o havendo nenhum modo de sele\u00e7\u00e3o, em conformidade com a filosofia dos governos de esquerda que s\u00e3o contra o corte por m\u00e9rito. Do jeito que est\u00e1, entra quem chegar primeiro. Os documentos exigidos para a matr\u00edcula s\u00e3o: c\u00f3pia do CPF, RG e comprovante de conclus\u00e3o do ensino fundamental, comprovante de resid\u00eancia e duas fotos 3&#215;4.<\/p>\n<p style=\"text-align: justify;\">Veja a entrevista completa do diretor do CETEP concedida ao programa Primeira M\u00e3o:<\/p>\n<p><iframe loading=\"lazy\" title=\"Diretor do CETEP de Alagoinhas fala sobre matriculas dos cursos profissionalizantes\" width=\"696\" height=\"392\" src=\"https:\/\/www.youtube.com\/embed\/2d8IFJJKLMw?start=24&#038;feature=oembed\" frameborder=\"0\" allow=\"accelerometer; autoplay; encrypted-media; gyroscope; picture-in-picture\" allowfullscreen><\/iframe><\/p>\n<p>&nbsp;<\/p>\n<p>&nbsp;<\/p>\n<p style=\"text-align: right;\">Por Paulo Dias para o News Infoco<\/p>\n<div class='share-to-whatsapp-wrapper'><div class='share-on-whsp'>Share on: <\/div><a data-text='Cetep de Alagoinhas matricular\u00e1 mais de 3 mil estudantes em cursos profissionalizantes' data-link='https:\/\/newsinfoco.com.br\/inicio\/cetep-de-alagoinhas-matriculara-mais-de-3-mil-estudantes-em-cursos-profissionalizantes\/' class='whatsapp-button whatsapp-share'>WhatsApp<\/a><div class='clear '><\/div><\/div>","protected":false},"excerpt":{"rendered":"<p>Iniciada no dia 20 deste m\u00eas, a matr\u00edcula dos cursos do Centro Territorial de Educa\u00e7\u00e3o Profissional do Litoral Norte e Agreste Baiano \u2013 Cetep \u2013 est\u00e1 preenchendo as \u00faltimas vagas at\u00e9 o dia 3 de fevereiro, informou o diretor da unidade estadual de ensino, Sidnei Silva por meio do programa Primeira M\u00e3o, nesta ter\u00e7a-feira, 28. [&hellip;]<\/p>\n","protected":false},"author":1,"featured_media":20131,"comment_status":"open","ping_status":"open","sticky":false,"template":"","format":"standard","meta":{"om_disable_all_campaigns":false,"_exactmetrics_skip_tracking":false,"_exactmetrics_sitenote_active":false,"_exactmetrics_sitenote_note":"","_exactmetrics_sitenote_category":0,"footnotes":""},"categories":[167],"tags":[],"class_list":["post-20130","post","type-post","status-publish","format-standard","has-post-thumbnail","hentry","category-exclusivas"],"aioseo_notices":[],"_links":{"self":[{"href":"https:\/\/newsinfoco.com.br\/inicio\/wp-json\/wp\/v2\/posts\/20130","targetHints":{"allow":["GET"]}}],"collection":[{"href":"https:\/\/newsinfoco.com.br\/inicio\/wp-json\/wp\/v2\/posts"}],"about":[{"href":"https:\/\/newsinfoco.com.br\/inicio\/wp-json\/wp\/v2\/types\/post"}],"author":[{"embeddable":true,"href":"https:\/\/newsinfoco.com.br\/inicio\/wp-json\/wp\/v2\/users\/1"}],"replies":[{"embeddable":true,"href":"https:\/\/newsinfoco.com.br\/inicio\/wp-json\/wp\/v2\/comments?post=20130"}],"version-history":[{"count":0,"href":"https:\/\/newsinfoco.com.br\/inicio\/wp-json\/wp\/v2\/posts\/20130\/revisions"}],"wp:featuredmedia":[{"embeddable":true,"href":"https:\/\/newsinfoco.com.br\/inicio\/wp-json\/wp\/v2\/media\/20131"}],"wp:attachment":[{"href":"https:\/\/newsinfoco.com.br\/inicio\/wp-json\/wp\/v2\/media?parent=20130"}],"wp:term":[{"taxonomy":"category","embeddable":true,"href":"https:\/\/newsinfoco.com.br\/inicio\/wp-json\/wp\/v2\/categories?post=20130"},{"taxonomy":"post_tag","embeddable":true,"href":"https:\/\/newsinfoco.com.br\/inicio\/wp-json\/wp\/v2\/tags?post=20130"}],"curies":[{"name":"wp","href":"https:\/\/api.w.org\/{rel}","templated":true}]}}