{"id":20133,"date":"2020-01-29T16:27:21","date_gmt":"2020-01-29T19:27:21","guid":{"rendered":"http:\/\/newsinfoco.com.br\/?p=20133"},"modified":"2020-01-29T16:27:21","modified_gmt":"2020-01-29T19:27:21","slug":"duda-dos-churros-comemora-aniversario-marcando-48-anos-de-uma-historia-de-superacao","status":"publish","type":"post","link":"https:\/\/newsinfoco.com.br\/inicio\/duda-dos-churros-comemora-aniversario-marcando-48-anos-de-uma-historia-de-superacao\/","title":{"rendered":"Duda dos Churros comemora anivers\u00e1rio, marcando 48 anos de uma hist\u00f3ria de supera\u00e7\u00e3o"},"content":{"rendered":"<p style=\"text-align: justify;\">O anivers\u00e1rio de Duda dos Churros, completando 48 anos, foi como sempre o acontecimento da cidade nesse final de semana, reunindo basicamente os amigos de inf\u00e2ncia, do esporte e at\u00e9 da pol\u00edtica local.<\/p>\n<p style=\"text-align: justify;\">O prefeito Joaquim Neto e o secret\u00e1rio de Servi\u00e7os P\u00fablicos, Andr\u00e9 Barros, estiveram presentes para dar o abra\u00e7o no grande esportista, microempres\u00e1rio e industri\u00e1rio da cidade. A festa foi embalada pelo amigo Mangaba.<\/p><div class=\"newsi-conteudo_19\" id=\"newsi-4005003462\"><a href=\"https:\/\/www.instagram.com\/prefeituraalagoinhas?igsh=YzgzdDJ1bWR3aWI4\" aria-label=\"SAVE_20251006_221555\"><img loading=\"lazy\" decoding=\"async\" src=\"https:\/\/newsinfoco.com.br\/inicio\/wp-content\/uploads\/2025\/10\/SAVE_20251006_221555-rotated.jpg\" alt=\"\"  srcset=\"https:\/\/newsinfoco.com.br\/inicio\/wp-content\/uploads\/2025\/10\/SAVE_20251006_221555-rotated.jpg 1140w, https:\/\/newsinfoco.com.br\/inicio\/wp-content\/uploads\/2025\/10\/SAVE_20251006_221555-300x52.jpg 300w, https:\/\/newsinfoco.com.br\/inicio\/wp-content\/uploads\/2025\/10\/SAVE_20251006_221555-1024x177.jpg 1024w, https:\/\/newsinfoco.com.br\/inicio\/wp-content\/uploads\/2025\/10\/SAVE_20251006_221555-768x133.jpg 768w, https:\/\/newsinfoco.com.br\/inicio\/wp-content\/uploads\/2025\/10\/SAVE_20251006_221555-600x104.jpg 600w, https:\/\/newsinfoco.com.br\/inicio\/wp-content\/uploads\/2025\/10\/SAVE_20251006_221555-696x120.jpg 696w, https:\/\/newsinfoco.com.br\/inicio\/wp-content\/uploads\/2025\/10\/SAVE_20251006_221555-1068x185.jpg 1068w\" sizes=\"(max-width: 1140px) 100vw, 1140px\" width=\"1140\" height=\"197\"   \/><\/a><\/div>\n<p style=\"text-align: justify;\">Sua esposa Viviane lhe fez uma bela homenagem, o que emocionou o pr\u00f3prio Duda e todos os presentes. At\u00e9 um v\u00eddeo circulou nas redes sociais contando a trajet\u00f3ria de vida do aniversariante que teve per\u00edodo dif\u00edcil na inf\u00e2ncia na localidade do Cachorro Magro, mas da qual guarda belas lembran\u00e7as, vivendo pr\u00f3ximo da Lagoa Cavada e do Areial, ambos patrim\u00f4nios ambientais extintos pela depreda\u00e7\u00e3o humana e pelo descaso do poder p\u00fablico, como sempre.<\/p>\n<p style=\"text-align: justify;\">Menino ainda, vendia querosene para ajudar a m\u00e3e nas despesas de casa e carregava \u00e1gua do chafariz todos os dias. Adolescente, trabalhou na feira, quando descarregou muito caminh\u00e3o de verdura. Mas ele soube dar a volta por cima como o guerreiro que \u00e9. Duda tamb\u00e9m teve atua\u00e7\u00e3o marcante como jogador junior e juvenil da Catuense e como microempres\u00e1rio com sua barraca de churros na pra\u00e7a Rui Barbosa. Foi durante a recente reforma da pra\u00e7a Rui Barbosa, que Duda surgiu como uma lideran\u00e7a dos permission\u00e1rios(donos de barracas) da pra\u00e7a, lutando pela qualidade da interven\u00e7\u00e3o. Se tornou industri\u00e1rio da Schincariol, e continua na f\u00e1brica h\u00e1 mais de 20 anos, hoje pertencente a Heineken.<\/p>\n<p style=\"text-align: right;\">Por Paulo Dias para o News Infoco<\/p>\n<div class='share-to-whatsapp-wrapper'><div class='share-on-whsp'>Share on: <\/div><a data-text='Duda dos Churros comemora anivers\u00e1rio, marcando 48 anos de uma hist\u00f3ria de supera\u00e7\u00e3o' data-link='https:\/\/newsinfoco.com.br\/inicio\/duda-dos-churros-comemora-aniversario-marcando-48-anos-de-uma-historia-de-superacao\/' class='whatsapp-button whatsapp-share'>WhatsApp<\/a><div class='clear '><\/div><\/div>","protected":false},"excerpt":{"rendered":"<p>O anivers\u00e1rio de Duda dos Churros, completando 48 anos, foi como sempre o acontecimento da cidade nesse final de semana, reunindo basicamente os amigos de inf\u00e2ncia, do esporte e at\u00e9 da pol\u00edtica local. O prefeito Joaquim Neto e o secret\u00e1rio de Servi\u00e7os P\u00fablicos, Andr\u00e9 Barros, estiveram presentes para dar o abra\u00e7o no grande esportista, microempres\u00e1rio [&hellip;]<\/p>\n","protected":false},"author":1,"featured_media":20134,"comment_status":"open","ping_status":"open","sticky":false,"template":"","format":"standard","meta":{"om_disable_all_campaigns":false,"_exactmetrics_skip_tracking":false,"_exactmetrics_sitenote_active":false,"_exactmetrics_sitenote_note":"","_exactmetrics_sitenote_category":0,"footnotes":""},"categories":[167],"tags":[],"class_list":["post-20133","post","type-post","status-publish","format-standard","has-post-thumbnail","hentry","category-exclusivas"],"aioseo_notices":[],"_links":{"self":[{"href":"https:\/\/newsinfoco.com.br\/inicio\/wp-json\/wp\/v2\/posts\/20133","targetHints":{"allow":["GET"]}}],"collection":[{"href":"https:\/\/newsinfoco.com.br\/inicio\/wp-json\/wp\/v2\/posts"}],"about":[{"href":"https:\/\/newsinfoco.com.br\/inicio\/wp-json\/wp\/v2\/types\/post"}],"author":[{"embeddable":true,"href":"https:\/\/newsinfoco.com.br\/inicio\/wp-json\/wp\/v2\/users\/1"}],"replies":[{"embeddable":true,"href":"https:\/\/newsinfoco.com.br\/inicio\/wp-json\/wp\/v2\/comments?post=20133"}],"version-history":[{"count":0,"href":"https:\/\/newsinfoco.com.br\/inicio\/wp-json\/wp\/v2\/posts\/20133\/revisions"}],"wp:featuredmedia":[{"embeddable":true,"href":"https:\/\/newsinfoco.com.br\/inicio\/wp-json\/wp\/v2\/media\/20134"}],"wp:attachment":[{"href":"https:\/\/newsinfoco.com.br\/inicio\/wp-json\/wp\/v2\/media?parent=20133"}],"wp:term":[{"taxonomy":"category","embeddable":true,"href":"https:\/\/newsinfoco.com.br\/inicio\/wp-json\/wp\/v2\/categories?post=20133"},{"taxonomy":"post_tag","embeddable":true,"href":"https:\/\/newsinfoco.com.br\/inicio\/wp-json\/wp\/v2\/tags?post=20133"}],"curies":[{"name":"wp","href":"https:\/\/api.w.org\/{rel}","templated":true}]}}