{"id":20137,"date":"2020-01-29T21:08:18","date_gmt":"2020-01-30T00:08:18","guid":{"rendered":"http:\/\/newsinfoco.com.br\/?p=20137"},"modified":"2020-01-29T21:14:13","modified_gmt":"2020-01-30T00:14:13","slug":"marcelo-nilo-chama-joaquim-neto-de-adesista-e-o-qualifica-como-pior-gestor-da-bahia","status":"publish","type":"post","link":"https:\/\/newsinfoco.com.br\/inicio\/marcelo-nilo-chama-joaquim-neto-de-adesista-e-o-qualifica-como-pior-gestor-da-bahia\/","title":{"rendered":"Marcelo Nilo chama Joaquim Neto de adesista e o qualifica como pior gestor da Bahia"},"content":{"rendered":"<p style=\"text-align: justify;\">O deputado Federal, Marcelo Nilo(PSB), construindo sua pr\u00e9-candidatura a governador da Bahia para elei\u00e7\u00e3o de 2022, qualificou como adesista e pior gestor da Bahia, o prefeito de Alagoinhas, Joaquim Neto(PSD). A declara\u00e7\u00e3o de Marcelo Nilo aconteceu durante entrevista concedida ao programa Primeira M\u00e3o, na \u00faltima segunda-feira, 27. Ele afirmou que Joaquim estava morto politicamente, ap\u00f3s romper com o deputado Paulo Azi do DEM, e foi bater na porta do governador Rui Costa em busca de apoio. Esse, para o pessebista, \u00e9 motivo suficiente para n\u00e3o o apoiar em uma futura candidatura a reelei\u00e7\u00e3o. Marcelo Nilo prefere a alian\u00e7a com Paulo Cezar ou com Jose\u00edldo Ramos, ambos tamb\u00e9m da base de Rui Costa. O fato de n\u00e3o ter mencionado o nome de Luciano S\u00e9rgio, at\u00e9 aqui pr\u00e9-candidato a prefeitura pelo PT, deixou subentendido que Nilo n\u00e3o valoriza o nome do vereador como candidato vi\u00e1vel, deixando na figura de Joseildo o nome mais apropriado para a disputa.<\/p>\n<p style=\"text-align: justify;\">Nilo segue a linha da esquerda que n\u00e3o se importa com envolvimento de aliados que respondem a processo por corrup\u00e7\u00e3o ou que j\u00e1 foram condenados pela justi\u00e7a por esse crime. Isso ficou claro durante a entrevista, diante das palavras af\u00e1veis ao ex-prefeito Paulo Cezar, que \u00e9 r\u00e9u em dois processos na justi\u00e7a federal. No alto dos seus 28 anos como deputado estadual, Marcelo Nilo afirmou: o PT s\u00f3 apoia PT. Por isso sua estrat\u00e9gia \u00e9 pontuar bem nas pesquisas para obter a ben\u00e7\u00e3o de Rui Costa e ser apontado como seu sucessor. Ele afirma que algu\u00e9m para ser candidato a governador precisa de certos requisitos, entre eles ter servi\u00e7os prestados. Isso Marcelo Nilo diz ter de sobra com sua atua\u00e7\u00e3o por tr\u00eas d\u00e9cadas na pol\u00edtica. O parlamentar afirmou que conhece a fome e a sede, as demandas da popula\u00e7\u00e3o e as solu\u00e7\u00f5es.<\/p><div class=\"newsi-conteudo_19\" id=\"newsi-3551416271\"><a href=\"https:\/\/www.instagram.com\/prefeituraalagoinhas?igsh=YzgzdDJ1bWR3aWI4\" aria-label=\"SAVE_20251006_221555\"><img loading=\"lazy\" decoding=\"async\" src=\"https:\/\/newsinfoco.com.br\/inicio\/wp-content\/uploads\/2025\/10\/SAVE_20251006_221555-rotated.jpg\" alt=\"\"  srcset=\"https:\/\/newsinfoco.com.br\/inicio\/wp-content\/uploads\/2025\/10\/SAVE_20251006_221555-rotated.jpg 1140w, https:\/\/newsinfoco.com.br\/inicio\/wp-content\/uploads\/2025\/10\/SAVE_20251006_221555-300x52.jpg 300w, https:\/\/newsinfoco.com.br\/inicio\/wp-content\/uploads\/2025\/10\/SAVE_20251006_221555-1024x177.jpg 1024w, https:\/\/newsinfoco.com.br\/inicio\/wp-content\/uploads\/2025\/10\/SAVE_20251006_221555-768x133.jpg 768w, https:\/\/newsinfoco.com.br\/inicio\/wp-content\/uploads\/2025\/10\/SAVE_20251006_221555-600x104.jpg 600w, https:\/\/newsinfoco.com.br\/inicio\/wp-content\/uploads\/2025\/10\/SAVE_20251006_221555-696x120.jpg 696w, https:\/\/newsinfoco.com.br\/inicio\/wp-content\/uploads\/2025\/10\/SAVE_20251006_221555-1068x185.jpg 1068w\" sizes=\"(max-width: 1140px) 100vw, 1140px\" width=\"1140\" height=\"197\"   \/><\/a><\/div>\n<p style=\"text-align: justify;\">Mesmo sendo testemunha de que o povo sofre, foi o bra\u00e7o direito fiel de governadores de um partido que, com sua corrup\u00e7\u00e3o, jogou o pa\u00eds em uma severa crise econ\u00f4mica, com 12 milh\u00f5es de desempregados, o PT. Passou 16 anos apoiando Jacques Wagner e Rui Costa que n\u00e3o resolveram os problemas da sa\u00fade, da educa\u00e7\u00e3o e da seguran\u00e7a p\u00fablica que tanto conhece. Tem orgulho dos apoios a Jacques Wagner, que tem sofrido com dela\u00e7\u00f5es que o ligam ao esquema de desvio de dinheiro na constru\u00e7\u00e3o da sede da Petrobras na capital baiana. Quanto \u00e0 reforma da previd\u00eancia de Rui Costa, diz n\u00e3o conhecer o projeto, mas percorre o estado para ser Governador, quando seria mais f\u00e1cil ler algumas p\u00e1ginas de um texto que vai mexer com a vida de uma categoria sofrida, o funcionalismo p\u00fablico.<\/p>\n<p style=\"text-align: justify;\">Nilo diz que, se o projeto de previd\u00eancia de Rui Costa for perverso como o de Bolsonaro, ele ser\u00e1 contra, mas ele foi conivente com a perversidade perpetrada no Planserv e com o n\u00e3o cumprimento, por parte de Rui Costa, de acordos com os policiais militares. Marcelo Nilo critica a privatiza\u00e7\u00e3o do saneamento, mas se mostra suscet\u00edvel a apoiar Paulo Cezar, que ao fim de sua gest\u00e3o na prefeitura de Alagoinhas deixou um rombo de milh\u00f5es nos cofres da autarquia que cuida do servi\u00e7o de \u00e1gua da cidade. Al\u00e9m de tamb\u00e9m se mostrar simp\u00e1tico a Joseildo Ramos, que quando prefeito fracassou na implanta\u00e7\u00e3o do esgotamento sanit\u00e1rio no munic\u00edpio. Ali\u00e1s, o deputado para ser mais petista s\u00f3 precisa se filiar ao PT.<\/p>\n<p style=\"text-align: justify;\">Merece tamb\u00e9m destaque a sua visita recente a Pedr\u00e3o, onde prestou apoio ao ex-prefeito Alceu Barros, hoje aliado de dois outros ex-prefeitos, que se uniram para destronar o atual prefeito, o Galego da Sa\u00fade, que tem feito uma gest\u00e3o bastante criticada pela popula\u00e7\u00e3o de seu munic\u00edpio.<\/p>\n<p style=\"text-align: justify;\">Acompanhe a entrevista concedida pelo deputado federal Marcelo Nilo ao programa Primeira M\u00e3o:<\/p>\n<p><iframe loading=\"lazy\" title=\"Marcelo Nilo reafirma pr\u00e9 candidatura a Governo do Estado em 2022\" width=\"696\" height=\"392\" src=\"https:\/\/www.youtube.com\/embed\/g2Ww1qMe43w?start=32&#038;feature=oembed\" frameborder=\"0\" allow=\"accelerometer; autoplay; encrypted-media; gyroscope; picture-in-picture\" allowfullscreen><\/iframe><\/p>\n<p style=\"text-align: right;\">Por Paulo Dias para o News Infoco<\/p>\n<div class='share-to-whatsapp-wrapper'><div class='share-on-whsp'>Share on: <\/div><a data-text='Marcelo Nilo chama Joaquim Neto de adesista e o qualifica como pior gestor da Bahia' data-link='https:\/\/newsinfoco.com.br\/inicio\/marcelo-nilo-chama-joaquim-neto-de-adesista-e-o-qualifica-como-pior-gestor-da-bahia\/' class='whatsapp-button whatsapp-share'>WhatsApp<\/a><div class='clear '><\/div><\/div>","protected":false},"excerpt":{"rendered":"<p>O deputado Federal, Marcelo Nilo(PSB), construindo sua pr\u00e9-candidatura a governador da Bahia para elei\u00e7\u00e3o de 2022, qualificou como adesista e pior gestor da Bahia, o prefeito de Alagoinhas, Joaquim Neto(PSD). A declara\u00e7\u00e3o de Marcelo Nilo aconteceu durante entrevista concedida ao programa Primeira M\u00e3o, na \u00faltima segunda-feira, 27. Ele afirmou que Joaquim estava morto politicamente, ap\u00f3s [&hellip;]<\/p>\n","protected":false},"author":1,"featured_media":19339,"comment_status":"open","ping_status":"open","sticky":false,"template":"","format":"standard","meta":{"om_disable_all_campaigns":false,"_exactmetrics_skip_tracking":false,"_exactmetrics_sitenote_active":false,"_exactmetrics_sitenote_note":"","_exactmetrics_sitenote_category":0,"footnotes":""},"categories":[167],"tags":[],"class_list":["post-20137","post","type-post","status-publish","format-standard","has-post-thumbnail","hentry","category-exclusivas"],"aioseo_notices":[],"_links":{"self":[{"href":"https:\/\/newsinfoco.com.br\/inicio\/wp-json\/wp\/v2\/posts\/20137","targetHints":{"allow":["GET"]}}],"collection":[{"href":"https:\/\/newsinfoco.com.br\/inicio\/wp-json\/wp\/v2\/posts"}],"about":[{"href":"https:\/\/newsinfoco.com.br\/inicio\/wp-json\/wp\/v2\/types\/post"}],"author":[{"embeddable":true,"href":"https:\/\/newsinfoco.com.br\/inicio\/wp-json\/wp\/v2\/users\/1"}],"replies":[{"embeddable":true,"href":"https:\/\/newsinfoco.com.br\/inicio\/wp-json\/wp\/v2\/comments?post=20137"}],"version-history":[{"count":0,"href":"https:\/\/newsinfoco.com.br\/inicio\/wp-json\/wp\/v2\/posts\/20137\/revisions"}],"wp:featuredmedia":[{"embeddable":true,"href":"https:\/\/newsinfoco.com.br\/inicio\/wp-json\/wp\/v2\/media\/19339"}],"wp:attachment":[{"href":"https:\/\/newsinfoco.com.br\/inicio\/wp-json\/wp\/v2\/media?parent=20137"}],"wp:term":[{"taxonomy":"category","embeddable":true,"href":"https:\/\/newsinfoco.com.br\/inicio\/wp-json\/wp\/v2\/categories?post=20137"},{"taxonomy":"post_tag","embeddable":true,"href":"https:\/\/newsinfoco.com.br\/inicio\/wp-json\/wp\/v2\/tags?post=20137"}],"curies":[{"name":"wp","href":"https:\/\/api.w.org\/{rel}","templated":true}]}}